{"id":21457,"date":"2025-04-13T07:30:00","date_gmt":"2025-04-13T10:30:00","guid":{"rendered":"https:\/\/www.correiobraziliense.com.br\/cbradar\/?p=21457"},"modified":"2025-04-12T12:57:28","modified_gmt":"2025-04-12T15:57:28","slug":"conheca-a-cidade-onde-todos-os-moradores-tem-acesso-gratuito-a-instrumentos-musicais","status":"publish","type":"post","link":"https:\/\/www.correiobraziliense.com.br\/cbradar\/conheca-a-cidade-onde-todos-os-moradores-tem-acesso-gratuito-a-instrumentos-musicais\/","title":{"rendered":"Conhe\u00e7a a cidade onde todos os moradores t\u00eam acesso gratuito a instrumentos musicais"},"content":{"rendered":"\n<p>Na criativa e culturalmente vibrante <strong>Reykjav\u00edk<\/strong>, capital da <strong>Isl\u00e2ndia<\/strong>, a m\u00fasica n\u00e3o \u00e9 apenas uma arte \u2014 \u00e9 um <strong>direito de todos os cidad\u00e3os<\/strong>. Em um projeto \u00fanico e inspirador, a cidade oferece <strong>acesso gratuito a instrumentos musicais para todos os moradores<\/strong>, promovendo inclus\u00e3o, express\u00e3o art\u00edstica e uma conex\u00e3o profunda com a identidade sonora do pa\u00eds.<\/p>\n\n\n\n<p>Esse esfor\u00e7o coletivo transformou Reykjav\u00edk em um verdadeiro <strong>laborat\u00f3rio urbano de talentos musicais<\/strong>, onde desde crian\u00e7as at\u00e9 idosos podem experimentar, praticar e criar m\u00fasica livremente.<\/p>\n\n\n\n<h2 class=\"wp-block-heading\">Como funciona o acesso gratuito a instrumentos?<\/h2>\n\n\n\n<p>O projeto \u00e9 organizado por escolas de m\u00fasica, centros comunit\u00e1rios e apoiado pela prefeitura:<\/p>\n\n\n\n<ul class=\"wp-block-list\">\n<li>Moradores podem <strong>emprestar instrumentos como viol\u00f5es, teclados, tambores, violinos e at\u00e9 sintetizadores<\/strong>, sem custo<\/li>\n\n\n\n<li>O empr\u00e9stimo \u00e9 feito de forma simples, <strong>bastando apresentar um documento de resid\u00eancia<\/strong><\/li>\n\n\n\n<li>Alguns centros oferecem tamb\u00e9m <strong>aulas introdut\u00f3rias gratuitas<\/strong> ou a pre\u00e7os simb\u00f3licos<\/li>\n\n\n\n<li>Os instrumentos s\u00e3o doados por m\u00fasicos, comprados com verba p\u00fablica ou mantidos por parcerias com lojas e funda\u00e7\u00f5es culturais<\/li>\n\n\n\n<li>H\u00e1 ainda espa\u00e7os compartilhados, chamados de <strong>\u201cbibliotecas de instrumentos\u201d<\/strong>, onde as pessoas <strong>tocam juntas e aprendem colaborativamente<\/strong><\/li>\n<\/ul>\n\n\n\n<p>O projeto \u00e9 inclusivo e acolhe desde iniciantes at\u00e9 m\u00fasicos experientes.<\/p>\n\n\n\n<figure class=\"wp-block-image size-large\"><img decoding=\"async\" width=\"1024\" height=\"576\" src=\"https:\/\/www.correiobraziliense.com.br\/cbradar\/wp-content\/uploads\/2025\/04\/Reykjavik_1744240661196-1024x576.jpg\" alt=\"Conhe\u00e7a a cidade onde todos os moradores t\u00eam acesso gratuito a instrumentos musicais\" class=\"wp-image-21459\" srcset=\"https:\/\/www.correiobraziliense.com.br\/cbradar\/wp-content\/uploads\/2025\/04\/Reykjavik_1744240661196-1024x576.jpg 1024w, https:\/\/www.correiobraziliense.com.br\/cbradar\/wp-content\/uploads\/2025\/04\/Reykjavik_1744240661196-300x169.jpg 300w, https:\/\/www.correiobraziliense.com.br\/cbradar\/wp-content\/uploads\/2025\/04\/Reykjavik_1744240661196-768x432.jpg 768w, https:\/\/www.correiobraziliense.com.br\/cbradar\/wp-content\/uploads\/2025\/04\/Reykjavik_1744240661196-750x422.jpg 750w, https:\/\/www.correiobraziliense.com.br\/cbradar\/wp-content\/uploads\/2025\/04\/Reykjavik_1744240661196-1140x641.jpg 1140w, https:\/\/www.correiobraziliense.com.br\/cbradar\/wp-content\/uploads\/2025\/04\/Reykjavik_1744240661196.jpg 1280w\" sizes=\"(max-width: 1024px) 100vw, 1024px\" \/><figcaption class=\"wp-element-caption\">Reykjav\u00edk. Cr\u00e9ditos: depositphotos.com \/ alexeys<\/figcaption><\/figure>\n\n\n\n<h2 class=\"wp-block-heading\">Por que Reykjav\u00edk adotou essa iniciativa?<\/h2>\n\n\n\n<p>A Isl\u00e2ndia \u00e9 um pa\u00eds com forte liga\u00e7\u00e3o com a m\u00fasica, ber\u00e7o de artistas como <strong>Bj\u00f6rk e Sigur R\u00f3s<\/strong>, e a cidade acredita que:<\/p>\n\n\n\n<ul class=\"wp-block-list\">\n<li><strong>A m\u00fasica \u00e9 uma linguagem universal<\/strong>, capaz de unir comunidades e gerar bem-estar<\/li>\n\n\n\n<li>A arte deve ser <strong>acess\u00edvel a todos, independentemente de renda ou forma\u00e7\u00e3o<\/strong><\/li>\n\n\n\n<li>Investir em cultura \u00e9 <strong>prevenir problemas sociais<\/strong>, estimular a criatividade e fortalecer v\u00ednculos<\/li>\n\n\n\n<li>Criar oportunidades de aprendizado gratuito estimula o surgimento de <strong>novos talentos locais<\/strong><\/li>\n<\/ul>\n\n\n\n<p>\u00c9 tamb\u00e9m uma forma de <strong>fortalecer a identidade cultural islandesa<\/strong>, que valoriza a tradi\u00e7\u00e3o oral e sonora.<\/p>\n\n\n\n<h2 class=\"wp-block-heading\">Curiosidades sobre a m\u00fasica em Reykjav\u00edk<\/h2>\n\n\n\n<ul class=\"wp-block-list\">\n<li>Existem <strong>\u201csalas de pr\u00e1tica\u201d p\u00fablicas<\/strong> com isolamento ac\u00fastico e instrumentos prontos para uso<\/li>\n\n\n\n<li>Algumas escolas t\u00eam <strong>corais e bandas abertas \u00e0 comunidade<\/strong>, formadas por moradores de todas as idades<\/li>\n\n\n\n<li>O projeto inspirou a\u00e7\u00f5es semelhantes em cidades como <strong>Helsinque e Dublin<\/strong><\/li>\n\n\n\n<li>Instrumentos islandeses tradicionais tamb\u00e9m fazem parte do acervo, promovendo <strong>educa\u00e7\u00e3o cultural e hist\u00f3rica<\/strong><\/li>\n\n\n\n<li>O acesso \u00e0 m\u00fasica est\u00e1 alinhado ao conceito de <strong>Felicidade Interna Bruta<\/strong>, valorizado em pol\u00edticas p\u00fablicas n\u00f3rdicas<\/li>\n<\/ul>\n\n\n\n<p>Reykjav\u00edk mostra que <strong>uma cidade pode ser afinada com o bem-estar de seus moradores \u2014 e que oferecer instrumentos \u00e9 tamb\u00e9m oferecer voz, express\u00e3o e pertencimento.<\/strong><\/p>\n","protected":false},"excerpt":{"rendered":"<p>Em Reykjav\u00edk, Isl\u00e2ndia, moradores t\u00eam acesso gratuito a instrumentos musicais. Conhe\u00e7a a cidade onde a m\u00fasica \u00e9 um direito de todos.<\/p>\n","protected":false},"author":3,"featured_media":21458,"comment_status":"open","ping_status":"open","sticky":false,"template":"","format":"standard","meta":{"_yoast_wpseo_focuskw":"cidade instrumentos musicais","_yoast_wpseo_title":"%%title%%","_yoast_wpseo_metadesc":"Em Reykjav\u00edk, Isl\u00e2ndia, moradores t\u00eam acesso gratuito a instrumentos musicais. Conhe\u00e7a a cidade onde a m\u00fasica \u00e9 um direito de todos.","jnews-multi-image_gallery":[],"jnews_single_post":{"format":"standard"},"jnews_primary_category":[],"jnews_social_meta":[],"jnews_override_counter":[],"footnotes":""},"categories":[108],"tags":[109],"class_list":["post-21457","post","type-post","status-publish","format-standard","has-post-thumbnail","hentry","category-cidades","tag-cidades"],"yoast_head":"<!-- This site is optimized with the Yoast SEO plugin v24.6 - https:\/\/yoast.com\/wordpress\/plugins\/seo\/ -->\n<title>Conhe\u00e7a a cidade onde todos os moradores t\u00eam acesso gratuito a instrumentos musicais<\/title>\n<meta name=\"description\" content=\"Em Reykjav\u00edk, Isl\u00e2ndia, moradores t\u00eam acesso gratuito a instrumentos musicais. Conhe\u00e7a a cidade onde a m\u00fasica \u00e9 um direito de todos.\" \/>\n<meta name=\"robots\" content=\"index, follow, max-snippet:-1, max-image-preview:large, max-video-preview:-1\" \/>\n<link rel=\"canonical\" href=\"https:\/\/www.correiobraziliense.com.br\/cbradar\/conheca-a-cidade-onde-todos-os-moradores-tem-acesso-gratuito-a-instrumentos-musicais\/\" \/>\n<meta property=\"og:locale\" content=\"pt_BR\" \/>\n<meta property=\"og:type\" content=\"article\" \/>\n<meta property=\"og:title\" content=\"Conhe\u00e7a a cidade onde todos os moradores t\u00eam acesso gratuito a instrumentos musicais\" \/>\n<meta property=\"og:description\" content=\"Em Reykjav\u00edk, Isl\u00e2ndia, moradores t\u00eam acesso gratuito a instrumentos musicais. Conhe\u00e7a a cidade onde a m\u00fasica \u00e9 um direito de todos.\" \/>\n<meta property=\"og:url\" content=\"https:\/\/www.correiobraziliense.com.br\/cbradar\/conheca-a-cidade-onde-todos-os-moradores-tem-acesso-gratuito-a-instrumentos-musicais\/\" \/>\n<meta property=\"og:site_name\" content=\"Correio Braziliense - Radar\" \/>\n<meta property=\"article:published_time\" content=\"2025-04-13T10:30:00+00:00\" \/>\n<meta property=\"og:image\" content=\"https:\/\/www.correiobraziliense.com.br\/cbradar\/wp-content\/uploads\/2025\/04\/Reykjavik_1744240596050.jpg\" \/>\n\t<meta property=\"og:image:width\" content=\"1280\" \/>\n\t<meta property=\"og:image:height\" content=\"720\" \/>\n\t<meta property=\"og:image:type\" content=\"image\/jpeg\" \/>\n<meta name=\"author\" content=\"Larissa Carvalho\" \/>\n<meta name=\"twitter:card\" content=\"summary_large_image\" \/>\n<meta name=\"twitter:label1\" content=\"Escrito por\" \/>\n\t<meta name=\"twitter:data1\" content=\"Larissa Carvalho\" \/>\n\t<meta name=\"twitter:label2\" content=\"Est. tempo de leitura\" \/>\n\t<meta name=\"twitter:data2\" content=\"3 minutos\" \/>\n<!-- \/ Yoast SEO plugin. -->","yoast_head_json":{"title":"Conhe\u00e7a a cidade onde todos os moradores t\u00eam acesso gratuito a instrumentos musicais","description":"Em Reykjav\u00edk, Isl\u00e2ndia, moradores t\u00eam acesso gratuito a instrumentos musicais. Conhe\u00e7a a cidade onde a m\u00fasica \u00e9 um direito de todos.","robots":{"index":"index","follow":"follow","max-snippet":"max-snippet:-1","max-image-preview":"max-image-preview:large","max-video-preview":"max-video-preview:-1"},"canonical":"https:\/\/www.correiobraziliense.com.br\/cbradar\/conheca-a-cidade-onde-todos-os-moradores-tem-acesso-gratuito-a-instrumentos-musicais\/","og_locale":"pt_BR","og_type":"article","og_title":"Conhe\u00e7a a cidade onde todos os moradores t\u00eam acesso gratuito a instrumentos musicais","og_description":"Em Reykjav\u00edk, Isl\u00e2ndia, moradores t\u00eam acesso gratuito a instrumentos musicais. Conhe\u00e7a a cidade onde a m\u00fasica \u00e9 um direito de todos.","og_url":"https:\/\/www.correiobraziliense.com.br\/cbradar\/conheca-a-cidade-onde-todos-os-moradores-tem-acesso-gratuito-a-instrumentos-musicais\/","og_site_name":"Correio Braziliense - Radar","article_published_time":"2025-04-13T10:30:00+00:00","og_image":[{"width":1280,"height":720,"url":"https:\/\/www.correiobraziliense.com.br\/cbradar\/wp-content\/uploads\/2025\/04\/Reykjavik_1744240596050.jpg","type":"image\/jpeg"}],"author":"Larissa Carvalho","twitter_card":"summary_large_image","twitter_misc":{"Escrito por":"Larissa Carvalho","Est. tempo de leitura":"3 minutos"},"schema":{"@context":"https:\/\/schema.org","@graph":[{"@type":"WebPage","@id":"https:\/\/www.correiobraziliense.com.br\/cbradar\/conheca-a-cidade-onde-todos-os-moradores-tem-acesso-gratuito-a-instrumentos-musicais\/","url":"https:\/\/www.correiobraziliense.com.br\/cbradar\/conheca-a-cidade-onde-todos-os-moradores-tem-acesso-gratuito-a-instrumentos-musicais\/","name":"Conhe\u00e7a a cidade onde todos os moradores t\u00eam acesso gratuito a instrumentos musicais","isPartOf":{"@id":"https:\/\/www.correiobraziliense.com.br\/cbradar\/#website"},"primaryImageOfPage":{"@id":"https:\/\/www.correiobraziliense.com.br\/cbradar\/conheca-a-cidade-onde-todos-os-moradores-tem-acesso-gratuito-a-instrumentos-musicais\/#primaryimage"},"image":{"@id":"https:\/\/www.correiobraziliense.com.br\/cbradar\/conheca-a-cidade-onde-todos-os-moradores-tem-acesso-gratuito-a-instrumentos-musicais\/#primaryimage"},"thumbnailUrl":"https:\/\/www.correiobraziliense.com.br\/cbradar\/wp-content\/uploads\/2025\/04\/Reykjavik_1744240596050.jpg","datePublished":"2025-04-13T10:30:00+00:00","author":{"@id":"https:\/\/www.correiobraziliense.com.br\/cbradar\/#\/schema\/person\/58422787644df994b53a19d3e56c1513"},"description":"Em Reykjav\u00edk, Isl\u00e2ndia, moradores t\u00eam acesso gratuito a instrumentos musicais. Conhe\u00e7a a cidade onde a m\u00fasica \u00e9 um direito de todos.","breadcrumb":{"@id":"https:\/\/www.correiobraziliense.com.br\/cbradar\/conheca-a-cidade-onde-todos-os-moradores-tem-acesso-gratuito-a-instrumentos-musicais\/#breadcrumb"},"inLanguage":"pt-BR","potentialAction":[{"@type":"ReadAction","target":["https:\/\/www.correiobraziliense.com.br\/cbradar\/conheca-a-cidade-onde-todos-os-moradores-tem-acesso-gratuito-a-instrumentos-musicais\/"]}]},{"@type":"ImageObject","inLanguage":"pt-BR","@id":"https:\/\/www.correiobraziliense.com.br\/cbradar\/conheca-a-cidade-onde-todos-os-moradores-tem-acesso-gratuito-a-instrumentos-musicais\/#primaryimage","url":"https:\/\/www.correiobraziliense.com.br\/cbradar\/wp-content\/uploads\/2025\/04\/Reykjavik_1744240596050.jpg","contentUrl":"https:\/\/www.correiobraziliense.com.br\/cbradar\/wp-content\/uploads\/2025\/04\/Reykjavik_1744240596050.jpg","width":1280,"height":720,"caption":"Reykjav\u00edk. Cr\u00e9ditos: depositphotos.com \/ surangastock"},{"@type":"BreadcrumbList","@id":"https:\/\/www.correiobraziliense.com.br\/cbradar\/conheca-a-cidade-onde-todos-os-moradores-tem-acesso-gratuito-a-instrumentos-musicais\/#breadcrumb","itemListElement":[{"@type":"ListItem","position":1,"name":"In\u00edcio","item":"https:\/\/www.correiobraziliense.com.br\/cbradar\/"},{"@type":"ListItem","position":2,"name":"Conhe\u00e7a a cidade onde todos os moradores t\u00eam acesso gratuito a instrumentos musicais"}]},{"@type":"WebSite","@id":"https:\/\/www.correiobraziliense.com.br\/cbradar\/#website","url":"https:\/\/www.correiobraziliense.com.br\/cbradar\/","name":"Correio Braziliense - Radar","description":"Acompanhe as \u00faltimas not\u00edcias e fique bem informado sobre tudo o que acontece no Brasil e no mundo.","potentialAction":[{"@type":"SearchAction","target":{"@type":"EntryPoint","urlTemplate":"https:\/\/www.correiobraziliense.com.br\/cbradar\/?s={search_term_string}"},"query-input":{"@type":"PropertyValueSpecification","valueRequired":true,"valueName":"search_term_string"}}],"inLanguage":"pt-BR"},{"@type":"Person","@id":"https:\/\/www.correiobraziliense.com.br\/cbradar\/#\/schema\/person\/58422787644df994b53a19d3e56c1513","name":"Larissa Carvalho","image":{"@type":"ImageObject","inLanguage":"pt-BR","@id":"https:\/\/www.correiobraziliense.com.br\/cbradar\/#\/schema\/person\/image\/","url":"https:\/\/secure.gravatar.com\/avatar\/fe4f91a0de32b52a838d0d612abdc1aa?s=96&d=mm&r=g","contentUrl":"https:\/\/secure.gravatar.com\/avatar\/fe4f91a0de32b52a838d0d612abdc1aa?s=96&d=mm&r=g","caption":"Larissa Carvalho"},"url":"https:\/\/www.correiobraziliense.com.br\/cbradar\/author\/larissamyth\/"}]}},"_links":{"self":[{"href":"https:\/\/www.correiobraziliense.com.br\/cbradar\/wp-json\/wp\/v2\/posts\/21457","targetHints":{"allow":["GET"]}}],"collection":[{"href":"https:\/\/www.correiobraziliense.com.br\/cbradar\/wp-json\/wp\/v2\/posts"}],"about":[{"href":"https:\/\/www.correiobraziliense.com.br\/cbradar\/wp-json\/wp\/v2\/types\/post"}],"author":[{"embeddable":true,"href":"https:\/\/www.correiobraziliense.com.br\/cbradar\/wp-json\/wp\/v2\/users\/3"}],"replies":[{"embeddable":true,"href":"https:\/\/www.correiobraziliense.com.br\/cbradar\/wp-json\/wp\/v2\/comments?post=21457"}],"version-history":[{"count":1,"href":"https:\/\/www.correiobraziliense.com.br\/cbradar\/wp-json\/wp\/v2\/posts\/21457\/revisions"}],"predecessor-version":[{"id":21460,"href":"https:\/\/www.correiobraziliense.com.br\/cbradar\/wp-json\/wp\/v2\/posts\/21457\/revisions\/21460"}],"wp:featuredmedia":[{"embeddable":true,"href":"https:\/\/www.correiobraziliense.com.br\/cbradar\/wp-json\/wp\/v2\/media\/21458"}],"wp:attachment":[{"href":"https:\/\/www.correiobraziliense.com.br\/cbradar\/wp-json\/wp\/v2\/media?parent=21457"}],"wp:term":[{"taxonomy":"category","embeddable":true,"href":"https:\/\/www.correiobraziliense.com.br\/cbradar\/wp-json\/wp\/v2\/categories?post=21457"},{"taxonomy":"post_tag","embeddable":true,"href":"https:\/\/www.correiobraziliense.com.br\/cbradar\/wp-json\/wp\/v2\/tags?post=21457"}],"curies":[{"name":"wp","href":"https:\/\/api.w.org\/{rel}","templated":true}]}}