{"id":21593,"date":"2025-04-10T16:30:00","date_gmt":"2025-04-10T19:30:00","guid":{"rendered":"https:\/\/www.correiobraziliense.com.br\/cbradar\/?p=21593"},"modified":"2025-04-10T02:21:32","modified_gmt":"2025-04-10T05:21:32","slug":"a-fortuna-de-uma-das-maiores-artistas-pop-no-conceito-vintage","status":"publish","type":"post","link":"https:\/\/www.correiobraziliense.com.br\/cbradar\/a-fortuna-de-uma-das-maiores-artistas-pop-no-conceito-vintage\/","title":{"rendered":"A fortuna de uma das maiores artistas pop no conceito vintage"},"content":{"rendered":"\n<p>Aclamada pela cr\u00edtica e adorada por milh\u00f5es de f\u00e3s ao redor do mundo,<a href=\"https:\/\/pt.wikipedia.org\/wiki\/Lana_Del_Rey\" target=\"_blank\" rel=\"noreferrer noopener\"> <strong>Lana Del Rey<\/strong><\/a> construiu uma carreira marcada por um estilo \u00fanico e letras profundas. Seu nome \u00e9 sin\u00f4nimo de melancolia, glamour vintage e talento aut\u00eantico. A artista conseguiu, ao longo dos anos, consolidar uma imagem forte na ind\u00fastria da m\u00fasica e se tornar uma das vozes mais influentes da sua gera\u00e7\u00e3o.<\/p>\n\n\n\n<p>Neste artigo, exploramos toda a trajet\u00f3ria de <strong>Lana Del Rey<\/strong>, desde o in\u00edcio de sua carreira at\u00e9 suas maiores conquistas, al\u00e9m de revelar o valor estimado de sua fortuna. Prepare-se para mergulhar no universo envolvente da artista e conhecer curiosidades surpreendentes sobre sua vida.<\/p>\n\n\n\n<h2 class=\"wp-block-heading\">Qual \u00e9 a hist\u00f3ria de Lana Del Rey?<\/h2>\n\n\n\n<p>Nascida como <strong>Elizabeth Woolridge Grant<\/strong> em <strong>21 de junho de 1985<\/strong>, em <strong>Nova York<\/strong>, <strong>Lana Del Rey<\/strong> teve uma juventude marcada por mudan\u00e7as e desafios. Cresceu em <strong>Lake Placid<\/strong>, no estado de <strong>Nova York<\/strong>, onde desenvolveu seu gosto pela m\u00fasica, influenciada por g\u00eaneros como jazz, blues e rock alternativo. Ainda jovem, frequentou uma escola cat\u00f3lica e, mais tarde, estudou filosofia metaf\u00edsica na <strong>Fordham University<\/strong>.<\/p>\n\n\n\n<p>Antes da fama, trabalhou como gar\u00e7onete e participou de pequenos projetos musicais sob o nome de <strong>Lizzy Grant<\/strong>. Essa fase da sua vida foi crucial para a forma\u00e7\u00e3o de sua identidade art\u00edstica. A transforma\u00e7\u00e3o para <strong>Lana Del Rey<\/strong> marcou o in\u00edcio de uma nova era: uma est\u00e9tica retr\u00f4, misteriosa e cinematogr\u00e1fica que logo capturaria a aten\u00e7\u00e3o da ind\u00fastria musical e do p\u00fablico.<\/p>\n\n\n<div class=\"wp-block-image\">\n<figure class=\"aligncenter size-large\"><img decoding=\"async\" width=\"1024\" height=\"576\" src=\"https:\/\/www.correiobraziliense.com.br\/cbradar\/wp-content\/uploads\/2025\/04\/lana_1744262389288-1024x576.jpg\" alt=\"A fortuna de uma das maiores artistas pop no conceito vintage\" class=\"wp-image-21611\" srcset=\"https:\/\/www.correiobraziliense.com.br\/cbradar\/wp-content\/uploads\/2025\/04\/lana_1744262389288-1024x576.jpg 1024w, https:\/\/www.correiobraziliense.com.br\/cbradar\/wp-content\/uploads\/2025\/04\/lana_1744262389288-300x169.jpg 300w, https:\/\/www.correiobraziliense.com.br\/cbradar\/wp-content\/uploads\/2025\/04\/lana_1744262389288-768x432.jpg 768w, https:\/\/www.correiobraziliense.com.br\/cbradar\/wp-content\/uploads\/2025\/04\/lana_1744262389288-750x422.jpg 750w, https:\/\/www.correiobraziliense.com.br\/cbradar\/wp-content\/uploads\/2025\/04\/lana_1744262389288-1140x641.jpg 1140w, https:\/\/www.correiobraziliense.com.br\/cbradar\/wp-content\/uploads\/2025\/04\/lana_1744262389288.jpg 1280w\" sizes=\"(max-width: 1024px) 100vw, 1024px\" \/><figcaption class=\"wp-element-caption\">Lana Del Rey \/\/ Cr\u00e9ditos: depositphotos.com \/ Image Press Agency<\/figcaption><\/figure><\/div>\n\n\n<h2 class=\"wp-block-heading\">Como come\u00e7ou a carreira de Lana Del Rey?<\/h2>\n\n\n\n<p>A carreira de <strong>Lana Del Rey<\/strong> teve um ponto de virada em <strong>2011<\/strong>, com o lan\u00e7amento do single <strong>&#8220;Video Games&#8221;<\/strong>. A can\u00e7\u00e3o viralizou na internet e despertou o interesse do p\u00fablico e da cr\u00edtica. Seu \u00e1lbum de estreia sob o nome atual, <strong>&#8220;Born to Die&#8221;<\/strong>, foi lan\u00e7ado em <strong>2012<\/strong> e se tornou um sucesso internacional, estreando no topo das paradas em v\u00e1rios pa\u00edses.<\/p>\n\n\n\n<p>Desde ent\u00e3o, <strong>Lana Del Rey<\/strong> seguiu lan\u00e7ando \u00e1lbuns que reafirmaram sua proposta art\u00edstica, como <strong>&#8220;Ultraviolence&#8221;<\/strong>, <strong>&#8220;Honeymoon&#8221;<\/strong>, <strong>&#8220;Lust for Life&#8221;<\/strong> e <strong>&#8220;Norman Fucking Rockwell!&#8221;<\/strong>. Seu estilo melanc\u00f3lico, as influ\u00eancias cinematogr\u00e1ficas e a atmosfera nost\u00e1lgica de suas m\u00fasicas conquistaram um p\u00fablico fiel ao redor do mundo, elevando sua reputa\u00e7\u00e3o como artista inovadora.<\/p>\n\n\n\n<h2 class=\"wp-block-heading\">Quais os maiores sucessos da carreira do Lana Del Rey?<\/h2>\n\n\n\n<p>Entre os maiores sucessos de <strong>Lana Del Rey<\/strong> est\u00e3o m\u00fasicas como <strong>&#8220;Summertime Sadness&#8221;<\/strong>, <strong>&#8220;Blue Jeans&#8221;<\/strong>, <strong>&#8220;Young and Beautiful&#8221;<\/strong>, <strong>&#8220;West Coast&#8221;<\/strong>, <strong>&#8220;Love&#8221;<\/strong>, <strong>&#8220;Ride&#8221;<\/strong> e <strong>&#8220;Doin&#8217; Time&#8221;<\/strong>. Cada uma dessas faixas refor\u00e7a sua habilidade de mesclar elementos sonoros \u00fanicos com letras introspectivas e visuais marcantes. O hit <strong>&#8220;Summertime Sadness&#8221;<\/strong>, inclusive, teve grande destaque nas paradas mundiais com um remix que viralizou nas pistas.<\/p>\n\n\n\n<p>Al\u00e9m da m\u00fasica, sua voz apareceu em trilhas sonoras de filmes e s\u00e9ries de renome, como <strong>&#8220;O Grande Gatsby&#8221;<\/strong>, com a can\u00e7\u00e3o <strong>&#8220;Young and Beautiful&#8221;<\/strong>, que se tornou emblem\u00e1tica. A artista tamb\u00e9m j\u00e1 participou de document\u00e1rios e projetos audiovisuais que exploram sua trajet\u00f3ria, est\u00e9tica e vis\u00e3o de mundo.<\/p>\n\n\n\n<figure class=\"wp-block-embed aligncenter is-type-video is-provider-youtube wp-block-embed-youtube wp-embed-aspect-16-9 wp-has-aspect-ratio\"><div class=\"wp-block-embed__wrapper\">\n<div class=\"jeg_video_container jeg_video_content\"><iframe loading=\"lazy\" title=\"Lana Del Rey - Video Games\" width=\"500\" height=\"281\" src=\"https:\/\/www.youtube.com\/embed\/cE6wxDqdOV0?feature=oembed\" frameborder=\"0\" allow=\"accelerometer; autoplay; clipboard-write; encrypted-media; gyroscope; picture-in-picture; web-share\" referrerpolicy=\"strict-origin-when-cross-origin\" allowfullscreen><\/iframe><\/div>\n<\/div><\/figure>\n\n\n\n<h2 class=\"wp-block-heading\">Quais seus maiores pr\u00eamios e conquistas da carreira?<\/h2>\n\n\n\n<p>Ao longo de sua carreira, <strong>Lana Del Rey<\/strong> conquistou diversos pr\u00eamios e indica\u00e7\u00f5es de prest\u00edgio. Foi indicada ao <strong><a href=\"https:\/\/www.correiobraziliense.com.br\/cbradar\/a-fortuna-do-genio-que-ganhou-o-grammy-da-cancao-do-ano-2025\/\" target=\"_blank\" rel=\"noreferrer noopener\">Grammy Awards<\/a><\/strong> em m\u00faltiplas ocasi\u00f5es, sendo aclamada principalmente por seu \u00e1lbum <strong>&#8220;Norman Fucking Rockwell!&#8221;<\/strong>, que recebeu elogios da cr\u00edtica especializada. Ela tamb\u00e9m foi indicada ao <strong>Globo de Ouro<\/strong> por sua contribui\u00e7\u00e3o para trilhas sonoras de filmes.<\/p>\n\n\n\n<p>Entre seus pr\u00eamios est\u00e3o o <strong>Brit Award<\/strong> de &#8220;Artista Internacional Feminina&#8221;, v\u00e1rios <strong>MTV Europe Music Awards<\/strong>, al\u00e9m de reconhecimentos da <strong>Billboard<\/strong>, <strong>Rolling Stone<\/strong> e outras institui\u00e7\u00f5es relevantes da m\u00fasica. Seu legado art\u00edstico \u00e9 constantemente celebrado por sua autenticidade e influ\u00eancia cultural.<\/p>\n\n\n\n<h2 class=\"wp-block-heading\">Lana Del Rey j\u00e1 se envolveu em pol\u00eamicas?<\/h2>\n\n\n\n<p>Apesar de manter uma imagem reservada, <strong>Lana Del Rey<\/strong> j\u00e1 esteve envolvida em algumas pol\u00eamicas. Uma das mais comentadas aconteceu em <strong>2020<\/strong>, quando publicou um texto em suas redes sociais criticando a maneira como mulheres s\u00e3o tratadas na ind\u00fastria, citando outras artistas pop. Isso gerou rea\u00e7\u00f5es diversas, com acusa\u00e7\u00f5es de compara\u00e7\u00f5es raciais indevidas, o que levou a artista a se explicar publicamente.<\/p>\n\n\n\n<p>Outras controv\u00e9rsias envolveram suas declara\u00e7\u00f5es sobre feminismo, liberdade art\u00edstica e a escolha de capas de \u00e1lbuns. Ainda assim, ela sempre defendeu seu direito de se expressar de forma aut\u00eantica e permaneceu firme em suas convic\u00e7\u00f5es art\u00edsticas. Sua rela\u00e7\u00e3o com o p\u00fablico, mesmo em meio a cr\u00edticas, manteve-se s\u00f3lida e apaixonada.<\/p>\n\n\n\n<h2 class=\"wp-block-heading\">Quais s\u00e3o as curiosidades sobre Lana Del Rey?<\/h2>\n\n\n\n<ol class=\"wp-block-list\">\n<li><strong>Lana Del Rey<\/strong> j\u00e1 afirmou que escolheu seu nome art\u00edstico inspirado na atriz <strong>Lana Turner<\/strong> e no carro <strong>Ford Del Rey<\/strong>.<\/li>\n\n\n\n<li>Suas letras frequentemente citam figuras ic\u00f4nicas como <strong>Elvis Presley<\/strong>, <strong>Marilyn Monroe<\/strong> e <strong>James Dean<\/strong>.<\/li>\n\n\n\n<li>Antes da fama, ela morou em um trailer e tocava em bares pequenos.<\/li>\n\n\n\n<li>Sua m\u00fasica j\u00e1 foi banida em r\u00e1dios durante momentos de tens\u00e3o social nos <strong>Estados Unidos<\/strong> por suas tem\u00e1ticas sombrias.<\/li>\n\n\n\n<li>Ela tem uma tatuagem com a palavra <strong>&#8220;Paradise&#8221;<\/strong> em sua m\u00e3o.<\/li>\n\n\n\n<li>J\u00e1 escreveu poesia e lan\u00e7ou um livro chamado <strong>&#8220;Violet Bent Backwards Over the Grass&#8221;<\/strong>.<\/li>\n\n\n\n<li>Seu estilo \u00e9 fortemente influenciado pelas d\u00e9cadas de <strong>1950<\/strong> e <strong>1960<\/strong>.<\/li>\n\n\n\n<li>Tem paix\u00e3o por cinema cl\u00e1ssico e literatura beatnik.<\/li>\n\n\n\n<li>Sua rela\u00e7\u00e3o com a imprensa \u00e9 marcada por reclus\u00e3o e seletividade.<\/li>\n\n\n\n<li><strong>Lana Del Rey<\/strong> j\u00e1 participou de projetos sociais ligados \u00e0 sa\u00fade mental e recupera\u00e7\u00e3o de dependentes qu\u00edmicos.<\/li>\n<\/ol>\n\n\n\n<h2 class=\"wp-block-heading\">Qual o valor estimado da fortuna e fontes de renda do Lana Del Rey?<\/h2>\n\n\n\n<p>A fortuna estimada de <strong>Lana Del Rey<\/strong> gira em torno de <strong>USD 30 milh\u00f5es<\/strong>, resultado de mais de uma d\u00e9cada de sucesso na ind\u00fastria musical. Sua renda \u00e9 proveniente da venda de \u00e1lbuns, streaming de m\u00fasicas, turn\u00eas internacionais, direitos autorais, merchandising e parcerias com marcas. Al\u00e9m disso, sua presen\u00e7a constante em trilhas sonoras de filmes e s\u00e9ries contribui para ampliar seus ganhos.<\/p>\n\n\n\n<p>Outras fontes de receita incluem publica\u00e7\u00f5es liter\u00e1rias, investimentos e colabora\u00e7\u00f5es com o mundo da moda. Mesmo com um estilo mais discreto, <strong>Lana Del Rey<\/strong> construiu um imp\u00e9rio art\u00edstico s\u00f3lido, mantendo sempre o controle sobre sua imagem e carreira. Sua trajet\u00f3ria \u00e9 um exemplo de como autenticidade e consist\u00eancia podem gerar sucesso duradouro no cen\u00e1rio cultural global.<\/p>\n","protected":false},"excerpt":{"rendered":"<p>Aclamada pela cr\u00edtica e adorada por milh\u00f5es de f\u00e3s ao redor do mundo, Lana Del Rey construiu uma carreira marcada por um estilo \u00fanico e letras profundas. Seu nome \u00e9 sin\u00f4nimo de melancolia, glamour vintage e talento aut\u00eantico. A artista conseguiu, ao longo dos anos, consolidar uma imagem forte na ind\u00fastria da m\u00fasica e se [&hellip;]<\/p>\n","protected":false},"author":8,"featured_media":21604,"comment_status":"open","ping_status":"open","sticky":false,"template":"","format":"standard","meta":{"jnews-multi-image_gallery":[],"jnews_single_post":{"format":"standard"},"jnews_primary_category":[],"jnews_social_meta":[],"jnews_override_counter":[],"footnotes":""},"categories":[128,169],"post_tag":[534,2628,1406,3097],"class_list":["post-21593","post","type-post","status-publish","format-standard","has-post-thumbnail","hentry","category-economia","category-noticias","tag-fortunas","tag-lana-del-rey","tag-pop","tag-vintage"],"yoast_head":"<!-- This site is optimized with the Yoast SEO plugin v24.6 - https:\/\/yoast.com\/wordpress\/plugins\/seo\/ -->\n<title>A fortuna de uma das maiores artistas pop no conceito vintage - Correio Braziliense - Radar<\/title>\n<meta name=\"description\" content=\"Veja curiosidades sobre a fortuna de uma das maiores estrelas do pop atual com estilo vintage e talento marcante!\" \/>\n<meta name=\"robots\" content=\"index, follow, max-snippet:-1, max-image-preview:large, max-video-preview:-1\" \/>\n<link rel=\"canonical\" href=\"https:\/\/www.correiobraziliense.com.br\/cbradar\/a-fortuna-de-uma-das-maiores-artistas-pop-no-conceito-vintage\/\" \/>\n<meta property=\"og:locale\" content=\"pt_BR\" \/>\n<meta property=\"og:type\" content=\"article\" \/>\n<meta property=\"og:title\" content=\"A fortuna de uma das maiores artistas pop no conceito vintage - Correio Braziliense - Radar\" \/>\n<meta property=\"og:description\" content=\"Veja curiosidades sobre a fortuna de uma das maiores estrelas do pop atual com estilo vintage e talento marcante!\" \/>\n<meta property=\"og:url\" content=\"https:\/\/www.correiobraziliense.com.br\/cbradar\/a-fortuna-de-uma-das-maiores-artistas-pop-no-conceito-vintage\/\" \/>\n<meta property=\"og:site_name\" content=\"Correio Braziliense - Radar\" \/>\n<meta property=\"article:published_time\" content=\"2025-04-10T19:30:00+00:00\" \/>\n<meta property=\"og:image\" content=\"https:\/\/www.correiobraziliense.com.br\/cbradar\/wp-content\/uploads\/2025\/04\/vintage_1744261649302.jpg\" \/>\n\t<meta property=\"og:image:width\" content=\"1280\" \/>\n\t<meta property=\"og:image:height\" content=\"720\" \/>\n\t<meta property=\"og:image:type\" content=\"image\/jpeg\" \/>\n<meta name=\"author\" content=\"Maura Pereira\" \/>\n<meta name=\"twitter:card\" content=\"summary_large_image\" \/>\n<meta name=\"twitter:label1\" content=\"Escrito por\" \/>\n\t<meta name=\"twitter:data1\" content=\"Maura Pereira\" \/>\n\t<meta name=\"twitter:label2\" content=\"Est. tempo de leitura\" \/>\n\t<meta name=\"twitter:data2\" content=\"6 minutos\" \/>\n<!-- \/ Yoast SEO plugin. -->","yoast_head_json":{"title":"A fortuna de uma das maiores artistas pop no conceito vintage - Correio Braziliense - Radar","description":"Veja curiosidades sobre a fortuna de uma das maiores estrelas do pop atual com estilo vintage e talento marcante!","robots":{"index":"index","follow":"follow","max-snippet":"max-snippet:-1","max-image-preview":"max-image-preview:large","max-video-preview":"max-video-preview:-1"},"canonical":"https:\/\/www.correiobraziliense.com.br\/cbradar\/a-fortuna-de-uma-das-maiores-artistas-pop-no-conceito-vintage\/","og_locale":"pt_BR","og_type":"article","og_title":"A fortuna de uma das maiores artistas pop no conceito vintage - Correio Braziliense - Radar","og_description":"Veja curiosidades sobre a fortuna de uma das maiores estrelas do pop atual com estilo vintage e talento marcante!","og_url":"https:\/\/www.correiobraziliense.com.br\/cbradar\/a-fortuna-de-uma-das-maiores-artistas-pop-no-conceito-vintage\/","og_site_name":"Correio Braziliense - Radar","article_published_time":"2025-04-10T19:30:00+00:00","og_image":[{"width":1280,"height":720,"url":"https:\/\/www.correiobraziliense.com.br\/cbradar\/wp-content\/uploads\/2025\/04\/vintage_1744261649302.jpg","type":"image\/jpeg"}],"author":"Maura Pereira","twitter_card":"summary_large_image","twitter_misc":{"Escrito por":"Maura Pereira","Est. tempo de leitura":"6 minutos"},"schema":{"@context":"https:\/\/schema.org","@graph":[{"@type":"WebPage","@id":"https:\/\/www.correiobraziliense.com.br\/cbradar\/a-fortuna-de-uma-das-maiores-artistas-pop-no-conceito-vintage\/","url":"https:\/\/www.correiobraziliense.com.br\/cbradar\/a-fortuna-de-uma-das-maiores-artistas-pop-no-conceito-vintage\/","name":"A fortuna de uma das maiores artistas pop no conceito vintage - Correio Braziliense - Radar","isPartOf":{"@id":"https:\/\/www.correiobraziliense.com.br\/cbradar\/#website"},"primaryImageOfPage":{"@id":"https:\/\/www.correiobraziliense.com.br\/cbradar\/a-fortuna-de-uma-das-maiores-artistas-pop-no-conceito-vintage\/#primaryimage"},"image":{"@id":"https:\/\/www.correiobraziliense.com.br\/cbradar\/a-fortuna-de-uma-das-maiores-artistas-pop-no-conceito-vintage\/#primaryimage"},"thumbnailUrl":"https:\/\/www.correiobraziliense.com.br\/cbradar\/wp-content\/uploads\/2025\/04\/vintage_1744261649302.jpg","datePublished":"2025-04-10T19:30:00+00:00","author":{"@id":"https:\/\/www.correiobraziliense.com.br\/cbradar\/#\/schema\/person\/4053c651a9bfc785afc6f4cbc9032fd3"},"description":"Veja curiosidades sobre a fortuna de uma das maiores estrelas do pop atual com estilo vintage e talento marcante!","breadcrumb":{"@id":"https:\/\/www.correiobraziliense.com.br\/cbradar\/a-fortuna-de-uma-das-maiores-artistas-pop-no-conceito-vintage\/#breadcrumb"},"inLanguage":"pt-BR","potentialAction":[{"@type":"ReadAction","target":["https:\/\/www.correiobraziliense.com.br\/cbradar\/a-fortuna-de-uma-das-maiores-artistas-pop-no-conceito-vintage\/"]}]},{"@type":"ImageObject","inLanguage":"pt-BR","@id":"https:\/\/www.correiobraziliense.com.br\/cbradar\/a-fortuna-de-uma-das-maiores-artistas-pop-no-conceito-vintage\/#primaryimage","url":"https:\/\/www.correiobraziliense.com.br\/cbradar\/wp-content\/uploads\/2025\/04\/vintage_1744261649302.jpg","contentUrl":"https:\/\/www.correiobraziliense.com.br\/cbradar\/wp-content\/uploads\/2025\/04\/vintage_1744261649302.jpg","width":1280,"height":720,"caption":"\"Conceito vintage\" \/\/ Cr\u00e9ditos: depositphotos.com \/ VitalikRadko"},{"@type":"BreadcrumbList","@id":"https:\/\/www.correiobraziliense.com.br\/cbradar\/a-fortuna-de-uma-das-maiores-artistas-pop-no-conceito-vintage\/#breadcrumb","itemListElement":[{"@type":"ListItem","position":1,"name":"In\u00edcio","item":"https:\/\/www.correiobraziliense.com.br\/cbradar\/"},{"@type":"ListItem","position":2,"name":"A fortuna de uma das maiores artistas pop no conceito vintage"}]},{"@type":"WebSite","@id":"https:\/\/www.correiobraziliense.com.br\/cbradar\/#website","url":"https:\/\/www.correiobraziliense.com.br\/cbradar\/","name":"Correio Braziliense - Radar","description":"Acompanhe as \u00faltimas not\u00edcias e fique bem informado sobre tudo o que acontece no Brasil e no mundo.","potentialAction":[{"@type":"SearchAction","target":{"@type":"EntryPoint","urlTemplate":"https:\/\/www.correiobraziliense.com.br\/cbradar\/?s={search_term_string}"},"query-input":{"@type":"PropertyValueSpecification","valueRequired":true,"valueName":"search_term_string"}}],"inLanguage":"pt-BR"},{"@type":"Person","@id":"https:\/\/www.correiobraziliense.com.br\/cbradar\/#\/schema\/person\/4053c651a9bfc785afc6f4cbc9032fd3","name":"Maura Pereira","image":{"@type":"ImageObject","inLanguage":"pt-BR","@id":"https:\/\/www.correiobraziliense.com.br\/cbradar\/#\/schema\/person\/image\/","url":"https:\/\/secure.gravatar.com\/avatar\/3effd6bdadfa447f15089c7f7144eaa6?s=96&d=mm&r=g","contentUrl":"https:\/\/secure.gravatar.com\/avatar\/3effd6bdadfa447f15089c7f7144eaa6?s=96&d=mm&r=g","caption":"Maura Pereira"},"sameAs":["https:\/\/www.correiobraziliense.com.br\/"],"url":"https:\/\/www.correiobraziliense.com.br\/cbradar\/author\/mauramyth\/"}]}},"_links":{"self":[{"href":"https:\/\/www.correiobraziliense.com.br\/cbradar\/wp-json\/wp\/v2\/posts\/21593","targetHints":{"allow":["GET"]}}],"collection":[{"href":"https:\/\/www.correiobraziliense.com.br\/cbradar\/wp-json\/wp\/v2\/posts"}],"about":[{"href":"https:\/\/www.correiobraziliense.com.br\/cbradar\/wp-json\/wp\/v2\/types\/post"}],"author":[{"embeddable":true,"href":"https:\/\/www.correiobraziliense.com.br\/cbradar\/wp-json\/wp\/v2\/users\/8"}],"replies":[{"embeddable":true,"href":"https:\/\/www.correiobraziliense.com.br\/cbradar\/wp-json\/wp\/v2\/comments?post=21593"}],"version-history":[{"count":8,"href":"https:\/\/www.correiobraziliense.com.br\/cbradar\/wp-json\/wp\/v2\/posts\/21593\/revisions"}],"predecessor-version":[{"id":21613,"href":"https:\/\/www.correiobraziliense.com.br\/cbradar\/wp-json\/wp\/v2\/posts\/21593\/revisions\/21613"}],"wp:featuredmedia":[{"embeddable":true,"href":"https:\/\/www.correiobraziliense.com.br\/cbradar\/wp-json\/wp\/v2\/media\/21604"}],"wp:attachment":[{"href":"https:\/\/www.correiobraziliense.com.br\/cbradar\/wp-json\/wp\/v2\/media?parent=21593"}],"wp:term":[{"taxonomy":"category","embeddable":true,"href":"https:\/\/www.correiobraziliense.com.br\/cbradar\/wp-json\/wp\/v2\/categories?post=21593"},{"taxonomy":"post_tag","embeddable":true,"href":"https:\/\/www.correiobraziliense.com.br\/cbradar\/wp-json\/wp\/v2\/post_tag?post=21593"}],"curies":[{"name":"wp","href":"https:\/\/api.w.org\/{rel}","templated":true}]}}