{"id":21710,"date":"2025-04-12T17:23:00","date_gmt":"2025-04-12T20:23:00","guid":{"rendered":"https:\/\/www.correiobraziliense.com.br\/cbradar\/?p=21710"},"modified":"2025-04-10T14:59:43","modified_gmt":"2025-04-10T17:59:43","slug":"essa-terapia-pode-ser-muito-benefica-para-voce-a-tecnica-que-poucos-utilizam","status":"publish","type":"post","link":"https:\/\/www.correiobraziliense.com.br\/cbradar\/essa-terapia-pode-ser-muito-benefica-para-voce-a-tecnica-que-poucos-utilizam\/","title":{"rendered":"Essa terapia pode ser muito ben\u00e9fica para voc\u00ea! A t\u00e9cnica que poucos utilizam"},"content":{"rendered":"\n<p>A jornada em busca da <a href=\"https:\/\/www.correiobraziliense.com.br\/cbradar\/exercicios-funcionais-para-voce-fazer-na-sua-casa-em-um-espaco-confortavel\/\" target=\"_blank\" rel=\"noreferrer noopener\">sa\u00fade <\/a>mental e do bem-estar emocional muitas vezes nos leva a considerar diferentes formas de apoio. Enquanto a terapia individual oferece um espa\u00e7o \u00edntimo e personalizado para explorar nossos desafios, a<a href=\"https:\/\/pt.wikipedia.org\/wiki\/Terapia\" target=\"_blank\" rel=\"noreferrer noopener\"> <strong>terapia<\/strong><\/a><strong> de grupo<\/strong> proporciona uma experi\u00eancia \u00fanica e poderosa de cura atrav\u00e9s da conex\u00e3o e do compartilhamento com outras pessoas que vivenciam situa\u00e7\u00f5es semelhantes. Participar de um grupo terap\u00eautico pode ser um caminho transformador para quebrar o isolamento, aprender novas perspectivas e fortalecer a sua jornada de autocuidado.<\/p>\n\n\n\n<h2 class=\"wp-block-heading\">Quebrando o isolamento: o poder de compartilhar experi\u00eancias similares<\/h2>\n\n\n\n<p>Um dos maiores benef\u00edcios da terapia de grupo reside na oportunidade de se conectar com indiv\u00edduos que enfrentam desafios parecidos com os seus. Muitas vezes, sentimentos de solid\u00e3o e isolamento podem intensificar a dor emocional. Ao compartilhar suas experi\u00eancias em um ambiente seguro e acolhedor, voc\u00ea percebe que n\u00e3o est\u00e1 sozinho em suas lutas. Essa compreens\u00e3o m\u00fatua e o sentimento de pertencimento podem ser extremamente terap\u00eauticos e encorajadores.<\/p>\n\n\n<div class=\"wp-block-image\">\n<figure class=\"aligncenter size-large\"><img decoding=\"async\" width=\"1024\" height=\"576\" src=\"https:\/\/www.correiobraziliense.com.br\/cbradar\/wp-content\/uploads\/2025\/04\/saude-mental_1744120114477-1024x576.jpg\" alt=\"Essa terapia pode ser muito ben\u00e9fica para voc\u00ea! A t\u00e9cnica que poucos utilizam\" class=\"wp-image-20856\" srcset=\"https:\/\/www.correiobraziliense.com.br\/cbradar\/wp-content\/uploads\/2025\/04\/saude-mental_1744120114477-1024x576.jpg 1024w, https:\/\/www.correiobraziliense.com.br\/cbradar\/wp-content\/uploads\/2025\/04\/saude-mental_1744120114477-300x169.jpg 300w, https:\/\/www.correiobraziliense.com.br\/cbradar\/wp-content\/uploads\/2025\/04\/saude-mental_1744120114477-768x432.jpg 768w, https:\/\/www.correiobraziliense.com.br\/cbradar\/wp-content\/uploads\/2025\/04\/saude-mental_1744120114477-750x422.jpg 750w, https:\/\/www.correiobraziliense.com.br\/cbradar\/wp-content\/uploads\/2025\/04\/saude-mental_1744120114477-1140x641.jpg 1140w, https:\/\/www.correiobraziliense.com.br\/cbradar\/wp-content\/uploads\/2025\/04\/saude-mental_1744120114477.jpg 1280w\" sizes=\"(max-width: 1024px) 100vw, 1024px\" \/><figcaption class=\"wp-element-caption\">Mulher &#8211; Cr\u00e9ditos: depositphotos.com \/ AndrewLozovyi<\/figcaption><\/figure><\/div>\n\n\n<h2 class=\"wp-block-heading\">Os in\u00fameros benef\u00edcios da terapia de grupo para a sua sa\u00fade mental e emocional<\/h2>\n\n\n\n<p>A terapia de grupo oferece uma ampla gama de vantagens para a sa\u00fade mental e emocional:<\/p>\n\n\n\n<h3 class=\"wp-block-heading\">Apoio e compreens\u00e3o m\u00fatua: sentindo-se menos sozinho<\/h3>\n\n\n\n<p>Compartilhar suas dificuldades com outras pessoas que entendem o que voc\u00ea est\u00e1 passando pode proporcionar um senso de apoio e valida\u00e7\u00e3o que muitas vezes falta em outros contextos. Sentir-se compreendido e aceito pelo grupo pode reduzir significativamente a sensa\u00e7\u00e3o de isolamento.<\/p>\n\n\n\n<h3 class=\"wp-block-heading\">Aprendizado com as experi\u00eancias dos outros: novas perspectivas e estrat\u00e9gias<\/h3>\n\n\n\n<p>Ouvir as experi\u00eancias, os desafios e as estrat\u00e9gias de enfrentamento de outros membros do grupo pode oferecer novas perspectivas e ideias sobre como lidar com seus pr\u00f3prios problemas. Voc\u00ea pode aprender com os sucessos e as dificuldades dos outros, descobrindo novas formas de abordar suas quest\u00f5es.<\/p>\n\n\n\n<h3 class=\"wp-block-heading\">Desenvolvimento de habilidades sociais e de comunica\u00e7\u00e3o<\/h3>\n\n\n\n<p>A terapia de grupo oferece um ambiente seguro para praticar habilidades sociais e de comunica\u00e7\u00e3o. Ao interagir com os outros membros do grupo e expressar seus sentimentos e pensamentos, voc\u00ea pode desenvolver mais confian\u00e7a na sua capacidade de se comunicar e de se relacionar de forma saud\u00e1vel.<\/p>\n\n\n\n<h3 class=\"wp-block-heading\">Aumento da autoconfian\u00e7a e da autoestima<\/h3>\n\n\n\n<p>Compartilhar suas vulnerabilidades e receber apoio e aceita\u00e7\u00e3o do grupo pode fortalecer a sua autoconfian\u00e7a e a sua autoestima. Perceber que voc\u00ea pode ajudar outras pessoas com suas pr\u00f3prias experi\u00eancias tamb\u00e9m pode ser muito gratificante e aumentar o seu senso de valor pessoal.<\/p>\n\n\n\n<h3 class=\"wp-block-heading\">Feedback construtivo e honestidade em um ambiente seguro<\/h3>\n\n\n\n<p>O terapeuta e os outros membros do grupo podem oferecer feedback construtivo e honesto sobre seus padr\u00f5es de comportamento e suas formas de lidar com as situa\u00e7\u00f5es. Esse feedback, quando oferecido em um ambiente de respeito e seguran\u00e7a, pode te ajudar a identificar \u00e1reas de crescimento e a promover mudan\u00e7as positivas.<\/p>\n\n\n\n<h3 class=\"wp-block-heading\">Sentimento de pertencimento e aceita\u00e7\u00e3o<\/h3>\n\n\n\n<p>Fazer parte de um grupo terap\u00eautico pode proporcionar um forte senso de pertencimento e aceita\u00e7\u00e3o. Saber que voc\u00ea \u00e9 valorizado e compreendido pelo grupo, apesar das suas dificuldades, pode ser fundamental para a sua recupera\u00e7\u00e3o e bem-estar emocional.<\/p>\n\n\n\n<h3 class=\"wp-block-heading\">Custo mais acess\u00edvel em compara\u00e7\u00e3o com a terapia individual<\/h3>\n\n\n\n<p>Em geral, a terapia de grupo tende a ser mais acess\u00edvel financeiramente do que a terapia individual, tornando-se uma op\u00e7\u00e3o vi\u00e1vel para muitas pessoas que buscam apoio para a sua sa\u00fade mental.<\/p>\n\n\n\n<h3 class=\"wp-block-heading\">Oportunidade de ajudar e ser ajudado<\/h3>\n\n\n\n<p>A terapia de grupo n\u00e3o \u00e9 apenas sobre receber apoio, mas tamb\u00e9m sobre oferecer ajuda aos outros membros do grupo. Compartilhar suas pr\u00f3prias experi\u00eancias e oferecer seu apoio pode ser uma forma poderosa de fortalecer sua pr\u00f3pria jornada de cura e de se sentir conectado com os outros.<\/p>\n\n\n\n<h2 class=\"wp-block-heading\">Como funciona a terapia de grupo: o processo terap\u00eautico<\/h2>\n\n\n\n<p>A terapia de grupo geralmente \u00e9 conduzida por um ou dois terapeutas qualificados, que facilitam a comunica\u00e7\u00e3o e o processo terap\u00eautico dentro do grupo. As sess\u00f5es geralmente t\u00eam uma dura\u00e7\u00e3o definida e ocorrem regularmente (semanalmente ou quinzenalmente). O terapeuta estabelece as regras do grupo, como confidencialidade e respeito, e guia as discuss\u00f5es, ajudando os membros a explorar seus sentimentos, a identificar padr\u00f5es de comportamento e a desenvolver estrat\u00e9gias de enfrentamento saud\u00e1veis.<\/p>\n\n\n\n<h2 class=\"wp-block-heading\">Diferentes tipos de grupos de terapia e suas focas<\/h2>\n\n\n\n<p>Existem diversos tipos de grupos de terapia, cada um com um foco espec\u00edfico. Alguns exemplos incluem grupos para pessoas com ansiedade, depress\u00e3o, transtornos alimentares, luto, abuso de subst\u00e2ncias, problemas de relacionamento ou para pais e familiares de pessoas com transtornos mentais. A escolha do grupo adequado depender\u00e1 das suas necessidades e dos seus objetivos terap\u00eauticos.<\/p>\n\n\n\n<h2 class=\"wp-block-heading\">O que esperar da sua primeira sess\u00e3o de terapia de grupo<\/h2>\n\n\n\n<p>A primeira sess\u00e3o de terapia de grupo geralmente envolve uma apresenta\u00e7\u00e3o dos membros, uma explica\u00e7\u00e3o das regras do grupo e uma introdu\u00e7\u00e3o ao processo terap\u00eautico. Pode ser natural sentir um pouco de ansiedade ou nervosismo no in\u00edcio, mas a maioria das pessoas relata se sentir acolhida e confort\u00e1vel com o tempo.<\/p>\n\n\n\n<h2 class=\"wp-block-heading\">A import\u00e2ncia da confidencialidade e do respeito no ambiente do grupo<\/h2>\n\n\n\n<p>A confidencialidade \u00e9 um princ\u00edpio fundamental na terapia de grupo. Tudo o que \u00e9 compartilhado dentro do grupo deve permanecer confidencial, criando um ambiente seguro para a honestidade e a vulnerabilidade. O respeito entre os membros tamb\u00e9m \u00e9 essencial para que todos se sintam \u00e0 vontade para se expressar sem medo de julgamento.<\/p>\n\n\n\n<h2 class=\"wp-block-heading\">Como encontrar um grupo de terapia adequado para voc\u00ea<\/h2>\n\n\n\n<p>Voc\u00ea pode encontrar grupos de terapia atrav\u00e9s de cl\u00ednicas de psicologia, hospitais, organiza\u00e7\u00f5es comunit\u00e1rias ou online. Converse com seu m\u00e9dico ou terapeuta individual para obter indica\u00e7\u00f5es.<\/p>\n","protected":false},"excerpt":{"rendered":"<p>A jornada em busca da sa\u00fade mental e do bem-estar emocional muitas vezes nos leva a considerar diferentes formas de apoio. Enquanto a terapia individual oferece um espa\u00e7o \u00edntimo e personalizado para explorar nossos desafios, a terapia de grupo proporciona uma experi\u00eancia \u00fanica e poderosa de cura atrav\u00e9s da conex\u00e3o e do compartilhamento com outras [&hellip;]<\/p>\n","protected":false},"author":11,"featured_media":21798,"comment_status":"open","ping_status":"open","sticky":false,"template":"","format":"standard","meta":{"_yoast_wpseo_focuskw":"terapia","_yoast_wpseo_title":"","_yoast_wpseo_metadesc":"Uma terapia pouco conhecida pode trazer benef\u00edcios surpreendentes para seu bem-estar f\u00edsico e mental. Descubra como ela funciona!","jnews-multi-image_gallery":[],"jnews_single_post":{"format":"standard"},"jnews_primary_category":[],"jnews_social_meta":[],"jnews_override_counter":[],"footnotes":""},"categories":[119],"post_tag":[120,565,1421],"class_list":["post-21710","post","type-post","status-publish","format-standard","has-post-thumbnail","hentry","category-bem-estar","tag-bem-estar","tag-saude","tag-terapia"],"yoast_head":"<!-- This site is optimized with the Yoast SEO plugin v24.6 - https:\/\/yoast.com\/wordpress\/plugins\/seo\/ -->\n<title>Essa terapia pode ser muito ben\u00e9fica para voc\u00ea! A t\u00e9cnica que poucos utilizam - Correio Braziliense - Radar<\/title>\n<meta name=\"description\" content=\"Uma terapia pouco conhecida pode trazer benef\u00edcios surpreendentes para seu bem-estar f\u00edsico e mental. Descubra como ela funciona!\" \/>\n<meta name=\"robots\" content=\"index, follow, max-snippet:-1, max-image-preview:large, max-video-preview:-1\" \/>\n<link rel=\"canonical\" href=\"https:\/\/www.correiobraziliense.com.br\/cbradar\/essa-terapia-pode-ser-muito-benefica-para-voce-a-tecnica-que-poucos-utilizam\/\" \/>\n<meta property=\"og:locale\" content=\"pt_BR\" \/>\n<meta property=\"og:type\" content=\"article\" \/>\n<meta property=\"og:title\" content=\"Essa terapia pode ser muito ben\u00e9fica para voc\u00ea! A t\u00e9cnica que poucos utilizam - Correio Braziliense - Radar\" \/>\n<meta property=\"og:description\" content=\"Uma terapia pouco conhecida pode trazer benef\u00edcios surpreendentes para seu bem-estar f\u00edsico e mental. Descubra como ela funciona!\" \/>\n<meta property=\"og:url\" content=\"https:\/\/www.correiobraziliense.com.br\/cbradar\/essa-terapia-pode-ser-muito-benefica-para-voce-a-tecnica-que-poucos-utilizam\/\" \/>\n<meta property=\"og:site_name\" content=\"Correio Braziliense - Radar\" \/>\n<meta property=\"article:published_time\" content=\"2025-04-12T20:23:00+00:00\" \/>\n<meta property=\"og:image\" content=\"https:\/\/www.correiobraziliense.com.br\/cbradar\/wp-content\/uploads\/2025\/04\/terapia-em-grupo_1744293915198.jpg\" \/>\n\t<meta property=\"og:image:width\" content=\"1280\" \/>\n\t<meta property=\"og:image:height\" content=\"720\" \/>\n\t<meta property=\"og:image:type\" content=\"image\/jpeg\" \/>\n<meta name=\"author\" content=\"Paulo Custodio\" \/>\n<meta name=\"twitter:card\" content=\"summary_large_image\" \/>\n<meta name=\"twitter:label1\" content=\"Escrito por\" \/>\n\t<meta name=\"twitter:data1\" content=\"Paulo Custodio\" \/>\n\t<meta name=\"twitter:label2\" content=\"Est. tempo de leitura\" \/>\n\t<meta name=\"twitter:data2\" content=\"6 minutos\" \/>\n<!-- \/ Yoast SEO plugin. -->","yoast_head_json":{"title":"Essa terapia pode ser muito ben\u00e9fica para voc\u00ea! A t\u00e9cnica que poucos utilizam - Correio Braziliense - Radar","description":"Uma terapia pouco conhecida pode trazer benef\u00edcios surpreendentes para seu bem-estar f\u00edsico e mental. Descubra como ela funciona!","robots":{"index":"index","follow":"follow","max-snippet":"max-snippet:-1","max-image-preview":"max-image-preview:large","max-video-preview":"max-video-preview:-1"},"canonical":"https:\/\/www.correiobraziliense.com.br\/cbradar\/essa-terapia-pode-ser-muito-benefica-para-voce-a-tecnica-que-poucos-utilizam\/","og_locale":"pt_BR","og_type":"article","og_title":"Essa terapia pode ser muito ben\u00e9fica para voc\u00ea! A t\u00e9cnica que poucos utilizam - Correio Braziliense - Radar","og_description":"Uma terapia pouco conhecida pode trazer benef\u00edcios surpreendentes para seu bem-estar f\u00edsico e mental. Descubra como ela funciona!","og_url":"https:\/\/www.correiobraziliense.com.br\/cbradar\/essa-terapia-pode-ser-muito-benefica-para-voce-a-tecnica-que-poucos-utilizam\/","og_site_name":"Correio Braziliense - Radar","article_published_time":"2025-04-12T20:23:00+00:00","og_image":[{"width":1280,"height":720,"url":"https:\/\/www.correiobraziliense.com.br\/cbradar\/wp-content\/uploads\/2025\/04\/terapia-em-grupo_1744293915198.jpg","type":"image\/jpeg"}],"author":"Paulo Custodio","twitter_card":"summary_large_image","twitter_misc":{"Escrito por":"Paulo Custodio","Est. tempo de leitura":"6 minutos"},"schema":{"@context":"https:\/\/schema.org","@graph":[{"@type":"WebPage","@id":"https:\/\/www.correiobraziliense.com.br\/cbradar\/essa-terapia-pode-ser-muito-benefica-para-voce-a-tecnica-que-poucos-utilizam\/","url":"https:\/\/www.correiobraziliense.com.br\/cbradar\/essa-terapia-pode-ser-muito-benefica-para-voce-a-tecnica-que-poucos-utilizam\/","name":"Essa terapia pode ser muito ben\u00e9fica para voc\u00ea! A t\u00e9cnica que poucos utilizam - Correio Braziliense - Radar","isPartOf":{"@id":"https:\/\/www.correiobraziliense.com.br\/cbradar\/#website"},"primaryImageOfPage":{"@id":"https:\/\/www.correiobraziliense.com.br\/cbradar\/essa-terapia-pode-ser-muito-benefica-para-voce-a-tecnica-que-poucos-utilizam\/#primaryimage"},"image":{"@id":"https:\/\/www.correiobraziliense.com.br\/cbradar\/essa-terapia-pode-ser-muito-benefica-para-voce-a-tecnica-que-poucos-utilizam\/#primaryimage"},"thumbnailUrl":"https:\/\/www.correiobraziliense.com.br\/cbradar\/wp-content\/uploads\/2025\/04\/terapia-em-grupo_1744293915198.jpg","datePublished":"2025-04-12T20:23:00+00:00","author":{"@id":"https:\/\/www.correiobraziliense.com.br\/cbradar\/#\/schema\/person\/4cec7857301a9a1a2ef249893cd908d3"},"description":"Uma terapia pouco conhecida pode trazer benef\u00edcios surpreendentes para seu bem-estar f\u00edsico e mental. Descubra como ela funciona!","breadcrumb":{"@id":"https:\/\/www.correiobraziliense.com.br\/cbradar\/essa-terapia-pode-ser-muito-benefica-para-voce-a-tecnica-que-poucos-utilizam\/#breadcrumb"},"inLanguage":"pt-BR","potentialAction":[{"@type":"ReadAction","target":["https:\/\/www.correiobraziliense.com.br\/cbradar\/essa-terapia-pode-ser-muito-benefica-para-voce-a-tecnica-que-poucos-utilizam\/"]}]},{"@type":"ImageObject","inLanguage":"pt-BR","@id":"https:\/\/www.correiobraziliense.com.br\/cbradar\/essa-terapia-pode-ser-muito-benefica-para-voce-a-tecnica-que-poucos-utilizam\/#primaryimage","url":"https:\/\/www.correiobraziliense.com.br\/cbradar\/wp-content\/uploads\/2025\/04\/terapia-em-grupo_1744293915198.jpg","contentUrl":"https:\/\/www.correiobraziliense.com.br\/cbradar\/wp-content\/uploads\/2025\/04\/terapia-em-grupo_1744293915198.jpg","width":1280,"height":720,"caption":"Terapia em grupo - Cr\u00e9ditos: depositphotos.com \/ AndrewLozovyi"},{"@type":"BreadcrumbList","@id":"https:\/\/www.correiobraziliense.com.br\/cbradar\/essa-terapia-pode-ser-muito-benefica-para-voce-a-tecnica-que-poucos-utilizam\/#breadcrumb","itemListElement":[{"@type":"ListItem","position":1,"name":"In\u00edcio","item":"https:\/\/www.correiobraziliense.com.br\/cbradar\/"},{"@type":"ListItem","position":2,"name":"Essa terapia pode ser muito ben\u00e9fica para voc\u00ea! A t\u00e9cnica que poucos utilizam"}]},{"@type":"WebSite","@id":"https:\/\/www.correiobraziliense.com.br\/cbradar\/#website","url":"https:\/\/www.correiobraziliense.com.br\/cbradar\/","name":"Correio Braziliense - Radar","description":"Acompanhe as \u00faltimas not\u00edcias e fique bem informado sobre tudo o que acontece no Brasil e no mundo.","potentialAction":[{"@type":"SearchAction","target":{"@type":"EntryPoint","urlTemplate":"https:\/\/www.correiobraziliense.com.br\/cbradar\/?s={search_term_string}"},"query-input":{"@type":"PropertyValueSpecification","valueRequired":true,"valueName":"search_term_string"}}],"inLanguage":"pt-BR"},{"@type":"Person","@id":"https:\/\/www.correiobraziliense.com.br\/cbradar\/#\/schema\/person\/4cec7857301a9a1a2ef249893cd908d3","name":"Paulo Custodio","image":{"@type":"ImageObject","inLanguage":"pt-BR","@id":"https:\/\/www.correiobraziliense.com.br\/cbradar\/#\/schema\/person\/image\/","url":"https:\/\/secure.gravatar.com\/avatar\/bcd67168d1534e8fcf4f45c726a87cea?s=96&d=mm&r=g","contentUrl":"https:\/\/secure.gravatar.com\/avatar\/bcd67168d1534e8fcf4f45c726a87cea?s=96&d=mm&r=g","caption":"Paulo Custodio"},"sameAs":["https:\/\/www.correiobraziliense.com.br\/cbradar"],"url":"https:\/\/www.correiobraziliense.com.br\/cbradar\/author\/paulomyth\/"}]}},"_links":{"self":[{"href":"https:\/\/www.correiobraziliense.com.br\/cbradar\/wp-json\/wp\/v2\/posts\/21710","targetHints":{"allow":["GET"]}}],"collection":[{"href":"https:\/\/www.correiobraziliense.com.br\/cbradar\/wp-json\/wp\/v2\/posts"}],"about":[{"href":"https:\/\/www.correiobraziliense.com.br\/cbradar\/wp-json\/wp\/v2\/types\/post"}],"author":[{"embeddable":true,"href":"https:\/\/www.correiobraziliense.com.br\/cbradar\/wp-json\/wp\/v2\/users\/11"}],"replies":[{"embeddable":true,"href":"https:\/\/www.correiobraziliense.com.br\/cbradar\/wp-json\/wp\/v2\/comments?post=21710"}],"version-history":[{"count":3,"href":"https:\/\/www.correiobraziliense.com.br\/cbradar\/wp-json\/wp\/v2\/posts\/21710\/revisions"}],"predecessor-version":[{"id":21808,"href":"https:\/\/www.correiobraziliense.com.br\/cbradar\/wp-json\/wp\/v2\/posts\/21710\/revisions\/21808"}],"wp:featuredmedia":[{"embeddable":true,"href":"https:\/\/www.correiobraziliense.com.br\/cbradar\/wp-json\/wp\/v2\/media\/21798"}],"wp:attachment":[{"href":"https:\/\/www.correiobraziliense.com.br\/cbradar\/wp-json\/wp\/v2\/media?parent=21710"}],"wp:term":[{"taxonomy":"category","embeddable":true,"href":"https:\/\/www.correiobraziliense.com.br\/cbradar\/wp-json\/wp\/v2\/categories?post=21710"},{"taxonomy":"post_tag","embeddable":true,"href":"https:\/\/www.correiobraziliense.com.br\/cbradar\/wp-json\/wp\/v2\/post_tag?post=21710"}],"curies":[{"name":"wp","href":"https:\/\/api.w.org\/{rel}","templated":true}]}}