{"id":21779,"date":"2025-04-11T17:30:00","date_gmt":"2025-04-11T20:30:00","guid":{"rendered":"https:\/\/www.correiobraziliense.com.br\/cbradar\/?p=21779"},"modified":"2025-04-10T20:30:27","modified_gmt":"2025-04-10T23:30:27","slug":"cidades-em-emergencia-terao-beneficios-sociais-antecipados-veja-locais","status":"publish","type":"post","link":"https:\/\/www.correiobraziliense.com.br\/cbradar\/cidades-em-emergencia-terao-beneficios-sociais-antecipados-veja-locais\/","title":{"rendered":"Cidades em emerg\u00eancia ter\u00e3o benef\u00edcios sociais antecipados, veja locais"},"content":{"rendered":"\n<p>Recentemente, o <strong>Governo Federal do Brasil <\/strong>reconheceu a situa\u00e7\u00e3o de emerg\u00eancia em 22 cidades de oito estados diferentes. Este reconhecimento foi formalizado atrav\u00e9s de uma portaria publicada no <strong>Di\u00e1rio Oficial da Uni\u00e3o<\/strong>. A medida permite que essas cidades possam solicitar aux\u00edlio do governo, incluindo a antecipa\u00e7\u00e3o de benef\u00edcios sociais como o <strong>Bolsa Fam\u00edlia.<\/strong><\/p>\n\n\n\n<p>O Bolsa Fam\u00edlia \u00e9 um dos principais programas sociais do Brasil, destinado a apoiar fam\u00edlias em situa\u00e7\u00e3o de vulnerabilidade econ\u00f4mica. Mesmo com ajustes no or\u00e7amento, o programa continua a ser uma prioridade, investindo mais de 13 bilh\u00f5es de reais mensais para beneficiar mais de 20 milh\u00f5es de fam\u00edlias em todo o pa\u00eds.<\/p>\n\n\n\n<h2 class=\"wp-block-heading\"><strong>Quais cidades est\u00e3o em situa\u00e7\u00e3o de emerg\u00eancia?<\/strong><\/h2>\n\n\n\n<p>As cidades que tiveram sua situa\u00e7\u00e3o de emerg\u00eancia reconhecida est\u00e3o localizadas nos estados de<strong> Alagoas, Bahia, Cear\u00e1, Maranh\u00e3o, Para\u00edba, Pernambuco, Piau\u00ed e Rio Grande do Norte<\/strong>. Este reconhecimento \u00e9 um passo importante para que essas localidades possam receber o pagamento antecipado do Bolsa Fam\u00edlia, embora ainda dependa de uma confirma\u00e7\u00e3o oficial do <strong>Minist\u00e9rio do Desenvolvimento Social<\/strong> (<strong>MDS<\/strong>).<\/p>\n\n\n\n<figure class=\"wp-block-image size-large\"><img decoding=\"async\" width=\"1024\" height=\"576\" src=\"https:\/\/www.correiobraziliense.com.br\/cbradar\/wp-content\/uploads\/2025\/04\/Bolsa-Familia_1744293168070-1024x576.jpg\" alt=\"Cidades em Crise: Benef\u00edcios Sociais Antecipados\" class=\"wp-image-21795\" srcset=\"https:\/\/www.correiobraziliense.com.br\/cbradar\/wp-content\/uploads\/2025\/04\/Bolsa-Familia_1744293168070-1024x576.jpg 1024w, https:\/\/www.correiobraziliense.com.br\/cbradar\/wp-content\/uploads\/2025\/04\/Bolsa-Familia_1744293168070-300x169.jpg 300w, https:\/\/www.correiobraziliense.com.br\/cbradar\/wp-content\/uploads\/2025\/04\/Bolsa-Familia_1744293168070-768x432.jpg 768w, https:\/\/www.correiobraziliense.com.br\/cbradar\/wp-content\/uploads\/2025\/04\/Bolsa-Familia_1744293168070-750x422.jpg 750w, https:\/\/www.correiobraziliense.com.br\/cbradar\/wp-content\/uploads\/2025\/04\/Bolsa-Familia_1744293168070-1140x641.jpg 1140w, https:\/\/www.correiobraziliense.com.br\/cbradar\/wp-content\/uploads\/2025\/04\/Bolsa-Familia_1744293168070.jpg 1280w\" sizes=\"(max-width: 1024px) 100vw, 1024px\" \/><figcaption class=\"wp-element-caption\"> Bolsa Fam\u00edlia.Cr\u00e9ditos: depositphotos.com \/ joasouza<\/figcaption><\/figure>\n\n\n\n<ul class=\"wp-block-list\">\n<li><strong>Alagoas:<\/strong>&nbsp;<strong>\u00c1gua Branca, Batalha, Inhapi, Pariconha, Traipu<\/strong><\/li>\n\n\n\n<li><strong>Bahia:<\/strong>&nbsp;<strong>Oliveira dos Brejinhos, Santa Br\u00edgida, Vit\u00f3ria da Conquista<\/strong><\/li>\n\n\n\n<li><strong>Cear\u00e1:<\/strong>&nbsp;<strong>Ira\u00e7uba, Quixad\u00e1<\/strong><\/li>\n\n\n\n<li><strong>Maranh\u00e3o:<\/strong>&nbsp;<strong>Pindar\u00e9-Mirim<\/strong><\/li>\n\n\n\n<li><strong>Para\u00edba:<\/strong>&nbsp;<strong>Nazarezinho, Ouro Velho, Santana dos Garrotes<\/strong><\/li>\n\n\n\n<li><strong>Pernambuco:<\/strong>&nbsp;<strong>Capoeiras, S\u00e3o Jos\u00e9 do Belmonte, Venturosa, Vertente do L\u00e9rio<\/strong><\/li>\n\n\n\n<li><strong>Piau\u00ed:&nbsp;Itaueira<\/strong><\/li>\n\n\n\n<li><strong>Rio Grande do Norte:<\/strong>&nbsp;<strong>Cara\u00fabas, Coronel Ezequiel, Lu\u00eds Gomes<\/strong><\/li>\n<\/ul>\n\n\n\n<h2 class=\"wp-block-heading\"><strong>Como funciona a antecipa\u00e7\u00e3o do bolsa fam\u00edlia?<\/strong><\/h2>\n\n\n\n<p>A antecipa\u00e7\u00e3o do Bolsa Fam\u00edlia para cidades em situa\u00e7\u00e3o de emerg\u00eancia \u00e9 uma medida que visa garantir que as fam\u00edlias afetadas por desastres naturais ou outras emerg\u00eancias recebam o suporte necess\u00e1rio de forma mais r\u00e1pida. No entanto, para que isso ocorra, o MDS precisa incluir essas cidades na lista oficial de antecipa\u00e7\u00e3o, que \u00e9 divulgada um dia antes do in\u00edcio dos pagamentos.<\/p>\n\n\n\n<p>Al\u00e9m das cidades mencionadas, o estado do Rio Grande do Sul tamb\u00e9m deve ter a antecipa\u00e7\u00e3o garantida por mais um m\u00eas devido \u00e0 renova\u00e7\u00e3o do estado de calamidade p\u00fablica.<\/p>\n\n\n\n<h2 class=\"wp-block-heading\"><strong>Calend\u00e1rio de pagamentos do bolsa fam\u00edlia em abril<\/strong><\/h2>\n\n\n\n<p>O calend\u00e1rio de pagamentos do Bolsa Fam\u00edlia para abril j\u00e1 est\u00e1 definido. Os pagamentos come\u00e7am no dia 15 e se estendem at\u00e9 o dia 30. Devido aos feriados de P\u00e1scoa e Tiradentes, haver\u00e1 uma pausa de quatro dias nos pagamentos. A distribui\u00e7\u00e3o das datas segue o N\u00famero de Inscri\u00e7\u00e3o Social (NIS) dos benefici\u00e1rios.<\/p>\n\n\n\n<ol class=\"wp-block-list\">\n<li>15 de abril &#8211; Ter\u00e7a-feira<\/li>\n\n\n\n<li>16 de abril &#8211; Quarta-feira<\/li>\n\n\n\n<li>17 de abril &#8211; Quinta-feira<\/li>\n\n\n\n<li>22 de abril &#8211; Ter\u00e7a-feira<\/li>\n\n\n\n<li>23 de abril &#8211; Quarta-feira<\/li>\n\n\n\n<li>24 de abril &#8211; Quinta-feira<\/li>\n\n\n\n<li>25 de abril &#8211; Sexta-feira<\/li>\n\n\n\n<li>28 de abril &#8211; Segunda-feira<\/li>\n\n\n\n<li>29 de abril &#8211; Ter\u00e7a-feira<\/li>\n\n\n\n<li>30 de abril &#8211; Quarta-feira<\/li>\n<\/ol>\n\n\n\n<h2 class=\"wp-block-heading\"><strong>Impacto do aux\u00edlio-g\u00e1s nas cidades atingidas<\/strong><\/h2>\n\n\n\n<p>Al\u00e9m do Bolsa Fam\u00edlia, o Aux\u00edlio-G\u00e1s tamb\u00e9m ser\u00e1 antecipado para os benefici\u00e1rios das cidades em situa\u00e7\u00e3o de emerg\u00eancia. Este aux\u00edlio \u00e9 essencial para ajudar as fam\u00edlias a lidar com o aumento do pre\u00e7o do g\u00e1s de cozinha. A previs\u00e3o \u00e9 que o valor da pr\u00f3xima parcela do Aux\u00edlio-G\u00e1s seja de 108 reais, refletindo o aumento recente nos pre\u00e7os.<\/p>\n\n\n\n<p>Os benefici\u00e1rios poder\u00e3o verificar se ter\u00e3o o pagamento antecipado atrav\u00e9s do aplicativo oficial do Bolsa Fam\u00edlia, com atualiza\u00e7\u00f5es previstas para o dia 8 de abril.<\/p>\n","protected":false},"excerpt":{"rendered":"<p>O governo antecipar\u00e1 os pagamentos do Bolsa Fam\u00edlia e Aux\u00edlio-G\u00e1s para cidades brasileiras em situa\u00e7\u00e3o de emerg\u00eancia. <\/p>\n","protected":false},"author":3,"featured_media":21783,"comment_status":"open","ping_status":"open","sticky":false,"template":"","format":"standard","meta":{"_yoast_wpseo_focuskw":"cidade benef\u00edcios antecipados","_yoast_wpseo_title":"%%title%%","_yoast_wpseo_metadesc":"O governo antecipar\u00e1 os pagamentos do Bolsa Fam\u00edlia e Aux\u00edlio-G\u00e1s para cidades brasileiras em situa\u00e7\u00e3o de emerg\u00eancia.","jnews-multi-image_gallery":[],"jnews_single_post":{"format":"standard"},"jnews_primary_category":[],"jnews_social_meta":[],"jnews_override_counter":[],"footnotes":""},"categories":[108],"tags":[109],"class_list":["post-21779","post","type-post","status-publish","format-standard","has-post-thumbnail","hentry","category-cidades","tag-cidades"],"yoast_head":"<!-- This site is optimized with the Yoast SEO plugin v24.6 - https:\/\/yoast.com\/wordpress\/plugins\/seo\/ -->\n<title>Cidades em emerg\u00eancia ter\u00e3o benef\u00edcios sociais antecipados, veja locais<\/title>\n<meta name=\"description\" content=\"O governo antecipar\u00e1 os pagamentos do Bolsa Fam\u00edlia e Aux\u00edlio-G\u00e1s para cidades brasileiras em situa\u00e7\u00e3o de emerg\u00eancia.\" \/>\n<meta name=\"robots\" content=\"index, follow, max-snippet:-1, max-image-preview:large, max-video-preview:-1\" \/>\n<link rel=\"canonical\" href=\"https:\/\/www.correiobraziliense.com.br\/cbradar\/cidades-em-emergencia-terao-beneficios-sociais-antecipados-veja-locais\/\" \/>\n<meta property=\"og:locale\" content=\"pt_BR\" \/>\n<meta property=\"og:type\" content=\"article\" \/>\n<meta property=\"og:title\" content=\"Cidades em emerg\u00eancia ter\u00e3o benef\u00edcios sociais antecipados, veja locais\" \/>\n<meta property=\"og:description\" content=\"O governo antecipar\u00e1 os pagamentos do Bolsa Fam\u00edlia e Aux\u00edlio-G\u00e1s para cidades brasileiras em situa\u00e7\u00e3o de emerg\u00eancia.\" \/>\n<meta property=\"og:url\" content=\"https:\/\/www.correiobraziliense.com.br\/cbradar\/cidades-em-emergencia-terao-beneficios-sociais-antecipados-veja-locais\/\" \/>\n<meta property=\"og:site_name\" content=\"Correio Braziliense - Radar\" \/>\n<meta property=\"article:published_time\" content=\"2025-04-11T20:30:00+00:00\" \/>\n<meta property=\"og:image\" content=\"https:\/\/www.correiobraziliense.com.br\/cbradar\/wp-content\/uploads\/2025\/04\/Bolsa-Familia_1744292739567.jpg\" \/>\n\t<meta property=\"og:image:width\" content=\"1280\" \/>\n\t<meta property=\"og:image:height\" content=\"720\" \/>\n\t<meta property=\"og:image:type\" content=\"image\/jpeg\" \/>\n<meta name=\"author\" content=\"Larissa Carvalho\" \/>\n<meta name=\"twitter:card\" content=\"summary_large_image\" \/>\n<meta name=\"twitter:label1\" content=\"Escrito por\" \/>\n\t<meta name=\"twitter:data1\" content=\"Larissa Carvalho\" \/>\n\t<meta name=\"twitter:label2\" content=\"Est. tempo de leitura\" \/>\n\t<meta name=\"twitter:data2\" content=\"4 minutos\" \/>\n<!-- \/ Yoast SEO plugin. -->","yoast_head_json":{"title":"Cidades em emerg\u00eancia ter\u00e3o benef\u00edcios sociais antecipados, veja locais","description":"O governo antecipar\u00e1 os pagamentos do Bolsa Fam\u00edlia e Aux\u00edlio-G\u00e1s para cidades brasileiras em situa\u00e7\u00e3o de emerg\u00eancia.","robots":{"index":"index","follow":"follow","max-snippet":"max-snippet:-1","max-image-preview":"max-image-preview:large","max-video-preview":"max-video-preview:-1"},"canonical":"https:\/\/www.correiobraziliense.com.br\/cbradar\/cidades-em-emergencia-terao-beneficios-sociais-antecipados-veja-locais\/","og_locale":"pt_BR","og_type":"article","og_title":"Cidades em emerg\u00eancia ter\u00e3o benef\u00edcios sociais antecipados, veja locais","og_description":"O governo antecipar\u00e1 os pagamentos do Bolsa Fam\u00edlia e Aux\u00edlio-G\u00e1s para cidades brasileiras em situa\u00e7\u00e3o de emerg\u00eancia.","og_url":"https:\/\/www.correiobraziliense.com.br\/cbradar\/cidades-em-emergencia-terao-beneficios-sociais-antecipados-veja-locais\/","og_site_name":"Correio Braziliense - Radar","article_published_time":"2025-04-11T20:30:00+00:00","og_image":[{"width":1280,"height":720,"url":"https:\/\/www.correiobraziliense.com.br\/cbradar\/wp-content\/uploads\/2025\/04\/Bolsa-Familia_1744292739567.jpg","type":"image\/jpeg"}],"author":"Larissa Carvalho","twitter_card":"summary_large_image","twitter_misc":{"Escrito por":"Larissa Carvalho","Est. tempo de leitura":"4 minutos"},"schema":{"@context":"https:\/\/schema.org","@graph":[{"@type":"WebPage","@id":"https:\/\/www.correiobraziliense.com.br\/cbradar\/cidades-em-emergencia-terao-beneficios-sociais-antecipados-veja-locais\/","url":"https:\/\/www.correiobraziliense.com.br\/cbradar\/cidades-em-emergencia-terao-beneficios-sociais-antecipados-veja-locais\/","name":"Cidades em emerg\u00eancia ter\u00e3o benef\u00edcios sociais antecipados, veja locais","isPartOf":{"@id":"https:\/\/www.correiobraziliense.com.br\/cbradar\/#website"},"primaryImageOfPage":{"@id":"https:\/\/www.correiobraziliense.com.br\/cbradar\/cidades-em-emergencia-terao-beneficios-sociais-antecipados-veja-locais\/#primaryimage"},"image":{"@id":"https:\/\/www.correiobraziliense.com.br\/cbradar\/cidades-em-emergencia-terao-beneficios-sociais-antecipados-veja-locais\/#primaryimage"},"thumbnailUrl":"https:\/\/www.correiobraziliense.com.br\/cbradar\/wp-content\/uploads\/2025\/04\/Bolsa-Familia_1744292739567.jpg","datePublished":"2025-04-11T20:30:00+00:00","author":{"@id":"https:\/\/www.correiobraziliense.com.br\/cbradar\/#\/schema\/person\/58422787644df994b53a19d3e56c1513"},"description":"O governo antecipar\u00e1 os pagamentos do Bolsa Fam\u00edlia e Aux\u00edlio-G\u00e1s para cidades brasileiras em situa\u00e7\u00e3o de emerg\u00eancia.","breadcrumb":{"@id":"https:\/\/www.correiobraziliense.com.br\/cbradar\/cidades-em-emergencia-terao-beneficios-sociais-antecipados-veja-locais\/#breadcrumb"},"inLanguage":"pt-BR","potentialAction":[{"@type":"ReadAction","target":["https:\/\/www.correiobraziliense.com.br\/cbradar\/cidades-em-emergencia-terao-beneficios-sociais-antecipados-veja-locais\/"]}]},{"@type":"ImageObject","inLanguage":"pt-BR","@id":"https:\/\/www.correiobraziliense.com.br\/cbradar\/cidades-em-emergencia-terao-beneficios-sociais-antecipados-veja-locais\/#primaryimage","url":"https:\/\/www.correiobraziliense.com.br\/cbradar\/wp-content\/uploads\/2025\/04\/Bolsa-Familia_1744292739567.jpg","contentUrl":"https:\/\/www.correiobraziliense.com.br\/cbradar\/wp-content\/uploads\/2025\/04\/Bolsa-Familia_1744292739567.jpg","width":1280,"height":720,"caption":"Bolsa Fam\u00edlia.Cr\u00e9ditos: depositphotos.com \/ joasouza"},{"@type":"BreadcrumbList","@id":"https:\/\/www.correiobraziliense.com.br\/cbradar\/cidades-em-emergencia-terao-beneficios-sociais-antecipados-veja-locais\/#breadcrumb","itemListElement":[{"@type":"ListItem","position":1,"name":"In\u00edcio","item":"https:\/\/www.correiobraziliense.com.br\/cbradar\/"},{"@type":"ListItem","position":2,"name":"Cidades em emerg\u00eancia ter\u00e3o benef\u00edcios sociais antecipados, veja locais"}]},{"@type":"WebSite","@id":"https:\/\/www.correiobraziliense.com.br\/cbradar\/#website","url":"https:\/\/www.correiobraziliense.com.br\/cbradar\/","name":"Correio Braziliense - Radar","description":"Acompanhe as \u00faltimas not\u00edcias e fique bem informado sobre tudo o que acontece no Brasil e no mundo.","potentialAction":[{"@type":"SearchAction","target":{"@type":"EntryPoint","urlTemplate":"https:\/\/www.correiobraziliense.com.br\/cbradar\/?s={search_term_string}"},"query-input":{"@type":"PropertyValueSpecification","valueRequired":true,"valueName":"search_term_string"}}],"inLanguage":"pt-BR"},{"@type":"Person","@id":"https:\/\/www.correiobraziliense.com.br\/cbradar\/#\/schema\/person\/58422787644df994b53a19d3e56c1513","name":"Larissa Carvalho","image":{"@type":"ImageObject","inLanguage":"pt-BR","@id":"https:\/\/www.correiobraziliense.com.br\/cbradar\/#\/schema\/person\/image\/","url":"https:\/\/secure.gravatar.com\/avatar\/fe4f91a0de32b52a838d0d612abdc1aa?s=96&d=mm&r=g","contentUrl":"https:\/\/secure.gravatar.com\/avatar\/fe4f91a0de32b52a838d0d612abdc1aa?s=96&d=mm&r=g","caption":"Larissa Carvalho"},"url":"https:\/\/www.correiobraziliense.com.br\/cbradar\/author\/larissamyth\/"}]}},"_links":{"self":[{"href":"https:\/\/www.correiobraziliense.com.br\/cbradar\/wp-json\/wp\/v2\/posts\/21779","targetHints":{"allow":["GET"]}}],"collection":[{"href":"https:\/\/www.correiobraziliense.com.br\/cbradar\/wp-json\/wp\/v2\/posts"}],"about":[{"href":"https:\/\/www.correiobraziliense.com.br\/cbradar\/wp-json\/wp\/v2\/types\/post"}],"author":[{"embeddable":true,"href":"https:\/\/www.correiobraziliense.com.br\/cbradar\/wp-json\/wp\/v2\/users\/3"}],"replies":[{"embeddable":true,"href":"https:\/\/www.correiobraziliense.com.br\/cbradar\/wp-json\/wp\/v2\/comments?post=21779"}],"version-history":[{"count":2,"href":"https:\/\/www.correiobraziliense.com.br\/cbradar\/wp-json\/wp\/v2\/posts\/21779\/revisions"}],"predecessor-version":[{"id":22007,"href":"https:\/\/www.correiobraziliense.com.br\/cbradar\/wp-json\/wp\/v2\/posts\/21779\/revisions\/22007"}],"wp:featuredmedia":[{"embeddable":true,"href":"https:\/\/www.correiobraziliense.com.br\/cbradar\/wp-json\/wp\/v2\/media\/21783"}],"wp:attachment":[{"href":"https:\/\/www.correiobraziliense.com.br\/cbradar\/wp-json\/wp\/v2\/media?parent=21779"}],"wp:term":[{"taxonomy":"category","embeddable":true,"href":"https:\/\/www.correiobraziliense.com.br\/cbradar\/wp-json\/wp\/v2\/categories?post=21779"},{"taxonomy":"post_tag","embeddable":true,"href":"https:\/\/www.correiobraziliense.com.br\/cbradar\/wp-json\/wp\/v2\/tags?post=21779"}],"curies":[{"name":"wp","href":"https:\/\/api.w.org\/{rel}","templated":true}]}}