{"id":21797,"date":"2025-04-11T16:10:00","date_gmt":"2025-04-11T19:10:00","guid":{"rendered":"https:\/\/www.correiobraziliense.com.br\/cbradar\/?p=21797"},"modified":"2025-04-10T20:30:39","modified_gmt":"2025-04-10T23:30:39","slug":"quem-recebe-esse-beneficio-social-precisa-abrir-uma-nova-conta-ate-o-dia-25","status":"publish","type":"post","link":"https:\/\/www.correiobraziliense.com.br\/cbradar\/quem-recebe-esse-beneficio-social-precisa-abrir-uma-nova-conta-ate-o-dia-25\/","title":{"rendered":"Quem recebe esse benef\u00edcio social precisa abrir uma nova conta at\u00e9 o dia 25"},"content":{"rendered":"\n<p>O <strong>Governo do Distrito Federal<\/strong>, por meio da <strong>Secretaria de Desenvolvimento Social (Sedes),<\/strong> est\u00e1 ampliando o alcance do programa DF Social, que visa oferecer suporte financeiro a fam\u00edlias de baixa renda. Recentemente, 5.099 novas fam\u00edlias foram selecionadas para receber o aux\u00edlio mensal de R$ 150. Para garantir o recebimento, \u00e9 essencial que os benefici\u00e1rios abram uma conta social no <strong><a href=\"https:\/\/novo.brb.com.br\/\" target=\"_blank\" rel=\"noreferrer noopener\">Banco de Bras\u00edlia (BRB)<\/a><\/strong> at\u00e9 o dia 25 deste m\u00eas.<\/p>\n\n\n\n<p>O processo de abertura da conta \u00e9 realizado atrav\u00e9s do aplicativo BRB Mobile. Aqueles que n\u00e3o completarem o procedimento dentro do prazo ter\u00e3o que aguardar uma nova rodada de contempla\u00e7\u00e3o. A medida visa assegurar que o aux\u00edlio chegue de forma eficiente \u00e0s fam\u00edlias que mais necessitam.<\/p>\n\n\n\n<h2 class=\"wp-block-heading\"><strong>Como verificar se foi contemplado pelo DF social?<\/strong><\/h2>\n\n\n\n<p>Para saber se est\u00e1 entre os benefici\u00e1rios do programa, \u00e9 necess\u00e1rio acessar o site GDF Social. No portal, na se\u00e7\u00e3o &#8220;Consulta DF Social&#8221;, o cidad\u00e3o deve informar o CPF e a data de nascimento do respons\u00e1vel financeiro, conforme registrado no Cadastro \u00danico. Ap\u00f3s a consulta, uma mensagem indicar\u00e1 se a pessoa est\u00e1 ou n\u00e3o na lista de contemplados.<\/p>\n\n\n\n<figure class=\"wp-block-image size-large\"><img decoding=\"async\" width=\"1024\" height=\"576\" src=\"https:\/\/www.correiobraziliense.com.br\/cbradar\/wp-content\/uploads\/2025\/04\/social_1744294391992-1024x576.jpg\" alt=\" Social: Benef\u00edcios e Apoio \u00e0s Fam\u00edlias do Distrito Federal\" class=\"wp-image-21802\" srcset=\"https:\/\/www.correiobraziliense.com.br\/cbradar\/wp-content\/uploads\/2025\/04\/social_1744294391992-1024x576.jpg 1024w, https:\/\/www.correiobraziliense.com.br\/cbradar\/wp-content\/uploads\/2025\/04\/social_1744294391992-300x169.jpg 300w, https:\/\/www.correiobraziliense.com.br\/cbradar\/wp-content\/uploads\/2025\/04\/social_1744294391992-768x432.jpg 768w, https:\/\/www.correiobraziliense.com.br\/cbradar\/wp-content\/uploads\/2025\/04\/social_1744294391992-750x422.jpg 750w, https:\/\/www.correiobraziliense.com.br\/cbradar\/wp-content\/uploads\/2025\/04\/social_1744294391992-1140x641.jpg 1140w, https:\/\/www.correiobraziliense.com.br\/cbradar\/wp-content\/uploads\/2025\/04\/social_1744294391992.jpg 1280w\" sizes=\"(max-width: 1024px) 100vw, 1024px\" \/><figcaption class=\"wp-element-caption\">social.Cr\u00e9ditos: depositphotos.com \/ AllaSerebrina<\/figcaption><\/figure>\n\n\n\n<p>A secret\u00e1ria de Desenvolvimento Social, Ana Paula Marra, destaca a import\u00e2ncia de os cidad\u00e3os verificarem sua inclus\u00e3o no programa e abrirem a conta no prazo estipulado. O aux\u00edlio mensal \u00e9 um suporte crucial para muitas fam\u00edlias, contribuindo para o sustento di\u00e1rio.<\/p>\n\n\n\n<h2 class=\"wp-block-heading\"><strong>Quem tem direito ao benef\u00edcio do DF social?<\/strong><\/h2>\n\n\n\n<p>O DF Social \u00e9 destinado a fam\u00edlias residentes no Distrito Federal com renda per capita de at\u00e9 meio sal\u00e1rio m\u00ednimo, conforme registrado no Cadastro \u00danico. A sele\u00e7\u00e3o dos benefici\u00e1rios \u00e9 autom\u00e1tica, seguindo crit\u00e9rios de prioriza\u00e7\u00e3o estabelecidos por lei e a disponibilidade or\u00e7ament\u00e1ria do governo.<\/p>\n\n\n\n<p>N\u00e3o \u00e9 necess\u00e1rio que os interessados solicitem a inclus\u00e3o nas unidades do Centro de Refer\u00eancia de Assist\u00eancia Social (Cras), pois o processo de sele\u00e7\u00e3o \u00e9 realizado de forma autom\u00e1tica. Isso facilita o acesso ao benef\u00edcio para aqueles que se enquadram nos crit\u00e9rios estabelecidos.<\/p>\n\n\n\n<h2 class=\"wp-block-heading\"><strong>Como abrir a conta social pelo aplicativo BRB mobile?<\/strong><\/h2>\n\n\n\n<p>A abertura da conta social \u00e9 um passo essencial para o recebimento do aux\u00edlio. O procedimento \u00e9 feito pelo aplicativo BRB Mobile, que pode ser baixado em dispositivos m\u00f3veis. A seguir, um guia passo a passo para abrir a conta:<\/p>\n\n\n\n<ol class=\"wp-block-list\">\n<li>Baixe o aplicativo BRB Mobile na loja de aplicativos do seu dispositivo.<\/li>\n\n\n\n<li>Abra o aplicativo e selecione a op\u00e7\u00e3o para abrir uma nova conta social.<\/li>\n\n\n\n<li>Preencha os dados solicitados, como CPF e informa\u00e7\u00f5es pessoais.<\/li>\n\n\n\n<li>Envie os documentos necess\u00e1rios atrav\u00e9s do aplicativo.<\/li>\n\n\n\n<li>Aguarde a confirma\u00e7\u00e3o da abertura da conta, que ser\u00e1 enviada por e-mail ou notifica\u00e7\u00e3o no aplicativo.<\/li>\n<\/ol>\n\n\n\n<p>\u00c9 importante que o procedimento seja conclu\u00eddo at\u00e9 as 18h do dia 25 deste m\u00eas para garantir o recebimento do pr\u00f3ximo pagamento do aux\u00edlio.<\/p>\n\n\n\n<h2 class=\"wp-block-heading\"><strong>Por que o DF Social \u00e9 Importante?<\/strong><\/h2>\n\n\n\n<p>O programa DF Social desempenha um papel fundamental no apoio \u00e0s fam\u00edlias de baixa renda do Distrito Federal. Ao oferecer um aux\u00edlio financeiro mensal, o programa ajuda a mitigar os efeitos da desigualdade econ\u00f4mica e proporciona um al\u00edvio financeiro significativo para muitas fam\u00edlias. Al\u00e9m disso, o processo de sele\u00e7\u00e3o autom\u00e1tica garante que o benef\u00edcio chegue a quem realmente precisa, de forma eficiente e sem burocracia excessiva.<\/p>\n\n\n\n<p>O compromisso do Governo do Distrito Federal em ampliar o alcance do DF Social reflete a import\u00e2ncia de pol\u00edticas p\u00fablicas voltadas para a inclus\u00e3o social e o combate \u00e0 pobreza. Com a continuidade e expans\u00e3o do programa, espera-se que mais fam\u00edlias possam ser beneficiadas, contribuindo para uma sociedade mais justa e igualit\u00e1ria.<\/p>\n\n\n\n<p><\/p>\n","protected":false},"excerpt":{"rendered":"<p>Programa do Governo do Distrito Federal oferece aux\u00edlio financeiro mensal para fam\u00edlias de baixa renda. Confira como abrir uma conta social.<\/p>\n","protected":false},"author":3,"featured_media":21799,"comment_status":"open","ping_status":"open","sticky":false,"template":"","format":"standard","meta":{"jnews-multi-image_gallery":[],"jnews_single_post":{"format":"standard"},"jnews_primary_category":[],"jnews_social_meta":[],"jnews_override_counter":[],"footnotes":""},"categories":[128],"post_tag":[741,194],"class_list":["post-21797","post","type-post","status-publish","format-standard","has-post-thumbnail","hentry","category-economia","tag-beneficio-social","tag-beneficios"],"yoast_head":"<!-- This site is optimized with the Yoast SEO plugin v24.6 - https:\/\/yoast.com\/wordpress\/plugins\/seo\/ -->\n<title>Quem recebe esse benef\u00edcio social precisa abrir uma nova conta at\u00e9 o dia 25<\/title>\n<meta name=\"description\" content=\"Programa do Governo do Distrito Federal oferece aux\u00edlio financeiro mensal para fam\u00edlias de baixa renda. Confira como abrir uma conta social.\" \/>\n<meta name=\"robots\" content=\"index, follow, max-snippet:-1, max-image-preview:large, max-video-preview:-1\" \/>\n<link rel=\"canonical\" href=\"https:\/\/www.correiobraziliense.com.br\/cbradar\/quem-recebe-esse-beneficio-social-precisa-abrir-uma-nova-conta-ate-o-dia-25\/\" \/>\n<meta property=\"og:locale\" content=\"pt_BR\" \/>\n<meta property=\"og:type\" content=\"article\" \/>\n<meta property=\"og:title\" content=\"Quem recebe esse benef\u00edcio social precisa abrir uma nova conta at\u00e9 o dia 25\" \/>\n<meta property=\"og:description\" content=\"Programa do Governo do Distrito Federal oferece aux\u00edlio financeiro mensal para fam\u00edlias de baixa renda. Confira como abrir uma conta social.\" \/>\n<meta property=\"og:url\" content=\"https:\/\/www.correiobraziliense.com.br\/cbradar\/quem-recebe-esse-beneficio-social-precisa-abrir-uma-nova-conta-ate-o-dia-25\/\" \/>\n<meta property=\"og:site_name\" content=\"Correio Braziliense - Radar\" \/>\n<meta property=\"article:published_time\" content=\"2025-04-11T19:10:00+00:00\" \/>\n<meta property=\"og:image\" content=\"https:\/\/www.correiobraziliense.com.br\/cbradar\/wp-content\/uploads\/2025\/04\/social_1744294254550.jpg\" \/>\n\t<meta property=\"og:image:width\" content=\"1280\" \/>\n\t<meta property=\"og:image:height\" content=\"720\" \/>\n\t<meta property=\"og:image:type\" content=\"image\/jpeg\" \/>\n<meta name=\"author\" content=\"Larissa Carvalho\" \/>\n<meta name=\"twitter:card\" content=\"summary_large_image\" \/>\n<meta name=\"twitter:label1\" content=\"Escrito por\" \/>\n\t<meta name=\"twitter:data1\" content=\"Larissa Carvalho\" \/>\n\t<meta name=\"twitter:label2\" content=\"Est. tempo de leitura\" \/>\n\t<meta name=\"twitter:data2\" content=\"4 minutos\" \/>\n<!-- \/ Yoast SEO plugin. -->","yoast_head_json":{"title":"Quem recebe esse benef\u00edcio social precisa abrir uma nova conta at\u00e9 o dia 25","description":"Programa do Governo do Distrito Federal oferece aux\u00edlio financeiro mensal para fam\u00edlias de baixa renda. Confira como abrir uma conta social.","robots":{"index":"index","follow":"follow","max-snippet":"max-snippet:-1","max-image-preview":"max-image-preview:large","max-video-preview":"max-video-preview:-1"},"canonical":"https:\/\/www.correiobraziliense.com.br\/cbradar\/quem-recebe-esse-beneficio-social-precisa-abrir-uma-nova-conta-ate-o-dia-25\/","og_locale":"pt_BR","og_type":"article","og_title":"Quem recebe esse benef\u00edcio social precisa abrir uma nova conta at\u00e9 o dia 25","og_description":"Programa do Governo do Distrito Federal oferece aux\u00edlio financeiro mensal para fam\u00edlias de baixa renda. Confira como abrir uma conta social.","og_url":"https:\/\/www.correiobraziliense.com.br\/cbradar\/quem-recebe-esse-beneficio-social-precisa-abrir-uma-nova-conta-ate-o-dia-25\/","og_site_name":"Correio Braziliense - Radar","article_published_time":"2025-04-11T19:10:00+00:00","og_image":[{"width":1280,"height":720,"url":"https:\/\/www.correiobraziliense.com.br\/cbradar\/wp-content\/uploads\/2025\/04\/social_1744294254550.jpg","type":"image\/jpeg"}],"author":"Larissa Carvalho","twitter_card":"summary_large_image","twitter_misc":{"Escrito por":"Larissa Carvalho","Est. tempo de leitura":"4 minutos"},"schema":{"@context":"https:\/\/schema.org","@graph":[{"@type":"WebPage","@id":"https:\/\/www.correiobraziliense.com.br\/cbradar\/quem-recebe-esse-beneficio-social-precisa-abrir-uma-nova-conta-ate-o-dia-25\/","url":"https:\/\/www.correiobraziliense.com.br\/cbradar\/quem-recebe-esse-beneficio-social-precisa-abrir-uma-nova-conta-ate-o-dia-25\/","name":"Quem recebe esse benef\u00edcio social precisa abrir uma nova conta at\u00e9 o dia 25","isPartOf":{"@id":"https:\/\/www.correiobraziliense.com.br\/cbradar\/#website"},"primaryImageOfPage":{"@id":"https:\/\/www.correiobraziliense.com.br\/cbradar\/quem-recebe-esse-beneficio-social-precisa-abrir-uma-nova-conta-ate-o-dia-25\/#primaryimage"},"image":{"@id":"https:\/\/www.correiobraziliense.com.br\/cbradar\/quem-recebe-esse-beneficio-social-precisa-abrir-uma-nova-conta-ate-o-dia-25\/#primaryimage"},"thumbnailUrl":"https:\/\/www.correiobraziliense.com.br\/cbradar\/wp-content\/uploads\/2025\/04\/social_1744294254550.jpg","datePublished":"2025-04-11T19:10:00+00:00","author":{"@id":"https:\/\/www.correiobraziliense.com.br\/cbradar\/#\/schema\/person\/58422787644df994b53a19d3e56c1513"},"description":"Programa do Governo do Distrito Federal oferece aux\u00edlio financeiro mensal para fam\u00edlias de baixa renda. Confira como abrir uma conta social.","breadcrumb":{"@id":"https:\/\/www.correiobraziliense.com.br\/cbradar\/quem-recebe-esse-beneficio-social-precisa-abrir-uma-nova-conta-ate-o-dia-25\/#breadcrumb"},"inLanguage":"pt-BR","potentialAction":[{"@type":"ReadAction","target":["https:\/\/www.correiobraziliense.com.br\/cbradar\/quem-recebe-esse-beneficio-social-precisa-abrir-uma-nova-conta-ate-o-dia-25\/"]}]},{"@type":"ImageObject","inLanguage":"pt-BR","@id":"https:\/\/www.correiobraziliense.com.br\/cbradar\/quem-recebe-esse-beneficio-social-precisa-abrir-uma-nova-conta-ate-o-dia-25\/#primaryimage","url":"https:\/\/www.correiobraziliense.com.br\/cbradar\/wp-content\/uploads\/2025\/04\/social_1744294254550.jpg","contentUrl":"https:\/\/www.correiobraziliense.com.br\/cbradar\/wp-content\/uploads\/2025\/04\/social_1744294254550.jpg","width":1280,"height":720,"caption":"social.Cr\u00e9ditos: depositphotos.com \/ HayDmitriy"},{"@type":"BreadcrumbList","@id":"https:\/\/www.correiobraziliense.com.br\/cbradar\/quem-recebe-esse-beneficio-social-precisa-abrir-uma-nova-conta-ate-o-dia-25\/#breadcrumb","itemListElement":[{"@type":"ListItem","position":1,"name":"In\u00edcio","item":"https:\/\/www.correiobraziliense.com.br\/cbradar\/"},{"@type":"ListItem","position":2,"name":"Quem recebe esse benef\u00edcio social precisa abrir uma nova conta at\u00e9 o dia 25"}]},{"@type":"WebSite","@id":"https:\/\/www.correiobraziliense.com.br\/cbradar\/#website","url":"https:\/\/www.correiobraziliense.com.br\/cbradar\/","name":"Correio Braziliense - Radar","description":"Acompanhe as \u00faltimas not\u00edcias e fique bem informado sobre tudo o que acontece no Brasil e no mundo.","potentialAction":[{"@type":"SearchAction","target":{"@type":"EntryPoint","urlTemplate":"https:\/\/www.correiobraziliense.com.br\/cbradar\/?s={search_term_string}"},"query-input":{"@type":"PropertyValueSpecification","valueRequired":true,"valueName":"search_term_string"}}],"inLanguage":"pt-BR"},{"@type":"Person","@id":"https:\/\/www.correiobraziliense.com.br\/cbradar\/#\/schema\/person\/58422787644df994b53a19d3e56c1513","name":"Larissa Carvalho","image":{"@type":"ImageObject","inLanguage":"pt-BR","@id":"https:\/\/www.correiobraziliense.com.br\/cbradar\/#\/schema\/person\/image\/","url":"https:\/\/secure.gravatar.com\/avatar\/fe4f91a0de32b52a838d0d612abdc1aa?s=96&d=mm&r=g","contentUrl":"https:\/\/secure.gravatar.com\/avatar\/fe4f91a0de32b52a838d0d612abdc1aa?s=96&d=mm&r=g","caption":"Larissa Carvalho"},"url":"https:\/\/www.correiobraziliense.com.br\/cbradar\/author\/larissamyth\/"}]}},"_links":{"self":[{"href":"https:\/\/www.correiobraziliense.com.br\/cbradar\/wp-json\/wp\/v2\/posts\/21797","targetHints":{"allow":["GET"]}}],"collection":[{"href":"https:\/\/www.correiobraziliense.com.br\/cbradar\/wp-json\/wp\/v2\/posts"}],"about":[{"href":"https:\/\/www.correiobraziliense.com.br\/cbradar\/wp-json\/wp\/v2\/types\/post"}],"author":[{"embeddable":true,"href":"https:\/\/www.correiobraziliense.com.br\/cbradar\/wp-json\/wp\/v2\/users\/3"}],"replies":[{"embeddable":true,"href":"https:\/\/www.correiobraziliense.com.br\/cbradar\/wp-json\/wp\/v2\/comments?post=21797"}],"version-history":[{"count":2,"href":"https:\/\/www.correiobraziliense.com.br\/cbradar\/wp-json\/wp\/v2\/posts\/21797\/revisions"}],"predecessor-version":[{"id":22006,"href":"https:\/\/www.correiobraziliense.com.br\/cbradar\/wp-json\/wp\/v2\/posts\/21797\/revisions\/22006"}],"wp:featuredmedia":[{"embeddable":true,"href":"https:\/\/www.correiobraziliense.com.br\/cbradar\/wp-json\/wp\/v2\/media\/21799"}],"wp:attachment":[{"href":"https:\/\/www.correiobraziliense.com.br\/cbradar\/wp-json\/wp\/v2\/media?parent=21797"}],"wp:term":[{"taxonomy":"category","embeddable":true,"href":"https:\/\/www.correiobraziliense.com.br\/cbradar\/wp-json\/wp\/v2\/categories?post=21797"},{"taxonomy":"post_tag","embeddable":true,"href":"https:\/\/www.correiobraziliense.com.br\/cbradar\/wp-json\/wp\/v2\/post_tag?post=21797"}],"curies":[{"name":"wp","href":"https:\/\/api.w.org\/{rel}","templated":true}]}}