{"id":21816,"date":"2025-04-11T08:50:00","date_gmt":"2025-04-11T11:50:00","guid":{"rendered":"https:\/\/www.correiobraziliense.com.br\/cbradar\/?p=21816"},"modified":"2025-04-11T05:15:10","modified_gmt":"2025-04-11T08:15:10","slug":"entenda-como-o-camaleao-mudar-de-cor","status":"publish","type":"post","link":"https:\/\/www.correiobraziliense.com.br\/cbradar\/entenda-como-o-camaleao-mudar-de-cor\/","title":{"rendered":"Entenda como o camale\u00e3o mudar de cor"},"content":{"rendered":"\n<p>Alguns r\u00e9pteis possuem a not\u00e1vel habilidade de alterar suas cores, uma caracter\u00edstica que vai al\u00e9m de um simples espet\u00e1culo visual. Esta capacidade \u00e9 uma adapta\u00e7\u00e3o evolutiva essencial que desempenha fun\u00e7\u00f5es importantes, como camuflagem, comunica\u00e7\u00e3o, regula\u00e7\u00e3o t\u00e9rmica e express\u00e3o de estados emocionais. Os camale\u00f5es s\u00e3o talvez os mais conhecidos por essa habilidade, utilizando uma pele sofisticada para realizar mudan\u00e7as r\u00e1pidas e variadas de cor.<\/p>\n\n\n\n<p>Os camale\u00f5es e outros r\u00e9pteis que mudam de cor t\u00eam mecanismos distintos para realizar essa fa\u00e7anha. Enquanto os camale\u00f5es usam nanocristais em sua pele, outros lagartos dependem de c\u00e9lulas especializadas chamadas cromat\u00f3foros para redistribuir pigmentos. Essa diversidade de m\u00e9todos destaca a complexidade da evolu\u00e7\u00e3o e como diferentes esp\u00e9cies se adaptaram para sobreviver em seus respectivos ambientes.<\/p>\n\n\n\n<h2 class=\"wp-block-heading\"><strong>O mecanismo por tr\u00e1s da Camuflagem<\/strong><\/h2>\n\n\n\n<p>A mudan\u00e7a de cor nos r\u00e9pteis \u00e9 facilitada por diferentes tipos de cromat\u00f3foros, cada um respons\u00e1vel por uma gama espec\u00edfica de cores. Os principais tipos incluem:<\/p>\n\n\n\n<figure class=\"wp-block-image size-large\"><img decoding=\"async\" width=\"1024\" height=\"576\" src=\"https:\/\/www.correiobraziliense.com.br\/cbradar\/wp-content\/uploads\/2025\/04\/camaleao_1744295620185-1024x576.jpg\" alt=\"O Fascinante Mundo da Mudan\u00e7a de Cor nos R\u00e9pteis\n\n\" class=\"wp-image-21819\" srcset=\"https:\/\/www.correiobraziliense.com.br\/cbradar\/wp-content\/uploads\/2025\/04\/camaleao_1744295620185-1024x576.jpg 1024w, https:\/\/www.correiobraziliense.com.br\/cbradar\/wp-content\/uploads\/2025\/04\/camaleao_1744295620185-300x169.jpg 300w, https:\/\/www.correiobraziliense.com.br\/cbradar\/wp-content\/uploads\/2025\/04\/camaleao_1744295620185-768x432.jpg 768w, https:\/\/www.correiobraziliense.com.br\/cbradar\/wp-content\/uploads\/2025\/04\/camaleao_1744295620185-750x422.jpg 750w, https:\/\/www.correiobraziliense.com.br\/cbradar\/wp-content\/uploads\/2025\/04\/camaleao_1744295620185-1140x641.jpg 1140w, https:\/\/www.correiobraziliense.com.br\/cbradar\/wp-content\/uploads\/2025\/04\/camaleao_1744295620185.jpg 1280w\" sizes=\"(max-width: 1024px) 100vw, 1024px\" \/><figcaption class=\"wp-element-caption\">camale\u00e3o.Cr\u00e9ditos: depositphotos.com \/ KostyaKlimenko<\/figcaption><\/figure>\n\n\n\n<ul class=\"wp-block-list\">\n<li><strong>Melan\u00f3foros:<\/strong>\u00a0Respons\u00e1veis por tons escuros, como preto e marrom.<\/li>\n\n\n\n<li><strong>Irid\u00f3foros:<\/strong>\u00a0Criam cores brilhantes, como azul e met\u00e1lico, refletindo a luz atrav\u00e9s de estruturas conhecidas como cristais fot\u00f4nicos.<\/li>\n\n\n\n<li><strong>Xant\u00f3foros:<\/strong>\u00a0Produzem cores quentes, como amarelo, laranja e vermelho.<\/li>\n<\/ul>\n\n\n\n<p>Essas c\u00e9lulas trabalham em harmonia para criar uma ampla paleta de cores. Por exemplo, a intera\u00e7\u00e3o entre o azul dos irid\u00f3foros e o amarelo dos xant\u00f3foros pode resultar em tons de verde, permitindo que os r\u00e9pteis se misturem eficazmente ao ambiente.<\/p>\n\n\n\n<h2 class=\"wp-block-heading\"><strong>Como os cristais fot\u00f4nicos influenciam a cor?<\/strong><\/h2>\n\n\n\n<p>Os camale\u00f5es utilizam cristais fot\u00f4nicos em sua pele para controlar a luz refletida, ajustando os comprimentos de onda vis\u00edveis. Esses cristais s\u00e3o compostos por nanocristais de guanina organizados em padr\u00f5es geom\u00e9tricos. A pele dos camale\u00f5es possui duas camadas de irid\u00f3foros:<\/p>\n\n\n\n<ol class=\"wp-block-list\">\n<li><strong>Camada Superior:<\/strong>\u00a0Cont\u00e9m cristais altamente organizados que podem se expandir ou contrair. Quando relaxados, refletem comprimentos de onda curtos, como o azul. Quando estimulados, os cristais se afastam, refletindo comprimentos de onda mais longos, como vermelho e amarelo.<\/li>\n\n\n\n<li><strong>Camada Inferior:<\/strong>\u00a0Com cristais maiores e menos organizados, esta camada ajuda na regula\u00e7\u00e3o t\u00e9rmica, refletindo luz infravermelha.<\/li>\n<\/ol>\n\n\n\n<p>Esse sistema permite que os camale\u00f5es alterem suas cores de forma eficiente, seja para se camuflar ou para se comunicar com outros indiv\u00edduos.<\/p>\n\n\n\n<h2 class=\"wp-block-heading\"><strong>Por que os r\u00e9pteis mudam de cor?<\/strong><\/h2>\n\n\n\n<p>A capacidade de mudar de cor \u00e9 vital para os r\u00e9pteis em v\u00e1rias situa\u00e7\u00f5es. Entre as fun\u00e7\u00f5es observadas, destacam-se:<\/p>\n\n\n\n<ul class=\"wp-block-list\">\n<li><strong>Regula\u00e7\u00e3o T\u00e9rmica:<\/strong>\u00a0Como animais ectot\u00e9rmicos, os r\u00e9pteis ajustam suas cores para controlar a absor\u00e7\u00e3o de calor. Tons mais escuros ajudam a absorver calor, enquanto tons mais claros refletem a luz solar.<\/li>\n\n\n\n<li><strong>Camuflagem:<\/strong>\u00a0Alterar a cor para se misturar ao ambiente \u00e9 uma estrat\u00e9gia eficaz para evitar predadores.<\/li>\n\n\n\n<li><strong>Comunica\u00e7\u00e3o:<\/strong>\u00a0Cores vibrantes podem ser usadas para atrair parceiros ou afastar rivais, desempenhando um papel crucial na intera\u00e7\u00e3o social.<\/li>\n\n\n\n<li><strong>Express\u00e3o Emocional:<\/strong>\u00a0Mudan\u00e7as de cor podem indicar estados emocionais, como estresse ou excita\u00e7\u00e3o, especialmente durante intera\u00e7\u00f5es sociais ou confrontos.<\/li>\n<\/ul>\n\n\n\n<p>Em suma, a habilidade de mudar de cor \u00e9 uma adapta\u00e7\u00e3o multifacetada que oferece aos r\u00e9pteis\u00a0\u00a0uma vantagem significativa em seus habitats, permitindo-lhes sobreviver e prosperar em condi\u00e7\u00f5es diversas.<\/p>\n","protected":false},"excerpt":{"rendered":"<p>Desvendando os segredos por tr\u00e1s da fascinante habilidade de mudan\u00e7a de cor nos r\u00e9pteis, incluindo camale\u00f5es.<\/p>\n","protected":false},"author":3,"featured_media":21817,"comment_status":"open","ping_status":"open","sticky":false,"template":"","format":"standard","meta":{"_yoast_wpseo_focuskw":"camale\u00e3o","_yoast_wpseo_title":"%%title%%","_yoast_wpseo_metadesc":"Desvendando os segredos por tr\u00e1s da fascinante habilidade de mudan\u00e7a de cor nos r\u00e9pteis, incluindo camale\u00f5es.","jnews-multi-image_gallery":[],"jnews_single_post":{"format":"standard"},"jnews_primary_category":[],"jnews_social_meta":[],"jnews_override_counter":[],"footnotes":""},"categories":[112],"post_tag":[3152],"class_list":["post-21816","post","type-post","status-publish","format-standard","has-post-thumbnail","hentry","category-curiosidades","tag-camaleao"],"yoast_head":"<!-- This site is optimized with the Yoast SEO plugin v24.6 - https:\/\/yoast.com\/wordpress\/plugins\/seo\/ -->\n<title>Entenda como o camale\u00e3o mudar de cor<\/title>\n<meta name=\"description\" content=\"Desvendando os segredos por tr\u00e1s da fascinante habilidade de mudan\u00e7a de cor nos r\u00e9pteis, incluindo camale\u00f5es.\" \/>\n<meta name=\"robots\" content=\"index, follow, max-snippet:-1, max-image-preview:large, max-video-preview:-1\" \/>\n<link rel=\"canonical\" href=\"https:\/\/www.correiobraziliense.com.br\/cbradar\/entenda-como-o-camaleao-mudar-de-cor\/\" \/>\n<meta property=\"og:locale\" content=\"pt_BR\" \/>\n<meta property=\"og:type\" content=\"article\" \/>\n<meta property=\"og:title\" content=\"Entenda como o camale\u00e3o mudar de cor\" \/>\n<meta property=\"og:description\" content=\"Desvendando os segredos por tr\u00e1s da fascinante habilidade de mudan\u00e7a de cor nos r\u00e9pteis, incluindo camale\u00f5es.\" \/>\n<meta property=\"og:url\" content=\"https:\/\/www.correiobraziliense.com.br\/cbradar\/entenda-como-o-camaleao-mudar-de-cor\/\" \/>\n<meta property=\"og:site_name\" content=\"Correio Braziliense - Radar\" \/>\n<meta property=\"article:published_time\" content=\"2025-04-11T11:50:00+00:00\" \/>\n<meta property=\"og:image\" content=\"https:\/\/www.correiobraziliense.com.br\/cbradar\/wp-content\/uploads\/2025\/04\/camaleao_1744295535806.jpg\" \/>\n\t<meta property=\"og:image:width\" content=\"1280\" \/>\n\t<meta property=\"og:image:height\" content=\"720\" \/>\n\t<meta property=\"og:image:type\" content=\"image\/jpeg\" \/>\n<meta name=\"author\" content=\"Larissa Carvalho\" \/>\n<meta name=\"twitter:card\" content=\"summary_large_image\" \/>\n<meta name=\"twitter:label1\" content=\"Escrito por\" \/>\n\t<meta name=\"twitter:data1\" content=\"Larissa Carvalho\" \/>\n\t<meta name=\"twitter:label2\" content=\"Est. tempo de leitura\" \/>\n\t<meta name=\"twitter:data2\" content=\"4 minutos\" \/>\n<!-- \/ Yoast SEO plugin. -->","yoast_head_json":{"title":"Entenda como o camale\u00e3o mudar de cor","description":"Desvendando os segredos por tr\u00e1s da fascinante habilidade de mudan\u00e7a de cor nos r\u00e9pteis, incluindo camale\u00f5es.","robots":{"index":"index","follow":"follow","max-snippet":"max-snippet:-1","max-image-preview":"max-image-preview:large","max-video-preview":"max-video-preview:-1"},"canonical":"https:\/\/www.correiobraziliense.com.br\/cbradar\/entenda-como-o-camaleao-mudar-de-cor\/","og_locale":"pt_BR","og_type":"article","og_title":"Entenda como o camale\u00e3o mudar de cor","og_description":"Desvendando os segredos por tr\u00e1s da fascinante habilidade de mudan\u00e7a de cor nos r\u00e9pteis, incluindo camale\u00f5es.","og_url":"https:\/\/www.correiobraziliense.com.br\/cbradar\/entenda-como-o-camaleao-mudar-de-cor\/","og_site_name":"Correio Braziliense - Radar","article_published_time":"2025-04-11T11:50:00+00:00","og_image":[{"width":1280,"height":720,"url":"https:\/\/www.correiobraziliense.com.br\/cbradar\/wp-content\/uploads\/2025\/04\/camaleao_1744295535806.jpg","type":"image\/jpeg"}],"author":"Larissa Carvalho","twitter_card":"summary_large_image","twitter_misc":{"Escrito por":"Larissa Carvalho","Est. tempo de leitura":"4 minutos"},"schema":{"@context":"https:\/\/schema.org","@graph":[{"@type":"WebPage","@id":"https:\/\/www.correiobraziliense.com.br\/cbradar\/entenda-como-o-camaleao-mudar-de-cor\/","url":"https:\/\/www.correiobraziliense.com.br\/cbradar\/entenda-como-o-camaleao-mudar-de-cor\/","name":"Entenda como o camale\u00e3o mudar de cor","isPartOf":{"@id":"https:\/\/www.correiobraziliense.com.br\/cbradar\/#website"},"primaryImageOfPage":{"@id":"https:\/\/www.correiobraziliense.com.br\/cbradar\/entenda-como-o-camaleao-mudar-de-cor\/#primaryimage"},"image":{"@id":"https:\/\/www.correiobraziliense.com.br\/cbradar\/entenda-como-o-camaleao-mudar-de-cor\/#primaryimage"},"thumbnailUrl":"https:\/\/www.correiobraziliense.com.br\/cbradar\/wp-content\/uploads\/2025\/04\/camaleao_1744295535806.jpg","datePublished":"2025-04-11T11:50:00+00:00","author":{"@id":"https:\/\/www.correiobraziliense.com.br\/cbradar\/#\/schema\/person\/58422787644df994b53a19d3e56c1513"},"description":"Desvendando os segredos por tr\u00e1s da fascinante habilidade de mudan\u00e7a de cor nos r\u00e9pteis, incluindo camale\u00f5es.","breadcrumb":{"@id":"https:\/\/www.correiobraziliense.com.br\/cbradar\/entenda-como-o-camaleao-mudar-de-cor\/#breadcrumb"},"inLanguage":"pt-BR","potentialAction":[{"@type":"ReadAction","target":["https:\/\/www.correiobraziliense.com.br\/cbradar\/entenda-como-o-camaleao-mudar-de-cor\/"]}]},{"@type":"ImageObject","inLanguage":"pt-BR","@id":"https:\/\/www.correiobraziliense.com.br\/cbradar\/entenda-como-o-camaleao-mudar-de-cor\/#primaryimage","url":"https:\/\/www.correiobraziliense.com.br\/cbradar\/wp-content\/uploads\/2025\/04\/camaleao_1744295535806.jpg","contentUrl":"https:\/\/www.correiobraziliense.com.br\/cbradar\/wp-content\/uploads\/2025\/04\/camaleao_1744295535806.jpg","width":1280,"height":720,"caption":"camale\u00e3o.Cr\u00e9ditos: depositphotos.com \/ KostyaKlimenko"},{"@type":"BreadcrumbList","@id":"https:\/\/www.correiobraziliense.com.br\/cbradar\/entenda-como-o-camaleao-mudar-de-cor\/#breadcrumb","itemListElement":[{"@type":"ListItem","position":1,"name":"In\u00edcio","item":"https:\/\/www.correiobraziliense.com.br\/cbradar\/"},{"@type":"ListItem","position":2,"name":"Entenda como o camale\u00e3o mudar de cor"}]},{"@type":"WebSite","@id":"https:\/\/www.correiobraziliense.com.br\/cbradar\/#website","url":"https:\/\/www.correiobraziliense.com.br\/cbradar\/","name":"Correio Braziliense - Radar","description":"Acompanhe as \u00faltimas not\u00edcias e fique bem informado sobre tudo o que acontece no Brasil e no mundo.","potentialAction":[{"@type":"SearchAction","target":{"@type":"EntryPoint","urlTemplate":"https:\/\/www.correiobraziliense.com.br\/cbradar\/?s={search_term_string}"},"query-input":{"@type":"PropertyValueSpecification","valueRequired":true,"valueName":"search_term_string"}}],"inLanguage":"pt-BR"},{"@type":"Person","@id":"https:\/\/www.correiobraziliense.com.br\/cbradar\/#\/schema\/person\/58422787644df994b53a19d3e56c1513","name":"Larissa Carvalho","image":{"@type":"ImageObject","inLanguage":"pt-BR","@id":"https:\/\/www.correiobraziliense.com.br\/cbradar\/#\/schema\/person\/image\/","url":"https:\/\/secure.gravatar.com\/avatar\/fe4f91a0de32b52a838d0d612abdc1aa?s=96&d=mm&r=g","contentUrl":"https:\/\/secure.gravatar.com\/avatar\/fe4f91a0de32b52a838d0d612abdc1aa?s=96&d=mm&r=g","caption":"Larissa Carvalho"},"url":"https:\/\/www.correiobraziliense.com.br\/cbradar\/author\/larissamyth\/"}]}},"_links":{"self":[{"href":"https:\/\/www.correiobraziliense.com.br\/cbradar\/wp-json\/wp\/v2\/posts\/21816","targetHints":{"allow":["GET"]}}],"collection":[{"href":"https:\/\/www.correiobraziliense.com.br\/cbradar\/wp-json\/wp\/v2\/posts"}],"about":[{"href":"https:\/\/www.correiobraziliense.com.br\/cbradar\/wp-json\/wp\/v2\/types\/post"}],"author":[{"embeddable":true,"href":"https:\/\/www.correiobraziliense.com.br\/cbradar\/wp-json\/wp\/v2\/users\/3"}],"replies":[{"embeddable":true,"href":"https:\/\/www.correiobraziliense.com.br\/cbradar\/wp-json\/wp\/v2\/comments?post=21816"}],"version-history":[{"count":3,"href":"https:\/\/www.correiobraziliense.com.br\/cbradar\/wp-json\/wp\/v2\/posts\/21816\/revisions"}],"predecessor-version":[{"id":22026,"href":"https:\/\/www.correiobraziliense.com.br\/cbradar\/wp-json\/wp\/v2\/posts\/21816\/revisions\/22026"}],"wp:featuredmedia":[{"embeddable":true,"href":"https:\/\/www.correiobraziliense.com.br\/cbradar\/wp-json\/wp\/v2\/media\/21817"}],"wp:attachment":[{"href":"https:\/\/www.correiobraziliense.com.br\/cbradar\/wp-json\/wp\/v2\/media?parent=21816"}],"wp:term":[{"taxonomy":"category","embeddable":true,"href":"https:\/\/www.correiobraziliense.com.br\/cbradar\/wp-json\/wp\/v2\/categories?post=21816"},{"taxonomy":"post_tag","embeddable":true,"href":"https:\/\/www.correiobraziliense.com.br\/cbradar\/wp-json\/wp\/v2\/post_tag?post=21816"}],"curies":[{"name":"wp","href":"https:\/\/api.w.org\/{rel}","templated":true}]}}