{"id":21821,"date":"2025-04-11T06:30:00","date_gmt":"2025-04-11T09:30:00","guid":{"rendered":"https:\/\/www.correiobraziliense.com.br\/cbradar\/?p=21821"},"modified":"2025-04-11T05:11:17","modified_gmt":"2025-04-11T08:11:17","slug":"conheca-dicas-imperdiveis-para-tratar-e-evitar-a-caspa-em-seus-cabelos","status":"publish","type":"post","link":"https:\/\/www.correiobraziliense.com.br\/cbradar\/conheca-dicas-imperdiveis-para-tratar-e-evitar-a-caspa-em-seus-cabelos\/","title":{"rendered":"Conhe\u00e7a dicas imperd\u00edveis para tratar e evitar a caspa em seus cabelos"},"content":{"rendered":"\n<p>A caspa, conhecida cientificamente como dermatite seborreica, \u00e9 uma condi\u00e7\u00e3o que afeta o couro cabeludo, causando descama\u00e7\u00e3o e irrita\u00e7\u00e3o. Essa condi\u00e7\u00e3o \u00e9 bastante comum, afetando uma grande parcela da popula\u00e7\u00e3o mundial. A caspa se manifesta como pequenos flocos brancos que se destacam entre os fios de cabelo, causando desconforto e, muitas vezes, constrangimento.<\/p>\n\n\n\n<p>O surgimento da caspa est\u00e1 intimamente ligado \u00e0 oleosidade do couro cabeludo. As gl\u00e2ndulas seb\u00e1ceas, respons\u00e1veis pela produ\u00e7\u00e3o de sebo, podem produzir essa subst\u00e2ncia em excesso, criando um ambiente prop\u00edcio para a prolifera\u00e7\u00e3o de fungos. Esses fungos, por sua vez, desencadeiam a inflama\u00e7\u00e3o e a descama\u00e7\u00e3o caracter\u00edsticas da caspa.<\/p>\n\n\n\n<h2 class=\"wp-block-heading\"><strong>Quais fatores contribuem para o desenvolvimento da caspa?<\/strong><\/h2>\n\n\n\n<p>V\u00e1rios fatores podem influenciar o aparecimento da caspa. Entre eles, destaca-se a predisposi\u00e7\u00e3o gen\u00e9tica, j\u00e1 que algumas pessoas t\u00eam naturalmente um couro cabeludo mais oleoso. Al\u00e9m disso, h\u00e1bitos como dormir com o cabelo molhado e a falta de higieniza\u00e7\u00e3o adequada podem agravar o problema. Ambientes \u00famidos favorecem o crescimento de fungos, enquanto a falta de limpeza regular do couro cabeludo pode aumentar a oleosidade.<\/p>\n\n\n\n<figure class=\"wp-block-image size-large\"><img decoding=\"async\" width=\"1024\" height=\"576\" src=\"https:\/\/www.correiobraziliense.com.br\/cbradar\/wp-content\/uploads\/2025\/04\/Caspa_1744295984090-1024x576.jpg\" alt=\"Tudo Sobre Caspa: Causas, Preven\u00e7\u00e3o e Tratamento\" class=\"wp-image-21823\" srcset=\"https:\/\/www.correiobraziliense.com.br\/cbradar\/wp-content\/uploads\/2025\/04\/Caspa_1744295984090-1024x576.jpg 1024w, https:\/\/www.correiobraziliense.com.br\/cbradar\/wp-content\/uploads\/2025\/04\/Caspa_1744295984090-300x169.jpg 300w, https:\/\/www.correiobraziliense.com.br\/cbradar\/wp-content\/uploads\/2025\/04\/Caspa_1744295984090-768x432.jpg 768w, https:\/\/www.correiobraziliense.com.br\/cbradar\/wp-content\/uploads\/2025\/04\/Caspa_1744295984090-750x422.jpg 750w, https:\/\/www.correiobraziliense.com.br\/cbradar\/wp-content\/uploads\/2025\/04\/Caspa_1744295984090-1140x641.jpg 1140w, https:\/\/www.correiobraziliense.com.br\/cbradar\/wp-content\/uploads\/2025\/04\/Caspa_1744295984090.jpg 1280w\" sizes=\"(max-width: 1024px) 100vw, 1024px\" \/><figcaption class=\"wp-element-caption\">caspa.Cr\u00e9ditos: depositphotos.com \/ sirinatestocker.gmail.com<\/figcaption><\/figure>\n\n\n\n<p>\u00c9 importante ressaltar que a caspa n\u00e3o \u00e9 resultado de m\u00e1 higiene. No entanto, a higieniza\u00e7\u00e3o inadequada pode exacerbar a condi\u00e7\u00e3o. Mudan\u00e7as no clima, estresse e at\u00e9 mesmo altera\u00e7\u00f5es na dieta podem influenciar a frequ\u00eancia e a intensidade das crises de caspa.<\/p>\n\n\n\n<h2 class=\"wp-block-heading\"><strong>Como prevenir e controlar a caspa?<\/strong><\/h2>\n\n\n\n<p>Embora seja dif\u00edcil evitar completamente a caspa, algumas medidas podem ajudar a controlar seus sintomas. A lavagem frequente do cabelo \u00e9 essencial para remover o excesso de oleosidade e reduzir a prolifera\u00e7\u00e3o de fungos. Al\u00e9m disso, \u00e9 aconselh\u00e1vel evitar o uso de bon\u00e9s e toucas que abafem o couro cabeludo, bem como n\u00e3o dormir com o cabelo molhado.<\/p>\n\n\n\n<ul class=\"wp-block-list\">\n<li>Trocar a fronha do travesseiro regularmente para evitar o ac\u00famulo de oleosidade.<\/li>\n\n\n\n<li>Utilizar shampoos espec\u00edficos que contenham ingredientes antif\u00fangicos, como cetoconazol.<\/li>\n\n\n\n<li>Evitar que produtos cosm\u00e9ticos entrem em contato direto com o couro cabeludo.<\/li>\n<\/ul>\n\n\n\n<h2 class=\"wp-block-heading\"><strong>Quais s\u00e3o as op\u00e7\u00f5es de tratamento para a caspa?<\/strong><\/h2>\n\n\n\n<p>Existem diversas abordagens para o tratamento da caspa, variando de produtos t\u00f3picos a terapias mais avan\u00e7adas. Shampoos medicinais que cont\u00eam cetoconazol, \u00e1cido salic\u00edlico ou sulfato de s\u00f3dio s\u00e3o frequentemente recomendados para controlar a oleosidade e combater os fungos. Al\u00e9m disso, a terapia capilar e a ozonioterapia t\u00eam se mostrado eficazes em alguns casos, promovendo a regenera\u00e7\u00e3o do couro cabeludo.<\/p>\n\n\n\n<p>\u00d3leos essenciais, como o \u00f3leo de tea tree, tamb\u00e9m podem ser utilizados para equilibrar a produ\u00e7\u00e3o de sebo e reduzir a inflama\u00e7\u00e3o. No entanto, \u00e9 fundamental consultar um dermatologista ou tricologista para um diagn\u00f3stico preciso e um tratamento adequado, especialmente em casos mais severos.<\/p>\n\n\n\n<h2 class=\"wp-block-heading\"><strong>Por que consultar um especialista \u00e9 importante?<\/strong><\/h2>\n\n\n\n<p>Embora a caspa seja uma condi\u00e7\u00e3o comum, sua persist\u00eancia ou agravamento pode indicar problemas subjacentes mais s\u00e9rios. Um especialista pode ajudar a identificar a causa exata da caspa e recomendar o tratamento mais eficaz. Al\u00e9m disso, o acompanhamento profissional \u00e9 crucial para evitar complica\u00e7\u00f5es e garantir que o tratamento escolhido seja seguro e adequado para cada indiv\u00edduo.<\/p>\n\n\n\n<p>Em resumo, a caspa \u00e9 uma condi\u00e7\u00e3o que, embora inc\u00f4moda, pode ser gerenciada com cuidados adequados e orienta\u00e7\u00e3o profissional. Manter uma rotina de cuidados com o cabelo e estar atento aos sinais do corpo s\u00e3o passos importantes para controlar essa condi\u00e7\u00e3o e melhorar a sa\u00fade do couro cabeludo.<\/p>\n\n\n\n<h2 class=\"wp-block-heading\" id=\"info-header\"><\/h2>\n","protected":false},"excerpt":{"rendered":"<p>Entenda as causas e fatores de risco da caspa, aprenda a prevenir e controlar seus sintomas e descubra op\u00e7\u00f5es de tratamento eficazes para uma boa sa\u00fade capilar.<\/p>\n","protected":false},"author":3,"featured_media":21822,"comment_status":"open","ping_status":"open","sticky":false,"template":"","format":"standard","meta":{"_yoast_wpseo_focuskw":"Caspa","_yoast_wpseo_title":"%%title%%","_yoast_wpseo_metadesc":"Sofre com caspa? Guia completo com as melhores dicas para tratar e prevenir a caspa de vez. Recupere a sa\u00fade do seu cabelo agora!","jnews-multi-image_gallery":[],"jnews_single_post":{"format":"standard"},"jnews_primary_category":[],"jnews_social_meta":[],"jnews_override_counter":[],"footnotes":""},"categories":[112],"tags":[3155,3154],"class_list":["post-21821","post","type-post","status-publish","format-standard","has-post-thumbnail","hentry","category-curiosidades","tag-cabelos","tag-caspa"],"yoast_head":"<!-- This site is optimized with the Yoast SEO plugin v24.6 - https:\/\/yoast.com\/wordpress\/plugins\/seo\/ -->\n<title>Conhe\u00e7a dicas imperd\u00edveis para tratar e evitar a caspa em seus cabelos<\/title>\n<meta name=\"description\" content=\"Sofre com caspa? Guia completo com as melhores dicas para tratar e prevenir a caspa de vez. Recupere a sa\u00fade do seu cabelo agora!\" \/>\n<meta name=\"robots\" content=\"index, follow, max-snippet:-1, max-image-preview:large, max-video-preview:-1\" \/>\n<link rel=\"canonical\" href=\"https:\/\/www.correiobraziliense.com.br\/cbradar\/conheca-dicas-imperdiveis-para-tratar-e-evitar-a-caspa-em-seus-cabelos\/\" \/>\n<meta property=\"og:locale\" content=\"pt_BR\" \/>\n<meta property=\"og:type\" content=\"article\" \/>\n<meta property=\"og:title\" content=\"Conhe\u00e7a dicas imperd\u00edveis para tratar e evitar a caspa em seus cabelos\" \/>\n<meta property=\"og:description\" content=\"Sofre com caspa? Guia completo com as melhores dicas para tratar e prevenir a caspa de vez. Recupere a sa\u00fade do seu cabelo agora!\" \/>\n<meta property=\"og:url\" content=\"https:\/\/www.correiobraziliense.com.br\/cbradar\/conheca-dicas-imperdiveis-para-tratar-e-evitar-a-caspa-em-seus-cabelos\/\" \/>\n<meta property=\"og:site_name\" content=\"Correio Braziliense - Radar\" \/>\n<meta property=\"article:published_time\" content=\"2025-04-11T09:30:00+00:00\" \/>\n<meta property=\"og:image\" content=\"https:\/\/www.correiobraziliense.com.br\/cbradar\/wp-content\/uploads\/2025\/04\/Caspa_1744295852502.jpg\" \/>\n\t<meta property=\"og:image:width\" content=\"1280\" \/>\n\t<meta property=\"og:image:height\" content=\"720\" \/>\n\t<meta property=\"og:image:type\" content=\"image\/jpeg\" \/>\n<meta name=\"author\" content=\"Larissa Carvalho\" \/>\n<meta name=\"twitter:card\" content=\"summary_large_image\" \/>\n<meta name=\"twitter:label1\" content=\"Escrito por\" \/>\n\t<meta name=\"twitter:data1\" content=\"Larissa Carvalho\" \/>\n\t<meta name=\"twitter:label2\" content=\"Est. tempo de leitura\" \/>\n\t<meta name=\"twitter:data2\" content=\"4 minutos\" \/>\n<!-- \/ Yoast SEO plugin. -->","yoast_head_json":{"title":"Conhe\u00e7a dicas imperd\u00edveis para tratar e evitar a caspa em seus cabelos","description":"Sofre com caspa? Guia completo com as melhores dicas para tratar e prevenir a caspa de vez. Recupere a sa\u00fade do seu cabelo agora!","robots":{"index":"index","follow":"follow","max-snippet":"max-snippet:-1","max-image-preview":"max-image-preview:large","max-video-preview":"max-video-preview:-1"},"canonical":"https:\/\/www.correiobraziliense.com.br\/cbradar\/conheca-dicas-imperdiveis-para-tratar-e-evitar-a-caspa-em-seus-cabelos\/","og_locale":"pt_BR","og_type":"article","og_title":"Conhe\u00e7a dicas imperd\u00edveis para tratar e evitar a caspa em seus cabelos","og_description":"Sofre com caspa? Guia completo com as melhores dicas para tratar e prevenir a caspa de vez. Recupere a sa\u00fade do seu cabelo agora!","og_url":"https:\/\/www.correiobraziliense.com.br\/cbradar\/conheca-dicas-imperdiveis-para-tratar-e-evitar-a-caspa-em-seus-cabelos\/","og_site_name":"Correio Braziliense - Radar","article_published_time":"2025-04-11T09:30:00+00:00","og_image":[{"width":1280,"height":720,"url":"https:\/\/www.correiobraziliense.com.br\/cbradar\/wp-content\/uploads\/2025\/04\/Caspa_1744295852502.jpg","type":"image\/jpeg"}],"author":"Larissa Carvalho","twitter_card":"summary_large_image","twitter_misc":{"Escrito por":"Larissa Carvalho","Est. tempo de leitura":"4 minutos"},"schema":{"@context":"https:\/\/schema.org","@graph":[{"@type":"WebPage","@id":"https:\/\/www.correiobraziliense.com.br\/cbradar\/conheca-dicas-imperdiveis-para-tratar-e-evitar-a-caspa-em-seus-cabelos\/","url":"https:\/\/www.correiobraziliense.com.br\/cbradar\/conheca-dicas-imperdiveis-para-tratar-e-evitar-a-caspa-em-seus-cabelos\/","name":"Conhe\u00e7a dicas imperd\u00edveis para tratar e evitar a caspa em seus cabelos","isPartOf":{"@id":"https:\/\/www.correiobraziliense.com.br\/cbradar\/#website"},"primaryImageOfPage":{"@id":"https:\/\/www.correiobraziliense.com.br\/cbradar\/conheca-dicas-imperdiveis-para-tratar-e-evitar-a-caspa-em-seus-cabelos\/#primaryimage"},"image":{"@id":"https:\/\/www.correiobraziliense.com.br\/cbradar\/conheca-dicas-imperdiveis-para-tratar-e-evitar-a-caspa-em-seus-cabelos\/#primaryimage"},"thumbnailUrl":"https:\/\/www.correiobraziliense.com.br\/cbradar\/wp-content\/uploads\/2025\/04\/Caspa_1744295852502.jpg","datePublished":"2025-04-11T09:30:00+00:00","author":{"@id":"https:\/\/www.correiobraziliense.com.br\/cbradar\/#\/schema\/person\/58422787644df994b53a19d3e56c1513"},"description":"Sofre com caspa? Guia completo com as melhores dicas para tratar e prevenir a caspa de vez. Recupere a sa\u00fade do seu cabelo agora!","breadcrumb":{"@id":"https:\/\/www.correiobraziliense.com.br\/cbradar\/conheca-dicas-imperdiveis-para-tratar-e-evitar-a-caspa-em-seus-cabelos\/#breadcrumb"},"inLanguage":"pt-BR","potentialAction":[{"@type":"ReadAction","target":["https:\/\/www.correiobraziliense.com.br\/cbradar\/conheca-dicas-imperdiveis-para-tratar-e-evitar-a-caspa-em-seus-cabelos\/"]}]},{"@type":"ImageObject","inLanguage":"pt-BR","@id":"https:\/\/www.correiobraziliense.com.br\/cbradar\/conheca-dicas-imperdiveis-para-tratar-e-evitar-a-caspa-em-seus-cabelos\/#primaryimage","url":"https:\/\/www.correiobraziliense.com.br\/cbradar\/wp-content\/uploads\/2025\/04\/Caspa_1744295852502.jpg","contentUrl":"https:\/\/www.correiobraziliense.com.br\/cbradar\/wp-content\/uploads\/2025\/04\/Caspa_1744295852502.jpg","width":1280,"height":720,"caption":"caspa.Cr\u00e9ditos: depositphotos.com \/ VGeorgiev"},{"@type":"BreadcrumbList","@id":"https:\/\/www.correiobraziliense.com.br\/cbradar\/conheca-dicas-imperdiveis-para-tratar-e-evitar-a-caspa-em-seus-cabelos\/#breadcrumb","itemListElement":[{"@type":"ListItem","position":1,"name":"In\u00edcio","item":"https:\/\/www.correiobraziliense.com.br\/cbradar\/"},{"@type":"ListItem","position":2,"name":"Conhe\u00e7a dicas imperd\u00edveis para tratar e evitar a caspa em seus cabelos"}]},{"@type":"WebSite","@id":"https:\/\/www.correiobraziliense.com.br\/cbradar\/#website","url":"https:\/\/www.correiobraziliense.com.br\/cbradar\/","name":"Correio Braziliense - Radar","description":"Acompanhe as \u00faltimas not\u00edcias e fique bem informado sobre tudo o que acontece no Brasil e no mundo.","potentialAction":[{"@type":"SearchAction","target":{"@type":"EntryPoint","urlTemplate":"https:\/\/www.correiobraziliense.com.br\/cbradar\/?s={search_term_string}"},"query-input":{"@type":"PropertyValueSpecification","valueRequired":true,"valueName":"search_term_string"}}],"inLanguage":"pt-BR"},{"@type":"Person","@id":"https:\/\/www.correiobraziliense.com.br\/cbradar\/#\/schema\/person\/58422787644df994b53a19d3e56c1513","name":"Larissa Carvalho","image":{"@type":"ImageObject","inLanguage":"pt-BR","@id":"https:\/\/www.correiobraziliense.com.br\/cbradar\/#\/schema\/person\/image\/","url":"https:\/\/secure.gravatar.com\/avatar\/fe4f91a0de32b52a838d0d612abdc1aa?s=96&d=mm&r=g","contentUrl":"https:\/\/secure.gravatar.com\/avatar\/fe4f91a0de32b52a838d0d612abdc1aa?s=96&d=mm&r=g","caption":"Larissa Carvalho"},"url":"https:\/\/www.correiobraziliense.com.br\/cbradar\/author\/larissamyth\/"}]}},"_links":{"self":[{"href":"https:\/\/www.correiobraziliense.com.br\/cbradar\/wp-json\/wp\/v2\/posts\/21821","targetHints":{"allow":["GET"]}}],"collection":[{"href":"https:\/\/www.correiobraziliense.com.br\/cbradar\/wp-json\/wp\/v2\/posts"}],"about":[{"href":"https:\/\/www.correiobraziliense.com.br\/cbradar\/wp-json\/wp\/v2\/types\/post"}],"author":[{"embeddable":true,"href":"https:\/\/www.correiobraziliense.com.br\/cbradar\/wp-json\/wp\/v2\/users\/3"}],"replies":[{"embeddable":true,"href":"https:\/\/www.correiobraziliense.com.br\/cbradar\/wp-json\/wp\/v2\/comments?post=21821"}],"version-history":[{"count":3,"href":"https:\/\/www.correiobraziliense.com.br\/cbradar\/wp-json\/wp\/v2\/posts\/21821\/revisions"}],"predecessor-version":[{"id":22022,"href":"https:\/\/www.correiobraziliense.com.br\/cbradar\/wp-json\/wp\/v2\/posts\/21821\/revisions\/22022"}],"wp:featuredmedia":[{"embeddable":true,"href":"https:\/\/www.correiobraziliense.com.br\/cbradar\/wp-json\/wp\/v2\/media\/21822"}],"wp:attachment":[{"href":"https:\/\/www.correiobraziliense.com.br\/cbradar\/wp-json\/wp\/v2\/media?parent=21821"}],"wp:term":[{"taxonomy":"category","embeddable":true,"href":"https:\/\/www.correiobraziliense.com.br\/cbradar\/wp-json\/wp\/v2\/categories?post=21821"},{"taxonomy":"post_tag","embeddable":true,"href":"https:\/\/www.correiobraziliense.com.br\/cbradar\/wp-json\/wp\/v2\/tags?post=21821"}],"curies":[{"name":"wp","href":"https:\/\/api.w.org\/{rel}","templated":true}]}}