{"id":21834,"date":"2025-04-11T21:10:00","date_gmt":"2025-04-12T00:10:00","guid":{"rendered":"https:\/\/www.correiobraziliense.com.br\/cbradar\/?p=21834"},"modified":"2025-04-10T20:29:25","modified_gmt":"2025-04-10T23:29:25","slug":"esses-sao-os-carros-usados-mais-vendidos-no-brasil-em-2025-veja-modelos","status":"publish","type":"post","link":"https:\/\/www.correiobraziliense.com.br\/cbradar\/esses-sao-os-carros-usados-mais-vendidos-no-brasil-em-2025-veja-modelos\/","title":{"rendered":"Esses s\u00e3o os carros usados mais vendidos no Brasil em 2025, veja modelos"},"content":{"rendered":"\n<p>O mercado de ve\u00edculos <a href=\"https:\/\/www.correiobraziliense.com.br\/cbradar\/comunicado-importante-para-todos-que-guardam-celulares-usados-em-casa-hoje\/\" target=\"_blank\" rel=\"noreferrer noopener\">usados<\/a> no Brasil tem mostrado uma din\u00e2mica interessante em 2025, com modelos que se destacam pela combina\u00e7\u00e3o de custo-benef\u00edcio, confiabilidade e popularidade. Entre os mais procurados, o\u00a0<strong>Honda Civic<\/strong>\u00a0se destaca como o l\u00edder de vendas, seguido por outros modelos que tamb\u00e9m t\u00eam conquistado o cora\u00e7\u00e3o dos consumidores brasileiros.<\/p>\n\n\n\n<p>Com base em um levantamento realizado pela <strong>Webmotors<\/strong>, o Honda Civic, conhecido por sua durabilidade e desempenho, lidera a lista dos carros usados mais desejados. Este artigo explora os cinco modelos mais buscados no primeiro trimestre de 2025, analisando suas caracter\u00edsticas e o que os torna t\u00e3o atraentes para os compradores.<\/p>\n\n\n\n<h2 class=\"wp-block-heading\"><strong>Por que o Honda Civic \u00e9 t\u00e3o popular?<\/strong><\/h2>\n\n\n\n<p>O&nbsp;<strong>Honda Civic<\/strong>&nbsp;\u00e9 um sed\u00e3 que combina estilo, desempenho e economia. A vers\u00e3o 1.5 turbo da d\u00e9cima gera\u00e7\u00e3o, por exemplo, oferece 173 cv de pot\u00eancia e um torque de 22,4 kgfm, permitindo uma acelera\u00e7\u00e3o de 0 a 100 km\/h em apenas 8,6 segundos. Al\u00e9m disso, o modelo \u00e9 conhecido por seu consumo eficiente, alcan\u00e7ando 11,8 km\/l na cidade e 14,4 km\/l na estrada.<\/p>\n\n\n\n<figure class=\"wp-block-image size-large\"><img decoding=\"async\" width=\"1024\" height=\"576\" src=\"https:\/\/www.correiobraziliense.com.br\/cbradar\/wp-content\/uploads\/2025\/04\/Carros-Usados_1744297075757-1024x576.jpg\" alt=\"Esses s\u00e3o os carros usados mais vendidos no Brasil em 2025, veja modelos\" class=\"wp-image-21837\" srcset=\"https:\/\/www.correiobraziliense.com.br\/cbradar\/wp-content\/uploads\/2025\/04\/Carros-Usados_1744297075757-1024x576.jpg 1024w, https:\/\/www.correiobraziliense.com.br\/cbradar\/wp-content\/uploads\/2025\/04\/Carros-Usados_1744297075757-300x169.jpg 300w, https:\/\/www.correiobraziliense.com.br\/cbradar\/wp-content\/uploads\/2025\/04\/Carros-Usados_1744297075757-768x432.jpg 768w, https:\/\/www.correiobraziliense.com.br\/cbradar\/wp-content\/uploads\/2025\/04\/Carros-Usados_1744297075757-750x422.jpg 750w, https:\/\/www.correiobraziliense.com.br\/cbradar\/wp-content\/uploads\/2025\/04\/Carros-Usados_1744297075757-1140x641.jpg 1140w, https:\/\/www.correiobraziliense.com.br\/cbradar\/wp-content\/uploads\/2025\/04\/Carros-Usados_1744297075757.jpg 1280w\" sizes=\"(max-width: 1024px) 100vw, 1024px\" \/><figcaption class=\"wp-element-caption\">Carros Usados. Cr\u00e9ditos: depositphotos.com \/ Elnur_<\/figcaption><\/figure>\n\n\n\n<p>Entre os itens de s\u00e9rie, o Civic G10 se destaca com far\u00f3is Full LED, sensor de ponto cego, bancos com ajuste el\u00e9trico e teto solar el\u00e9trico. Esses atributos, aliados a um pre\u00e7o competitivo no mercado de usados, tornam o Civic uma escolha atraente para quem busca um carro confi\u00e1vel e bem equipado.<\/p>\n\n\n\n<h2 class=\"wp-block-heading\"><strong>Quais s\u00e3o os outros modelos mais procurados?<\/strong><\/h2>\n\n\n\n<p>Al\u00e9m do Honda Civic, outros modelos tamb\u00e9m se destacam no mercado de usados. O&nbsp;<strong>Toyota Corolla<\/strong>, por exemplo, ocupa a segunda posi\u00e7\u00e3o, sendo apreciado por seu conforto e seguran\u00e7a. Equipado com um motor flex 2.0, o Corolla oferece at\u00e9 177 cv e \u00e9 conhecido por sua efici\u00eancia de combust\u00edvel.<\/p>\n\n\n\n<p>O&nbsp;<strong>Chevrolet Onix<\/strong>&nbsp;\u00e9 o terceiro carro mais vendido, conhecido por sua economia e conectividade. Dispon\u00edvel em vers\u00f5es aspiradas e turbo, o Onix oferece uma boa rela\u00e7\u00e3o custo-benef\u00edcio, especialmente para quem busca um hatch compacto e eficiente.<\/p>\n\n\n\n<h2 class=\"wp-block-heading\"><strong>O que torna o Volkswagen Polo uma escolha popular?<\/strong><\/h2>\n\n\n\n<p>Na quarta posi\u00e7\u00e3o, o&nbsp;<strong>Volkswagen Polo<\/strong>&nbsp;tem se consolidado como uma escolha popular entre os consumidores. Com vers\u00f5es que variam de 1.0 aspirado a 1.0 turbo, o Polo oferece uma experi\u00eancia de condu\u00e7\u00e3o din\u00e2mica e econ\u00f4mica. O modelo \u00e9 conhecido por seu consumo eficiente, com m\u00e9dias de at\u00e9 15,1 km\/l na estrada com gasolina.<\/p>\n\n\n\n<p>O Polo tamb\u00e9m se destaca por sua tecnologia embarcada e seguran\u00e7a, com itens como controle de estabilidade e sistema de infotainment moderno, tornando-o uma op\u00e7\u00e3o atraente para quem busca um hatch vers\u00e1til e bem equipado.<\/p>\n\n\n\n<h2 class=\"wp-block-heading\"><strong>Quais s\u00e3o as vantagens do Honda HR-V?<\/strong><\/h2>\n\n\n\n<p>Fechando a lista dos cinco mais procurados, o&nbsp;<strong>Honda HR-V<\/strong>&nbsp;\u00e9 um <strong>SUV <\/strong>que combina espa\u00e7o interno generoso com uma lista robusta de itens de s\u00e9rie. Desde seu lan\u00e7amento em 2015, o HR-V tem sido apreciado por seu design esportivo e confiabilidade.<\/p>\n\n\n\n<p>O modelo oferece op\u00e7\u00f5es de motoriza\u00e7\u00e3o que v\u00e3o do 1.8 flex ao 1.5 turbo, com \u00eanfase em seguran\u00e7a e conforto. O HR-V \u00e9 uma escolha popular para fam\u00edlias que buscam um SUV usado com bom espa\u00e7o de porta-malas e um hist\u00f3rico de manuten\u00e7\u00e3o confi\u00e1vel.<\/p>\n\n\n\n<p>Em resumo, o mercado de carros usados no Brasil em 2025 \u00e9 liderado por modelos que oferecem uma combina\u00e7\u00e3o de desempenho, economia e confiabilidade. O Honda Civic, Toyota Corolla, Chevrolet Onix, Volkswagen Polo e Honda HR-V s\u00e3o exemplos de ve\u00edculos que continuam a atrair consumidores em busca de boas oportunidades no mercado de seminovos.<\/p>\n","protected":false},"excerpt":{"rendered":"<p>Explore os carros usados mais desejados no Brasil em 2025.<\/p>\n","protected":false},"author":3,"featured_media":21835,"comment_status":"open","ping_status":"open","sticky":false,"template":"","format":"standard","meta":{"_yoast_wpseo_focuskw":"carros usados","_yoast_wpseo_title":"%%title%%","_yoast_wpseo_metadesc":"Explore os carros usados mais desejados no Brasil em 2025.","jnews-multi-image_gallery":[],"jnews_single_post":{"format":"standard"},"jnews_primary_category":[],"jnews_social_meta":[],"jnews_override_counter":[],"footnotes":""},"categories":[122],"post_tag":[1082,1975],"class_list":["post-21834","post","type-post","status-publish","format-standard","has-post-thumbnail","hentry","category-automobilismo","tag-carros-usados","tag-mais-vendidos"],"yoast_head":"<!-- This site is optimized with the Yoast SEO plugin v24.6 - https:\/\/yoast.com\/wordpress\/plugins\/seo\/ -->\n<title>Esses s\u00e3o os carros usados mais vendidos no Brasil em 2025, veja modelos<\/title>\n<meta name=\"description\" content=\"Explore os carros usados mais desejados no Brasil em 2025.\" \/>\n<meta name=\"robots\" content=\"index, follow, max-snippet:-1, max-image-preview:large, max-video-preview:-1\" \/>\n<link rel=\"canonical\" href=\"https:\/\/www.correiobraziliense.com.br\/cbradar\/esses-sao-os-carros-usados-mais-vendidos-no-brasil-em-2025-veja-modelos\/\" \/>\n<meta property=\"og:locale\" content=\"pt_BR\" \/>\n<meta property=\"og:type\" content=\"article\" \/>\n<meta property=\"og:title\" content=\"Esses s\u00e3o os carros usados mais vendidos no Brasil em 2025, veja modelos\" \/>\n<meta property=\"og:description\" content=\"Explore os carros usados mais desejados no Brasil em 2025.\" \/>\n<meta property=\"og:url\" content=\"https:\/\/www.correiobraziliense.com.br\/cbradar\/esses-sao-os-carros-usados-mais-vendidos-no-brasil-em-2025-veja-modelos\/\" \/>\n<meta property=\"og:site_name\" content=\"Correio Braziliense - Radar\" \/>\n<meta property=\"article:published_time\" content=\"2025-04-12T00:10:00+00:00\" \/>\n<meta property=\"og:image\" content=\"https:\/\/www.correiobraziliense.com.br\/cbradar\/wp-content\/uploads\/2025\/04\/Carros-Usados_1744296908877.jpg\" \/>\n\t<meta property=\"og:image:width\" content=\"1280\" \/>\n\t<meta property=\"og:image:height\" content=\"720\" \/>\n\t<meta property=\"og:image:type\" content=\"image\/jpeg\" \/>\n<meta name=\"author\" content=\"Larissa Carvalho\" \/>\n<meta name=\"twitter:card\" content=\"summary_large_image\" \/>\n<meta name=\"twitter:label1\" content=\"Escrito por\" \/>\n\t<meta name=\"twitter:data1\" content=\"Larissa Carvalho\" \/>\n\t<meta name=\"twitter:label2\" content=\"Est. tempo de leitura\" \/>\n\t<meta name=\"twitter:data2\" content=\"4 minutos\" \/>\n<!-- \/ Yoast SEO plugin. -->","yoast_head_json":{"title":"Esses s\u00e3o os carros usados mais vendidos no Brasil em 2025, veja modelos","description":"Explore os carros usados mais desejados no Brasil em 2025.","robots":{"index":"index","follow":"follow","max-snippet":"max-snippet:-1","max-image-preview":"max-image-preview:large","max-video-preview":"max-video-preview:-1"},"canonical":"https:\/\/www.correiobraziliense.com.br\/cbradar\/esses-sao-os-carros-usados-mais-vendidos-no-brasil-em-2025-veja-modelos\/","og_locale":"pt_BR","og_type":"article","og_title":"Esses s\u00e3o os carros usados mais vendidos no Brasil em 2025, veja modelos","og_description":"Explore os carros usados mais desejados no Brasil em 2025.","og_url":"https:\/\/www.correiobraziliense.com.br\/cbradar\/esses-sao-os-carros-usados-mais-vendidos-no-brasil-em-2025-veja-modelos\/","og_site_name":"Correio Braziliense - Radar","article_published_time":"2025-04-12T00:10:00+00:00","og_image":[{"width":1280,"height":720,"url":"https:\/\/www.correiobraziliense.com.br\/cbradar\/wp-content\/uploads\/2025\/04\/Carros-Usados_1744296908877.jpg","type":"image\/jpeg"}],"author":"Larissa Carvalho","twitter_card":"summary_large_image","twitter_misc":{"Escrito por":"Larissa Carvalho","Est. tempo de leitura":"4 minutos"},"schema":{"@context":"https:\/\/schema.org","@graph":[{"@type":"WebPage","@id":"https:\/\/www.correiobraziliense.com.br\/cbradar\/esses-sao-os-carros-usados-mais-vendidos-no-brasil-em-2025-veja-modelos\/","url":"https:\/\/www.correiobraziliense.com.br\/cbradar\/esses-sao-os-carros-usados-mais-vendidos-no-brasil-em-2025-veja-modelos\/","name":"Esses s\u00e3o os carros usados mais vendidos no Brasil em 2025, veja modelos","isPartOf":{"@id":"https:\/\/www.correiobraziliense.com.br\/cbradar\/#website"},"primaryImageOfPage":{"@id":"https:\/\/www.correiobraziliense.com.br\/cbradar\/esses-sao-os-carros-usados-mais-vendidos-no-brasil-em-2025-veja-modelos\/#primaryimage"},"image":{"@id":"https:\/\/www.correiobraziliense.com.br\/cbradar\/esses-sao-os-carros-usados-mais-vendidos-no-brasil-em-2025-veja-modelos\/#primaryimage"},"thumbnailUrl":"https:\/\/www.correiobraziliense.com.br\/cbradar\/wp-content\/uploads\/2025\/04\/Carros-Usados_1744296908877.jpg","datePublished":"2025-04-12T00:10:00+00:00","author":{"@id":"https:\/\/www.correiobraziliense.com.br\/cbradar\/#\/schema\/person\/58422787644df994b53a19d3e56c1513"},"description":"Explore os carros usados mais desejados no Brasil em 2025.","breadcrumb":{"@id":"https:\/\/www.correiobraziliense.com.br\/cbradar\/esses-sao-os-carros-usados-mais-vendidos-no-brasil-em-2025-veja-modelos\/#breadcrumb"},"inLanguage":"pt-BR","potentialAction":[{"@type":"ReadAction","target":["https:\/\/www.correiobraziliense.com.br\/cbradar\/esses-sao-os-carros-usados-mais-vendidos-no-brasil-em-2025-veja-modelos\/"]}]},{"@type":"ImageObject","inLanguage":"pt-BR","@id":"https:\/\/www.correiobraziliense.com.br\/cbradar\/esses-sao-os-carros-usados-mais-vendidos-no-brasil-em-2025-veja-modelos\/#primaryimage","url":"https:\/\/www.correiobraziliense.com.br\/cbradar\/wp-content\/uploads\/2025\/04\/Carros-Usados_1744296908877.jpg","contentUrl":"https:\/\/www.correiobraziliense.com.br\/cbradar\/wp-content\/uploads\/2025\/04\/Carros-Usados_1744296908877.jpg","width":1280,"height":720,"caption":"Carros Usados. Cr\u00e9ditos: depositphotos.com \/ Stocksolutions"},{"@type":"BreadcrumbList","@id":"https:\/\/www.correiobraziliense.com.br\/cbradar\/esses-sao-os-carros-usados-mais-vendidos-no-brasil-em-2025-veja-modelos\/#breadcrumb","itemListElement":[{"@type":"ListItem","position":1,"name":"In\u00edcio","item":"https:\/\/www.correiobraziliense.com.br\/cbradar\/"},{"@type":"ListItem","position":2,"name":"Esses s\u00e3o os carros usados mais vendidos no Brasil em 2025, veja modelos"}]},{"@type":"WebSite","@id":"https:\/\/www.correiobraziliense.com.br\/cbradar\/#website","url":"https:\/\/www.correiobraziliense.com.br\/cbradar\/","name":"Correio Braziliense - Radar","description":"Acompanhe as \u00faltimas not\u00edcias e fique bem informado sobre tudo o que acontece no Brasil e no mundo.","potentialAction":[{"@type":"SearchAction","target":{"@type":"EntryPoint","urlTemplate":"https:\/\/www.correiobraziliense.com.br\/cbradar\/?s={search_term_string}"},"query-input":{"@type":"PropertyValueSpecification","valueRequired":true,"valueName":"search_term_string"}}],"inLanguage":"pt-BR"},{"@type":"Person","@id":"https:\/\/www.correiobraziliense.com.br\/cbradar\/#\/schema\/person\/58422787644df994b53a19d3e56c1513","name":"Larissa Carvalho","image":{"@type":"ImageObject","inLanguage":"pt-BR","@id":"https:\/\/www.correiobraziliense.com.br\/cbradar\/#\/schema\/person\/image\/","url":"https:\/\/secure.gravatar.com\/avatar\/fe4f91a0de32b52a838d0d612abdc1aa?s=96&d=mm&r=g","contentUrl":"https:\/\/secure.gravatar.com\/avatar\/fe4f91a0de32b52a838d0d612abdc1aa?s=96&d=mm&r=g","caption":"Larissa Carvalho"},"url":"https:\/\/www.correiobraziliense.com.br\/cbradar\/author\/larissamyth\/"}]}},"_links":{"self":[{"href":"https:\/\/www.correiobraziliense.com.br\/cbradar\/wp-json\/wp\/v2\/posts\/21834","targetHints":{"allow":["GET"]}}],"collection":[{"href":"https:\/\/www.correiobraziliense.com.br\/cbradar\/wp-json\/wp\/v2\/posts"}],"about":[{"href":"https:\/\/www.correiobraziliense.com.br\/cbradar\/wp-json\/wp\/v2\/types\/post"}],"author":[{"embeddable":true,"href":"https:\/\/www.correiobraziliense.com.br\/cbradar\/wp-json\/wp\/v2\/users\/3"}],"replies":[{"embeddable":true,"href":"https:\/\/www.correiobraziliense.com.br\/cbradar\/wp-json\/wp\/v2\/comments?post=21834"}],"version-history":[{"count":2,"href":"https:\/\/www.correiobraziliense.com.br\/cbradar\/wp-json\/wp\/v2\/posts\/21834\/revisions"}],"predecessor-version":[{"id":21994,"href":"https:\/\/www.correiobraziliense.com.br\/cbradar\/wp-json\/wp\/v2\/posts\/21834\/revisions\/21994"}],"wp:featuredmedia":[{"embeddable":true,"href":"https:\/\/www.correiobraziliense.com.br\/cbradar\/wp-json\/wp\/v2\/media\/21835"}],"wp:attachment":[{"href":"https:\/\/www.correiobraziliense.com.br\/cbradar\/wp-json\/wp\/v2\/media?parent=21834"}],"wp:term":[{"taxonomy":"category","embeddable":true,"href":"https:\/\/www.correiobraziliense.com.br\/cbradar\/wp-json\/wp\/v2\/categories?post=21834"},{"taxonomy":"post_tag","embeddable":true,"href":"https:\/\/www.correiobraziliense.com.br\/cbradar\/wp-json\/wp\/v2\/post_tag?post=21834"}],"curies":[{"name":"wp","href":"https:\/\/api.w.org\/{rel}","templated":true}]}}