{"id":21892,"date":"2025-04-11T12:10:28","date_gmt":"2025-04-11T15:10:28","guid":{"rendered":"https:\/\/www.correiobraziliense.com.br\/cbradar\/?p=21892"},"modified":"2025-04-10T16:14:46","modified_gmt":"2025-04-10T19:14:46","slug":"aprenda-a-plantar-flores-que-aliviem-colicas-menstruais","status":"publish","type":"post","link":"https:\/\/www.correiobraziliense.com.br\/cbradar\/aprenda-a-plantar-flores-que-aliviem-colicas-menstruais\/","title":{"rendered":"Aprenda a plantar flores que aliviem c\u00f3licas menstruais"},"content":{"rendered":"\n<p>As c\u00f3licas menstruais s\u00e3o um desconforto comum entre as <strong>mulheres<\/strong>, mas a boa not\u00edcia \u00e9 que a <a href=\"https:\/\/www.correiobraziliense.com.br\/cbradar\/aprenda-a-plantar-melancia-do-jeito-certo-e-colher-em-90-dias\/\" target=\"_blank\" rel=\"noreferrer noopener\">natureza <\/a>oferece alternativas eficazes para aliviar esse mal. Algumas flores e plantas t\u00eam propriedades <strong>relaxantes <\/strong>e <strong>anti-inflamat\u00f3rias<\/strong> que podem ajudar a reduzir as c\u00f3licas menstruais e trazer al\u00edvio durante esse per\u00edodo. Conhe\u00e7a abaixo as <strong>flores <\/strong>que podem ser cultivadas em casa e usadas para combater c\u00f3licas menstruais naturalmente.<\/p>\n\n\n\n<h2 class=\"wp-block-heading\"><strong>Camomila<\/strong>: A flor que relaxa os m\u00fasculos e alivia as c\u00f3licas<\/h2>\n\n\n\n<p>A <strong>camomila<\/strong> \u00e9 uma das plantas mais conhecidas por suas propriedades calmantes e anti-inflamat\u00f3rias. Ela ajuda a relaxar os m\u00fasculos uterinos, o que reduz a intensidade das c\u00f3licas menstruais. Al\u00e9m disso, a camomila \u00e9 excelente para acalmar o sistema nervoso e diminuir a ansiedade, que pode acompanhar o per\u00edodo menstrual.<\/p>\n\n\n\n<h3 class=\"wp-block-heading\">Como plantar:<\/h3>\n\n\n\n<ul class=\"wp-block-list\">\n<li>A camomila prefere solos bem drenados e levemente \u00e1cidos.<\/li>\n\n\n\n<li>Plante em locais com <strong>sol parcial<\/strong>, pois ela gosta de luz, mas n\u00e3o suporta calor excessivo.<\/li>\n\n\n\n<li>Regue regularmente, mas de forma moderada para evitar o excesso de umidade.<\/li>\n<\/ul>\n\n\n\n<h3 class=\"wp-block-heading\">Como usar:<\/h3>\n\n\n\n<ul class=\"wp-block-list\">\n<li>Prepare um ch\u00e1 de camomila, que pode ser consumido quente ou frio, para aliviar as c\u00f3licas e acalmar o corpo.<\/li>\n<\/ul>\n\n\n\n<h2 class=\"wp-block-heading\"><strong>Cal\u00eandula<\/strong>: A flor anti-inflamat\u00f3ria que combate as c\u00f3licas<\/h2>\n\n\n\n<p>A <strong>cal\u00eandula<\/strong> possui propriedades anti-inflamat\u00f3rias e analg\u00e9sicas que ajudam a reduzir a dor e a inflama\u00e7\u00e3o durante o ciclo menstrual. Ela tem um efeito relaxante sobre os m\u00fasculos e pode aliviar o desconforto causado pelas c\u00f3licas menstruais.<\/p>\n\n\n\n<h3 class=\"wp-block-heading\">Como plantar:<\/h3>\n\n\n\n<ul class=\"wp-block-list\">\n<li>A cal\u00eandula prefere solos leves e bem drenados.<\/li>\n\n\n\n<li>Plante em locais com <strong>sol pleno<\/strong> ou <strong>meia-sombra<\/strong>, j\u00e1 que ela gosta de luz solar direta.<\/li>\n\n\n\n<li>Regue a planta regularmente, mas com cuidado para n\u00e3o encharcar o solo.<\/li>\n<\/ul>\n\n\n\n<h3 class=\"wp-block-heading\">Como usar:<\/h3>\n\n\n\n<ul class=\"wp-block-list\">\n<li>O ch\u00e1 de cal\u00eandula pode ser consumido para ajudar a reduzir a dor menstrual. A planta tamb\u00e9m pode ser usada em forma de \u00f3leo essencial para massagens na regi\u00e3o abdominal.<\/li>\n<\/ul>\n\n\n<div class=\"wp-block-image\">\n<figure class=\"aligncenter size-large\"><img decoding=\"async\" width=\"1024\" height=\"576\" src=\"https:\/\/www.correiobraziliense.com.br\/cbradar\/wp-content\/uploads\/2025\/04\/calendula_1744312209159-1024x576.jpg\" alt=\"\" class=\"wp-image-21954\" srcset=\"https:\/\/www.correiobraziliense.com.br\/cbradar\/wp-content\/uploads\/2025\/04\/calendula_1744312209159-1024x576.jpg 1024w, https:\/\/www.correiobraziliense.com.br\/cbradar\/wp-content\/uploads\/2025\/04\/calendula_1744312209159-300x169.jpg 300w, https:\/\/www.correiobraziliense.com.br\/cbradar\/wp-content\/uploads\/2025\/04\/calendula_1744312209159-768x432.jpg 768w, https:\/\/www.correiobraziliense.com.br\/cbradar\/wp-content\/uploads\/2025\/04\/calendula_1744312209159-750x422.jpg 750w, https:\/\/www.correiobraziliense.com.br\/cbradar\/wp-content\/uploads\/2025\/04\/calendula_1744312209159-1140x642.jpg 1140w, https:\/\/www.correiobraziliense.com.br\/cbradar\/wp-content\/uploads\/2025\/04\/calendula_1744312209159.jpg 1279w\" sizes=\"(max-width: 1024px) 100vw, 1024px\" \/><figcaption class=\"wp-element-caption\">Cal\u00eandula &#8211; Cr\u00e9ditos: depositphotos.com \/ thefutureis<\/figcaption><\/figure><\/div>\n\n\n<h2 class=\"wp-block-heading\"><strong>Gengibre<\/strong>: A flor que reduz as c\u00f3licas e melhora a circula\u00e7\u00e3o<\/h2>\n\n\n\n<p>Embora o <strong>gengibre<\/strong> seja mais conhecido por suas ra\u00edzes, suas flores tamb\u00e9m possuem propriedades que ajudam a aliviar as c\u00f3licas menstruais. O gengibre tem a\u00e7\u00e3o anti-inflamat\u00f3ria e \u00e9 excelente para melhorar a circula\u00e7\u00e3o sangu\u00ednea, o que pode ajudar a reduzir a dor e o desconforto durante o ciclo menstrual.<\/p>\n\n\n\n<h3 class=\"wp-block-heading\">Como plantar:<\/h3>\n\n\n\n<ul class=\"wp-block-list\">\n<li>O gengibre prefere solos ricos em mat\u00e9ria org\u00e2nica e bem drenados.<\/li>\n\n\n\n<li>Plante em locais com <strong>sol parcial<\/strong> ou <strong>meia-sombra<\/strong>, pois ele n\u00e3o gosta de luz direta intensa.<\/li>\n\n\n\n<li>Regue regularmente, mas sempre com cuidado para n\u00e3o deixar o solo encharcado.<\/li>\n<\/ul>\n\n\n\n<h3 class=\"wp-block-heading\">Como usar:<\/h3>\n\n\n\n<ul class=\"wp-block-list\">\n<li>O ch\u00e1 de gengibre \u00e9 uma excelente op\u00e7\u00e3o para aliviar c\u00f3licas. Voc\u00ea tamb\u00e9m pode fazer infus\u00f5es de gengibre fresco com lim\u00e3o e mel para um efeito mais potente.<\/li>\n<\/ul>\n\n\n\n<h2 class=\"wp-block-heading\"><strong>Lavanda<\/strong>: A flor relaxante que alivia as c\u00f3licas<\/h2>\n\n\n\n<p>A <strong>lavanda<\/strong> \u00e9 famosa por seu efeito calmante e analg\u00e9sico. Ela possui propriedades relaxantes que ajudam a reduzir as c\u00f3licas menstruais e a promover uma sensa\u00e7\u00e3o de tranquilidade durante o per\u00edodo menstrual.<\/p>\n\n\n\n<h3 class=\"wp-block-heading\">Como plantar:<\/h3>\n\n\n\n<ul class=\"wp-block-list\">\n<li>A lavanda precisa de solos bem drenados e preferencialmente secos.<\/li>\n\n\n\n<li>Plante em locais com <strong>sol pleno<\/strong>, pois ela precisa de bastante luz solar direta.<\/li>\n\n\n\n<li>Regue com modera\u00e7\u00e3o, pois a lavanda n\u00e3o gosta de solo encharcado.<\/li>\n<\/ul>\n\n\n\n<h3 class=\"wp-block-heading\">Como usar:<\/h3>\n\n\n\n<ul class=\"wp-block-list\">\n<li>O \u00f3leo essencial de lavanda pode ser utilizado em massagens no abd\u00f4men ou em um difusor para proporcionar relaxamento. Tamb\u00e9m pode ser usado em banhos quentes para aliviar a dor menstrual.<\/li>\n<\/ul>\n\n\n\n<h2 class=\"wp-block-heading\"><strong>Erva-cidreira (Melissa)<\/strong>: A flor calmante que combate o estresse e as c\u00f3licas<\/h2>\n\n\n\n<p>A <strong>erva-cidreira<\/strong> \u00e9 uma planta com um aroma suave de lim\u00e3o, que tem efeito calmante sobre o corpo e a mente. Ela ajuda a relaxar os m\u00fasculos e reduzir a intensidade das c\u00f3licas menstruais, al\u00e9m de aliviar o estresse, que pode intensificar as dores menstruais.<\/p>\n\n\n\n<h3 class=\"wp-block-heading\">Como plantar:<\/h3>\n\n\n\n<ul class=\"wp-block-list\">\n<li>A erva-cidreira prefere solos \u00famidos e bem drenados.<\/li>\n\n\n\n<li>Plante em locais com <strong>sol parcial<\/strong> ou <strong>meia-sombra<\/strong>, j\u00e1 que a planta n\u00e3o gosta de luz solar direta intensa.<\/li>\n\n\n\n<li>Regue com frequ\u00eancia para manter o solo sempre \u00famido, mas evite o encharcamento.<\/li>\n<\/ul>\n\n\n\n<h3 class=\"wp-block-heading\">Como usar:<\/h3>\n\n\n\n<ul class=\"wp-block-list\">\n<li>O ch\u00e1 de erva-cidreira \u00e9 \u00f3timo para combater c\u00f3licas menstruais e promover o relaxamento. Consuma antes ou durante o ciclo para melhores resultados.<\/li>\n<\/ul>\n\n\n\n<h2 class=\"wp-block-heading\">Como cuidar dessas flores para aliviar c\u00f3licas menstruais<\/h2>\n\n\n\n<p>Essas flores exigem cuidados espec\u00edficos para garantir que cres\u00e7am saud\u00e1veis e possam ser usadas para aliviar as c\u00f3licas menstruais:<\/p>\n\n\n\n<ol class=\"wp-block-list\">\n<li><strong>Escolha o local adequado<\/strong>: Cada planta tem prefer\u00eancias quanto \u00e0 quantidade de sol e ao tipo de solo. Certifique-se de plantar em locais que atendam \u00e0s necessidades espec\u00edficas de cada flor.<\/li>\n\n\n\n<li><strong>Regue adequadamente<\/strong>: Algumas flores, como a <strong>lavanda<\/strong>, n\u00e3o gostam de solo encharcado, enquanto outras, como a <strong>erva-cidreira<\/strong>, preferem solo \u00famido. Ajuste a rega conforme a planta.<\/li>\n\n\n\n<li><strong>Fertilize regularmente<\/strong>: Use fertilizantes naturais para garantir que as plantas cres\u00e7am fortes e saud\u00e1veis. Isso vai ajud\u00e1-las a produzir flores e propriedades medicinais eficazes.<\/li>\n\n\n\n<li><strong>Fa\u00e7a podas regulares<\/strong>: Mantenha suas plantas saud\u00e1veis fazendo podas leves para incentivar o crescimento de novas flores.<\/li>\n<\/ol>\n\n\n\n<h2 class=\"wp-block-heading\">FAQ<\/h2>\n\n\n\n<p><strong>1. Essas flores podem substituir medicamentos para c\u00f3licas menstruais?<\/strong><br>Embora as flores naturais ajudem a aliviar as c\u00f3licas, em casos mais graves, o tratamento m\u00e9dico pode ser necess\u00e1rio. Consulte um profissional de sa\u00fade para obter o tratamento adequado.<\/p>\n\n\n\n<p><strong>2. Como posso usar essas flores para aliviar as c\u00f3licas?<\/strong><br>Voc\u00ea pode usar essas flores em forma de ch\u00e1, \u00f3leos essenciais ou at\u00e9 mesmo fazer massagens na regi\u00e3o abdominal para aliviar as c\u00f3licas.<\/p>\n\n\n\n<p><strong>3. Posso plantar essas flores em casa?<\/strong><br>Sim, todas essas flores podem ser cultivadas em vasos ou no jardim, desde que voc\u00ea siga as necessidades de cultivo espec\u00edficas de cada uma.<\/p>\n\n\n\n<p><strong>4. Qual a melhor flor para aliviar as c\u00f3licas menstruais?<\/strong><br>A <strong>camomila<\/strong> e a <strong>cal\u00eandula<\/strong> s\u00e3o as mais populares para aliviar as c\u00f3licas, mas todas as plantas mencionadas podem ser eficazes dependendo da pessoa.<\/p>\n","protected":false},"excerpt":{"rendered":"<p>As c\u00f3licas menstruais s\u00e3o um desconforto comum entre as mulheres, mas a boa not\u00edcia \u00e9 que a natureza oferece alternativas eficazes para aliviar esse mal. Algumas flores e plantas t\u00eam propriedades relaxantes e anti-inflamat\u00f3rias que podem ajudar a reduzir as c\u00f3licas menstruais e trazer al\u00edvio durante esse per\u00edodo. Conhe\u00e7a abaixo as flores que podem ser [&hellip;]<\/p>\n","protected":false},"author":9,"featured_media":7005,"comment_status":"open","ping_status":"open","sticky":false,"template":"","format":"standard","meta":{"_yoast_wpseo_focuskw":"c\u00f3licas menstruais","_yoast_wpseo_title":"%%title%% %%page%%","_yoast_wpseo_metadesc":"Veja como algumas flores podem ser cultivadas em casa para proporcionar al\u00edvio natural durante o per\u00edodo menstrual.","jnews-multi-image_gallery":[],"jnews_single_post":{"format":"standard"},"jnews_primary_category":[],"jnews_social_meta":[],"jnews_override_counter":[],"footnotes":""},"categories":[136],"post_tag":[3123,1360,3121,3122],"class_list":["post-21892","post","type-post","status-publish","format-standard","has-post-thumbnail","hentry","category-jardinagem","tag-calendula","tag-camomila","tag-flores-para-colicas-menstruais","tag-plantas-para-aliviar-colicas"],"yoast_head":"<!-- This site is optimized with the Yoast SEO plugin v24.6 - https:\/\/yoast.com\/wordpress\/plugins\/seo\/ -->\n<title>Aprenda a plantar flores que aliviem c\u00f3licas menstruais<\/title>\n<meta name=\"description\" content=\"Veja como algumas flores podem ser cultivadas em casa para proporcionar al\u00edvio natural durante o per\u00edodo menstrual.\" \/>\n<meta name=\"robots\" content=\"index, follow, max-snippet:-1, max-image-preview:large, max-video-preview:-1\" \/>\n<link rel=\"canonical\" href=\"https:\/\/www.correiobraziliense.com.br\/cbradar\/aprenda-a-plantar-flores-que-aliviem-colicas-menstruais\/\" \/>\n<meta property=\"og:locale\" content=\"pt_BR\" \/>\n<meta property=\"og:type\" content=\"article\" \/>\n<meta property=\"og:title\" content=\"Aprenda a plantar flores que aliviem c\u00f3licas menstruais\" \/>\n<meta property=\"og:description\" content=\"Veja como algumas flores podem ser cultivadas em casa para proporcionar al\u00edvio natural durante o per\u00edodo menstrual.\" \/>\n<meta property=\"og:url\" content=\"https:\/\/www.correiobraziliense.com.br\/cbradar\/aprenda-a-plantar-flores-que-aliviem-colicas-menstruais\/\" \/>\n<meta property=\"og:site_name\" content=\"Correio Braziliense - Radar\" \/>\n<meta property=\"article:published_time\" content=\"2025-04-11T15:10:28+00:00\" \/>\n<meta property=\"og:image\" content=\"https:\/\/www.correiobraziliense.com.br\/cbradar\/wp-content\/uploads\/2025\/02\/Buganvilias-flores_1740683772934.jpg\" \/>\n\t<meta property=\"og:image:width\" content=\"1280\" \/>\n\t<meta property=\"og:image:height\" content=\"720\" \/>\n\t<meta property=\"og:image:type\" content=\"image\/jpeg\" \/>\n<meta name=\"author\" content=\"Daniely Cardoso\" \/>\n<meta name=\"twitter:card\" content=\"summary_large_image\" \/>\n<meta name=\"twitter:label1\" content=\"Escrito por\" \/>\n\t<meta name=\"twitter:data1\" content=\"Daniely Cardoso\" \/>\n\t<meta name=\"twitter:label2\" content=\"Est. tempo de leitura\" \/>\n\t<meta name=\"twitter:data2\" content=\"6 minutos\" \/>\n<!-- \/ Yoast SEO plugin. -->","yoast_head_json":{"title":"Aprenda a plantar flores que aliviem c\u00f3licas menstruais","description":"Veja como algumas flores podem ser cultivadas em casa para proporcionar al\u00edvio natural durante o per\u00edodo menstrual.","robots":{"index":"index","follow":"follow","max-snippet":"max-snippet:-1","max-image-preview":"max-image-preview:large","max-video-preview":"max-video-preview:-1"},"canonical":"https:\/\/www.correiobraziliense.com.br\/cbradar\/aprenda-a-plantar-flores-que-aliviem-colicas-menstruais\/","og_locale":"pt_BR","og_type":"article","og_title":"Aprenda a plantar flores que aliviem c\u00f3licas menstruais","og_description":"Veja como algumas flores podem ser cultivadas em casa para proporcionar al\u00edvio natural durante o per\u00edodo menstrual.","og_url":"https:\/\/www.correiobraziliense.com.br\/cbradar\/aprenda-a-plantar-flores-que-aliviem-colicas-menstruais\/","og_site_name":"Correio Braziliense - Radar","article_published_time":"2025-04-11T15:10:28+00:00","og_image":[{"width":1280,"height":720,"url":"https:\/\/www.correiobraziliense.com.br\/cbradar\/wp-content\/uploads\/2025\/02\/Buganvilias-flores_1740683772934.jpg","type":"image\/jpeg"}],"author":"Daniely Cardoso","twitter_card":"summary_large_image","twitter_misc":{"Escrito por":"Daniely Cardoso","Est. tempo de leitura":"6 minutos"},"schema":{"@context":"https:\/\/schema.org","@graph":[{"@type":"WebPage","@id":"https:\/\/www.correiobraziliense.com.br\/cbradar\/aprenda-a-plantar-flores-que-aliviem-colicas-menstruais\/","url":"https:\/\/www.correiobraziliense.com.br\/cbradar\/aprenda-a-plantar-flores-que-aliviem-colicas-menstruais\/","name":"Aprenda a plantar flores que aliviem c\u00f3licas menstruais","isPartOf":{"@id":"https:\/\/www.correiobraziliense.com.br\/cbradar\/#website"},"primaryImageOfPage":{"@id":"https:\/\/www.correiobraziliense.com.br\/cbradar\/aprenda-a-plantar-flores-que-aliviem-colicas-menstruais\/#primaryimage"},"image":{"@id":"https:\/\/www.correiobraziliense.com.br\/cbradar\/aprenda-a-plantar-flores-que-aliviem-colicas-menstruais\/#primaryimage"},"thumbnailUrl":"https:\/\/www.correiobraziliense.com.br\/cbradar\/wp-content\/uploads\/2025\/02\/Buganvilias-flores_1740683772934.jpg","datePublished":"2025-04-11T15:10:28+00:00","author":{"@id":"https:\/\/www.correiobraziliense.com.br\/cbradar\/#\/schema\/person\/7356666e12ec0ee53f348ee5db227032"},"description":"Veja como algumas flores podem ser cultivadas em casa para proporcionar al\u00edvio natural durante o per\u00edodo menstrual.","breadcrumb":{"@id":"https:\/\/www.correiobraziliense.com.br\/cbradar\/aprenda-a-plantar-flores-que-aliviem-colicas-menstruais\/#breadcrumb"},"inLanguage":"pt-BR","potentialAction":[{"@type":"ReadAction","target":["https:\/\/www.correiobraziliense.com.br\/cbradar\/aprenda-a-plantar-flores-que-aliviem-colicas-menstruais\/"]}]},{"@type":"ImageObject","inLanguage":"pt-BR","@id":"https:\/\/www.correiobraziliense.com.br\/cbradar\/aprenda-a-plantar-flores-que-aliviem-colicas-menstruais\/#primaryimage","url":"https:\/\/www.correiobraziliense.com.br\/cbradar\/wp-content\/uploads\/2025\/02\/Buganvilias-flores_1740683772934.jpg","contentUrl":"https:\/\/www.correiobraziliense.com.br\/cbradar\/wp-content\/uploads\/2025\/02\/Buganvilias-flores_1740683772934.jpg","width":1280,"height":720,"caption":"buganv\u00edlias - Cr\u00e9ditos: depositphotos.com \/ MinhChung"},{"@type":"BreadcrumbList","@id":"https:\/\/www.correiobraziliense.com.br\/cbradar\/aprenda-a-plantar-flores-que-aliviem-colicas-menstruais\/#breadcrumb","itemListElement":[{"@type":"ListItem","position":1,"name":"In\u00edcio","item":"https:\/\/www.correiobraziliense.com.br\/cbradar\/"},{"@type":"ListItem","position":2,"name":"Aprenda a plantar flores que aliviem c\u00f3licas menstruais"}]},{"@type":"WebSite","@id":"https:\/\/www.correiobraziliense.com.br\/cbradar\/#website","url":"https:\/\/www.correiobraziliense.com.br\/cbradar\/","name":"Correio Braziliense - Radar","description":"Acompanhe as \u00faltimas not\u00edcias e fique bem informado sobre tudo o que acontece no Brasil e no mundo.","potentialAction":[{"@type":"SearchAction","target":{"@type":"EntryPoint","urlTemplate":"https:\/\/www.correiobraziliense.com.br\/cbradar\/?s={search_term_string}"},"query-input":{"@type":"PropertyValueSpecification","valueRequired":true,"valueName":"search_term_string"}}],"inLanguage":"pt-BR"},{"@type":"Person","@id":"https:\/\/www.correiobraziliense.com.br\/cbradar\/#\/schema\/person\/7356666e12ec0ee53f348ee5db227032","name":"Daniely Cardoso","image":{"@type":"ImageObject","inLanguage":"pt-BR","@id":"https:\/\/www.correiobraziliense.com.br\/cbradar\/#\/schema\/person\/image\/","url":"https:\/\/secure.gravatar.com\/avatar\/4b80ddbd124d1f071b626d52d62e5dff?s=96&d=mm&r=g","contentUrl":"https:\/\/secure.gravatar.com\/avatar\/4b80ddbd124d1f071b626d52d62e5dff?s=96&d=mm&r=g","caption":"Daniely Cardoso"},"description":"Redatora nos portais CB Radar e EM Foco, formada pela Universidade Federal de Goi\u00e1s, em Goi\u00e2nia. Apaixonada por comunica\u00e7\u00e3o, arte, decora\u00e7\u00e3o e tend\u00eancias, atuo na produ\u00e7\u00e3o de conte\u00fados envolventes sobre curiosidades, moda, beleza e paisagismo, sempre com um olhar atento \u00e0s novidades do momento.","sameAs":["https:\/\/www.correiobraziliense.com.br\/cbradar"],"url":"https:\/\/www.correiobraziliense.com.br\/cbradar\/author\/danielymyth\/"}]}},"_links":{"self":[{"href":"https:\/\/www.correiobraziliense.com.br\/cbradar\/wp-json\/wp\/v2\/posts\/21892","targetHints":{"allow":["GET"]}}],"collection":[{"href":"https:\/\/www.correiobraziliense.com.br\/cbradar\/wp-json\/wp\/v2\/posts"}],"about":[{"href":"https:\/\/www.correiobraziliense.com.br\/cbradar\/wp-json\/wp\/v2\/types\/post"}],"author":[{"embeddable":true,"href":"https:\/\/www.correiobraziliense.com.br\/cbradar\/wp-json\/wp\/v2\/users\/9"}],"replies":[{"embeddable":true,"href":"https:\/\/www.correiobraziliense.com.br\/cbradar\/wp-json\/wp\/v2\/comments?post=21892"}],"version-history":[{"count":2,"href":"https:\/\/www.correiobraziliense.com.br\/cbradar\/wp-json\/wp\/v2\/posts\/21892\/revisions"}],"predecessor-version":[{"id":21955,"href":"https:\/\/www.correiobraziliense.com.br\/cbradar\/wp-json\/wp\/v2\/posts\/21892\/revisions\/21955"}],"wp:featuredmedia":[{"embeddable":true,"href":"https:\/\/www.correiobraziliense.com.br\/cbradar\/wp-json\/wp\/v2\/media\/7005"}],"wp:attachment":[{"href":"https:\/\/www.correiobraziliense.com.br\/cbradar\/wp-json\/wp\/v2\/media?parent=21892"}],"wp:term":[{"taxonomy":"category","embeddable":true,"href":"https:\/\/www.correiobraziliense.com.br\/cbradar\/wp-json\/wp\/v2\/categories?post=21892"},{"taxonomy":"post_tag","embeddable":true,"href":"https:\/\/www.correiobraziliense.com.br\/cbradar\/wp-json\/wp\/v2\/post_tag?post=21892"}],"curies":[{"name":"wp","href":"https:\/\/api.w.org\/{rel}","templated":true}]}}