{"id":22028,"date":"2025-04-11T08:42:18","date_gmt":"2025-04-11T11:42:18","guid":{"rendered":"https:\/\/www.correiobraziliense.com.br\/cbradar\/?p=22028"},"modified":"2025-04-11T08:43:51","modified_gmt":"2025-04-11T11:43:51","slug":"conheca-a-fruta-perfeita-para-comer-a-noite-que-ajuda-a-emagrecer","status":"publish","type":"post","link":"https:\/\/www.correiobraziliense.com.br\/cbradar\/conheca-a-fruta-perfeita-para-comer-a-noite-que-ajuda-a-emagrecer\/","title":{"rendered":"Conhe\u00e7a a fruta perfeita para comer a noite que ajuda a emagrecer"},"content":{"rendered":"\n<p>Incluir frutas nas refei\u00e7\u00f5es noturnas pode ser uma estrat\u00e9gia eficaz para quem busca emagrecer de forma saud\u00e1vel. Embora muitas pessoas associem frutas apenas ao caf\u00e9 da manh\u00e3 ou a lanches, o abacate tem se destacado quando o assunto \u00e9 perda de peso durante a noite. Rico em gorduras saud\u00e1veis, especialmente o \u00e1cido oleico, o abacate ajuda a prolongar a sensa\u00e7\u00e3o de saciedade, evitando beliscos noturnos.<\/p>\n\n\n\n<p>Al\u00e9m de suas propriedades saciantes, o abacate oferece nutrientes que colaboram para o equil\u00edbrio hormonal e o controle da glicemia. Esses fatores influenciam diretamente o metabolismo e a queima de gordura, tornando o abacate uma escolha inteligente para quem deseja perder peso.<\/p>\n\n\n\n<h2 class=\"wp-block-heading\">Como consumir abacate \u00e0 noite?<\/h2>\n\n\n\n<p>O consumo de abacate \u00e0 noite deve ser feito de forma moderada. Recomenda-se ingerir duas colheres de sopa ou metade da fruta, combinada com uma fonte de prote\u00edna leve, como ovos ou iogurte natural. Outra op\u00e7\u00e3o pr\u00e1tica \u00e9 preparar um creme de abacate batido com lim\u00e3o e um toque de canela, que tamb\u00e9m ajuda a regular o a\u00e7\u00facar no sangue.<\/p>\n\n\n\n<p>Essas combina\u00e7\u00f5es n\u00e3o apenas potencializam os benef\u00edcios do abacate, mas tamb\u00e9m proporcionam uma refei\u00e7\u00e3o saborosa e nutritiva, que pode auxiliar na perda de peso e no controle do apetite durante a noite.<\/p>\n\n\n\n<figure class=\"wp-block-image size-large\"><img decoding=\"async\" width=\"1024\" height=\"576\" src=\"https:\/\/www.correiobraziliense.com.br\/cbradar\/wp-content\/uploads\/2025\/04\/abacate_1744371713783-1024x576.jpg\" alt=\"Conhe\u00e7a a fruta perfeita para comer a noite que ajuda a emagrecer\" class=\"wp-image-22031\" srcset=\"https:\/\/www.correiobraziliense.com.br\/cbradar\/wp-content\/uploads\/2025\/04\/abacate_1744371713783-1024x576.jpg 1024w, https:\/\/www.correiobraziliense.com.br\/cbradar\/wp-content\/uploads\/2025\/04\/abacate_1744371713783-300x169.jpg 300w, https:\/\/www.correiobraziliense.com.br\/cbradar\/wp-content\/uploads\/2025\/04\/abacate_1744371713783-768x432.jpg 768w, https:\/\/www.correiobraziliense.com.br\/cbradar\/wp-content\/uploads\/2025\/04\/abacate_1744371713783-750x422.jpg 750w, https:\/\/www.correiobraziliense.com.br\/cbradar\/wp-content\/uploads\/2025\/04\/abacate_1744371713783-1140x642.jpg 1140w, https:\/\/www.correiobraziliense.com.br\/cbradar\/wp-content\/uploads\/2025\/04\/abacate_1744371713783.jpg 1279w\" sizes=\"(max-width: 1024px) 100vw, 1024px\" \/><figcaption class=\"wp-element-caption\">abacate. Cr\u00e9ditos: depositphotos.com \/ foto-pixel.web.de<\/figcaption><\/figure>\n\n\n\n<h2 class=\"wp-block-heading\">Por que o abacate melhora o sono?<\/h2>\n\n\n\n<p>Mais do que uma escolha saborosa, o abacate tamb\u00e9m contribui para uma boa noite de sono. Isso se deve ao fato de ser rico em magn\u00e9sio e triptofano, nutrientes que auxiliam na produ\u00e7\u00e3o de serotonina e melatonina \u2014 horm\u00f4nios ligados ao relaxamento e ao descanso de qualidade.<\/p>\n\n\n\n<p>Portanto, incluir o abacate no jantar pode n\u00e3o s\u00f3 ajudar a emagrecer, mas tamb\u00e9m melhorar a qualidade do sono, outro fator crucial para a sa\u00fade e o controle de peso.<\/p>\n\n\n\n<h2 class=\"wp-block-heading\">Quais s\u00e3o os benef\u00edcios adicionais do abacate?<\/h2>\n\n\n\n<p>Al\u00e9m de auxiliar na perda de peso e melhorar o sono, o abacate oferece uma s\u00e9rie de outros benef\u00edcios \u00e0 sa\u00fade. Ele \u00e9 uma excelente fonte de vitaminas e minerais, como vitamina E, pot\u00e1ssio e \u00e1cido f\u00f3lico, que s\u00e3o essenciais para o bom funcionamento do organismo.<\/p>\n\n\n\n<ul class=\"wp-block-list\">\n<li><strong>Vitamina E:<\/strong> Atua como antioxidante, protegendo as c\u00e9lulas contra danos.<\/li>\n\n\n\n<li><strong>Pot\u00e1ssio:<\/strong> Ajuda a regular a press\u00e3o arterial e a manter o equil\u00edbrio de fluidos no corpo.<\/li>\n\n\n\n<li><strong>\u00c1cido f\u00f3lico:<\/strong> Importante para a sa\u00fade do cora\u00e7\u00e3o e na preven\u00e7\u00e3o de doen\u00e7as cong\u00eanitas.<\/li>\n<\/ul>\n\n\n\n<h2 class=\"wp-block-heading\">Como integrar o abacate na dieta di\u00e1ria?<\/h2>\n\n\n\n<p>Integrar o abacate na dieta di\u00e1ria pode ser simples e vers\u00e1til. Ele pode ser adicionado a saladas, sandu\u00edches, smoothies ou consumido puro com um pouco de sal e pimenta. Sua textura cremosa e sabor suave o tornam um ingrediente f\u00e1cil de combinar com diversos pratos.<\/p>\n\n\n\n<p>Al\u00e9m disso, o abacate pode ser utilizado como substituto de ingredientes menos saud\u00e1veis em receitas, como maionese ou manteiga, contribuindo para uma alimenta\u00e7\u00e3o mais equilibrada e nutritiva.<\/p>\n","protected":false},"excerpt":{"rendered":"<p>Descubra como o abacate pode ajudar na perda de peso noturna e melhorar a qualidade do seu sono, al\u00e9m de outros benef\u00edcios \u00e0 sa\u00fade.<\/p>\n","protected":false},"author":3,"featured_media":22030,"comment_status":"open","ping_status":"open","sticky":false,"template":"","format":"standard","meta":{"_yoast_wpseo_focuskw":"fruta emagrecer","_yoast_wpseo_title":"%%title%%","_yoast_wpseo_metadesc":"Descubra como o abacate pode ajudar na perda de peso noturna e melhorar a qualidade do seu sono, al\u00e9m de outros benef\u00edcios \u00e0 sa\u00fade.","jnews-multi-image_gallery":[],"jnews_single_post":{"format":"standard"},"jnews_primary_category":[],"jnews_social_meta":[],"jnews_override_counter":[],"footnotes":""},"categories":[119],"post_tag":[281,615,565],"class_list":["post-22028","post","type-post","status-publish","format-standard","has-post-thumbnail","hentry","category-bem-estar","tag-alimentacao","tag-fruta","tag-saude"],"yoast_head":"<!-- This site is optimized with the Yoast SEO plugin v24.6 - https:\/\/yoast.com\/wordpress\/plugins\/seo\/ -->\n<title>Conhe\u00e7a a fruta perfeita para comer a noite que ajuda a emagrecer<\/title>\n<meta name=\"description\" content=\"Descubra como o abacate pode ajudar na perda de peso noturna e melhorar a qualidade do seu sono, al\u00e9m de outros benef\u00edcios \u00e0 sa\u00fade.\" \/>\n<meta name=\"robots\" content=\"index, follow, max-snippet:-1, max-image-preview:large, max-video-preview:-1\" \/>\n<link rel=\"canonical\" href=\"https:\/\/www.correiobraziliense.com.br\/cbradar\/conheca-a-fruta-perfeita-para-comer-a-noite-que-ajuda-a-emagrecer\/\" \/>\n<meta property=\"og:locale\" content=\"pt_BR\" \/>\n<meta property=\"og:type\" content=\"article\" \/>\n<meta property=\"og:title\" content=\"Conhe\u00e7a a fruta perfeita para comer a noite que ajuda a emagrecer\" \/>\n<meta property=\"og:description\" content=\"Descubra como o abacate pode ajudar na perda de peso noturna e melhorar a qualidade do seu sono, al\u00e9m de outros benef\u00edcios \u00e0 sa\u00fade.\" \/>\n<meta property=\"og:url\" content=\"https:\/\/www.correiobraziliense.com.br\/cbradar\/conheca-a-fruta-perfeita-para-comer-a-noite-que-ajuda-a-emagrecer\/\" \/>\n<meta property=\"og:site_name\" content=\"Correio Braziliense - Radar\" \/>\n<meta property=\"article:published_time\" content=\"2025-04-11T11:42:18+00:00\" \/>\n<meta property=\"article:modified_time\" content=\"2025-04-11T11:43:51+00:00\" \/>\n<meta property=\"og:image\" content=\"https:\/\/www.correiobraziliense.com.br\/cbradar\/wp-content\/uploads\/2025\/04\/frutas_1744371679870.jpg\" \/>\n\t<meta property=\"og:image:width\" content=\"1280\" \/>\n\t<meta property=\"og:image:height\" content=\"720\" \/>\n\t<meta property=\"og:image:type\" content=\"image\/jpeg\" \/>\n<meta name=\"author\" content=\"Larissa Carvalho\" \/>\n<meta name=\"twitter:card\" content=\"summary_large_image\" \/>\n<meta name=\"twitter:label1\" content=\"Escrito por\" \/>\n\t<meta name=\"twitter:data1\" content=\"Larissa Carvalho\" \/>\n\t<meta name=\"twitter:label2\" content=\"Est. tempo de leitura\" \/>\n\t<meta name=\"twitter:data2\" content=\"3 minutos\" \/>\n<!-- \/ Yoast SEO plugin. -->","yoast_head_json":{"title":"Conhe\u00e7a a fruta perfeita para comer a noite que ajuda a emagrecer","description":"Descubra como o abacate pode ajudar na perda de peso noturna e melhorar a qualidade do seu sono, al\u00e9m de outros benef\u00edcios \u00e0 sa\u00fade.","robots":{"index":"index","follow":"follow","max-snippet":"max-snippet:-1","max-image-preview":"max-image-preview:large","max-video-preview":"max-video-preview:-1"},"canonical":"https:\/\/www.correiobraziliense.com.br\/cbradar\/conheca-a-fruta-perfeita-para-comer-a-noite-que-ajuda-a-emagrecer\/","og_locale":"pt_BR","og_type":"article","og_title":"Conhe\u00e7a a fruta perfeita para comer a noite que ajuda a emagrecer","og_description":"Descubra como o abacate pode ajudar na perda de peso noturna e melhorar a qualidade do seu sono, al\u00e9m de outros benef\u00edcios \u00e0 sa\u00fade.","og_url":"https:\/\/www.correiobraziliense.com.br\/cbradar\/conheca-a-fruta-perfeita-para-comer-a-noite-que-ajuda-a-emagrecer\/","og_site_name":"Correio Braziliense - Radar","article_published_time":"2025-04-11T11:42:18+00:00","article_modified_time":"2025-04-11T11:43:51+00:00","og_image":[{"width":1280,"height":720,"url":"https:\/\/www.correiobraziliense.com.br\/cbradar\/wp-content\/uploads\/2025\/04\/frutas_1744371679870.jpg","type":"image\/jpeg"}],"author":"Larissa Carvalho","twitter_card":"summary_large_image","twitter_misc":{"Escrito por":"Larissa Carvalho","Est. tempo de leitura":"3 minutos"},"schema":{"@context":"https:\/\/schema.org","@graph":[{"@type":"WebPage","@id":"https:\/\/www.correiobraziliense.com.br\/cbradar\/conheca-a-fruta-perfeita-para-comer-a-noite-que-ajuda-a-emagrecer\/","url":"https:\/\/www.correiobraziliense.com.br\/cbradar\/conheca-a-fruta-perfeita-para-comer-a-noite-que-ajuda-a-emagrecer\/","name":"Conhe\u00e7a a fruta perfeita para comer a noite que ajuda a emagrecer","isPartOf":{"@id":"https:\/\/www.correiobraziliense.com.br\/cbradar\/#website"},"primaryImageOfPage":{"@id":"https:\/\/www.correiobraziliense.com.br\/cbradar\/conheca-a-fruta-perfeita-para-comer-a-noite-que-ajuda-a-emagrecer\/#primaryimage"},"image":{"@id":"https:\/\/www.correiobraziliense.com.br\/cbradar\/conheca-a-fruta-perfeita-para-comer-a-noite-que-ajuda-a-emagrecer\/#primaryimage"},"thumbnailUrl":"https:\/\/www.correiobraziliense.com.br\/cbradar\/wp-content\/uploads\/2025\/04\/frutas_1744371679870.jpg","datePublished":"2025-04-11T11:42:18+00:00","dateModified":"2025-04-11T11:43:51+00:00","author":{"@id":"https:\/\/www.correiobraziliense.com.br\/cbradar\/#\/schema\/person\/58422787644df994b53a19d3e56c1513"},"description":"Descubra como o abacate pode ajudar na perda de peso noturna e melhorar a qualidade do seu sono, al\u00e9m de outros benef\u00edcios \u00e0 sa\u00fade.","breadcrumb":{"@id":"https:\/\/www.correiobraziliense.com.br\/cbradar\/conheca-a-fruta-perfeita-para-comer-a-noite-que-ajuda-a-emagrecer\/#breadcrumb"},"inLanguage":"pt-BR","potentialAction":[{"@type":"ReadAction","target":["https:\/\/www.correiobraziliense.com.br\/cbradar\/conheca-a-fruta-perfeita-para-comer-a-noite-que-ajuda-a-emagrecer\/"]}]},{"@type":"ImageObject","inLanguage":"pt-BR","@id":"https:\/\/www.correiobraziliense.com.br\/cbradar\/conheca-a-fruta-perfeita-para-comer-a-noite-que-ajuda-a-emagrecer\/#primaryimage","url":"https:\/\/www.correiobraziliense.com.br\/cbradar\/wp-content\/uploads\/2025\/04\/frutas_1744371679870.jpg","contentUrl":"https:\/\/www.correiobraziliense.com.br\/cbradar\/wp-content\/uploads\/2025\/04\/frutas_1744371679870.jpg","width":1280,"height":720,"caption":"Frutas. Cr\u00e9ditos: depositphotos.com \/ AntonMatyukha"},{"@type":"BreadcrumbList","@id":"https:\/\/www.correiobraziliense.com.br\/cbradar\/conheca-a-fruta-perfeita-para-comer-a-noite-que-ajuda-a-emagrecer\/#breadcrumb","itemListElement":[{"@type":"ListItem","position":1,"name":"In\u00edcio","item":"https:\/\/www.correiobraziliense.com.br\/cbradar\/"},{"@type":"ListItem","position":2,"name":"Conhe\u00e7a a fruta perfeita para comer a noite que ajuda a emagrecer"}]},{"@type":"WebSite","@id":"https:\/\/www.correiobraziliense.com.br\/cbradar\/#website","url":"https:\/\/www.correiobraziliense.com.br\/cbradar\/","name":"Correio Braziliense - Radar","description":"Acompanhe as \u00faltimas not\u00edcias e fique bem informado sobre tudo o que acontece no Brasil e no mundo.","potentialAction":[{"@type":"SearchAction","target":{"@type":"EntryPoint","urlTemplate":"https:\/\/www.correiobraziliense.com.br\/cbradar\/?s={search_term_string}"},"query-input":{"@type":"PropertyValueSpecification","valueRequired":true,"valueName":"search_term_string"}}],"inLanguage":"pt-BR"},{"@type":"Person","@id":"https:\/\/www.correiobraziliense.com.br\/cbradar\/#\/schema\/person\/58422787644df994b53a19d3e56c1513","name":"Larissa Carvalho","image":{"@type":"ImageObject","inLanguage":"pt-BR","@id":"https:\/\/www.correiobraziliense.com.br\/cbradar\/#\/schema\/person\/image\/","url":"https:\/\/secure.gravatar.com\/avatar\/fe4f91a0de32b52a838d0d612abdc1aa?s=96&d=mm&r=g","contentUrl":"https:\/\/secure.gravatar.com\/avatar\/fe4f91a0de32b52a838d0d612abdc1aa?s=96&d=mm&r=g","caption":"Larissa Carvalho"},"url":"https:\/\/www.correiobraziliense.com.br\/cbradar\/author\/larissamyth\/"}]}},"_links":{"self":[{"href":"https:\/\/www.correiobraziliense.com.br\/cbradar\/wp-json\/wp\/v2\/posts\/22028","targetHints":{"allow":["GET"]}}],"collection":[{"href":"https:\/\/www.correiobraziliense.com.br\/cbradar\/wp-json\/wp\/v2\/posts"}],"about":[{"href":"https:\/\/www.correiobraziliense.com.br\/cbradar\/wp-json\/wp\/v2\/types\/post"}],"author":[{"embeddable":true,"href":"https:\/\/www.correiobraziliense.com.br\/cbradar\/wp-json\/wp\/v2\/users\/3"}],"replies":[{"embeddable":true,"href":"https:\/\/www.correiobraziliense.com.br\/cbradar\/wp-json\/wp\/v2\/comments?post=22028"}],"version-history":[{"count":3,"href":"https:\/\/www.correiobraziliense.com.br\/cbradar\/wp-json\/wp\/v2\/posts\/22028\/revisions"}],"predecessor-version":[{"id":22033,"href":"https:\/\/www.correiobraziliense.com.br\/cbradar\/wp-json\/wp\/v2\/posts\/22028\/revisions\/22033"}],"wp:featuredmedia":[{"embeddable":true,"href":"https:\/\/www.correiobraziliense.com.br\/cbradar\/wp-json\/wp\/v2\/media\/22030"}],"wp:attachment":[{"href":"https:\/\/www.correiobraziliense.com.br\/cbradar\/wp-json\/wp\/v2\/media?parent=22028"}],"wp:term":[{"taxonomy":"category","embeddable":true,"href":"https:\/\/www.correiobraziliense.com.br\/cbradar\/wp-json\/wp\/v2\/categories?post=22028"},{"taxonomy":"post_tag","embeddable":true,"href":"https:\/\/www.correiobraziliense.com.br\/cbradar\/wp-json\/wp\/v2\/post_tag?post=22028"}],"curies":[{"name":"wp","href":"https:\/\/api.w.org\/{rel}","templated":true}]}}