{"id":22059,"date":"2025-04-12T20:30:00","date_gmt":"2025-04-12T23:30:00","guid":{"rendered":"https:\/\/www.correiobraziliense.com.br\/cbradar\/?p=22059"},"modified":"2025-04-11T22:07:35","modified_gmt":"2025-04-12T01:07:35","slug":"aprenda-a-plantar-a-arvore-de-natal-na-sua-propria-casa","status":"publish","type":"post","link":"https:\/\/www.correiobraziliense.com.br\/cbradar\/aprenda-a-plantar-a-arvore-de-natal-na-sua-propria-casa\/","title":{"rendered":"Aprenda a plantar a \u00e1rvore-de-natal na sua pr\u00f3pria casa"},"content":{"rendered":"\n<p>Nos \u00faltimos anos, as tuias-holandesas t\u00eam se destacado como uma alternativa popular \u00e0s \u00e1rvores de Natal artificiais no <strong>Brasil<\/strong>. Essas \u00e1rvores naturais oferecem uma est\u00e9tica semelhante ao tradicional pinheiro-americano, mas com a vantagem de serem mais compactas e acess\u00edveis. Cultivadas em larga escala por fazendas especializadas, as tuias s\u00e3o uma escolha cada vez mais comum para decora\u00e7\u00f5es natalinas.<\/p>\n\n\n\n<p>A Terra Viva, uma das principais fazendas do pa\u00eds dedicada ao cultivo de tuias, comercializa anualmente mais de meio milh\u00e3o de mudas. As variedades mais procuradas s\u00e3o a tuia-holandesa, conhecida por seu aroma c\u00edtrico e folhagem clara, e a tuia-strickta, que possui uma colora\u00e7\u00e3o mais escura. Essas plantas s\u00e3o oferecidas em tamanhos variados, atendendo \u00e0s diferentes necessidades dos consumidores.<\/p>\n\n\n\n<h2 class=\"wp-block-heading\"><strong>Como plantar e cuidar de tuias em vasos<\/strong><\/h2>\n\n\n\n<p>Para aqueles que desejam manter a tuia como parte da decora\u00e7\u00e3o natalina, \u00e9 importante saber como plant\u00e1-la e cuidar dela adequadamente. Inicialmente, a \u00e1rvore pode ser mantida no vaso em que foi comprada. Ap\u00f3s o Natal, recomenda-se transplant\u00e1-la para o jardim, onde poder\u00e1 crescer sob luz solar direta.<\/p>\n\n\n\n<figure class=\"wp-block-image size-large\"><img decoding=\"async\" width=\"1024\" height=\"576\" src=\"https:\/\/www.correiobraziliense.com.br\/cbradar\/wp-content\/uploads\/2025\/04\/plantando_1744380014981-1024x576.jpg\" alt=\"Como Acompanhar o Crescimento das Tuias Holandesas em Casa\n\n\" class=\"wp-image-22061\" srcset=\"https:\/\/www.correiobraziliense.com.br\/cbradar\/wp-content\/uploads\/2025\/04\/plantando_1744380014981-1024x576.jpg 1024w, https:\/\/www.correiobraziliense.com.br\/cbradar\/wp-content\/uploads\/2025\/04\/plantando_1744380014981-300x169.jpg 300w, https:\/\/www.correiobraziliense.com.br\/cbradar\/wp-content\/uploads\/2025\/04\/plantando_1744380014981-768x432.jpg 768w, https:\/\/www.correiobraziliense.com.br\/cbradar\/wp-content\/uploads\/2025\/04\/plantando_1744380014981-750x422.jpg 750w, https:\/\/www.correiobraziliense.com.br\/cbradar\/wp-content\/uploads\/2025\/04\/plantando_1744380014981-1140x641.jpg 1140w, https:\/\/www.correiobraziliense.com.br\/cbradar\/wp-content\/uploads\/2025\/04\/plantando_1744380014981.jpg 1280w\" sizes=\"(max-width: 1024px) 100vw, 1024px\" \/><figcaption class=\"wp-element-caption\">plantando.Cr\u00e9ditos: depositphotos.com \/ VadimVasenin<\/figcaption><\/figure>\n\n\n\n<p>Antes de realizar o transplante, \u00e9 aconselh\u00e1vel adaptar a planta \u00e0 luz solar gradualmente. Coloque o vaso em um local que receba luz solar parcial por alguns dias. Ap\u00f3s esse per\u00edodo, pode-se realizar uma poda leve para estimular o crescimento encorpado da \u00e1rvore. A cova para o plantio deve ter aproximadamente 50 cm de largura e profundidade.<\/p>\n\n\n\n<h2 class=\"wp-block-heading\"><strong>Quais cuidados s\u00e3o necess\u00e1rios para o desenvolvimento das tuias?<\/strong><\/h2>\n\n\n\n<p>O cuidado com as tuias envolve regas regulares e a escolha de um local adequado para o plantio. Durante o tempo em que estiverem no vaso, as tuias devem ser regadas diariamente. No solo, a frequ\u00eancia pode ser reduzida para a cada dois dias. \u00c9 crucial molhar apenas o substrato, evitando as folhas.<\/p>\n\n\n\n<p>As tuias prosperam em ambientes bem ventilados, com exposi\u00e7\u00e3o solar direta e temperaturas que n\u00e3o ultrapassem 28\u00baC. Ap\u00f3s o per\u00edodo natalino, o ideal \u00e9 transplantar a \u00e1rvore para um vaso maior ou diretamente no jardim, permitindo que as ra\u00edzes se desenvolvam plenamente.<\/p>\n\n\n\n<h2 class=\"wp-block-heading\"><strong>Onde comprar e quanto custa uma \u00e1rvore de natal natural?<\/strong><\/h2>\n\n\n\n<p>As tuias-holandesas e strickta est\u00e3o amplamente dispon\u00edveis em supermercados, floriculturas e lojas especializadas em jardinagem. Os pre\u00e7os variam conforme o tamanho da muda. As tuias de 30 a 40 cm custam em m\u00e9dia R$ 26, enquanto as de 60 cm podem ser adquiridas por R$ 50. J\u00e1 as mudas de pinheiro-americano, com 30 cm, t\u00eam um pre\u00e7o m\u00e9dio de R$ 33.<\/p>\n\n\n\n<h2 class=\"wp-block-heading\"><strong>Qual \u00e9 a diferen\u00e7a entre tuias e pinheiros?<\/strong><\/h2>\n\n\n\n<p>Embora ambas sejam con\u00edferas, as tuias e os pinheiros apresentam caracter\u00edsticas distintas. O pinheiro-americano, t\u00edpico do Hemisf\u00e9rio Norte, possui galhos longos e esparsos, al\u00e9m de folhas que se assemelham a agulhas. Essa esp\u00e9cie pode atingir alturas impressionantes, variando de 18 a 30 metros.<\/p>\n\n\n\n<p>Por outro lado, as tuias, como a holandesa e a strickta, s\u00e3o origin\u00e1rias dos Estados Unidos e s\u00e3o conhecidas por sua folhagem densa e compacta. A tuia-holandesa tem um aroma c\u00edtrico caracter\u00edstico, enquanto a strickta apresenta folhas mais escuras e densas. Recentemente, vers\u00f5es coloridas das tuias t\u00eam sido introduzidas no mercado, oferecendo uma op\u00e7\u00e3o ainda mais decorativa para o Natal.<\/p>\n","protected":false},"excerpt":{"rendered":"<p>As tuias-holandesas est\u00e3o se tornando uma popular alternativa \u00e0s \u00e1rvores de Natal artificiais no Brasil. Saiba mais sobre seu cultivo e cuidados.<\/p>\n","protected":false},"author":3,"featured_media":22060,"comment_status":"open","ping_status":"open","sticky":false,"template":"","format":"standard","meta":{"_yoast_wpseo_focuskw":"plantar \u00e1rvore d enatal","_yoast_wpseo_title":"%%title%%","_yoast_wpseo_metadesc":"As tuias-holandesas est\u00e3o se tornando uma popular alternativa \u00e0s \u00e1rvores de Natal artificiais no Brasil. Saiba mais sobre seu cultivo e cuidados.","jnews-multi-image_gallery":[],"jnews_single_post":{"format":"standard"},"jnews_primary_category":[],"jnews_social_meta":[],"jnews_override_counter":[],"footnotes":""},"categories":[136],"post_tag":[3184,137],"class_list":["post-22059","post","type-post","status-publish","format-standard","has-post-thumbnail","hentry","category-jardinagem","tag-arvore-de-natal","tag-como-plantar"],"yoast_head":"<!-- This site is optimized with the Yoast SEO plugin v24.6 - https:\/\/yoast.com\/wordpress\/plugins\/seo\/ -->\n<title>Aprenda a plantar a \u00e1rvore-de-natal na sua pr\u00f3pria casa<\/title>\n<meta name=\"description\" content=\"As tuias-holandesas est\u00e3o se tornando uma popular alternativa \u00e0s \u00e1rvores de Natal artificiais no Brasil. Saiba mais sobre seu cultivo e cuidados.\" \/>\n<meta name=\"robots\" content=\"index, follow, max-snippet:-1, max-image-preview:large, max-video-preview:-1\" \/>\n<link rel=\"canonical\" href=\"https:\/\/www.correiobraziliense.com.br\/cbradar\/aprenda-a-plantar-a-arvore-de-natal-na-sua-propria-casa\/\" \/>\n<meta property=\"og:locale\" content=\"pt_BR\" \/>\n<meta property=\"og:type\" content=\"article\" \/>\n<meta property=\"og:title\" content=\"Aprenda a plantar a \u00e1rvore-de-natal na sua pr\u00f3pria casa\" \/>\n<meta property=\"og:description\" content=\"As tuias-holandesas est\u00e3o se tornando uma popular alternativa \u00e0s \u00e1rvores de Natal artificiais no Brasil. Saiba mais sobre seu cultivo e cuidados.\" \/>\n<meta property=\"og:url\" content=\"https:\/\/www.correiobraziliense.com.br\/cbradar\/aprenda-a-plantar-a-arvore-de-natal-na-sua-propria-casa\/\" \/>\n<meta property=\"og:site_name\" content=\"Correio Braziliense - Radar\" \/>\n<meta property=\"article:published_time\" content=\"2025-04-12T23:30:00+00:00\" \/>\n<meta property=\"og:image\" content=\"https:\/\/www.correiobraziliense.com.br\/cbradar\/wp-content\/uploads\/2025\/04\/plantando_1744379928910.jpg\" \/>\n\t<meta property=\"og:image:width\" content=\"1280\" \/>\n\t<meta property=\"og:image:height\" content=\"720\" \/>\n\t<meta property=\"og:image:type\" content=\"image\/jpeg\" \/>\n<meta name=\"author\" content=\"Larissa Carvalho\" \/>\n<meta name=\"twitter:card\" content=\"summary_large_image\" \/>\n<meta name=\"twitter:label1\" content=\"Escrito por\" \/>\n\t<meta name=\"twitter:data1\" content=\"Larissa Carvalho\" \/>\n\t<meta name=\"twitter:label2\" content=\"Est. tempo de leitura\" \/>\n\t<meta name=\"twitter:data2\" content=\"4 minutos\" \/>\n<!-- \/ Yoast SEO plugin. -->","yoast_head_json":{"title":"Aprenda a plantar a \u00e1rvore-de-natal na sua pr\u00f3pria casa","description":"As tuias-holandesas est\u00e3o se tornando uma popular alternativa \u00e0s \u00e1rvores de Natal artificiais no Brasil. Saiba mais sobre seu cultivo e cuidados.","robots":{"index":"index","follow":"follow","max-snippet":"max-snippet:-1","max-image-preview":"max-image-preview:large","max-video-preview":"max-video-preview:-1"},"canonical":"https:\/\/www.correiobraziliense.com.br\/cbradar\/aprenda-a-plantar-a-arvore-de-natal-na-sua-propria-casa\/","og_locale":"pt_BR","og_type":"article","og_title":"Aprenda a plantar a \u00e1rvore-de-natal na sua pr\u00f3pria casa","og_description":"As tuias-holandesas est\u00e3o se tornando uma popular alternativa \u00e0s \u00e1rvores de Natal artificiais no Brasil. Saiba mais sobre seu cultivo e cuidados.","og_url":"https:\/\/www.correiobraziliense.com.br\/cbradar\/aprenda-a-plantar-a-arvore-de-natal-na-sua-propria-casa\/","og_site_name":"Correio Braziliense - Radar","article_published_time":"2025-04-12T23:30:00+00:00","og_image":[{"width":1280,"height":720,"url":"https:\/\/www.correiobraziliense.com.br\/cbradar\/wp-content\/uploads\/2025\/04\/plantando_1744379928910.jpg","type":"image\/jpeg"}],"author":"Larissa Carvalho","twitter_card":"summary_large_image","twitter_misc":{"Escrito por":"Larissa Carvalho","Est. tempo de leitura":"4 minutos"},"schema":{"@context":"https:\/\/schema.org","@graph":[{"@type":"WebPage","@id":"https:\/\/www.correiobraziliense.com.br\/cbradar\/aprenda-a-plantar-a-arvore-de-natal-na-sua-propria-casa\/","url":"https:\/\/www.correiobraziliense.com.br\/cbradar\/aprenda-a-plantar-a-arvore-de-natal-na-sua-propria-casa\/","name":"Aprenda a plantar a \u00e1rvore-de-natal na sua pr\u00f3pria casa","isPartOf":{"@id":"https:\/\/www.correiobraziliense.com.br\/cbradar\/#website"},"primaryImageOfPage":{"@id":"https:\/\/www.correiobraziliense.com.br\/cbradar\/aprenda-a-plantar-a-arvore-de-natal-na-sua-propria-casa\/#primaryimage"},"image":{"@id":"https:\/\/www.correiobraziliense.com.br\/cbradar\/aprenda-a-plantar-a-arvore-de-natal-na-sua-propria-casa\/#primaryimage"},"thumbnailUrl":"https:\/\/www.correiobraziliense.com.br\/cbradar\/wp-content\/uploads\/2025\/04\/plantando_1744379928910.jpg","datePublished":"2025-04-12T23:30:00+00:00","author":{"@id":"https:\/\/www.correiobraziliense.com.br\/cbradar\/#\/schema\/person\/58422787644df994b53a19d3e56c1513"},"description":"As tuias-holandesas est\u00e3o se tornando uma popular alternativa \u00e0s \u00e1rvores de Natal artificiais no Brasil. Saiba mais sobre seu cultivo e cuidados.","breadcrumb":{"@id":"https:\/\/www.correiobraziliense.com.br\/cbradar\/aprenda-a-plantar-a-arvore-de-natal-na-sua-propria-casa\/#breadcrumb"},"inLanguage":"pt-BR","potentialAction":[{"@type":"ReadAction","target":["https:\/\/www.correiobraziliense.com.br\/cbradar\/aprenda-a-plantar-a-arvore-de-natal-na-sua-propria-casa\/"]}]},{"@type":"ImageObject","inLanguage":"pt-BR","@id":"https:\/\/www.correiobraziliense.com.br\/cbradar\/aprenda-a-plantar-a-arvore-de-natal-na-sua-propria-casa\/#primaryimage","url":"https:\/\/www.correiobraziliense.com.br\/cbradar\/wp-content\/uploads\/2025\/04\/plantando_1744379928910.jpg","contentUrl":"https:\/\/www.correiobraziliense.com.br\/cbradar\/wp-content\/uploads\/2025\/04\/plantando_1744379928910.jpg","width":1280,"height":720,"caption":"plantando.Cr\u00e9ditos: depositphotos.com \/ VitalikRadko"},{"@type":"BreadcrumbList","@id":"https:\/\/www.correiobraziliense.com.br\/cbradar\/aprenda-a-plantar-a-arvore-de-natal-na-sua-propria-casa\/#breadcrumb","itemListElement":[{"@type":"ListItem","position":1,"name":"In\u00edcio","item":"https:\/\/www.correiobraziliense.com.br\/cbradar\/"},{"@type":"ListItem","position":2,"name":"Aprenda a plantar a \u00e1rvore-de-natal na sua pr\u00f3pria casa"}]},{"@type":"WebSite","@id":"https:\/\/www.correiobraziliense.com.br\/cbradar\/#website","url":"https:\/\/www.correiobraziliense.com.br\/cbradar\/","name":"Correio Braziliense - Radar","description":"Acompanhe as \u00faltimas not\u00edcias e fique bem informado sobre tudo o que acontece no Brasil e no mundo.","potentialAction":[{"@type":"SearchAction","target":{"@type":"EntryPoint","urlTemplate":"https:\/\/www.correiobraziliense.com.br\/cbradar\/?s={search_term_string}"},"query-input":{"@type":"PropertyValueSpecification","valueRequired":true,"valueName":"search_term_string"}}],"inLanguage":"pt-BR"},{"@type":"Person","@id":"https:\/\/www.correiobraziliense.com.br\/cbradar\/#\/schema\/person\/58422787644df994b53a19d3e56c1513","name":"Larissa Carvalho","image":{"@type":"ImageObject","inLanguage":"pt-BR","@id":"https:\/\/www.correiobraziliense.com.br\/cbradar\/#\/schema\/person\/image\/","url":"https:\/\/secure.gravatar.com\/avatar\/fe4f91a0de32b52a838d0d612abdc1aa?s=96&d=mm&r=g","contentUrl":"https:\/\/secure.gravatar.com\/avatar\/fe4f91a0de32b52a838d0d612abdc1aa?s=96&d=mm&r=g","caption":"Larissa Carvalho"},"url":"https:\/\/www.correiobraziliense.com.br\/cbradar\/author\/larissamyth\/"}]}},"_links":{"self":[{"href":"https:\/\/www.correiobraziliense.com.br\/cbradar\/wp-json\/wp\/v2\/posts\/22059","targetHints":{"allow":["GET"]}}],"collection":[{"href":"https:\/\/www.correiobraziliense.com.br\/cbradar\/wp-json\/wp\/v2\/posts"}],"about":[{"href":"https:\/\/www.correiobraziliense.com.br\/cbradar\/wp-json\/wp\/v2\/types\/post"}],"author":[{"embeddable":true,"href":"https:\/\/www.correiobraziliense.com.br\/cbradar\/wp-json\/wp\/v2\/users\/3"}],"replies":[{"embeddable":true,"href":"https:\/\/www.correiobraziliense.com.br\/cbradar\/wp-json\/wp\/v2\/comments?post=22059"}],"version-history":[{"count":2,"href":"https:\/\/www.correiobraziliense.com.br\/cbradar\/wp-json\/wp\/v2\/posts\/22059\/revisions"}],"predecessor-version":[{"id":22151,"href":"https:\/\/www.correiobraziliense.com.br\/cbradar\/wp-json\/wp\/v2\/posts\/22059\/revisions\/22151"}],"wp:featuredmedia":[{"embeddable":true,"href":"https:\/\/www.correiobraziliense.com.br\/cbradar\/wp-json\/wp\/v2\/media\/22060"}],"wp:attachment":[{"href":"https:\/\/www.correiobraziliense.com.br\/cbradar\/wp-json\/wp\/v2\/media?parent=22059"}],"wp:term":[{"taxonomy":"category","embeddable":true,"href":"https:\/\/www.correiobraziliense.com.br\/cbradar\/wp-json\/wp\/v2\/categories?post=22059"},{"taxonomy":"post_tag","embeddable":true,"href":"https:\/\/www.correiobraziliense.com.br\/cbradar\/wp-json\/wp\/v2\/post_tag?post=22059"}],"curies":[{"name":"wp","href":"https:\/\/api.w.org\/{rel}","templated":true}]}}