{"id":22101,"date":"2025-04-12T08:10:40","date_gmt":"2025-04-12T11:10:40","guid":{"rendered":"https:\/\/www.correiobraziliense.com.br\/cbradar\/?p=22101"},"modified":"2025-04-11T14:35:11","modified_gmt":"2025-04-11T17:35:11","slug":"como-cultivar-feijao-em-casa-de-forma-facil-e-rapida","status":"publish","type":"post","link":"https:\/\/www.correiobraziliense.com.br\/cbradar\/como-cultivar-feijao-em-casa-de-forma-facil-e-rapida\/","title":{"rendered":"Como cultivar feij\u00e3o em casa de forma f\u00e1cil e r\u00e1pida"},"content":{"rendered":"\n<p>O <strong>feij\u00e3o<\/strong> \u00e9 uma das <a href=\"https:\/\/www.correiobraziliense.com.br\/cbradar\/legumes-que-crescem-rapido-e-sao-faceis-de-cultivar\/\" target=\"_blank\" rel=\"noreferrer noopener\">leguminosas <\/a>mais populares no <strong>Brasil<\/strong> e no <strong>mundo<\/strong>, essencial na alimenta\u00e7\u00e3o di\u00e1ria, al\u00e9m de ser uma planta f\u00e1cil de cultivar. Quando plantado de maneira correta, o feij\u00e3o pode ser uma excelente op\u00e7\u00e3o para quem deseja cultivar alimentos de forma sustent\u00e1vel em casa, seja no quintal, jardim ou at\u00e9 em vasos.<\/p>\n\n\n\n<p>Se voc\u00ea est\u00e1 interessado em aprender <strong>como plantar feij\u00e3o<\/strong> e obter uma colheita saud\u00e1vel, continue lendo e descubra as melhores dicas e t\u00e9cnicas para ter uma horta produtiva.<\/p>\n\n\n\n<h2 class=\"wp-block-heading\">Quais as condi\u00e7\u00f5es ideais para plantar?<\/h2>\n\n\n\n<p>O feij\u00e3o, assim como outras leguminosas, tem algumas necessidades espec\u00edficas para crescer bem. A planta n\u00e3o \u00e9 muito exigente, mas certas condi\u00e7\u00f5es ajudam a garantir uma boa colheita.<\/p>\n\n\n\n<ul class=\"wp-block-list\">\n<li><strong>Clima<\/strong>: O feij\u00e3o cresce melhor em climas quentes, com temperaturas entre <strong>20\u00b0C e 30\u00b0C<\/strong>.<\/li>\n\n\n\n<li><strong>Luz<\/strong>: Precisa de <strong>sol pleno<\/strong>. Escolha um local que receba luz direta durante a maior parte do dia.<\/li>\n\n\n\n<li><strong>Solo<\/strong>: O solo ideal deve ser bem drenado, leve, f\u00e9rtil e com pH entre 5,5 e 7.<\/li>\n\n\n\n<li><strong>\u00c1gua<\/strong>: Embora o feij\u00e3o seja resistente a per\u00edodos secos, ele necessita de rega regular para que o solo fique sempre \u00famido, mas n\u00e3o encharcado.<\/li>\n<\/ul>\n\n\n\n<h2 class=\"wp-block-heading\">Como plantar no solo?<\/h2>\n\n\n\n<p>Se voc\u00ea tem um espa\u00e7o maior no jardim ou no quintal, o plantio no solo \u00e9 uma \u00f3tima op\u00e7\u00e3o.<\/p>\n\n\n\n<h3 class=\"wp-block-heading\">Passo a passo para o plantio:<\/h3>\n\n\n\n<ol class=\"wp-block-list\">\n<li><strong>Prepara\u00e7\u00e3o do solo<\/strong>: Escolha um local ensolarado e prepare a terra, retirando pedras e ra\u00edzes. Adicione <strong>adubo org\u00e2nico<\/strong> ou <strong>composto<\/strong> para melhorar a fertilidade.<\/li>\n\n\n\n<li><strong>Plantio das sementes<\/strong>: Fa\u00e7a sulcos com cerca de 5 cm de profundidade e plante as sementes de feij\u00e3o a uma dist\u00e2ncia de 10 cm entre elas. Cubra levemente com terra.<\/li>\n\n\n\n<li><strong>Espa\u00e7amento<\/strong>: Deixe 30 cm entre as linhas para garantir que as plantas tenham espa\u00e7o suficiente para se espalharem.<\/li>\n\n\n\n<li><strong>Regue com cuidado<\/strong>: Ap\u00f3s o plantio, regue bem para ajudar na germina\u00e7\u00e3o. Mantenha o solo \u00famido, mas n\u00e3o encharcado.<\/li>\n<\/ol>\n\n\n\n<h2 class=\"wp-block-heading\">Como plantar em vaso?<\/h2>\n\n\n\n<p>Mesmo quem tem pouco espa\u00e7o pode cultivar feij\u00e3o em vasos. Se voc\u00ea deseja cultivar feij\u00e3o em casa, seja em um pequeno jardim ou at\u00e9 em uma varanda, o vaso \u00e9 uma excelente op\u00e7\u00e3o.<\/p>\n\n\n\n<h3 class=\"wp-block-heading\">Passo a passo para o plantio em vaso:<\/h3>\n\n\n\n<ol class=\"wp-block-list\">\n<li><strong>Escolha do vaso<\/strong>: Escolha um vaso de pelo menos 30 cm de profundidade e com furos para drenagem.<\/li>\n\n\n\n<li><strong>Preparo do solo<\/strong>: Use <strong>terra vegetal<\/strong> misturada com <strong>areia<\/strong> para garantir uma boa drenagem.<\/li>\n\n\n\n<li><strong>Plantio das sementes<\/strong>: Plante as sementes de feij\u00e3o de forma similar ao plantio no solo. Coloque 2-3 sementes por vaso e cubra com terra.<\/li>\n\n\n\n<li><strong>Cuidados ap\u00f3s o plantio<\/strong>: Regue sempre que o solo estiver seco. A planta de feij\u00e3o em vaso vai precisar de cuidados especiais com a drenagem para evitar o apodrecimento das ra\u00edzes.<\/li>\n<\/ol>\n\n\n<div class=\"wp-block-image\">\n<figure class=\"aligncenter size-large\"><img decoding=\"async\" width=\"1024\" height=\"576\" src=\"https:\/\/www.correiobraziliense.com.br\/cbradar\/wp-content\/uploads\/2025\/04\/feijao-planta_1744392688026-1024x576.jpg\" alt=\"\" class=\"wp-image-22108\" srcset=\"https:\/\/www.correiobraziliense.com.br\/cbradar\/wp-content\/uploads\/2025\/04\/feijao-planta_1744392688026-1024x576.jpg 1024w, https:\/\/www.correiobraziliense.com.br\/cbradar\/wp-content\/uploads\/2025\/04\/feijao-planta_1744392688026-300x169.jpg 300w, https:\/\/www.correiobraziliense.com.br\/cbradar\/wp-content\/uploads\/2025\/04\/feijao-planta_1744392688026-768x432.jpg 768w, https:\/\/www.correiobraziliense.com.br\/cbradar\/wp-content\/uploads\/2025\/04\/feijao-planta_1744392688026-750x422.jpg 750w, https:\/\/www.correiobraziliense.com.br\/cbradar\/wp-content\/uploads\/2025\/04\/feijao-planta_1744392688026-1140x641.jpg 1140w, https:\/\/www.correiobraziliense.com.br\/cbradar\/wp-content\/uploads\/2025\/04\/feijao-planta_1744392688026.jpg 1280w\" sizes=\"(max-width: 1024px) 100vw, 1024px\" \/><figcaption class=\"wp-element-caption\">Planta\u00e7\u00e3o de feij\u00e3o &#8211; Cr\u00e9ditos: depositphotos.com \/ zhiqianghu<\/figcaption><\/figure><\/div>\n\n\n<h2 class=\"wp-block-heading\">Como cuidar?<\/h2>\n\n\n\n<p>Embora o feij\u00e3o seja uma planta relativamente resistente, ele requer alguns cuidados para garantir que a colheita seja bem-sucedida.<\/p>\n\n\n\n<h3 class=\"wp-block-heading\">1. <strong>Rega<\/strong><\/h3>\n\n\n\n<p>O feij\u00e3o necessita de rega constante. Durante a fase de germina\u00e7\u00e3o, regue o solo para manter a umidade. Ap\u00f3s a germina\u00e7\u00e3o, regue de maneira regular, mas com modera\u00e7\u00e3o, para n\u00e3o deixar o solo encharcado.<\/p>\n\n\n\n<h3 class=\"wp-block-heading\">2. <strong>Aduba\u00e7\u00e3o<\/strong><\/h3>\n\n\n\n<p>A aduba\u00e7\u00e3o do feij\u00e3o \u00e9 importante para garantir um bom crescimento. Utilize adubo org\u00e2nico ou NPK 4-14-8, aplicando-o na base das plantas uma vez por m\u00eas.<\/p>\n\n\n\n<h3 class=\"wp-block-heading\">3. <strong>Controle de pragas e doen\u00e7as<\/strong><\/h3>\n\n\n\n<p>O feij\u00e3o pode ser atacado por pragas como <strong>pulg\u00f5es, \u00e1caros e moscas brancas<\/strong>, al\u00e9m de doen\u00e7as f\u00fangicas. Para control\u00e1-las, utilize pesticidas naturais como <strong>calda de fumo<\/strong> ou <strong>\u00f3leo de neem<\/strong>.<\/p>\n\n\n\n<h3 class=\"wp-block-heading\">4. <strong>Poda<\/strong><\/h3>\n\n\n\n<p>O feij\u00e3o n\u00e3o precisa de muitas podas. Apenas retire folhas secas ou doentes para evitar o crescimento de fungos.<\/p>\n\n\n\n<h2 class=\"wp-block-heading\">Quanto tempo leva para  crescer e dar frutos?<\/h2>\n\n\n\n<p>O feij\u00e3o \u00e9 uma planta de ciclo curto, e a colheita pode ocorrer <strong>entre 60 e 90 dias<\/strong> ap\u00f3s o plantio, dependendo da variedade. Quando as vagens come\u00e7am a secar e a planta apresenta folhas amareladas, \u00e9 sinal de que o feij\u00e3o est\u00e1 pronto para ser colhido.<\/p>\n\n\n\n<ul class=\"wp-block-list\">\n<li><strong>Colheita<\/strong>: As vagens de feij\u00e3o devem ser retiradas da planta quando estiverem secas. Retire as vagens com cuidado e guarde em local seco e ventilado para que o feij\u00e3o termine de secar.<\/li>\n<\/ul>\n\n\n\n<h2 class=\"wp-block-heading\">Quais s\u00e3o as variedades mais comuns para o cultivo?<\/h2>\n\n\n\n<p>No Brasil, as variedades de feij\u00e3o mais cultivadas incluem:<\/p>\n\n\n\n<ul class=\"wp-block-list\">\n<li><strong>Feij\u00e3o preto<\/strong>: Ideal para pratos t\u00edpicos como feij\u00e3o tropeiro e feijoada.<\/li>\n\n\n\n<li><strong>Feij\u00e3o carioca<\/strong>: Popular na culin\u00e1ria brasileira, especialmente em pratos como feij\u00e3o com arroz.<\/li>\n\n\n\n<li><strong>Feij\u00e3o branco<\/strong>: Usado em caldos, saladas e pratos refinados.<\/li>\n\n\n\n<li><strong>Feij\u00e3o verde<\/strong>: Menor e mais suave, ideal para sopas e saladas frescas.<\/li>\n<\/ul>\n\n\n\n<p>Cada variedade tem um tempo de matura\u00e7\u00e3o e uma exig\u00eancia de cultivo ligeiramente diferente, mas todos podem ser cultivados de forma similar.<\/p>\n\n\n\n<h2 class=\"wp-block-heading\">FAQ <\/h2>\n\n\n\n<p><strong>1. O feij\u00e3o pode ser plantado o ano todo?<\/strong><br>O feij\u00e3o prefere temperaturas amenas e cresce melhor durante a primavera e o ver\u00e3o. Evite plantar em meses de temperaturas muito baixas ou geadas.<\/p>\n\n\n\n<p><strong>2. Posso plantar feij\u00e3o em um espa\u00e7o pequeno?<\/strong><br>Sim! Feij\u00e3o pode ser plantado em vasos ou canteiros pequenos, desde que tenha boa exposi\u00e7\u00e3o solar e espa\u00e7o suficiente para o crescimento das plantas.<\/p>\n\n\n\n<p><strong>3. O feij\u00e3o precisa de muito cuidado?<\/strong><br>N\u00e3o. O feij\u00e3o \u00e9 uma planta resistente, mas requer cuidados com a rega, aduba\u00e7\u00e3o e controle de pragas.<\/p>\n\n\n\n<p><strong>4. Como saber quando o feij\u00e3o est\u00e1 pronto para ser colhido?<\/strong><br>O feij\u00e3o est\u00e1 pronto para ser colhido quando as vagens secam e as folhas come\u00e7am a amarelar.<\/p>\n\n\n\n<p><strong>5. Feij\u00e3o pode ser cultivado em solo pobre?<\/strong><br>Embora o feij\u00e3o se adapte a diversos tipos de solo, ele se desenvolve melhor em solos f\u00e9rteis e bem drenados.<\/p>\n","protected":false},"excerpt":{"rendered":"<p>O feij\u00e3o \u00e9 uma das leguminosas mais populares no Brasil e no mundo, essencial na alimenta\u00e7\u00e3o di\u00e1ria, al\u00e9m de ser uma planta f\u00e1cil de cultivar. Quando plantado de maneira correta, o feij\u00e3o pode ser uma excelente op\u00e7\u00e3o para quem deseja cultivar alimentos de forma sustent\u00e1vel em casa, seja no quintal, jardim ou at\u00e9 em vasos. [&hellip;]<\/p>\n","protected":false},"author":9,"featured_media":22109,"comment_status":"open","ping_status":"open","sticky":false,"template":"","format":"standard","meta":{"_yoast_wpseo_focuskw":"cultivar feij\u00e3o","_yoast_wpseo_title":"%%title%% %%page%%","_yoast_wpseo_metadesc":"Plante feij\u00e3o em casa e aprenda como cultivar essa leguminosa nutritiva de forma simples, com dicas de cuidados e colheita.","jnews-multi-image_gallery":[],"jnews_single_post":{"format":"standard"},"jnews_primary_category":[],"jnews_social_meta":[],"jnews_override_counter":[],"footnotes":""},"categories":[136],"post_tag":[3158,3159,3160,3161],"class_list":["post-22101","post","type-post","status-publish","format-standard","has-post-thumbnail","hentry","category-jardinagem","tag-cultivo-de-feijao","tag-feijao-em-vaso","tag-feijao-no-jardim","tag-legumes-para-cultivar"],"yoast_head":"<!-- This site is optimized with the Yoast SEO plugin v24.6 - https:\/\/yoast.com\/wordpress\/plugins\/seo\/ -->\n<title>Como cultivar feij\u00e3o em casa de forma f\u00e1cil e r\u00e1pida<\/title>\n<meta name=\"description\" content=\"Plante feij\u00e3o em casa e aprenda como cultivar essa leguminosa nutritiva de forma simples, com dicas de cuidados e colheita.\" \/>\n<meta name=\"robots\" content=\"index, follow, max-snippet:-1, max-image-preview:large, max-video-preview:-1\" \/>\n<link rel=\"canonical\" href=\"https:\/\/www.correiobraziliense.com.br\/cbradar\/como-cultivar-feijao-em-casa-de-forma-facil-e-rapida\/\" \/>\n<meta property=\"og:locale\" content=\"pt_BR\" \/>\n<meta property=\"og:type\" content=\"article\" \/>\n<meta property=\"og:title\" content=\"Como cultivar feij\u00e3o em casa de forma f\u00e1cil e r\u00e1pida\" \/>\n<meta property=\"og:description\" content=\"Plante feij\u00e3o em casa e aprenda como cultivar essa leguminosa nutritiva de forma simples, com dicas de cuidados e colheita.\" \/>\n<meta property=\"og:url\" content=\"https:\/\/www.correiobraziliense.com.br\/cbradar\/como-cultivar-feijao-em-casa-de-forma-facil-e-rapida\/\" \/>\n<meta property=\"og:site_name\" content=\"Correio Braziliense - Radar\" \/>\n<meta property=\"article:published_time\" content=\"2025-04-12T11:10:40+00:00\" \/>\n<meta property=\"og:image\" content=\"https:\/\/www.correiobraziliense.com.br\/cbradar\/wp-content\/uploads\/2025\/04\/feijao-_1744392741391.jpg\" \/>\n\t<meta property=\"og:image:width\" content=\"1280\" \/>\n\t<meta property=\"og:image:height\" content=\"720\" \/>\n\t<meta property=\"og:image:type\" content=\"image\/jpeg\" \/>\n<meta name=\"author\" content=\"Daniely Cardoso\" \/>\n<meta name=\"twitter:card\" content=\"summary_large_image\" \/>\n<meta name=\"twitter:label1\" content=\"Escrito por\" \/>\n\t<meta name=\"twitter:data1\" content=\"Daniely Cardoso\" \/>\n\t<meta name=\"twitter:label2\" content=\"Est. tempo de leitura\" \/>\n\t<meta name=\"twitter:data2\" content=\"6 minutos\" \/>\n<!-- \/ Yoast SEO plugin. -->","yoast_head_json":{"title":"Como cultivar feij\u00e3o em casa de forma f\u00e1cil e r\u00e1pida","description":"Plante feij\u00e3o em casa e aprenda como cultivar essa leguminosa nutritiva de forma simples, com dicas de cuidados e colheita.","robots":{"index":"index","follow":"follow","max-snippet":"max-snippet:-1","max-image-preview":"max-image-preview:large","max-video-preview":"max-video-preview:-1"},"canonical":"https:\/\/www.correiobraziliense.com.br\/cbradar\/como-cultivar-feijao-em-casa-de-forma-facil-e-rapida\/","og_locale":"pt_BR","og_type":"article","og_title":"Como cultivar feij\u00e3o em casa de forma f\u00e1cil e r\u00e1pida","og_description":"Plante feij\u00e3o em casa e aprenda como cultivar essa leguminosa nutritiva de forma simples, com dicas de cuidados e colheita.","og_url":"https:\/\/www.correiobraziliense.com.br\/cbradar\/como-cultivar-feijao-em-casa-de-forma-facil-e-rapida\/","og_site_name":"Correio Braziliense - Radar","article_published_time":"2025-04-12T11:10:40+00:00","og_image":[{"width":1280,"height":720,"url":"https:\/\/www.correiobraziliense.com.br\/cbradar\/wp-content\/uploads\/2025\/04\/feijao-_1744392741391.jpg","type":"image\/jpeg"}],"author":"Daniely Cardoso","twitter_card":"summary_large_image","twitter_misc":{"Escrito por":"Daniely Cardoso","Est. tempo de leitura":"6 minutos"},"schema":{"@context":"https:\/\/schema.org","@graph":[{"@type":"WebPage","@id":"https:\/\/www.correiobraziliense.com.br\/cbradar\/como-cultivar-feijao-em-casa-de-forma-facil-e-rapida\/","url":"https:\/\/www.correiobraziliense.com.br\/cbradar\/como-cultivar-feijao-em-casa-de-forma-facil-e-rapida\/","name":"Como cultivar feij\u00e3o em casa de forma f\u00e1cil e r\u00e1pida","isPartOf":{"@id":"https:\/\/www.correiobraziliense.com.br\/cbradar\/#website"},"primaryImageOfPage":{"@id":"https:\/\/www.correiobraziliense.com.br\/cbradar\/como-cultivar-feijao-em-casa-de-forma-facil-e-rapida\/#primaryimage"},"image":{"@id":"https:\/\/www.correiobraziliense.com.br\/cbradar\/como-cultivar-feijao-em-casa-de-forma-facil-e-rapida\/#primaryimage"},"thumbnailUrl":"https:\/\/www.correiobraziliense.com.br\/cbradar\/wp-content\/uploads\/2025\/04\/feijao-_1744392741391.jpg","datePublished":"2025-04-12T11:10:40+00:00","author":{"@id":"https:\/\/www.correiobraziliense.com.br\/cbradar\/#\/schema\/person\/7356666e12ec0ee53f348ee5db227032"},"description":"Plante feij\u00e3o em casa e aprenda como cultivar essa leguminosa nutritiva de forma simples, com dicas de cuidados e colheita.","breadcrumb":{"@id":"https:\/\/www.correiobraziliense.com.br\/cbradar\/como-cultivar-feijao-em-casa-de-forma-facil-e-rapida\/#breadcrumb"},"inLanguage":"pt-BR","potentialAction":[{"@type":"ReadAction","target":["https:\/\/www.correiobraziliense.com.br\/cbradar\/como-cultivar-feijao-em-casa-de-forma-facil-e-rapida\/"]}]},{"@type":"ImageObject","inLanguage":"pt-BR","@id":"https:\/\/www.correiobraziliense.com.br\/cbradar\/como-cultivar-feijao-em-casa-de-forma-facil-e-rapida\/#primaryimage","url":"https:\/\/www.correiobraziliense.com.br\/cbradar\/wp-content\/uploads\/2025\/04\/feijao-_1744392741391.jpg","contentUrl":"https:\/\/www.correiobraziliense.com.br\/cbradar\/wp-content\/uploads\/2025\/04\/feijao-_1744392741391.jpg","width":1280,"height":720,"caption":"Feij\u00e3o - Cr\u00e9ditos: depositphotos.com \/ Nikilev"},{"@type":"BreadcrumbList","@id":"https:\/\/www.correiobraziliense.com.br\/cbradar\/como-cultivar-feijao-em-casa-de-forma-facil-e-rapida\/#breadcrumb","itemListElement":[{"@type":"ListItem","position":1,"name":"In\u00edcio","item":"https:\/\/www.correiobraziliense.com.br\/cbradar\/"},{"@type":"ListItem","position":2,"name":"Como cultivar feij\u00e3o em casa de forma f\u00e1cil e r\u00e1pida"}]},{"@type":"WebSite","@id":"https:\/\/www.correiobraziliense.com.br\/cbradar\/#website","url":"https:\/\/www.correiobraziliense.com.br\/cbradar\/","name":"Correio Braziliense - Radar","description":"Acompanhe as \u00faltimas not\u00edcias e fique bem informado sobre tudo o que acontece no Brasil e no mundo.","potentialAction":[{"@type":"SearchAction","target":{"@type":"EntryPoint","urlTemplate":"https:\/\/www.correiobraziliense.com.br\/cbradar\/?s={search_term_string}"},"query-input":{"@type":"PropertyValueSpecification","valueRequired":true,"valueName":"search_term_string"}}],"inLanguage":"pt-BR"},{"@type":"Person","@id":"https:\/\/www.correiobraziliense.com.br\/cbradar\/#\/schema\/person\/7356666e12ec0ee53f348ee5db227032","name":"Daniely Cardoso","image":{"@type":"ImageObject","inLanguage":"pt-BR","@id":"https:\/\/www.correiobraziliense.com.br\/cbradar\/#\/schema\/person\/image\/","url":"https:\/\/secure.gravatar.com\/avatar\/4b80ddbd124d1f071b626d52d62e5dff?s=96&d=mm&r=g","contentUrl":"https:\/\/secure.gravatar.com\/avatar\/4b80ddbd124d1f071b626d52d62e5dff?s=96&d=mm&r=g","caption":"Daniely Cardoso"},"description":"Redatora nos portais CB Radar e EM Foco, formada pela Universidade Federal de Goi\u00e1s, em Goi\u00e2nia. Apaixonada por comunica\u00e7\u00e3o, arte, decora\u00e7\u00e3o e tend\u00eancias, atuo na produ\u00e7\u00e3o de conte\u00fados envolventes sobre curiosidades, moda, beleza e paisagismo, sempre com um olhar atento \u00e0s novidades do momento.","sameAs":["https:\/\/www.correiobraziliense.com.br\/cbradar"],"url":"https:\/\/www.correiobraziliense.com.br\/cbradar\/author\/danielymyth\/"}]}},"_links":{"self":[{"href":"https:\/\/www.correiobraziliense.com.br\/cbradar\/wp-json\/wp\/v2\/posts\/22101","targetHints":{"allow":["GET"]}}],"collection":[{"href":"https:\/\/www.correiobraziliense.com.br\/cbradar\/wp-json\/wp\/v2\/posts"}],"about":[{"href":"https:\/\/www.correiobraziliense.com.br\/cbradar\/wp-json\/wp\/v2\/types\/post"}],"author":[{"embeddable":true,"href":"https:\/\/www.correiobraziliense.com.br\/cbradar\/wp-json\/wp\/v2\/users\/9"}],"replies":[{"embeddable":true,"href":"https:\/\/www.correiobraziliense.com.br\/cbradar\/wp-json\/wp\/v2\/comments?post=22101"}],"version-history":[{"count":4,"href":"https:\/\/www.correiobraziliense.com.br\/cbradar\/wp-json\/wp\/v2\/posts\/22101\/revisions"}],"predecessor-version":[{"id":22111,"href":"https:\/\/www.correiobraziliense.com.br\/cbradar\/wp-json\/wp\/v2\/posts\/22101\/revisions\/22111"}],"wp:featuredmedia":[{"embeddable":true,"href":"https:\/\/www.correiobraziliense.com.br\/cbradar\/wp-json\/wp\/v2\/media\/22109"}],"wp:attachment":[{"href":"https:\/\/www.correiobraziliense.com.br\/cbradar\/wp-json\/wp\/v2\/media?parent=22101"}],"wp:term":[{"taxonomy":"category","embeddable":true,"href":"https:\/\/www.correiobraziliense.com.br\/cbradar\/wp-json\/wp\/v2\/categories?post=22101"},{"taxonomy":"post_tag","embeddable":true,"href":"https:\/\/www.correiobraziliense.com.br\/cbradar\/wp-json\/wp\/v2\/post_tag?post=22101"}],"curies":[{"name":"wp","href":"https:\/\/api.w.org\/{rel}","templated":true}]}}