{"id":22105,"date":"2025-04-12T09:10:03","date_gmt":"2025-04-12T12:10:03","guid":{"rendered":"https:\/\/www.correiobraziliense.com.br\/cbradar\/?p=22105"},"modified":"2025-04-11T14:47:35","modified_gmt":"2025-04-11T17:47:35","slug":"plantas-medicinais-que-voce-pode-cultivar-em-sua-cozinha","status":"publish","type":"post","link":"https:\/\/www.correiobraziliense.com.br\/cbradar\/plantas-medicinais-que-voce-pode-cultivar-em-sua-cozinha\/","title":{"rendered":"Plantas medicinais que voc\u00ea pode cultivar em sua cozinha"},"content":{"rendered":"\n<p>Cultivar <strong>plantas medicinais na cozinha<\/strong> \u00e9 uma maneira pr\u00e1tica e saud\u00e1vel de ter \u00e0 m\u00e3o rem\u00e9dios naturais para v\u00e1rias necessidades di\u00e1rias. Al\u00e9m de serem \u00f3timas para o preparo de infus\u00f5es e ch\u00e1s, as plantas medicinais podem ser usadas para temperar alimentos e at\u00e9 ajudar no tratamento de pequenos problemas de sa\u00fade. Com um espa\u00e7o pequeno, como uma janela ou balc\u00e3o, \u00e9 poss\u00edvel cultivar essas plantas, aproveitando os benef\u00edcios delas de forma cont\u00ednua.<\/p>\n\n\n\n<p>Neste artigo, vamos ensinar como <a href=\"https:\/\/www.correiobraziliense.com.br\/cbradar\/como-plantar-jabuticaba-em-casa-de-forma-pratica-e-simples\/\" target=\"_blank\" rel=\"noreferrer noopener\">cultivar <\/a><strong>plantas medicinais simples<\/strong> que s\u00e3o f\u00e1ceis de cuidar e podem ser plantadas diretamente na sua cozinha.<\/p>\n\n\n\n<h2 class=\"wp-block-heading\">Quais plantas medicinais voc\u00ea pode cultivar na cozinha?<\/h2>\n\n\n\n<p>Existem v\u00e1rias plantas que podem ser cultivadas facilmente em espa\u00e7os pequenos, como janelas, prateleiras ou at\u00e9 bancadas. Vamos conhecer algumas delas e seus benef\u00edcios:<\/p>\n\n\n\n<h3 class=\"wp-block-heading\">1. <strong>Manjeric\u00e3o<\/strong><\/h3>\n\n\n\n<p>O <strong>manjeric\u00e3o<\/strong> \u00e9 uma planta medicinal conhecida por suas propriedades anti-inflamat\u00f3rias e antioxidantes. Al\u00e9m disso, ele possui um aroma incr\u00edvel que pode ser usado em pratos como molhos e saladas.<\/p>\n\n\n\n<ul class=\"wp-block-list\">\n<li><strong>Benef\u00edcios<\/strong>: Ajuda na digest\u00e3o, combate a inflama\u00e7\u00e3o e alivia dores de est\u00f4mago.<\/li>\n\n\n\n<li><strong>Como plantar<\/strong>: O manjeric\u00e3o adora luz solar, ent\u00e3o escolha um local que receba sol direto por pelo menos 6 horas ao dia. Regue com modera\u00e7\u00e3o, mantendo o solo levemente \u00famido.<\/li>\n<\/ul>\n\n\n\n<h3 class=\"wp-block-heading\">2. <strong>Hortel\u00e3<\/strong><\/h3>\n\n\n\n<p>A <strong>hortel\u00e3<\/strong> \u00e9 amplamente utilizada para aliviar problemas digestivos, como azia e gases, al\u00e9m de ser excelente para reduzir o estresse e melhorar a qualidade do sono.<\/p>\n\n\n\n<ul class=\"wp-block-list\">\n<li><strong>Benef\u00edcios<\/strong>: Melhora a digest\u00e3o, alivia dores de cabe\u00e7a e combate o estresse.<\/li>\n\n\n\n<li><strong>Como plantar<\/strong>: Prefere sombra parcial e solo bem drenado. Regue regularmente para manter a umidade do solo, mas evite encharcar.<\/li>\n<\/ul>\n\n\n<div class=\"wp-block-image\">\n<figure class=\"aligncenter size-large\"><img decoding=\"async\" width=\"1024\" height=\"576\" src=\"https:\/\/www.correiobraziliense.com.br\/cbradar\/wp-content\/uploads\/2025\/04\/hortela-_1744136173739-1024x576.jpg\" alt=\"Aprenda como cuidar da hortel\u00e3 em qualquer espa\u00e7o\" class=\"wp-image-20926\" srcset=\"https:\/\/www.correiobraziliense.com.br\/cbradar\/wp-content\/uploads\/2025\/04\/hortela-_1744136173739-1024x576.jpg 1024w, https:\/\/www.correiobraziliense.com.br\/cbradar\/wp-content\/uploads\/2025\/04\/hortela-_1744136173739-300x169.jpg 300w, https:\/\/www.correiobraziliense.com.br\/cbradar\/wp-content\/uploads\/2025\/04\/hortela-_1744136173739-768x432.jpg 768w, https:\/\/www.correiobraziliense.com.br\/cbradar\/wp-content\/uploads\/2025\/04\/hortela-_1744136173739-750x422.jpg 750w, https:\/\/www.correiobraziliense.com.br\/cbradar\/wp-content\/uploads\/2025\/04\/hortela-_1744136173739-1140x641.jpg 1140w, https:\/\/www.correiobraziliense.com.br\/cbradar\/wp-content\/uploads\/2025\/04\/hortela-_1744136173739.jpg 1280w\" sizes=\"(max-width: 1024px) 100vw, 1024px\" \/><figcaption class=\"wp-element-caption\">Ramo de hortel\u00e3 &#8211; Cr\u00e9ditos: depositphotos.com \/ anskuw<\/figcaption><\/figure><\/div>\n\n\n<h3 class=\"wp-block-heading\">3. <strong>Alecrim<\/strong><\/h3>\n\n\n\n<p>O <strong>alecrim<\/strong> \u00e9 uma planta medicinal conhecida por seu efeito estimulante sobre a mente, al\u00e9m de ser \u00f3timo para dores musculares e melhorar a circula\u00e7\u00e3o sangu\u00ednea.<\/p>\n\n\n\n<ul class=\"wp-block-list\">\n<li><strong>Benef\u00edcios<\/strong>: Ajuda a melhorar a mem\u00f3ria, alivia dores musculares e tem propriedades antioxidantes.<\/li>\n\n\n\n<li><strong>Como plantar<\/strong>: Gosta de luz solar direta e solo bem drenado. Regue apenas quando o solo estiver seco. Evite regas excessivas, pois o alecrim pode apodrecer com muita \u00e1gua.<\/li>\n<\/ul>\n\n\n\n<h3 class=\"wp-block-heading\">4. <strong>Camomila<\/strong><\/h3>\n\n\n\n<p>A <strong>camomila<\/strong> \u00e9 uma planta calmante, ideal para quem sofre de ins\u00f4nia, ansiedade ou problemas digestivos. Ela tamb\u00e9m pode ser utilizada para tratar irrita\u00e7\u00f5es na pele.<\/p>\n\n\n\n<ul class=\"wp-block-list\">\n<li><strong>Benef\u00edcios<\/strong>: Reduz a ansiedade, melhora o sono e ajuda na digest\u00e3o.<\/li>\n\n\n\n<li><strong>Como plantar<\/strong>: A camomila prefere locais com boa luz solar e solo bem drenado. Ela n\u00e3o requer muita \u00e1gua, ent\u00e3o regue apenas quando o solo estiver seco.<\/li>\n<\/ul>\n\n\n\n<h3 class=\"wp-block-heading\">5. <strong>Alho<\/strong><\/h3>\n\n\n\n<p>O <strong>alho<\/strong> n\u00e3o \u00e9 apenas um excelente tempero, mas tamb\u00e9m uma poderosa planta medicinal, com propriedades antibi\u00f3ticas e anti-inflamat\u00f3rias.<\/p>\n\n\n\n<ul class=\"wp-block-list\">\n<li><strong>Benef\u00edcios<\/strong>: Melhora a imunidade, combate infec\u00e7\u00f5es e tem efeitos anti-inflamat\u00f3rios.<\/li>\n\n\n\n<li><strong>Como plantar<\/strong>: O alho pode ser cultivado em vasos ou pequenos canteiros na cozinha. Plante dentes de alho em solo bem drenado e regue moderadamente.<\/li>\n<\/ul>\n\n\n\n<h3 class=\"wp-block-heading\">6. <strong>Salsa<\/strong><\/h3>\n\n\n\n<p>A <strong>salsa<\/strong> \u00e9 uma das ervas mais comuns, utilizada em diversas prepara\u00e7\u00f5es culin\u00e1rias. Al\u00e9m de ser saborosa, ela possui propriedades diur\u00e9ticas e antioxidantes.<\/p>\n\n\n\n<ul class=\"wp-block-list\">\n<li><strong>Benef\u00edcios<\/strong>: Ajuda a combater a reten\u00e7\u00e3o de l\u00edquidos, melhora a digest\u00e3o e possui propriedades antioxidantes.<\/li>\n\n\n\n<li><strong>Como plantar<\/strong>: A salsa prefere luz solar indireta e solo bem drenado. Regue regularmente, mas sem deixar o solo encharcado.<\/li>\n<\/ul>\n\n\n\n<h3 class=\"wp-block-heading\">7. <strong>Erva-cidreira<\/strong><\/h3>\n\n\n\n<p>A <strong>erva-cidreira<\/strong> \u00e9 uma planta calmante, muito usada para tratar ansiedade, ins\u00f4nia e problemas digestivos. Seu sabor refrescante tamb\u00e9m pode ser utilizado em ch\u00e1s e sucos.<\/p>\n\n\n\n<ul class=\"wp-block-list\">\n<li><strong>Benef\u00edcios<\/strong>: Acalma o sistema nervoso, melhora a digest\u00e3o e ajuda no sono.<\/li>\n\n\n\n<li><strong>Como plantar<\/strong>: Prefere solo bem drenado e luz solar indireta. Regue com frequ\u00eancia, mantendo o solo \u00famido, mas sem excessos.<\/li>\n<\/ul>\n\n\n\n<h2 class=\"wp-block-heading\">Como plantar e cuidar das plantas medicinais na cozinha<\/h2>\n\n\n\n<h3 class=\"wp-block-heading\">1. Escolha o local ideal<\/h3>\n\n\n\n<p>Plantas como <strong>manjeric\u00e3o<\/strong>, <strong>alecrim<\/strong>, e <strong>hortel\u00e3<\/strong> podem ser cultivadas diretamente em janelas ou balc\u00f5es da cozinha. Esses locais garantem a quantidade ideal de luz para as plantas, al\u00e9m de ficarem ao alcance para o uso di\u00e1rio.<\/p>\n\n\n\n<ul class=\"wp-block-list\">\n<li><strong>Sol direto ou indireto<\/strong>: A maioria das plantas medicinais gosta de sol direto ou indireto. Escolha um local com boa ilumina\u00e7\u00e3o.<\/li>\n\n\n\n<li><strong>Espa\u00e7o adequado<\/strong>: Mesmo plantas pequenas precisam de espa\u00e7o suficiente para crescer. Certifique-se de que as plantas tenham o espa\u00e7o necess\u00e1rio para se desenvolver.<\/li>\n<\/ul>\n\n\n\n<h3 class=\"wp-block-heading\">2. Escolha os vasos certos<\/h3>\n\n\n\n<p>Use vasos que tenham furos de drenagem para evitar o ac\u00famulo de \u00e1gua. Para plantas como <strong>alecrim<\/strong> e <strong>manjeric\u00e3o<\/strong>, escolha vasos de tamanho m\u00e9dio a grande, com boa drenagem.<\/p>\n\n\n\n<h3 class=\"wp-block-heading\">3. Rega<\/h3>\n\n\n\n<p>A rega \u00e9 essencial, mas deve ser feita de forma controlada. Muitas plantas medicinais, como o <strong>manjeric\u00e3o<\/strong> e a <strong>camomila<\/strong>, preferem solo levemente \u00famido, mas n\u00e3o encharcado. Regue de acordo com a necessidade de cada planta e observe a umidade do solo.<\/p>\n\n\n\n<h3 class=\"wp-block-heading\">4. Podas<\/h3>\n\n\n\n<p>Fa\u00e7a podas regulares para incentivar o crescimento das plantas e evitar que elas fiquem excessivamente grandes. A poda tamb\u00e9m ajuda a manter a planta saud\u00e1vel e a estimular novas folhas.<\/p>\n\n\n\n<h3 class=\"wp-block-heading\">5. Fertiliza\u00e7\u00e3o<\/h3>\n\n\n\n<p>As plantas medicinais podem se beneficiar de fertilizantes naturais, como <strong>composto org\u00e2nico<\/strong> ou <strong>h\u00famus de minhoca<\/strong>, para garantir o crescimento saud\u00e1vel. Use o fertilizante uma vez por m\u00eas, principalmente durante os per\u00edodos de crescimento ativo.<\/p>\n\n\n\n<h2 class=\"wp-block-heading\">FAQ<\/h2>\n\n\n\n<p><strong>1. Quais plantas podem ser cultivadas dentro de casa?<\/strong><br>A maioria das plantas medicinais, como manjeric\u00e3o, hortel\u00e3 e alecrim, pode ser cultivada dentro de casa, desde que receba luz suficiente.<\/p>\n\n\n\n<p><strong>2. Quanto tempo demora para as plantas medicinais crescerem?<\/strong><br>O tempo de crescimento depende da planta. O manjeric\u00e3o pode crescer rapidamente em algumas semanas, enquanto o alecrim e o alho podem levar mais tempo.<\/p>\n\n\n\n<p><strong>3. Posso usar as plantas medicinais diretamente nas receitas?<\/strong><br>Sim, as folhas frescas de ervas como <strong>manjeric\u00e3o<\/strong>, <strong>alecrim<\/strong> e <strong>hortel\u00e3<\/strong> podem ser usadas diretamente em receitas, ch\u00e1s e at\u00e9 em temperos.<\/p>\n\n\n\n<p><strong>4. Como fa\u00e7o para colher as plantas medicinais?<\/strong><br>Colha as folhas quando elas estiverem bem formadas e frescas. Use tesouras limpas e corte as folhas na base, permitindo que a planta continue crescendo.<\/p>\n\n\n\n<p><strong>5. Como posso fazer ch\u00e1s com as plantas medicinais?<\/strong><br>Para fazer ch\u00e1, basta adicionar as folhas frescas ou secas de plantas como <strong>camomila<\/strong>, <strong>hortel\u00e3<\/strong> ou <strong>erva-cidreira<\/strong> \u00e0 \u00e1gua quente e deixar em infus\u00e3o por alguns minutos.<\/p>\n","protected":false},"excerpt":{"rendered":"<p>Cultivar plantas medicinais na cozinha \u00e9 uma maneira pr\u00e1tica e saud\u00e1vel de ter \u00e0 m\u00e3o rem\u00e9dios naturais para v\u00e1rias necessidades di\u00e1rias. Al\u00e9m de serem \u00f3timas para o preparo de infus\u00f5es e ch\u00e1s, as plantas medicinais podem ser usadas para temperar alimentos e at\u00e9 ajudar no tratamento de pequenos problemas de sa\u00fade. Com um espa\u00e7o pequeno, [&hellip;]<\/p>\n","protected":false},"author":9,"featured_media":21947,"comment_status":"open","ping_status":"open","sticky":false,"template":"","format":"standard","meta":{"_yoast_wpseo_focuskw":"plantas medicinais","_yoast_wpseo_title":"%%title%% %%page%%","_yoast_wpseo_metadesc":"Aprenda a cultivar plantas medicinais como manjeric\u00e3o, hortel\u00e3 e alecrim na cozinha para uso em ch\u00e1s e rem\u00e9dios naturais.","jnews-multi-image_gallery":[],"jnews_single_post":{"format":"standard"},"jnews_primary_category":[],"jnews_social_meta":[],"jnews_override_counter":[],"footnotes":""},"categories":[136],"post_tag":[3166,3169,3167,3168],"class_list":["post-22105","post","type-post","status-publish","format-standard","has-post-thumbnail","hentry","category-jardinagem","tag-cultivar-plantas-na-cozinha","tag-cultivo-de-plantas-medicinais","tag-ervas-para-chas","tag-plantas-medicinais-em-casa"],"yoast_head":"<!-- This site is optimized with the Yoast SEO plugin v24.6 - https:\/\/yoast.com\/wordpress\/plugins\/seo\/ -->\n<title>Plantas medicinais que voc\u00ea pode cultivar em sua cozinha<\/title>\n<meta name=\"description\" content=\"Aprenda a cultivar plantas medicinais como manjeric\u00e3o, hortel\u00e3 e alecrim na cozinha para uso em ch\u00e1s e rem\u00e9dios naturais.\" \/>\n<meta name=\"robots\" content=\"index, follow, max-snippet:-1, max-image-preview:large, max-video-preview:-1\" \/>\n<link rel=\"canonical\" href=\"https:\/\/www.correiobraziliense.com.br\/cbradar\/plantas-medicinais-que-voce-pode-cultivar-em-sua-cozinha\/\" \/>\n<meta property=\"og:locale\" content=\"pt_BR\" \/>\n<meta property=\"og:type\" content=\"article\" \/>\n<meta property=\"og:title\" content=\"Plantas medicinais que voc\u00ea pode cultivar em sua cozinha\" \/>\n<meta property=\"og:description\" content=\"Aprenda a cultivar plantas medicinais como manjeric\u00e3o, hortel\u00e3 e alecrim na cozinha para uso em ch\u00e1s e rem\u00e9dios naturais.\" \/>\n<meta property=\"og:url\" content=\"https:\/\/www.correiobraziliense.com.br\/cbradar\/plantas-medicinais-que-voce-pode-cultivar-em-sua-cozinha\/\" \/>\n<meta property=\"og:site_name\" content=\"Correio Braziliense - Radar\" \/>\n<meta property=\"article:published_time\" content=\"2025-04-12T12:10:03+00:00\" \/>\n<meta property=\"og:image\" content=\"https:\/\/www.correiobraziliense.com.br\/cbradar\/wp-content\/uploads\/2025\/04\/ervas_1744311518717.jpg\" \/>\n\t<meta property=\"og:image:width\" content=\"1280\" \/>\n\t<meta property=\"og:image:height\" content=\"720\" \/>\n\t<meta property=\"og:image:type\" content=\"image\/jpeg\" \/>\n<meta name=\"author\" content=\"Daniely Cardoso\" \/>\n<meta name=\"twitter:card\" content=\"summary_large_image\" \/>\n<meta name=\"twitter:label1\" content=\"Escrito por\" \/>\n\t<meta name=\"twitter:data1\" content=\"Daniely Cardoso\" \/>\n\t<meta name=\"twitter:label2\" content=\"Est. tempo de leitura\" \/>\n\t<meta name=\"twitter:data2\" content=\"6 minutos\" \/>\n<!-- \/ Yoast SEO plugin. -->","yoast_head_json":{"title":"Plantas medicinais que voc\u00ea pode cultivar em sua cozinha","description":"Aprenda a cultivar plantas medicinais como manjeric\u00e3o, hortel\u00e3 e alecrim na cozinha para uso em ch\u00e1s e rem\u00e9dios naturais.","robots":{"index":"index","follow":"follow","max-snippet":"max-snippet:-1","max-image-preview":"max-image-preview:large","max-video-preview":"max-video-preview:-1"},"canonical":"https:\/\/www.correiobraziliense.com.br\/cbradar\/plantas-medicinais-que-voce-pode-cultivar-em-sua-cozinha\/","og_locale":"pt_BR","og_type":"article","og_title":"Plantas medicinais que voc\u00ea pode cultivar em sua cozinha","og_description":"Aprenda a cultivar plantas medicinais como manjeric\u00e3o, hortel\u00e3 e alecrim na cozinha para uso em ch\u00e1s e rem\u00e9dios naturais.","og_url":"https:\/\/www.correiobraziliense.com.br\/cbradar\/plantas-medicinais-que-voce-pode-cultivar-em-sua-cozinha\/","og_site_name":"Correio Braziliense - Radar","article_published_time":"2025-04-12T12:10:03+00:00","og_image":[{"width":1280,"height":720,"url":"https:\/\/www.correiobraziliense.com.br\/cbradar\/wp-content\/uploads\/2025\/04\/ervas_1744311518717.jpg","type":"image\/jpeg"}],"author":"Daniely Cardoso","twitter_card":"summary_large_image","twitter_misc":{"Escrito por":"Daniely Cardoso","Est. tempo de leitura":"6 minutos"},"schema":{"@context":"https:\/\/schema.org","@graph":[{"@type":"WebPage","@id":"https:\/\/www.correiobraziliense.com.br\/cbradar\/plantas-medicinais-que-voce-pode-cultivar-em-sua-cozinha\/","url":"https:\/\/www.correiobraziliense.com.br\/cbradar\/plantas-medicinais-que-voce-pode-cultivar-em-sua-cozinha\/","name":"Plantas medicinais que voc\u00ea pode cultivar em sua cozinha","isPartOf":{"@id":"https:\/\/www.correiobraziliense.com.br\/cbradar\/#website"},"primaryImageOfPage":{"@id":"https:\/\/www.correiobraziliense.com.br\/cbradar\/plantas-medicinais-que-voce-pode-cultivar-em-sua-cozinha\/#primaryimage"},"image":{"@id":"https:\/\/www.correiobraziliense.com.br\/cbradar\/plantas-medicinais-que-voce-pode-cultivar-em-sua-cozinha\/#primaryimage"},"thumbnailUrl":"https:\/\/www.correiobraziliense.com.br\/cbradar\/wp-content\/uploads\/2025\/04\/ervas_1744311518717.jpg","datePublished":"2025-04-12T12:10:03+00:00","author":{"@id":"https:\/\/www.correiobraziliense.com.br\/cbradar\/#\/schema\/person\/7356666e12ec0ee53f348ee5db227032"},"description":"Aprenda a cultivar plantas medicinais como manjeric\u00e3o, hortel\u00e3 e alecrim na cozinha para uso em ch\u00e1s e rem\u00e9dios naturais.","breadcrumb":{"@id":"https:\/\/www.correiobraziliense.com.br\/cbradar\/plantas-medicinais-que-voce-pode-cultivar-em-sua-cozinha\/#breadcrumb"},"inLanguage":"pt-BR","potentialAction":[{"@type":"ReadAction","target":["https:\/\/www.correiobraziliense.com.br\/cbradar\/plantas-medicinais-que-voce-pode-cultivar-em-sua-cozinha\/"]}]},{"@type":"ImageObject","inLanguage":"pt-BR","@id":"https:\/\/www.correiobraziliense.com.br\/cbradar\/plantas-medicinais-que-voce-pode-cultivar-em-sua-cozinha\/#primaryimage","url":"https:\/\/www.correiobraziliense.com.br\/cbradar\/wp-content\/uploads\/2025\/04\/ervas_1744311518717.jpg","contentUrl":"https:\/\/www.correiobraziliense.com.br\/cbradar\/wp-content\/uploads\/2025\/04\/ervas_1744311518717.jpg","width":1280,"height":720,"caption":"Ervas - Cr\u00e9ditos: depositphotos.com \/ EdZbarzhyvetsky"},{"@type":"BreadcrumbList","@id":"https:\/\/www.correiobraziliense.com.br\/cbradar\/plantas-medicinais-que-voce-pode-cultivar-em-sua-cozinha\/#breadcrumb","itemListElement":[{"@type":"ListItem","position":1,"name":"In\u00edcio","item":"https:\/\/www.correiobraziliense.com.br\/cbradar\/"},{"@type":"ListItem","position":2,"name":"Plantas medicinais que voc\u00ea pode cultivar em sua cozinha"}]},{"@type":"WebSite","@id":"https:\/\/www.correiobraziliense.com.br\/cbradar\/#website","url":"https:\/\/www.correiobraziliense.com.br\/cbradar\/","name":"Correio Braziliense - Radar","description":"Acompanhe as \u00faltimas not\u00edcias e fique bem informado sobre tudo o que acontece no Brasil e no mundo.","potentialAction":[{"@type":"SearchAction","target":{"@type":"EntryPoint","urlTemplate":"https:\/\/www.correiobraziliense.com.br\/cbradar\/?s={search_term_string}"},"query-input":{"@type":"PropertyValueSpecification","valueRequired":true,"valueName":"search_term_string"}}],"inLanguage":"pt-BR"},{"@type":"Person","@id":"https:\/\/www.correiobraziliense.com.br\/cbradar\/#\/schema\/person\/7356666e12ec0ee53f348ee5db227032","name":"Daniely Cardoso","image":{"@type":"ImageObject","inLanguage":"pt-BR","@id":"https:\/\/www.correiobraziliense.com.br\/cbradar\/#\/schema\/person\/image\/","url":"https:\/\/secure.gravatar.com\/avatar\/4b80ddbd124d1f071b626d52d62e5dff?s=96&d=mm&r=g","contentUrl":"https:\/\/secure.gravatar.com\/avatar\/4b80ddbd124d1f071b626d52d62e5dff?s=96&d=mm&r=g","caption":"Daniely Cardoso"},"description":"Redatora nos portais CB Radar e EM Foco, formada pela Universidade Federal de Goi\u00e1s, em Goi\u00e2nia. Apaixonada por comunica\u00e7\u00e3o, arte, decora\u00e7\u00e3o e tend\u00eancias, atuo na produ\u00e7\u00e3o de conte\u00fados envolventes sobre curiosidades, moda, beleza e paisagismo, sempre com um olhar atento \u00e0s novidades do momento.","sameAs":["https:\/\/www.correiobraziliense.com.br\/cbradar"],"url":"https:\/\/www.correiobraziliense.com.br\/cbradar\/author\/danielymyth\/"}]}},"_links":{"self":[{"href":"https:\/\/www.correiobraziliense.com.br\/cbradar\/wp-json\/wp\/v2\/posts\/22105","targetHints":{"allow":["GET"]}}],"collection":[{"href":"https:\/\/www.correiobraziliense.com.br\/cbradar\/wp-json\/wp\/v2\/posts"}],"about":[{"href":"https:\/\/www.correiobraziliense.com.br\/cbradar\/wp-json\/wp\/v2\/types\/post"}],"author":[{"embeddable":true,"href":"https:\/\/www.correiobraziliense.com.br\/cbradar\/wp-json\/wp\/v2\/users\/9"}],"replies":[{"embeddable":true,"href":"https:\/\/www.correiobraziliense.com.br\/cbradar\/wp-json\/wp\/v2\/comments?post=22105"}],"version-history":[{"count":3,"href":"https:\/\/www.correiobraziliense.com.br\/cbradar\/wp-json\/wp\/v2\/posts\/22105\/revisions"}],"predecessor-version":[{"id":22116,"href":"https:\/\/www.correiobraziliense.com.br\/cbradar\/wp-json\/wp\/v2\/posts\/22105\/revisions\/22116"}],"wp:featuredmedia":[{"embeddable":true,"href":"https:\/\/www.correiobraziliense.com.br\/cbradar\/wp-json\/wp\/v2\/media\/21947"}],"wp:attachment":[{"href":"https:\/\/www.correiobraziliense.com.br\/cbradar\/wp-json\/wp\/v2\/media?parent=22105"}],"wp:term":[{"taxonomy":"category","embeddable":true,"href":"https:\/\/www.correiobraziliense.com.br\/cbradar\/wp-json\/wp\/v2\/categories?post=22105"},{"taxonomy":"post_tag","embeddable":true,"href":"https:\/\/www.correiobraziliense.com.br\/cbradar\/wp-json\/wp\/v2\/post_tag?post=22105"}],"curies":[{"name":"wp","href":"https:\/\/api.w.org\/{rel}","templated":true}]}}