{"id":22133,"date":"2025-04-12T21:10:00","date_gmt":"2025-04-13T00:10:00","guid":{"rendered":"https:\/\/www.correiobraziliense.com.br\/cbradar\/?p=22133"},"modified":"2025-04-11T22:07:26","modified_gmt":"2025-04-12T01:07:26","slug":"veja-o-plano-ambicioso-da-toyota-para-os-novos-eletricos","status":"publish","type":"post","link":"https:\/\/www.correiobraziliense.com.br\/cbradar\/veja-o-plano-ambicioso-da-toyota-para-os-novos-eletricos\/","title":{"rendered":"Veja o plano ambicioso da Toyota para os novos el\u00e9tricos"},"content":{"rendered":"\n<p>A <strong><a href=\"https:\/\/www.toyota.com.br\/\" target=\"_blank\" rel=\"noreferrer noopener\">Toyota<\/a><\/strong>, uma das gigantes do setor automotivo, est\u00e1 se preparando para uma transforma\u00e7\u00e3o significativa no mercado de ve\u00edculos el\u00e9tricos (EVs). Com planos ambiciosos, a montadora japonesa busca ampliar sua presen\u00e7a global em um cen\u00e1rio cada vez mais competitivo. At\u00e9 2027, a Toyota pretende lan\u00e7ar uma s\u00e9rie de novos modelos el\u00e9tricos, diversificando sua linha de produtos e expandindo sua atua\u00e7\u00e3o em diferentes regi\u00f5es do mundo.<\/p>\n\n\n\n<p>Atualmente, a <a href=\"https:\/\/www.correiobraziliense.com.br\/cbradar\/o-que-esperar-do-novo-toyota-corolla-2027\/\" target=\"_blank\" rel=\"noreferrer noopener\">Toyota<\/a> conta com cinco modelos totalmente el\u00e9tricos em sua linha, mas a meta \u00e9 aumentar esse n\u00famero para 15 nos pr\u00f3ximos anos. Essa estrat\u00e9gia inclui a introdu\u00e7\u00e3o de modelos da linha <strong>Lexus<\/strong>, que representa o segmento de luxo da marca. A expans\u00e3o n\u00e3o se limitar\u00e1 ao Jap\u00e3o, abrangendo tamb\u00e9m mercados importantes como <strong>China, Estados Unidos, Argentina e Tail\u00e2ndia<\/strong>.<\/p>\n\n\n\n<h2 class=\"wp-block-heading\">Quais s\u00e3o os planos da Toyota para os pr\u00f3ximos anos?<\/h2>\n\n\n\n<p>De acordo com informa\u00e7\u00f5es n\u00e3o confirmadas oficialmente, a Toyota planeja lan\u00e7ar 10 novos modelos el\u00e9tricos at\u00e9 2027. Essa expans\u00e3o visa n\u00e3o apenas aumentar a oferta de ve\u00edculos el\u00e9tricos, mas tamb\u00e9m diversificar os locais de produ\u00e7\u00e3o. A produ\u00e7\u00e3o em diferentes pa\u00edses ajudar\u00e1 a montadora a evitar tarifas de importa\u00e7\u00e3o elevadas, como a taxa de 25% aplicada a carros importados em alguns mercados.<\/p>\n\n\n\n<p>Na Tail\u00e2ndia, a Toyota se prepara para lan\u00e7ar a vers\u00e3o el\u00e9trica da Hilux, um dos modelos mais ic\u00f4nicos da marca. Nos Estados Unidos, a aposta ser\u00e1 em SUVs el\u00e9tricos de tr\u00eas fileiras, com produ\u00e7\u00e3o prevista para come\u00e7ar em 2026. J\u00e1 no Jap\u00e3o, a produ\u00e7\u00e3o do SUV C-HR el\u00e9trico est\u00e1 programada para setembro, e um novo modelo Lexus EV de pr\u00f3xima gera\u00e7\u00e3o deve ser lan\u00e7ado em 2027.<\/p>\n\n\n\n<figure class=\"wp-block-image size-large\"><img decoding=\"async\" width=\"1024\" height=\"576\" src=\"https:\/\/www.correiobraziliense.com.br\/cbradar\/wp-content\/uploads\/2025\/04\/Toyota_1744394945191-1024x576.jpg\" alt=\"Veja o plano ambicioso da Toyota para os novos el\u00e9tricos\" class=\"wp-image-22137\" srcset=\"https:\/\/www.correiobraziliense.com.br\/cbradar\/wp-content\/uploads\/2025\/04\/Toyota_1744394945191-1024x576.jpg 1024w, https:\/\/www.correiobraziliense.com.br\/cbradar\/wp-content\/uploads\/2025\/04\/Toyota_1744394945191-300x169.jpg 300w, https:\/\/www.correiobraziliense.com.br\/cbradar\/wp-content\/uploads\/2025\/04\/Toyota_1744394945191-768x432.jpg 768w, https:\/\/www.correiobraziliense.com.br\/cbradar\/wp-content\/uploads\/2025\/04\/Toyota_1744394945191-750x422.jpg 750w, https:\/\/www.correiobraziliense.com.br\/cbradar\/wp-content\/uploads\/2025\/04\/Toyota_1744394945191-1140x641.jpg 1140w, https:\/\/www.correiobraziliense.com.br\/cbradar\/wp-content\/uploads\/2025\/04\/Toyota_1744394945191.jpg 1280w\" sizes=\"(max-width: 1024px) 100vw, 1024px\" \/><figcaption class=\"wp-element-caption\">Toyota. Cr\u00e9ditos: depositphotos.com \/ mediavn<\/figcaption><\/figure>\n\n\n\n<h2 class=\"wp-block-heading\">Como est\u00e1 o mercado atual de EVs da Toyota?<\/h2>\n\n\n\n<p>Atualmente, a Toyota oferece cinco modelos 100% el\u00e9tricos: o Toyota bZ4X, C-HR, Urban Cruiser, Hilux EV e Lexus RZ. Destes, apenas o bZ4X e o RZ est\u00e3o dispon\u00edveis nos Estados Unidos. A montadora tem planos de aumentar sua produ\u00e7\u00e3o anual para cerca de 1 milh\u00e3o de unidades at\u00e9 2027, um aumento significativo em rela\u00e7\u00e3o aos n\u00fameros atuais.<\/p>\n\n\n\n<p>Na China, a Toyota est\u00e1 apostando no bZ3X, um SUV el\u00e9trico mais acess\u00edvel, com pre\u00e7o competitivo. No entanto, a empresa ajustou suas expectativas de vendas. Em vez de atingir 1,5 milh\u00e3o de EVs vendidos por ano at\u00e9 2026, a nova meta \u00e9 de 800 mil unidades. Apesar de ser uma redu\u00e7\u00e3o, ainda representa um crescimento significativo em rela\u00e7\u00e3o aos n\u00fameros atuais.<\/p>\n\n\n\n<h2 class=\"wp-block-heading\">Quais s\u00e3o os desafios enfrentados pela Toyota no mercado de EVs?<\/h2>\n\n\n\n<p>A Toyota enfrenta uma concorr\u00eancia acirrada no mercado de ve\u00edculos el\u00e9tricos. Empresas como Tesla e BYD est\u00e3o \u00e0 frente em termos de vendas, com n\u00fameros expressivos em 2024. A Tesla, por exemplo, vendeu 1,79 milh\u00e3o de el\u00e9tricos, enquanto a BYD alcan\u00e7ou 1,76 milh\u00e3o no mesmo per\u00edodo. Para competir de igual para igual, a Toyota precisar\u00e1 acelerar seus esfor\u00e7os e inovar em sua linha de produtos.<\/p>\n\n\n\n<p>Al\u00e9m disso, outras montadoras tamb\u00e9m est\u00e3o se movimentando. A Kia apresentou recentemente os novos modelos EV4 e o conceito EV2, enquanto a Honda est\u00e1 investindo em uma nova f\u00e1brica de EVs nos Estados Unidos. A Toyota ter\u00e1 que enfrentar esses desafios de frente se quiser se destacar no mercado de ve\u00edculos el\u00e9tricos nos pr\u00f3ximos anos.<\/p>\n","protected":false},"excerpt":{"rendered":"<p>Os planos ambiciosos da Toyota para abra\u00e7ar o mercado de ve\u00edculos el\u00e9tricos, diversificando sua linha de ve\u00edculos el\u00e9tricos e fortalecendo sua presen\u00e7a global.<\/p>\n","protected":false},"author":3,"featured_media":22136,"comment_status":"open","ping_status":"open","sticky":false,"template":"","format":"standard","meta":{"_yoast_wpseo_focuskw":"toyota el\u00e9tricos","_yoast_wpseo_title":"%%title%%","_yoast_wpseo_metadesc":"Os planos ambiciosos da Toyota para abra\u00e7ar o mercado de ve\u00edculos el\u00e9tricos, diversificando sua linha de ve\u00edculos el\u00e9tricos e fortalecendo sua presen\u00e7a global.","jnews-multi-image_gallery":[],"jnews_single_post":{"format":"standard"},"jnews_primary_category":[],"jnews_social_meta":[],"jnews_override_counter":[],"footnotes":""},"categories":[122],"post_tag":[2307,123,1418],"class_list":["post-22133","post","type-post","status-publish","format-standard","has-post-thumbnail","hentry","category-automobilismo","tag-carro-eletrico","tag-carros","tag-toyota"],"yoast_head":"<!-- This site is optimized with the Yoast SEO plugin v24.6 - https:\/\/yoast.com\/wordpress\/plugins\/seo\/ -->\n<title>Veja o plano ambicioso da Toyota para os novos el\u00e9tricos<\/title>\n<meta name=\"description\" content=\"Os planos ambiciosos da Toyota para abra\u00e7ar o mercado de ve\u00edculos el\u00e9tricos, diversificando sua linha de ve\u00edculos el\u00e9tricos e fortalecendo sua presen\u00e7a global.\" \/>\n<meta name=\"robots\" content=\"index, follow, max-snippet:-1, max-image-preview:large, max-video-preview:-1\" \/>\n<link rel=\"canonical\" href=\"https:\/\/www.correiobraziliense.com.br\/cbradar\/veja-o-plano-ambicioso-da-toyota-para-os-novos-eletricos\/\" \/>\n<meta property=\"og:locale\" content=\"pt_BR\" \/>\n<meta property=\"og:type\" content=\"article\" \/>\n<meta property=\"og:title\" content=\"Veja o plano ambicioso da Toyota para os novos el\u00e9tricos\" \/>\n<meta property=\"og:description\" content=\"Os planos ambiciosos da Toyota para abra\u00e7ar o mercado de ve\u00edculos el\u00e9tricos, diversificando sua linha de ve\u00edculos el\u00e9tricos e fortalecendo sua presen\u00e7a global.\" \/>\n<meta property=\"og:url\" content=\"https:\/\/www.correiobraziliense.com.br\/cbradar\/veja-o-plano-ambicioso-da-toyota-para-os-novos-eletricos\/\" \/>\n<meta property=\"og:site_name\" content=\"Correio Braziliense - Radar\" \/>\n<meta property=\"article:published_time\" content=\"2025-04-13T00:10:00+00:00\" \/>\n<meta property=\"og:image\" content=\"https:\/\/www.correiobraziliense.com.br\/cbradar\/wp-content\/uploads\/2025\/04\/Toyota_1744394923615.jpg\" \/>\n\t<meta property=\"og:image:width\" content=\"1280\" \/>\n\t<meta property=\"og:image:height\" content=\"720\" \/>\n\t<meta property=\"og:image:type\" content=\"image\/jpeg\" \/>\n<meta name=\"author\" content=\"Larissa Carvalho\" \/>\n<meta name=\"twitter:card\" content=\"summary_large_image\" \/>\n<meta name=\"twitter:label1\" content=\"Escrito por\" \/>\n\t<meta name=\"twitter:data1\" content=\"Larissa Carvalho\" \/>\n\t<meta name=\"twitter:label2\" content=\"Est. tempo de leitura\" \/>\n\t<meta name=\"twitter:data2\" content=\"4 minutos\" \/>\n<!-- \/ Yoast SEO plugin. -->","yoast_head_json":{"title":"Veja o plano ambicioso da Toyota para os novos el\u00e9tricos","description":"Os planos ambiciosos da Toyota para abra\u00e7ar o mercado de ve\u00edculos el\u00e9tricos, diversificando sua linha de ve\u00edculos el\u00e9tricos e fortalecendo sua presen\u00e7a global.","robots":{"index":"index","follow":"follow","max-snippet":"max-snippet:-1","max-image-preview":"max-image-preview:large","max-video-preview":"max-video-preview:-1"},"canonical":"https:\/\/www.correiobraziliense.com.br\/cbradar\/veja-o-plano-ambicioso-da-toyota-para-os-novos-eletricos\/","og_locale":"pt_BR","og_type":"article","og_title":"Veja o plano ambicioso da Toyota para os novos el\u00e9tricos","og_description":"Os planos ambiciosos da Toyota para abra\u00e7ar o mercado de ve\u00edculos el\u00e9tricos, diversificando sua linha de ve\u00edculos el\u00e9tricos e fortalecendo sua presen\u00e7a global.","og_url":"https:\/\/www.correiobraziliense.com.br\/cbradar\/veja-o-plano-ambicioso-da-toyota-para-os-novos-eletricos\/","og_site_name":"Correio Braziliense - Radar","article_published_time":"2025-04-13T00:10:00+00:00","og_image":[{"width":1280,"height":720,"url":"https:\/\/www.correiobraziliense.com.br\/cbradar\/wp-content\/uploads\/2025\/04\/Toyota_1744394923615.jpg","type":"image\/jpeg"}],"author":"Larissa Carvalho","twitter_card":"summary_large_image","twitter_misc":{"Escrito por":"Larissa Carvalho","Est. tempo de leitura":"4 minutos"},"schema":{"@context":"https:\/\/schema.org","@graph":[{"@type":"WebPage","@id":"https:\/\/www.correiobraziliense.com.br\/cbradar\/veja-o-plano-ambicioso-da-toyota-para-os-novos-eletricos\/","url":"https:\/\/www.correiobraziliense.com.br\/cbradar\/veja-o-plano-ambicioso-da-toyota-para-os-novos-eletricos\/","name":"Veja o plano ambicioso da Toyota para os novos el\u00e9tricos","isPartOf":{"@id":"https:\/\/www.correiobraziliense.com.br\/cbradar\/#website"},"primaryImageOfPage":{"@id":"https:\/\/www.correiobraziliense.com.br\/cbradar\/veja-o-plano-ambicioso-da-toyota-para-os-novos-eletricos\/#primaryimage"},"image":{"@id":"https:\/\/www.correiobraziliense.com.br\/cbradar\/veja-o-plano-ambicioso-da-toyota-para-os-novos-eletricos\/#primaryimage"},"thumbnailUrl":"https:\/\/www.correiobraziliense.com.br\/cbradar\/wp-content\/uploads\/2025\/04\/Toyota_1744394923615.jpg","datePublished":"2025-04-13T00:10:00+00:00","author":{"@id":"https:\/\/www.correiobraziliense.com.br\/cbradar\/#\/schema\/person\/58422787644df994b53a19d3e56c1513"},"description":"Os planos ambiciosos da Toyota para abra\u00e7ar o mercado de ve\u00edculos el\u00e9tricos, diversificando sua linha de ve\u00edculos el\u00e9tricos e fortalecendo sua presen\u00e7a global.","breadcrumb":{"@id":"https:\/\/www.correiobraziliense.com.br\/cbradar\/veja-o-plano-ambicioso-da-toyota-para-os-novos-eletricos\/#breadcrumb"},"inLanguage":"pt-BR","potentialAction":[{"@type":"ReadAction","target":["https:\/\/www.correiobraziliense.com.br\/cbradar\/veja-o-plano-ambicioso-da-toyota-para-os-novos-eletricos\/"]}]},{"@type":"ImageObject","inLanguage":"pt-BR","@id":"https:\/\/www.correiobraziliense.com.br\/cbradar\/veja-o-plano-ambicioso-da-toyota-para-os-novos-eletricos\/#primaryimage","url":"https:\/\/www.correiobraziliense.com.br\/cbradar\/wp-content\/uploads\/2025\/04\/Toyota_1744394923615.jpg","contentUrl":"https:\/\/www.correiobraziliense.com.br\/cbradar\/wp-content\/uploads\/2025\/04\/Toyota_1744394923615.jpg","width":1280,"height":720,"caption":"Toyota. Cr\u00e9ditos: depositphotos.com \/ rclassenlayouts"},{"@type":"BreadcrumbList","@id":"https:\/\/www.correiobraziliense.com.br\/cbradar\/veja-o-plano-ambicioso-da-toyota-para-os-novos-eletricos\/#breadcrumb","itemListElement":[{"@type":"ListItem","position":1,"name":"In\u00edcio","item":"https:\/\/www.correiobraziliense.com.br\/cbradar\/"},{"@type":"ListItem","position":2,"name":"Veja o plano ambicioso da Toyota para os novos el\u00e9tricos"}]},{"@type":"WebSite","@id":"https:\/\/www.correiobraziliense.com.br\/cbradar\/#website","url":"https:\/\/www.correiobraziliense.com.br\/cbradar\/","name":"Correio Braziliense - Radar","description":"Acompanhe as \u00faltimas not\u00edcias e fique bem informado sobre tudo o que acontece no Brasil e no mundo.","potentialAction":[{"@type":"SearchAction","target":{"@type":"EntryPoint","urlTemplate":"https:\/\/www.correiobraziliense.com.br\/cbradar\/?s={search_term_string}"},"query-input":{"@type":"PropertyValueSpecification","valueRequired":true,"valueName":"search_term_string"}}],"inLanguage":"pt-BR"},{"@type":"Person","@id":"https:\/\/www.correiobraziliense.com.br\/cbradar\/#\/schema\/person\/58422787644df994b53a19d3e56c1513","name":"Larissa Carvalho","image":{"@type":"ImageObject","inLanguage":"pt-BR","@id":"https:\/\/www.correiobraziliense.com.br\/cbradar\/#\/schema\/person\/image\/","url":"https:\/\/secure.gravatar.com\/avatar\/fe4f91a0de32b52a838d0d612abdc1aa?s=96&d=mm&r=g","contentUrl":"https:\/\/secure.gravatar.com\/avatar\/fe4f91a0de32b52a838d0d612abdc1aa?s=96&d=mm&r=g","caption":"Larissa Carvalho"},"url":"https:\/\/www.correiobraziliense.com.br\/cbradar\/author\/larissamyth\/"}]}},"_links":{"self":[{"href":"https:\/\/www.correiobraziliense.com.br\/cbradar\/wp-json\/wp\/v2\/posts\/22133","targetHints":{"allow":["GET"]}}],"collection":[{"href":"https:\/\/www.correiobraziliense.com.br\/cbradar\/wp-json\/wp\/v2\/posts"}],"about":[{"href":"https:\/\/www.correiobraziliense.com.br\/cbradar\/wp-json\/wp\/v2\/types\/post"}],"author":[{"embeddable":true,"href":"https:\/\/www.correiobraziliense.com.br\/cbradar\/wp-json\/wp\/v2\/users\/3"}],"replies":[{"embeddable":true,"href":"https:\/\/www.correiobraziliense.com.br\/cbradar\/wp-json\/wp\/v2\/comments?post=22133"}],"version-history":[{"count":1,"href":"https:\/\/www.correiobraziliense.com.br\/cbradar\/wp-json\/wp\/v2\/posts\/22133\/revisions"}],"predecessor-version":[{"id":22139,"href":"https:\/\/www.correiobraziliense.com.br\/cbradar\/wp-json\/wp\/v2\/posts\/22133\/revisions\/22139"}],"wp:featuredmedia":[{"embeddable":true,"href":"https:\/\/www.correiobraziliense.com.br\/cbradar\/wp-json\/wp\/v2\/media\/22136"}],"wp:attachment":[{"href":"https:\/\/www.correiobraziliense.com.br\/cbradar\/wp-json\/wp\/v2\/media?parent=22133"}],"wp:term":[{"taxonomy":"category","embeddable":true,"href":"https:\/\/www.correiobraziliense.com.br\/cbradar\/wp-json\/wp\/v2\/categories?post=22133"},{"taxonomy":"post_tag","embeddable":true,"href":"https:\/\/www.correiobraziliense.com.br\/cbradar\/wp-json\/wp\/v2\/post_tag?post=22133"}],"curies":[{"name":"wp","href":"https:\/\/api.w.org\/{rel}","templated":true}]}}