{"id":22181,"date":"2025-04-12T10:30:00","date_gmt":"2025-04-12T13:30:00","guid":{"rendered":"https:\/\/www.correiobraziliense.com.br\/cbradar\/?p=22181"},"modified":"2025-07-01T11:21:39","modified_gmt":"2025-07-01T14:21:39","slug":"netflix-confirma-mais-nomes-para-a-adaptacao-de-orgulho-e-preconceito","status":"publish","type":"post","link":"https:\/\/www.correiobraziliense.com.br\/cbradar\/netflix-confirma-mais-nomes-para-a-adaptacao-de-orgulho-e-preconceito\/","title":{"rendered":"Netflix confirma mais nomes para a adapta\u00e7\u00e3o de Orgulho e Preconceito"},"content":{"rendered":"\n<p>A <a href=\"https:\/\/www.correiobraziliense.com.br\/cbradar\/a-serie-mais-estranha-e-emocionante-que-voce-vai-assistir-na-netflix\/\" target=\"_blank\" rel=\"noreferrer noopener\"><strong>Netflix<\/strong> <\/a>aposta em um elenco formado por vencedoras de pr\u00eamios internacionais para sua nova vers\u00e3o de <strong><a href=\"https:\/\/www.netflix.com\/title\/70032594\" target=\"_blank\" rel=\"noreferrer noopener\">&#8220;Orgulho e Preconceito&#8221;<\/a><\/strong>. A plataforma confirmou <strong>Emma Corrin<\/strong> como <strong>Elizabeth Bennet<\/strong> e <strong>Olivia Colman<\/strong> como <strong>Senhora Bennet<\/strong>, marcando o segundo projeto em que as duas atrizes trabalham juntas. Essa escolha estrat\u00e9gica demonstra a inten\u00e7\u00e3o da produtora em criar uma adapta\u00e7\u00e3o com credibilidade art\u00edstica consolidada. A s\u00e9rie de seis epis\u00f3dios ter\u00e1 dire\u00e7\u00e3o de <strong>Euros Lyn<\/strong>, conhecido por <strong>&#8220;Heartstopper&#8221;<\/strong>, enquanto <strong>Dolly Alderton<\/strong>, autora de <strong>&#8220;Everything I Know About Love&#8221;<\/strong>, assina o roteiro.<\/p>\n\n\n\n<p>O projeto se destaca pelo timing: 2025 marca o 250\u00ba anivers\u00e1rio do nascimento de <strong>Jane Austen<\/strong>, tornando esta adapta\u00e7\u00e3o particularmente simb\u00f3lica. &#8220;Uma vez por gera\u00e7\u00e3o, um grupo de pessoas tem a sorte de poder contar novamente esta hist\u00f3ria maravilhosa e sinto-me muito sortuda por fazer parte disso&#8221;, declarou <strong>Alderton<\/strong> \u00e0 <strong>Netflix<\/strong>. A roteirista promete uma abordagem que seja &#8220;familiar e fresca&#8221;, mantendo a ess\u00eancia do original com sensibilidades contempor\u00e2neas. A produ\u00e7\u00e3o est\u00e1 programada para come\u00e7ar no <strong>Reino Unido<\/strong> ainda este ano, com previs\u00e3o de estreia para final de 2025 ou in\u00edcio de 2026.<\/p>\n\n\n\n<h2 class=\"wp-block-heading\"><strong>Por que a escolha de Jack Lowden como Sr. Darcy gera expectativas?<\/strong><\/h2>\n\n\n\n<p><strong>Jack Lowden<\/strong> assume o desafio de interpretar <strong>Sr. Darcy<\/strong>, personagem que j\u00e1 foi imortalizado por <strong>Colin Firth<\/strong> na miniss\u00e9rie da <strong>BBC<\/strong> de 1995 e <strong>Matthew Macfadyen<\/strong> no filme de 2005 com <strong>Keira Knightley<\/strong>. O ator escoc\u00eas traz para o papel uma bagagem consolidada em produ\u00e7\u00f5es de \u00e9poca e contempor\u00e2neas. Sua atua\u00e7\u00e3o em <strong>&#8220;Slow Horses&#8221;<\/strong>, da <strong>Apple TV+<\/strong>, lhe rendeu indica\u00e7\u00f5es ao <strong>Emmy<\/strong>, <strong>Globo de Ouro<\/strong> e <strong>BAFTA TV<\/strong>, demonstrando versatilidade que pode renovar o ic\u00f4nico personagem.<\/p>\n\n\n\n<p>A trajet\u00f3ria de <strong>Lowden<\/strong> inclui participa\u00e7\u00f5es em <strong>&#8220;Dunkirk&#8221;<\/strong> de <strong>Christopher Nolan<\/strong> e <strong>&#8220;Maria, Rainha dos Escoceses&#8221;<\/strong>, evidenciando experi\u00eancia com narrativas hist\u00f3ricas. O ator \u00e9 casado com <strong>Saoirse Ronan<\/strong>, tamb\u00e9m conhecida por pap\u00e9is em filmes de \u00e9poca. Essa familiaridade com o g\u00eanero pode contribuir para uma interpreta\u00e7\u00e3o que honre a complexidade de <strong>Darcy<\/strong> enquanto oferece nuances contempor\u00e2neas. A expectativa \u00e9 que <strong>Lowden<\/strong> traga profundidade psicol\u00f3gica ao personagem, explorando camadas que as vers\u00f5es anteriores n\u00e3o desenvolveram completamente.<\/p>\n\n\n\n<figure class=\"wp-block-image size-large\"><img decoding=\"async\" width=\"1024\" height=\"576\" src=\"https:\/\/www.correiobraziliense.com.br\/cbradar\/wp-content\/uploads\/2025\/04\/Olivia-Colman_1744401958739-1024x576.jpg\" alt=\"Netflix confirma mais nomes para a adapta\u00e7\u00e3o de Orgulho e Preconceito\" class=\"wp-image-22183\" srcset=\"https:\/\/www.correiobraziliense.com.br\/cbradar\/wp-content\/uploads\/2025\/04\/Olivia-Colman_1744401958739-1024x576.jpg 1024w, https:\/\/www.correiobraziliense.com.br\/cbradar\/wp-content\/uploads\/2025\/04\/Olivia-Colman_1744401958739-300x169.jpg 300w, https:\/\/www.correiobraziliense.com.br\/cbradar\/wp-content\/uploads\/2025\/04\/Olivia-Colman_1744401958739-768x432.jpg 768w, https:\/\/www.correiobraziliense.com.br\/cbradar\/wp-content\/uploads\/2025\/04\/Olivia-Colman_1744401958739-750x422.jpg 750w, https:\/\/www.correiobraziliense.com.br\/cbradar\/wp-content\/uploads\/2025\/04\/Olivia-Colman_1744401958739-1140x641.jpg 1140w, https:\/\/www.correiobraziliense.com.br\/cbradar\/wp-content\/uploads\/2025\/04\/Olivia-Colman_1744401958739.jpg 1280w\" sizes=\"(max-width: 1024px) 100vw, 1024px\" \/><figcaption class=\"wp-element-caption\">Olivia Colman. Cr\u00e9ditos: depositphotos.com \/ arp<\/figcaption><\/figure>\n\n\n\n<h2 class=\"wp-block-heading\"><strong>Qual o impacto do reencontro entre Emma Corrin e Olivia Colman?<\/strong><\/h2>\n\n\n\n<p>O reencontro de <strong>Corrin<\/strong> e <strong>Colman<\/strong> representa um dos aspectos mais promissores da nova adapta\u00e7\u00e3o. Ambas as atrizes foram distinguidas com <strong>Globos de Ouro<\/strong> por suas interpreta\u00e7\u00f5es em <strong>&#8220;The Crown&#8221;<\/strong>, onde <strong>Corrin<\/strong> interpretou a <strong>Princesa Diana<\/strong> e <strong>Colman<\/strong> deu vida \u00e0 <strong>Rainha Elizabeth II<\/strong>. A qu\u00edmica demonstrada entre elas na s\u00e9rie da <strong>Netflix<\/strong> foi amplamente elogiada pela cr\u00edtica especializada, estabelecendo base s\u00f3lida para a din\u00e2mica m\u00e3e-filha em <strong>&#8220;Orgulho e Preconceito&#8221;<\/strong>.<\/p>\n\n\n\n<p><strong>Colman<\/strong> traz para o projeto um curr\u00edculo impressionante que inclui um <strong>Oscar<\/strong> por <strong>&#8220;A Favorita&#8221;<\/strong> e quatro <strong>BAFTAs<\/strong>, al\u00e9m de tr\u00eas <strong>Globos de Ouro<\/strong>. <strong>Corrin<\/strong>, por sua vez, expandiu seu repert\u00f3rio com participa\u00e7\u00f5es em <strong>&#8220;Nosferatu&#8221;<\/strong>, <strong>&#8220;Deadpool &amp; Wolverine&#8221;<\/strong> e <strong>&#8220;Black Mirror&#8221;<\/strong>, demonstrando versatilidade entre g\u00eaneros. A experi\u00eancia conjunta das duas atrizes pode resultar em uma rela\u00e7\u00e3o <strong>Bennet<\/strong> mais nuanceada, explorando din\u00e2micas familiares com profundidade emocional que diferencia esta vers\u00e3o das anteriores.<\/p>\n\n\n\n<h2 class=\"wp-block-heading\"><strong>Como Dolly Alderton pretende atualizar o cl\u00e1ssico para o p\u00fablico contempor\u00e2neo?<\/strong><\/h2>\n\n\n\n<p><strong>Dolly Alderton<\/strong> chega ao projeto com credenciais estabelecidas na literatura contempor\u00e2nea. Sua obra <strong>&#8220;Everything I Know About Love&#8221;<\/strong> foi vencedora do <strong>National Book Award<\/strong> em 2018 e posteriormente adaptada para s\u00e9rie televisiva. A autora tamb\u00e9m escreveu <strong>&#8220;Est\u00e1s A\u00ed?&#8221;<\/strong> e <strong>&#8220;Amar \u00e9 Assim&#8221;<\/strong>, demonstrando familiaridade com narrativas sobre relacionamentos modernos. Essa experi\u00eancia pode ser crucial para atualizar <strong>&#8220;Orgulho e Preconceito&#8221;<\/strong> sem descaracterizar seu DNA original.<\/p>\n\n\n\n<p>A abordagem de <strong>Alderton<\/strong> foca em manter a ess\u00eancia do romance de <strong>Austen<\/strong> enquanto introduz sensibilidades contempor\u00e2neas. &#8220;Orgulho e Preconceito \u00e9 a com\u00e9dia rom\u00e2ntica por excel\u00eancia&#8221;, destacou <strong>Mona Qureshi<\/strong>, respons\u00e1vel da <strong>Netflix<\/strong>, sobre a relev\u00e2ncia atemporal da obra. <strong>Corrin<\/strong> tamb\u00e9m atuar\u00e1 como produtora executiva, garantindo participa\u00e7\u00e3o ativa no desenvolvimento do projeto. A combina\u00e7\u00e3o entre a expertise de <strong>Alderton<\/strong> em relacionamentos contempor\u00e2neos e a vis\u00e3o art\u00edstica de <strong>Corrin<\/strong> promete uma adapta\u00e7\u00e3o que dialogue com audi\u00eancias atuais.<\/p>\n\n\n\n<h2 class=\"wp-block-heading\"><strong>Quando podemos esperar o lan\u00e7amento da nova s\u00e9rie?<\/strong><\/h2>\n\n\n\n<p>A produ\u00e7\u00e3o de <strong>&#8220;Orgulho e Preconceito&#8221;<\/strong> est\u00e1 programada para come\u00e7ar no <strong>Reino Unido<\/strong> ainda em 2025, seguindo o cronograma t\u00edpico de miniss\u00e9ries de \u00e9poca. A <strong>Netflix<\/strong> n\u00e3o divulgou data oficial de estreia, mas a expectativa \u00e9 que a s\u00e9rie chegue \u00e0 plataforma no final de 2025 ou in\u00edcio de 2026. O projeto integra a estrat\u00e9gia da <strong>Netflix<\/strong> de produzir conte\u00fado brit\u00e2nico de qualidade, seguindo o sucesso de outras adapta\u00e7\u00f5es liter\u00e1rias.<\/p>\n\n\n\n<p>A miniss\u00e9rie de seis epis\u00f3dios representa investimento significativo da plataforma em propriedades intelectuais cl\u00e1ssicas. &#8220;Estamos encantados por poder partilhar este cl\u00e1ssico brit\u00e2nico t\u00e3o querido com o nosso p\u00fablico global&#8221;, declarou a <strong>Netflix<\/strong> oficialmente. O timing coincide com o anivers\u00e1rio de <strong>Austen<\/strong> e pode aproveitar o momento cultural para reintroduzir a hist\u00f3ria a novas gera\u00e7\u00f5es. Para os f\u00e3s da obra, a espera promete compensar com uma produ\u00e7\u00e3o que equilibra fidelidade ao material original e inova\u00e7\u00e3o narrativa contempor\u00e2nea.<\/p>\n","protected":false},"excerpt":{"rendered":"<p>A nova adapta\u00e7\u00e3o seriada de Orgulho e Preconceito pela Netflix com Emma Corrin e Olivia Colman. Uma atualiza\u00e7\u00e3o prometedora do cl\u00e1ssico.<\/p>\n","protected":false},"author":3,"featured_media":22182,"comment_status":"open","ping_status":"open","sticky":false,"template":"","format":"standard","meta":{"_yoast_wpseo_focuskw":"orgulho e preconceito netflix","_yoast_wpseo_title":"%%title%%","_yoast_wpseo_metadesc":"A nova adapta\u00e7\u00e3o seriada de Orgulho e Preconceito pela Netflix com Emma Corrin e Olivia Colman. Uma atualiza\u00e7\u00e3o prometedora do cl\u00e1ssico.","jnews-multi-image_gallery":[],"jnews_single_post":{"format":"standard"},"jnews_primary_category":[],"jnews_social_meta":[],"jnews_override_counter":[],"footnotes":""},"categories":[140],"post_tag":[141,3193,568],"class_list":["post-22181","post","type-post","status-publish","format-standard","has-post-thumbnail","hentry","category-entretenimento","tag-netflix","tag-orgulho-e-preconceito","tag-series-e-filmes"],"yoast_head":"<!-- This site is optimized with the Yoast SEO plugin v24.6 - https:\/\/yoast.com\/wordpress\/plugins\/seo\/ -->\n<title>Netflix confirma mais nomes para a adapta\u00e7\u00e3o de Orgulho e Preconceito<\/title>\n<meta name=\"description\" content=\"A nova adapta\u00e7\u00e3o seriada de Orgulho e Preconceito pela Netflix com Emma Corrin e Olivia Colman. Uma atualiza\u00e7\u00e3o prometedora do cl\u00e1ssico.\" \/>\n<meta name=\"robots\" content=\"index, follow, max-snippet:-1, max-image-preview:large, max-video-preview:-1\" \/>\n<link rel=\"canonical\" href=\"https:\/\/www.correiobraziliense.com.br\/cbradar\/netflix-confirma-mais-nomes-para-a-adaptacao-de-orgulho-e-preconceito\/\" \/>\n<meta property=\"og:locale\" content=\"pt_BR\" \/>\n<meta property=\"og:type\" content=\"article\" \/>\n<meta property=\"og:title\" content=\"Netflix confirma mais nomes para a adapta\u00e7\u00e3o de Orgulho e Preconceito\" \/>\n<meta property=\"og:description\" content=\"A nova adapta\u00e7\u00e3o seriada de Orgulho e Preconceito pela Netflix com Emma Corrin e Olivia Colman. Uma atualiza\u00e7\u00e3o prometedora do cl\u00e1ssico.\" \/>\n<meta property=\"og:url\" content=\"https:\/\/www.correiobraziliense.com.br\/cbradar\/netflix-confirma-mais-nomes-para-a-adaptacao-de-orgulho-e-preconceito\/\" \/>\n<meta property=\"og:site_name\" content=\"Correio Braziliense - Radar\" \/>\n<meta property=\"article:published_time\" content=\"2025-04-12T13:30:00+00:00\" \/>\n<meta property=\"article:modified_time\" content=\"2025-07-01T14:21:39+00:00\" \/>\n<meta property=\"og:image\" content=\"https:\/\/www.correiobraziliense.com.br\/cbradar\/wp-content\/uploads\/2025\/04\/Jane-Austen_1744401862389.jpg\" \/>\n\t<meta property=\"og:image:width\" content=\"1280\" \/>\n\t<meta property=\"og:image:height\" content=\"720\" \/>\n\t<meta property=\"og:image:type\" content=\"image\/jpeg\" \/>\n<meta name=\"author\" content=\"Larissa Carvalho\" \/>\n<meta name=\"twitter:card\" content=\"summary_large_image\" \/>\n<meta name=\"twitter:label1\" content=\"Escrito por\" \/>\n\t<meta name=\"twitter:data1\" content=\"Larissa Carvalho\" \/>\n\t<meta name=\"twitter:label2\" content=\"Est. tempo de leitura\" \/>\n\t<meta name=\"twitter:data2\" content=\"5 minutos\" \/>\n<!-- \/ Yoast SEO plugin. -->","yoast_head_json":{"title":"Netflix confirma mais nomes para a adapta\u00e7\u00e3o de Orgulho e Preconceito","description":"A nova adapta\u00e7\u00e3o seriada de Orgulho e Preconceito pela Netflix com Emma Corrin e Olivia Colman. Uma atualiza\u00e7\u00e3o prometedora do cl\u00e1ssico.","robots":{"index":"index","follow":"follow","max-snippet":"max-snippet:-1","max-image-preview":"max-image-preview:large","max-video-preview":"max-video-preview:-1"},"canonical":"https:\/\/www.correiobraziliense.com.br\/cbradar\/netflix-confirma-mais-nomes-para-a-adaptacao-de-orgulho-e-preconceito\/","og_locale":"pt_BR","og_type":"article","og_title":"Netflix confirma mais nomes para a adapta\u00e7\u00e3o de Orgulho e Preconceito","og_description":"A nova adapta\u00e7\u00e3o seriada de Orgulho e Preconceito pela Netflix com Emma Corrin e Olivia Colman. Uma atualiza\u00e7\u00e3o prometedora do cl\u00e1ssico.","og_url":"https:\/\/www.correiobraziliense.com.br\/cbradar\/netflix-confirma-mais-nomes-para-a-adaptacao-de-orgulho-e-preconceito\/","og_site_name":"Correio Braziliense - Radar","article_published_time":"2025-04-12T13:30:00+00:00","article_modified_time":"2025-07-01T14:21:39+00:00","og_image":[{"width":1280,"height":720,"url":"https:\/\/www.correiobraziliense.com.br\/cbradar\/wp-content\/uploads\/2025\/04\/Jane-Austen_1744401862389.jpg","type":"image\/jpeg"}],"author":"Larissa Carvalho","twitter_card":"summary_large_image","twitter_misc":{"Escrito por":"Larissa Carvalho","Est. tempo de leitura":"5 minutos"},"schema":{"@context":"https:\/\/schema.org","@graph":[{"@type":"WebPage","@id":"https:\/\/www.correiobraziliense.com.br\/cbradar\/netflix-confirma-mais-nomes-para-a-adaptacao-de-orgulho-e-preconceito\/","url":"https:\/\/www.correiobraziliense.com.br\/cbradar\/netflix-confirma-mais-nomes-para-a-adaptacao-de-orgulho-e-preconceito\/","name":"Netflix confirma mais nomes para a adapta\u00e7\u00e3o de Orgulho e Preconceito","isPartOf":{"@id":"https:\/\/www.correiobraziliense.com.br\/cbradar\/#website"},"primaryImageOfPage":{"@id":"https:\/\/www.correiobraziliense.com.br\/cbradar\/netflix-confirma-mais-nomes-para-a-adaptacao-de-orgulho-e-preconceito\/#primaryimage"},"image":{"@id":"https:\/\/www.correiobraziliense.com.br\/cbradar\/netflix-confirma-mais-nomes-para-a-adaptacao-de-orgulho-e-preconceito\/#primaryimage"},"thumbnailUrl":"https:\/\/www.correiobraziliense.com.br\/cbradar\/wp-content\/uploads\/2025\/04\/Jane-Austen_1744401862389.jpg","datePublished":"2025-04-12T13:30:00+00:00","dateModified":"2025-07-01T14:21:39+00:00","author":{"@id":"https:\/\/www.correiobraziliense.com.br\/cbradar\/#\/schema\/person\/58422787644df994b53a19d3e56c1513"},"description":"A nova adapta\u00e7\u00e3o seriada de Orgulho e Preconceito pela Netflix com Emma Corrin e Olivia Colman. Uma atualiza\u00e7\u00e3o prometedora do cl\u00e1ssico.","breadcrumb":{"@id":"https:\/\/www.correiobraziliense.com.br\/cbradar\/netflix-confirma-mais-nomes-para-a-adaptacao-de-orgulho-e-preconceito\/#breadcrumb"},"inLanguage":"pt-BR","potentialAction":[{"@type":"ReadAction","target":["https:\/\/www.correiobraziliense.com.br\/cbradar\/netflix-confirma-mais-nomes-para-a-adaptacao-de-orgulho-e-preconceito\/"]}]},{"@type":"ImageObject","inLanguage":"pt-BR","@id":"https:\/\/www.correiobraziliense.com.br\/cbradar\/netflix-confirma-mais-nomes-para-a-adaptacao-de-orgulho-e-preconceito\/#primaryimage","url":"https:\/\/www.correiobraziliense.com.br\/cbradar\/wp-content\/uploads\/2025\/04\/Jane-Austen_1744401862389.jpg","contentUrl":"https:\/\/www.correiobraziliense.com.br\/cbradar\/wp-content\/uploads\/2025\/04\/Jane-Austen_1744401862389.jpg","width":1280,"height":720,"caption":"Jane Austen. Cr\u00e9ditos: depositphotos.com \/ ratpack2"},{"@type":"BreadcrumbList","@id":"https:\/\/www.correiobraziliense.com.br\/cbradar\/netflix-confirma-mais-nomes-para-a-adaptacao-de-orgulho-e-preconceito\/#breadcrumb","itemListElement":[{"@type":"ListItem","position":1,"name":"In\u00edcio","item":"https:\/\/www.correiobraziliense.com.br\/cbradar\/"},{"@type":"ListItem","position":2,"name":"Netflix confirma mais nomes para a adapta\u00e7\u00e3o de Orgulho e Preconceito"}]},{"@type":"WebSite","@id":"https:\/\/www.correiobraziliense.com.br\/cbradar\/#website","url":"https:\/\/www.correiobraziliense.com.br\/cbradar\/","name":"Correio Braziliense - Radar","description":"Acompanhe as \u00faltimas not\u00edcias e fique bem informado sobre tudo o que acontece no Brasil e no mundo.","potentialAction":[{"@type":"SearchAction","target":{"@type":"EntryPoint","urlTemplate":"https:\/\/www.correiobraziliense.com.br\/cbradar\/?s={search_term_string}"},"query-input":{"@type":"PropertyValueSpecification","valueRequired":true,"valueName":"search_term_string"}}],"inLanguage":"pt-BR"},{"@type":"Person","@id":"https:\/\/www.correiobraziliense.com.br\/cbradar\/#\/schema\/person\/58422787644df994b53a19d3e56c1513","name":"Larissa Carvalho","image":{"@type":"ImageObject","inLanguage":"pt-BR","@id":"https:\/\/www.correiobraziliense.com.br\/cbradar\/#\/schema\/person\/image\/","url":"https:\/\/secure.gravatar.com\/avatar\/fe4f91a0de32b52a838d0d612abdc1aa?s=96&d=mm&r=g","contentUrl":"https:\/\/secure.gravatar.com\/avatar\/fe4f91a0de32b52a838d0d612abdc1aa?s=96&d=mm&r=g","caption":"Larissa Carvalho"},"url":"https:\/\/www.correiobraziliense.com.br\/cbradar\/author\/larissamyth\/"}]}},"_links":{"self":[{"href":"https:\/\/www.correiobraziliense.com.br\/cbradar\/wp-json\/wp\/v2\/posts\/22181","targetHints":{"allow":["GET"]}}],"collection":[{"href":"https:\/\/www.correiobraziliense.com.br\/cbradar\/wp-json\/wp\/v2\/posts"}],"about":[{"href":"https:\/\/www.correiobraziliense.com.br\/cbradar\/wp-json\/wp\/v2\/types\/post"}],"author":[{"embeddable":true,"href":"https:\/\/www.correiobraziliense.com.br\/cbradar\/wp-json\/wp\/v2\/users\/3"}],"replies":[{"embeddable":true,"href":"https:\/\/www.correiobraziliense.com.br\/cbradar\/wp-json\/wp\/v2\/comments?post=22181"}],"version-history":[{"count":2,"href":"https:\/\/www.correiobraziliense.com.br\/cbradar\/wp-json\/wp\/v2\/posts\/22181\/revisions"}],"predecessor-version":[{"id":62645,"href":"https:\/\/www.correiobraziliense.com.br\/cbradar\/wp-json\/wp\/v2\/posts\/22181\/revisions\/62645"}],"wp:featuredmedia":[{"embeddable":true,"href":"https:\/\/www.correiobraziliense.com.br\/cbradar\/wp-json\/wp\/v2\/media\/22182"}],"wp:attachment":[{"href":"https:\/\/www.correiobraziliense.com.br\/cbradar\/wp-json\/wp\/v2\/media?parent=22181"}],"wp:term":[{"taxonomy":"category","embeddable":true,"href":"https:\/\/www.correiobraziliense.com.br\/cbradar\/wp-json\/wp\/v2\/categories?post=22181"},{"taxonomy":"post_tag","embeddable":true,"href":"https:\/\/www.correiobraziliense.com.br\/cbradar\/wp-json\/wp\/v2\/post_tag?post=22181"}],"curies":[{"name":"wp","href":"https:\/\/api.w.org\/{rel}","templated":true}]}}