{"id":22193,"date":"2025-04-12T18:10:00","date_gmt":"2025-04-12T21:10:00","guid":{"rendered":"https:\/\/www.correiobraziliense.com.br\/cbradar\/?p=22193"},"modified":"2025-07-01T11:29:16","modified_gmt":"2025-07-01T14:29:16","slug":"hailee-steinfeld-vai-deixar-o-universo-marvel-veja-o-diz-a-atriz","status":"publish","type":"post","link":"https:\/\/www.correiobraziliense.com.br\/cbradar\/hailee-steinfeld-vai-deixar-o-universo-marvel-veja-o-diz-a-atriz\/","title":{"rendered":"Hailee Steinfeld vai deixar o universo Marvel? Veja o diz a atriz"},"content":{"rendered":"\n<p>A aus\u00eancia de <strong>Hailee Steinfeld<\/strong> do elenco revelado de <strong>&#8220;Vingadores: Apocalipse&#8221;<\/strong> gerou debate entre f\u00e3s do <strong>Universo Cinematogr\u00e1fico da Marvel<\/strong>. Durante uma <strong><a href=\"https:\/\/www.correiobraziliense.com.br\/cbradar\/a-serie-mais-estranha-e-emocionante-que-voce-vai-assistir-na-netflix\/\" target=\"_blank\" rel=\"noreferrer noopener\">transmiss\u00e3o <\/a><\/strong>ao vivo surpresa da <strong>Marvel Studios<\/strong> em mar\u00e7o de 2025, a lista oficial confirmou dezenas de her\u00f3is e vil\u00f5es, mas notavelmente excluiu <strong>Kate Bishop<\/strong>, a arqueira interpretada por Steinfeld desde a s\u00e9rie <strong>&#8220;Gavi\u00e3o Arqueiro&#8221;<\/strong>. A decis\u00e3o chama a aten\u00e7\u00e3o especialmente porque a personagem tinha ganhado destaque em <strong>&#8220;As Marvels&#8221;<\/strong>, sugerindo papel relevante na forma\u00e7\u00e3o de uma nova gera\u00e7\u00e3o de her\u00f3is.<\/p>\n\n\n\n<p><strong>Iman Vellani<\/strong>, que interpreta <strong>Kamala Khan\/Ms. Marvel<\/strong>, tamb\u00e9m ficou ausente da lista, frustrando expectativas de continuidade das narrativas jovens do UCM. A \u00faltima apari\u00e7\u00e3o de <strong>Kate Bishop<\/strong> a mostrava colaborando com <strong>Kamala<\/strong>, criando expectativas de que essa parceria evoluiria para algo maior. A exclus\u00e3o de ambas sugere que a <strong>Marvel<\/strong> pode estar reservando essas personagens para projetos espec\u00edficos, possivelmente focados na nova gera\u00e7\u00e3o de her\u00f3is, ao inv\u00e9s de inclu\u00ed-las no evento multiversal de <strong>&#8220;Vingadores: Apocalipse&#8221;<\/strong>.<\/p>\n\n\n\n<h2 class=\"wp-block-heading\"><strong>O que Hailee Steinfeld revelou sobre seu futuro na Marvel?<\/strong><\/h2>\n\n\n\n<p>Apesar da exclus\u00e3o do filme, <strong>Steinfeld<\/strong> demonstrou otimismo sobre o futuro de <strong>Kate Bishop<\/strong> no UCM. Em entrevista recente, ela afirmou: &#8220;Estou empolgada com a ideia de continuar crescendo com uma personagem como a Kate, especialmente dentro de algo t\u00e3o grandioso quanto o Universo Cinematogr\u00e1fico da Marvel. \u00c9 como voltar para a fam\u00edlia&#8221;. A atriz tamb\u00e9m expressou entusiasmo espec\u00edfico em trabalhar novamente com <strong>Florence Pugh<\/strong>, que interpreta <strong>Yelena Belova<\/strong>.<\/p>\n\n\n\n<p>&#8220;Eu faria qualquer coisa para trabalhar mais com a Florence \u2014 especialmente no universo da Kate e da Yelena. Acho que nos divertir\u00edamos bastante&#8221;, declarou <strong>Steinfeld<\/strong>. A atriz brincou sobre as limita\u00e7\u00f5es de revelar informa\u00e7\u00f5es: &#8220;Ai, meu Deus. Essas perguntas sempre me colocam em apuros! Queria poder contar tudo&#8221;. Essa din\u00e2mica entre <strong>Kate<\/strong> e <strong>Yelena<\/strong> foi estabelecida em <strong>&#8220;Gavi\u00e3o Arqueiro&#8221;<\/strong> e representa uma das rela\u00e7\u00f5es mais promissoras para futuros projetos da <strong>Marvel<\/strong>.<\/p>\n\n\n\n<blockquote class=\"instagram-media\" data-instgrm-captioned data-instgrm-permalink=\"https:\/\/www.instagram.com\/p\/DISVp19IkxB\/?utm_source=ig_embed&amp;utm_campaign=loading\" data-instgrm-version=\"14\" style=\" background:#FFF; border:0; border-radius:3px; box-shadow:0 0 1px 0 rgba(0,0,0,0.5),0 1px 10px 0 rgba(0,0,0,0.15); margin: 1px; max-width:540px; min-width:326px; padding:0; width:99.375%; width:-webkit-calc(100% - 2px); width:calc(100% - 2px);\"><div style=\"padding:16px;\"> <a href=\"https:\/\/www.instagram.com\/p\/DISVp19IkxB\/?utm_source=ig_embed&amp;utm_campaign=loading\" style=\" background:#FFFFFF; line-height:0; padding:0 0; text-align:center; text-decoration:none; width:100%;\" target=\"_blank\"> <div style=\" display: flex; flex-direction: row; align-items: center;\"> <div style=\"background-color: #F4F4F4; border-radius: 50%; flex-grow: 0; height: 40px; margin-right: 14px; width: 40px;\"><\/div> <div style=\"display: flex; flex-direction: column; flex-grow: 1; justify-content: center;\"> <div style=\" background-color: #F4F4F4; border-radius: 4px; flex-grow: 0; height: 14px; margin-bottom: 6px; width: 100px;\"><\/div> <div style=\" background-color: #F4F4F4; border-radius: 4px; flex-grow: 0; height: 14px; width: 60px;\"><\/div><\/div><\/div><div style=\"padding: 19% 0;\"><\/div> <div style=\"display:block; height:50px; margin:0 auto 12px; width:50px;\"><svg width=\"50px\" height=\"50px\" viewBox=\"0 0 60 60\" version=\"1.1\" xmlns=\"https:\/\/www.w3.org\/2000\/svg\" xmlns:xlink=\"https:\/\/www.w3.org\/1999\/xlink\"><g stroke=\"none\" stroke-width=\"1\" fill=\"none\" fill-rule=\"evenodd\"><g transform=\"translate(-511.000000, -20.000000)\" fill=\"#000000\"><g><path d=\"M556.869,30.41 C554.814,30.41 553.148,32.076 553.148,34.131 C553.148,36.186 554.814,37.852 556.869,37.852 C558.924,37.852 560.59,36.186 560.59,34.131 C560.59,32.076 558.924,30.41 556.869,30.41 M541,60.657 C535.114,60.657 530.342,55.887 530.342,50 C530.342,44.114 535.114,39.342 541,39.342 C546.887,39.342 551.658,44.114 551.658,50 C551.658,55.887 546.887,60.657 541,60.657 M541,33.886 C532.1,33.886 524.886,41.1 524.886,50 C524.886,58.899 532.1,66.113 541,66.113 C549.9,66.113 557.115,58.899 557.115,50 C557.115,41.1 549.9,33.886 541,33.886 M565.378,62.101 C565.244,65.022 564.756,66.606 564.346,67.663 C563.803,69.06 563.154,70.057 562.106,71.106 C561.058,72.155 560.06,72.803 558.662,73.347 C557.607,73.757 556.021,74.244 553.102,74.378 C549.944,74.521 548.997,74.552 541,74.552 C533.003,74.552 532.056,74.521 528.898,74.378 C525.979,74.244 524.393,73.757 523.338,73.347 C521.94,72.803 520.942,72.155 519.894,71.106 C518.846,70.057 518.197,69.06 517.654,67.663 C517.244,66.606 516.755,65.022 516.623,62.101 C516.479,58.943 516.448,57.996 516.448,50 C516.448,42.003 516.479,41.056 516.623,37.899 C516.755,34.978 517.244,33.391 517.654,32.338 C518.197,30.938 518.846,29.942 519.894,28.894 C520.942,27.846 521.94,27.196 523.338,26.654 C524.393,26.244 525.979,25.756 528.898,25.623 C532.057,25.479 533.004,25.448 541,25.448 C548.997,25.448 549.943,25.479 553.102,25.623 C556.021,25.756 557.607,26.244 558.662,26.654 C560.06,27.196 561.058,27.846 562.106,28.894 C563.154,29.942 563.803,30.938 564.346,32.338 C564.756,33.391 565.244,34.978 565.378,37.899 C565.522,41.056 565.552,42.003 565.552,50 C565.552,57.996 565.522,58.943 565.378,62.101 M570.82,37.631 C570.674,34.438 570.167,32.258 569.425,30.349 C568.659,28.377 567.633,26.702 565.965,25.035 C564.297,23.368 562.623,22.342 560.652,21.575 C558.743,20.834 556.562,20.326 553.369,20.18 C550.169,20.033 549.148,20 541,20 C532.853,20 531.831,20.033 528.631,20.18 C525.438,20.326 523.257,20.834 521.349,21.575 C519.376,22.342 517.703,23.368 516.035,25.035 C514.368,26.702 513.342,28.377 512.574,30.349 C511.834,32.258 511.326,34.438 511.181,37.631 C511.035,40.831 511,41.851 511,50 C511,58.147 511.035,59.17 511.181,62.369 C511.326,65.562 511.834,67.743 512.574,69.651 C513.342,71.625 514.368,73.296 516.035,74.965 C517.703,76.634 519.376,77.658 521.349,78.425 C523.257,79.167 525.438,79.673 528.631,79.82 C531.831,79.965 532.853,80.001 541,80.001 C549.148,80.001 550.169,79.965 553.369,79.82 C556.562,79.673 558.743,79.167 560.652,78.425 C562.623,77.658 564.297,76.634 565.965,74.965 C567.633,73.296 568.659,71.625 569.425,69.651 C570.167,67.743 570.674,65.562 570.82,62.369 C570.966,59.17 571,58.147 571,50 C571,41.851 570.966,40.831 570.82,37.631\"><\/path><\/g><\/g><\/g><\/svg><\/div><div style=\"padding-top: 8px;\"> <div style=\" color:#3897f0; font-family:Arial,sans-serif; font-size:14px; font-style:normal; font-weight:550; line-height:18px;\">Ver essa foto no Instagram<\/div><\/div><div style=\"padding: 12.5% 0;\"><\/div> <div style=\"display: flex; flex-direction: row; margin-bottom: 14px; align-items: center;\"><div> <div style=\"background-color: #F4F4F4; border-radius: 50%; height: 12.5px; width: 12.5px; transform: translateX(0px) translateY(7px);\"><\/div> <div style=\"background-color: #F4F4F4; height: 12.5px; transform: rotate(-45deg) translateX(3px) translateY(1px); width: 12.5px; flex-grow: 0; margin-right: 14px; margin-left: 2px;\"><\/div> <div style=\"background-color: #F4F4F4; border-radius: 50%; height: 12.5px; width: 12.5px; transform: translateX(9px) translateY(-18px);\"><\/div><\/div><div style=\"margin-left: 8px;\"> <div style=\" background-color: #F4F4F4; border-radius: 50%; flex-grow: 0; height: 20px; width: 20px;\"><\/div> <div style=\" width: 0; height: 0; border-top: 2px solid transparent; border-left: 6px solid #f4f4f4; border-bottom: 2px solid transparent; transform: translateX(16px) translateY(-4px) rotate(30deg)\"><\/div><\/div><div style=\"margin-left: auto;\"> <div style=\" width: 0px; border-top: 8px solid #F4F4F4; border-right: 8px solid transparent; transform: translateY(16px);\"><\/div> <div style=\" background-color: #F4F4F4; flex-grow: 0; height: 12px; width: 16px; transform: translateY(-4px);\"><\/div> <div style=\" width: 0; height: 0; border-top: 8px solid #F4F4F4; border-left: 8px solid transparent; transform: translateY(-4px) translateX(8px);\"><\/div><\/div><\/div> <div style=\"display: flex; flex-direction: column; flex-grow: 1; justify-content: center; margin-bottom: 24px;\"> <div style=\" background-color: #F4F4F4; border-radius: 4px; flex-grow: 0; height: 14px; margin-bottom: 6px; width: 224px;\"><\/div> <div style=\" background-color: #F4F4F4; border-radius: 4px; flex-grow: 0; height: 14px; width: 144px;\"><\/div><\/div><\/a><p style=\" color:#c9c8cd; font-family:Arial,sans-serif; font-size:14px; line-height:17px; margin-bottom:0; margin-top:8px; overflow:hidden; padding:8px 0 7px; text-align:center; text-overflow:ellipsis; white-space:nowrap;\"><a href=\"https:\/\/www.instagram.com\/p\/DISVp19IkxB\/?utm_source=ig_embed&amp;utm_campaign=loading\" style=\" color:#c9c8cd; font-family:Arial,sans-serif; font-size:14px; font-style:normal; font-weight:normal; line-height:17px; text-decoration:none;\" target=\"_blank\">Uma publica\u00e7\u00e3o compartilhada por hailee steinfeld (@haileesteinfeld)<\/a><\/p><\/div><\/blockquote>\n<script async src=\"\/\/www.instagram.com\/embed.js\"><\/script>\n\n\n\n<h2 class=\"wp-block-heading\"><strong>Quem integra o elenco multiversal confirmado?<\/strong><\/h2>\n\n\n\n<p>O elenco revelado de <strong>&#8220;Vingadores: Apocalipse&#8221;<\/strong> re\u00fane uma combina\u00e7\u00e3o ambiciosa de veteranos do UCM e personagens de universos anteriores. <strong>Robert Downey Jr.<\/strong> retorna em papel surpreendente como <strong>Victor Von Doom\/Doutor Destino<\/strong>, marcando sua volta ao universo <strong>Marvel<\/strong> em fun\u00e7\u00e3o completamente diferente do <strong>Homem de Ferro<\/strong>. A inclus\u00e3o de mutantes dos filmes <strong>X-Men<\/strong> representa marco hist\u00f3rico: <strong>Patrick Stewart<\/strong> (<strong>Professor Xavier<\/strong>), <strong>Ian McKellen<\/strong> (<strong>Magneto<\/strong>), <strong>Rebecca Romijn<\/strong> (<strong>M\u00edstica<\/strong>) e <strong>Kelsey Grammer<\/strong> (<strong>Fera<\/strong>) oficialmente se juntam ao UCM.<\/p>\n\n\n\n<p>A presen\u00e7a de <strong>Pedro Pascal<\/strong> como <strong>Sr. Fant\u00e1stico<\/strong> conecta o filme com &#8220;Quarteto Fant\u00e1stico: Primeiros Passos&#8221;, enquanto her\u00f3is estabelecidos como <strong>Anthony Mackie<\/strong> (<strong>Capit\u00e3o Am\u00e9rica<\/strong>), <strong>Chris Hemsworth<\/strong> (<strong>Thor<\/strong>) e <strong>Paul Rudd<\/strong> (<strong>Homem-Formiga<\/strong>) mant\u00eam continuidade narrativa. A adi\u00e7\u00e3o de <strong>Channing Tatum<\/strong> como <strong>Gambit<\/strong> satisfaz demanda de f\u00e3s que esperavam ver essa vers\u00e3o do personagem desde <strong>&#8220;Deadpool &amp; Wolverine&#8221;<\/strong>. Este elenco multiversal sugere que o filme funcionar\u00e1 como converg\u00eancia de m\u00faltiplas realidades cinematogr\u00e1ficas.<\/p>\n\n\n\n<figure class=\"wp-block-image size-large\"><img decoding=\"async\" width=\"1024\" height=\"576\" src=\"https:\/\/www.correiobraziliense.com.br\/cbradar\/wp-content\/uploads\/2025\/04\/Hailee-Steinfeld_1744403000096-1024x576.jpg\" alt=\"Hailee Steinfeld vai deixar o universo Marvel? Veja o diz a atriz\" class=\"wp-image-22195\" srcset=\"https:\/\/www.correiobraziliense.com.br\/cbradar\/wp-content\/uploads\/2025\/04\/Hailee-Steinfeld_1744403000096-1024x576.jpg 1024w, https:\/\/www.correiobraziliense.com.br\/cbradar\/wp-content\/uploads\/2025\/04\/Hailee-Steinfeld_1744403000096-300x169.jpg 300w, https:\/\/www.correiobraziliense.com.br\/cbradar\/wp-content\/uploads\/2025\/04\/Hailee-Steinfeld_1744403000096-768x432.jpg 768w, https:\/\/www.correiobraziliense.com.br\/cbradar\/wp-content\/uploads\/2025\/04\/Hailee-Steinfeld_1744403000096-750x422.jpg 750w, https:\/\/www.correiobraziliense.com.br\/cbradar\/wp-content\/uploads\/2025\/04\/Hailee-Steinfeld_1744403000096-1140x642.jpg 1140w, https:\/\/www.correiobraziliense.com.br\/cbradar\/wp-content\/uploads\/2025\/04\/Hailee-Steinfeld_1744403000096.jpg 1279w\" sizes=\"(max-width: 1024px) 100vw, 1024px\" \/><figcaption class=\"wp-element-caption\">Hailee Steinfeld. Cr\u00e9ditos: depositphotos.com \/ Featureflash<\/figcaption><\/figure>\n\n\n\n<h2 class=\"wp-block-heading\"><strong>Como a aus\u00eancia de Kate Bishop afeta a estrat\u00e9gia da Marvel?<\/strong><\/h2>\n\n\n\n<p>A exclus\u00e3o de <strong>Kate Bishop<\/strong> e outros her\u00f3is jovens indica poss\u00edvel mudan\u00e7a na estrat\u00e9gia narrativa da <strong>Marvel<\/strong>. Steinfeld &#8220;praticamente confirmou seu retorno&#8221; ao universo Marvel, sugerindo que a personagem aparecer\u00e1 em projetos futuros. A decis\u00e3o pode refletir inten\u00e7\u00e3o de focar <strong>&#8220;Vingadores: Apocalipse&#8221;<\/strong> na guerra multiversal com personagens mais estabelecidos, reservando a nova gera\u00e7\u00e3o para narrativas espec\u00edficas.<\/p>\n\n\n\n<p>A <strong>Marvel<\/strong> tradicionalmente utiliza diferentes projetos para desenvolver aspectos distintos do UCM. A aus\u00eancia de <strong>Kate<\/strong> pode indicar que a empresa planeja s\u00e9rie ou filme dedicado aos &#8220;Jovens Vingadores&#8221;, permitindo desenvolvimento mais aprofundado dessas personagens. A men\u00e7\u00e3o de Steinfeld sobre &#8220;n\u00e3o ter detalhes espec\u00edficos sobre quando ou como isso pode acontecer&#8221; sugere que os planos existem, mas ainda est\u00e3o em desenvolvimento. Esta abordagem permitiria que cada gera\u00e7\u00e3o de her\u00f3is tenha espa\u00e7o narrativo adequado.<\/p>\n\n\n\n<h2 class=\"wp-block-heading\"><strong>Quando os f\u00e3s podem esperar o retorno de Kate Bishop?<\/strong><\/h2>\n\n\n\n<p>&#8220;Vingadores: Apocalipse&#8221; tem estreia marcada para 1\u00ba de maio de 2026, enquanto &#8220;Vingadores: Guerras Secretas&#8221; chega em 7 de maio de 2027. O per\u00edodo entre esses lan\u00e7amentos oferece janela para que a <strong>Marvel<\/strong> desenvolva projetos paralelos focados em personagens como <strong>Kate Bishop<\/strong>. A empresa tem hist\u00f3rico de lan\u00e7ar s\u00e9ries no <strong>Disney+<\/strong> que conectam com seus filmes principais, estrat\u00e9gia que pode beneficiar <strong>Kate<\/strong> e outros her\u00f3is jovens.<\/p>\n\n\n\n<p>O in\u00edcio das filmagens em abril de 2025 em Londres confirma que &#8220;Vingadores: Apocalipse&#8221; j\u00e1 est\u00e1 em produ\u00e7\u00e3o ativa. Para <strong>Steinfeld<\/strong>, o futuro provavelmente incluir\u00e1 retorno ao UCM em formato ainda n\u00e3o revelado. A continuidade entre <strong>&#8220;As Marvels&#8221;<\/strong> e futuros projetos pode estabelecer a nova equipe de her\u00f3is jovens como for\u00e7a significativa no universo <strong>Marvel<\/strong>. A paci\u00eancia dos f\u00e3s pode ser recompensada com desenvolvimento mais substancial dessas personagens em projetos dedicados, ao inv\u00e9s de participa\u00e7\u00f5es menores em eventos multiversais massivos.<\/p>\n","protected":false},"excerpt":{"rendered":"<p>Explora\u00e7\u00e3o do impacto do elenco de Vingadores: Apocalipse no Universo Cinematogr\u00e1fico da Marvel, incluindo a aus\u00eancia not\u00e1vel de Hailee Steinfeld.<\/p>\n","protected":false},"author":3,"featured_media":22194,"comment_status":"open","ping_status":"open","sticky":false,"template":"","format":"standard","meta":{"_yoast_wpseo_focuskw":"Hailee Steinfeld Vingadores","_yoast_wpseo_title":"%%title%%","_yoast_wpseo_metadesc":"Explora\u00e7\u00e3o do impacto do elenco de Vingadores no Universo Cinematogr\u00e1fico da Marvel, incluindo a aus\u00eancia not\u00e1vel de Hailee Steinfeld.","jnews-multi-image_gallery":[],"jnews_single_post":{"format":"standard"},"jnews_primary_category":[],"jnews_social_meta":[],"jnews_override_counter":[],"footnotes":""},"categories":[140],"post_tag":[2515,410,568],"class_list":["post-22193","post","type-post","status-publish","format-standard","has-post-thumbnail","hentry","category-entretenimento","tag-hailee-steinfeld","tag-marvel","tag-series-e-filmes"],"yoast_head":"<!-- This site is optimized with the Yoast SEO plugin v24.6 - https:\/\/yoast.com\/wordpress\/plugins\/seo\/ -->\n<title>Hailee Steinfeld vai deixar o universo Marvel? Veja o diz a atriz<\/title>\n<meta name=\"description\" content=\"Explora\u00e7\u00e3o do impacto do elenco de Vingadores no Universo Cinematogr\u00e1fico da Marvel, incluindo a aus\u00eancia not\u00e1vel de Hailee Steinfeld.\" \/>\n<meta name=\"robots\" content=\"index, follow, max-snippet:-1, max-image-preview:large, max-video-preview:-1\" \/>\n<link rel=\"canonical\" href=\"https:\/\/www.correiobraziliense.com.br\/cbradar\/hailee-steinfeld-vai-deixar-o-universo-marvel-veja-o-diz-a-atriz\/\" \/>\n<meta property=\"og:locale\" content=\"pt_BR\" \/>\n<meta property=\"og:type\" content=\"article\" \/>\n<meta property=\"og:title\" content=\"Hailee Steinfeld vai deixar o universo Marvel? Veja o diz a atriz\" \/>\n<meta property=\"og:description\" content=\"Explora\u00e7\u00e3o do impacto do elenco de Vingadores no Universo Cinematogr\u00e1fico da Marvel, incluindo a aus\u00eancia not\u00e1vel de Hailee Steinfeld.\" \/>\n<meta property=\"og:url\" content=\"https:\/\/www.correiobraziliense.com.br\/cbradar\/hailee-steinfeld-vai-deixar-o-universo-marvel-veja-o-diz-a-atriz\/\" \/>\n<meta property=\"og:site_name\" content=\"Correio Braziliense - Radar\" \/>\n<meta property=\"article:published_time\" content=\"2025-04-12T21:10:00+00:00\" \/>\n<meta property=\"article:modified_time\" content=\"2025-07-01T14:29:16+00:00\" \/>\n<meta property=\"og:image\" content=\"https:\/\/www.correiobraziliense.com.br\/cbradar\/wp-content\/uploads\/2025\/04\/Hailee-Steinfeld_1744402976049.jpg\" \/>\n\t<meta property=\"og:image:width\" content=\"1280\" \/>\n\t<meta property=\"og:image:height\" content=\"720\" \/>\n\t<meta property=\"og:image:type\" content=\"image\/jpeg\" \/>\n<meta name=\"author\" content=\"Larissa Carvalho\" \/>\n<meta name=\"twitter:card\" content=\"summary_large_image\" \/>\n<meta name=\"twitter:label1\" content=\"Escrito por\" \/>\n\t<meta name=\"twitter:data1\" content=\"Larissa Carvalho\" \/>\n\t<meta name=\"twitter:label2\" content=\"Est. tempo de leitura\" \/>\n\t<meta name=\"twitter:data2\" content=\"5 minutos\" \/>\n<!-- \/ Yoast SEO plugin. -->","yoast_head_json":{"title":"Hailee Steinfeld vai deixar o universo Marvel? Veja o diz a atriz","description":"Explora\u00e7\u00e3o do impacto do elenco de Vingadores no Universo Cinematogr\u00e1fico da Marvel, incluindo a aus\u00eancia not\u00e1vel de Hailee Steinfeld.","robots":{"index":"index","follow":"follow","max-snippet":"max-snippet:-1","max-image-preview":"max-image-preview:large","max-video-preview":"max-video-preview:-1"},"canonical":"https:\/\/www.correiobraziliense.com.br\/cbradar\/hailee-steinfeld-vai-deixar-o-universo-marvel-veja-o-diz-a-atriz\/","og_locale":"pt_BR","og_type":"article","og_title":"Hailee Steinfeld vai deixar o universo Marvel? Veja o diz a atriz","og_description":"Explora\u00e7\u00e3o do impacto do elenco de Vingadores no Universo Cinematogr\u00e1fico da Marvel, incluindo a aus\u00eancia not\u00e1vel de Hailee Steinfeld.","og_url":"https:\/\/www.correiobraziliense.com.br\/cbradar\/hailee-steinfeld-vai-deixar-o-universo-marvel-veja-o-diz-a-atriz\/","og_site_name":"Correio Braziliense - Radar","article_published_time":"2025-04-12T21:10:00+00:00","article_modified_time":"2025-07-01T14:29:16+00:00","og_image":[{"width":1280,"height":720,"url":"https:\/\/www.correiobraziliense.com.br\/cbradar\/wp-content\/uploads\/2025\/04\/Hailee-Steinfeld_1744402976049.jpg","type":"image\/jpeg"}],"author":"Larissa Carvalho","twitter_card":"summary_large_image","twitter_misc":{"Escrito por":"Larissa Carvalho","Est. tempo de leitura":"5 minutos"},"schema":{"@context":"https:\/\/schema.org","@graph":[{"@type":"WebPage","@id":"https:\/\/www.correiobraziliense.com.br\/cbradar\/hailee-steinfeld-vai-deixar-o-universo-marvel-veja-o-diz-a-atriz\/","url":"https:\/\/www.correiobraziliense.com.br\/cbradar\/hailee-steinfeld-vai-deixar-o-universo-marvel-veja-o-diz-a-atriz\/","name":"Hailee Steinfeld vai deixar o universo Marvel? Veja o diz a atriz","isPartOf":{"@id":"https:\/\/www.correiobraziliense.com.br\/cbradar\/#website"},"primaryImageOfPage":{"@id":"https:\/\/www.correiobraziliense.com.br\/cbradar\/hailee-steinfeld-vai-deixar-o-universo-marvel-veja-o-diz-a-atriz\/#primaryimage"},"image":{"@id":"https:\/\/www.correiobraziliense.com.br\/cbradar\/hailee-steinfeld-vai-deixar-o-universo-marvel-veja-o-diz-a-atriz\/#primaryimage"},"thumbnailUrl":"https:\/\/www.correiobraziliense.com.br\/cbradar\/wp-content\/uploads\/2025\/04\/Hailee-Steinfeld_1744402976049.jpg","datePublished":"2025-04-12T21:10:00+00:00","dateModified":"2025-07-01T14:29:16+00:00","author":{"@id":"https:\/\/www.correiobraziliense.com.br\/cbradar\/#\/schema\/person\/58422787644df994b53a19d3e56c1513"},"description":"Explora\u00e7\u00e3o do impacto do elenco de Vingadores no Universo Cinematogr\u00e1fico da Marvel, incluindo a aus\u00eancia not\u00e1vel de Hailee Steinfeld.","breadcrumb":{"@id":"https:\/\/www.correiobraziliense.com.br\/cbradar\/hailee-steinfeld-vai-deixar-o-universo-marvel-veja-o-diz-a-atriz\/#breadcrumb"},"inLanguage":"pt-BR","potentialAction":[{"@type":"ReadAction","target":["https:\/\/www.correiobraziliense.com.br\/cbradar\/hailee-steinfeld-vai-deixar-o-universo-marvel-veja-o-diz-a-atriz\/"]}]},{"@type":"ImageObject","inLanguage":"pt-BR","@id":"https:\/\/www.correiobraziliense.com.br\/cbradar\/hailee-steinfeld-vai-deixar-o-universo-marvel-veja-o-diz-a-atriz\/#primaryimage","url":"https:\/\/www.correiobraziliense.com.br\/cbradar\/wp-content\/uploads\/2025\/04\/Hailee-Steinfeld_1744402976049.jpg","contentUrl":"https:\/\/www.correiobraziliense.com.br\/cbradar\/wp-content\/uploads\/2025\/04\/Hailee-Steinfeld_1744402976049.jpg","width":1280,"height":720,"caption":"Hailee Steinfeld. Cr\u00e9ditos: depositphotos.com \/ Image Press Agency"},{"@type":"BreadcrumbList","@id":"https:\/\/www.correiobraziliense.com.br\/cbradar\/hailee-steinfeld-vai-deixar-o-universo-marvel-veja-o-diz-a-atriz\/#breadcrumb","itemListElement":[{"@type":"ListItem","position":1,"name":"In\u00edcio","item":"https:\/\/www.correiobraziliense.com.br\/cbradar\/"},{"@type":"ListItem","position":2,"name":"Hailee Steinfeld vai deixar o universo Marvel? Veja o diz a atriz"}]},{"@type":"WebSite","@id":"https:\/\/www.correiobraziliense.com.br\/cbradar\/#website","url":"https:\/\/www.correiobraziliense.com.br\/cbradar\/","name":"Correio Braziliense - Radar","description":"Acompanhe as \u00faltimas not\u00edcias e fique bem informado sobre tudo o que acontece no Brasil e no mundo.","potentialAction":[{"@type":"SearchAction","target":{"@type":"EntryPoint","urlTemplate":"https:\/\/www.correiobraziliense.com.br\/cbradar\/?s={search_term_string}"},"query-input":{"@type":"PropertyValueSpecification","valueRequired":true,"valueName":"search_term_string"}}],"inLanguage":"pt-BR"},{"@type":"Person","@id":"https:\/\/www.correiobraziliense.com.br\/cbradar\/#\/schema\/person\/58422787644df994b53a19d3e56c1513","name":"Larissa Carvalho","image":{"@type":"ImageObject","inLanguage":"pt-BR","@id":"https:\/\/www.correiobraziliense.com.br\/cbradar\/#\/schema\/person\/image\/","url":"https:\/\/secure.gravatar.com\/avatar\/fe4f91a0de32b52a838d0d612abdc1aa?s=96&d=mm&r=g","contentUrl":"https:\/\/secure.gravatar.com\/avatar\/fe4f91a0de32b52a838d0d612abdc1aa?s=96&d=mm&r=g","caption":"Larissa Carvalho"},"url":"https:\/\/www.correiobraziliense.com.br\/cbradar\/author\/larissamyth\/"}]}},"_links":{"self":[{"href":"https:\/\/www.correiobraziliense.com.br\/cbradar\/wp-json\/wp\/v2\/posts\/22193","targetHints":{"allow":["GET"]}}],"collection":[{"href":"https:\/\/www.correiobraziliense.com.br\/cbradar\/wp-json\/wp\/v2\/posts"}],"about":[{"href":"https:\/\/www.correiobraziliense.com.br\/cbradar\/wp-json\/wp\/v2\/types\/post"}],"author":[{"embeddable":true,"href":"https:\/\/www.correiobraziliense.com.br\/cbradar\/wp-json\/wp\/v2\/users\/3"}],"replies":[{"embeddable":true,"href":"https:\/\/www.correiobraziliense.com.br\/cbradar\/wp-json\/wp\/v2\/comments?post=22193"}],"version-history":[{"count":2,"href":"https:\/\/www.correiobraziliense.com.br\/cbradar\/wp-json\/wp\/v2\/posts\/22193\/revisions"}],"predecessor-version":[{"id":62662,"href":"https:\/\/www.correiobraziliense.com.br\/cbradar\/wp-json\/wp\/v2\/posts\/22193\/revisions\/62662"}],"wp:featuredmedia":[{"embeddable":true,"href":"https:\/\/www.correiobraziliense.com.br\/cbradar\/wp-json\/wp\/v2\/media\/22194"}],"wp:attachment":[{"href":"https:\/\/www.correiobraziliense.com.br\/cbradar\/wp-json\/wp\/v2\/media?parent=22193"}],"wp:term":[{"taxonomy":"category","embeddable":true,"href":"https:\/\/www.correiobraziliense.com.br\/cbradar\/wp-json\/wp\/v2\/categories?post=22193"},{"taxonomy":"post_tag","embeddable":true,"href":"https:\/\/www.correiobraziliense.com.br\/cbradar\/wp-json\/wp\/v2\/post_tag?post=22193"}],"curies":[{"name":"wp","href":"https:\/\/api.w.org\/{rel}","templated":true}]}}