{"id":22218,"date":"2025-04-12T06:50:00","date_gmt":"2025-04-12T09:50:00","guid":{"rendered":"https:\/\/www.correiobraziliense.com.br\/cbradar\/?p=22218"},"modified":"2025-06-30T14:41:21","modified_gmt":"2025-06-30T17:41:21","slug":"7-filmes-e-series-da-netflix-que-chegaram-nesta-semana","status":"publish","type":"post","link":"https:\/\/www.correiobraziliense.com.br\/cbradar\/7-filmes-e-series-da-netflix-que-chegaram-nesta-semana\/","title":{"rendered":"7 filmes e s\u00e9ries da Netflix que chegaram nesta semana!"},"content":{"rendered":"\n<p>A plataforma de streaming mais famosa do mundo est\u00e1 cheia de surpresas para os pr\u00f3ximos dias. Entre dramas que mexem com as emo\u00e7\u00f5es, thrillers que prendem do in\u00edcio ao fim e hist\u00f3rias que v\u00e3o al\u00e9m da fic\u00e7\u00e3o, a <a href=\"https:\/\/www.netflix.com\/br\/title\/70264888\" target=\"_blank\" rel=\"noreferrer noopener\"><strong>Netflix<\/strong> <\/a>preparou um card\u00e1pio variado para agradar todos os gostos. Se voc\u00ea anda perdido no meio de tanto conte\u00fado dispon\u00edvel, n\u00e3o se preocupe. Selecionamos as estreias mais marcantes que est\u00e3o chegando para revolucionar sua lista de favoritos. Prepare-se para descobrir produ\u00e7\u00f5es que prometem conquistar cora\u00e7\u00f5es e render longas horas de entretenimento de qualidade.<\/p>\n\n\n\n<h2 class=\"wp-block-heading\">Qual o Grande Retorno que Todos Est\u00e3o Esperando?<\/h2>\n\n\n\n<p>A s\u00e9tima <a href=\"https:\/\/www.correiobraziliense.com.br\/cbradar\/esse-filme-na-netflix-esta-mudando-a-vida-das-pessoas\/\" target=\"_blank\" rel=\"noreferrer noopener\">temporada <\/a>de <strong>Black Mirror<\/strong> finalmente chegou em <strong>10 de abril<\/strong>, trazendo seis epis\u00f3dios que prometem mexer com nossas cabe\u00e7as mais uma vez. A s\u00e9rie antol\u00f3gica criada por <strong>Charlie Brooker<\/strong> continua explorando os perigos da tecnologia moderna, mas desta vez com uma novidade especial: pela primeira vez na hist\u00f3ria da s\u00e9rie, teremos uma continua\u00e7\u00e3o direta de um epis\u00f3dio anterior, retomando a hist\u00f3ria de &#8220;USS Callister&#8221;.<\/p>\n\n\n\n<p>O criador <strong>Charlie Brooker<\/strong> adiantou que podemos esperar &#8220;uma mistura de g\u00eaneros e estilos&#8221;, com epis\u00f3dios que v\u00e3o desde profundamente perturbadores at\u00e9 genuinamente engra\u00e7ados. Entre os nomes confirmados para esta temporada est\u00e3o <strong>Awkwafina<\/strong>, <strong>Peter Capaldi<\/strong>, <strong>Emma Corrin<\/strong> e <strong>Rashida Jones<\/strong>, garantindo um elenco de peso para as novas hist\u00f3rias dist\u00f3picas.<\/p>\n\n\n\n<h2 class=\"wp-block-heading\">Que Thriller Espanhol Est\u00e1 Dominando o Top 1?<\/h2>\n\n\n\n<p><strong>O Jardineiro<\/strong>, s\u00e9rie espanhola que estreou em <strong>11 de abril<\/strong>, j\u00e1 se tornou o Top 1 Global da plataforma. A produ\u00e7\u00e3o acompanha <strong>Elmer<\/strong>, um assassino profissional que se disfar\u00e7a como jardineiro para se aproximar de suas v\u00edtimas. Junto com sua m\u00e3e controladora, <strong>La China Jurado<\/strong>, eles comandam um neg\u00f3cio clandestino de assassinatos por encomenda usando um horto como fachada.<\/p>\n\n\n\n<p>A hist\u00f3ria ganha uma reviravolta inesperada quando <strong>Elmer<\/strong> se apaixona por <strong>Violeta<\/strong>, uma professora que deveria ser sua pr\u00f3xima v\u00edtima. Com apenas seis epis\u00f3dios dispon\u00edveis, a miniss\u00e9rie tem sido comparada \u00e0 popular s\u00e9rie <strong>You<\/strong> e j\u00e1 conquistou f\u00e3s do suspense psicol\u00f3gico. Vale destacar que, diferentemente do que muitos imaginam, a s\u00e9rie n\u00e3o \u00e9 baseada em fatos reais, sendo uma cria\u00e7\u00e3o totalmente ficcional de <strong>Miguel S\u00e1ez Carral<\/strong>.<\/p>\n\n\n\n<h2 class=\"wp-block-heading\">Quais Document\u00e1rios Est\u00e3o Causando Impacto?<\/h2>\n\n\n\n<p>Para quem busca conte\u00fado baseado na realidade, a <strong>Netflix<\/strong> trouxe document\u00e1rios que abordam temas importantes e atuais. <strong>Bilh\u00f5es de Visualiza\u00e7\u00f5es, Milh\u00f5es de D\u00f3lares<\/strong> estreou explorando o mundo controverso dos influenciadores infantis, revelando alega\u00e7\u00f5es perturbadoras envolvendo a webcelebridade <strong>Piper Rockelle<\/strong> e sua m\u00e3e-agente <strong>Tiffany Smith<\/strong>.<\/p>\n\n\n\n<p>Outra produ\u00e7\u00e3o documental que merece destaque \u00e9 a s\u00e9rie sobre o <strong>Boston Red Sox<\/strong>, que oferece uma perspectiva in\u00e9dita sobre um dos times mais hist\u00f3ricos do esporte, acompanhando os jogadores durante a temporada de 2024 com acesso a detalhes jamais vistos sobre suas vidas pessoais e profissionais. A s\u00e9rie mostra como os atletas lidam com a press\u00e3o mental e as demandas f\u00edsicas de uma temporada com 162 jogos.<\/p>\n\n\n\n<h2 class=\"wp-block-heading\">Que Produ\u00e7\u00f5es Internacionais Merecem Aten\u00e7\u00e3o?<\/h2>\n\n\n\n<p><strong>O Nascer da Lua<\/strong>, anime japon\u00eas que estreou em <strong>10 de abril<\/strong>, adapta o livro de <strong>Tou Ubukata<\/strong> e explora o conflito entre a vida pac\u00edfica na Terra e a luta pela independ\u00eancia da Lua. Com dire\u00e7\u00e3o de <strong>Masashi Koizuka<\/strong> (conhecido por <strong>Ataque dos Tit\u00e3s<\/strong>) e produ\u00e7\u00e3o da <strong>WIT Studio<\/strong>, a s\u00e9rie traz personagens criados pelo mangak\u00e1 <strong>Hiromu Arakawa<\/strong> de <strong>Fullmetal Alchemist<\/strong>.<\/p>\n\n\n\n<p>Para os f\u00e3s de reality shows, <strong>Resident Playbook<\/strong>, s\u00e9rie sul-coreana, apresenta <strong>Jin<\/strong> do <strong>BTS<\/strong> e <strong>Ji Ye-eun<\/strong> fazendo brincadeiras divertidas com h\u00f3spedes em uma pousada bizarra numa ilha deserta. A produ\u00e7\u00e3o promete momentos descontra\u00eddos e muito humor com a participa\u00e7\u00e3o do famoso <strong>Kian84<\/strong>.<\/p>\n\n\n\n<h2 class=\"wp-block-heading\">O Que Esperar dos Novos Talk Shows e Programas?<\/h2>\n\n\n\n<figure class=\"wp-block-embed aligncenter is-type-video is-provider-youtube wp-block-embed-youtube wp-embed-aspect-16-9 wp-has-aspect-ratio\"><div class=\"wp-block-embed__wrapper\">\n<div class=\"jeg_video_container jeg_video_content\"><iframe loading=\"lazy\" title=\"Como vender drogas online (r\u00e1pido): Temporada final | Teaser oficial | Netflix\" width=\"500\" height=\"281\" src=\"https:\/\/www.youtube.com\/embed\/m0PLYU0wgu8?feature=oembed\" frameborder=\"0\" allow=\"accelerometer; autoplay; clipboard-write; encrypted-media; gyroscope; picture-in-picture; web-share\" referrerpolicy=\"strict-origin-when-cross-origin\" allowfullscreen><\/iframe><\/div>\n<\/div><\/figure>\n\n\n\n<p><strong>David Letterman<\/strong> retorna com novos epis\u00f3dios de <strong>&#8220;O Pr\u00f3ximo Convidado Dispensa Apresenta\u00e7\u00e3o&#8221;<\/strong>, programa que combina humor, curiosidades e conversas profundas com pessoas extraordin\u00e1rias. O veterano apresentador continua sua tradi\u00e7\u00e3o de entrevistas \u00fanicas que v\u00e3o al\u00e9m do convencional.<\/p>\n\n\n\n<p><strong>&#8220;Um Balde, um Microfone&#8221;<\/strong> tamb\u00e9m chegou como uma nova proposta de stand-up, onde comediantes t\u00eam apenas um minuto para conquistar <strong>Tony Hinchcliffe<\/strong> e um j\u00fari de celebridades. O formato promete mostrar o stand-up em sua forma mais implac\u00e1vel e imprevis\u00edvel, testando os limites dos humoristas.<\/p>\n\n\n\n<h2 class=\"wp-block-heading\">Por Que a Netflix Est\u00e1 Apostando em S\u00e9ries Curtas?<\/h2>\n\n\n\n<p>Uma tend\u00eancia interessante que tem se destacado na <strong>Netflix<\/strong> \u00e9 o investimento em miniss\u00e9ries e produ\u00e7\u00f5es com poucos epis\u00f3dios. <strong>O Jardineiro<\/strong>, por exemplo, conquistou o primeiro lugar global com apenas seis epis\u00f3dios, mostrando que o p\u00fablico tem preferido narrativas mais condensadas e diretas. Esta estrat\u00e9gia permite que os criadores desenvolvam hist\u00f3rias completas sem enrola\u00e7\u00e3o, mantendo o ritmo e a qualidade em alta.<\/p>\n\n\n\n<p>A s\u00e9tima temporada de <strong>Black Mirror<\/strong> tamb\u00e9m segue essa linha, com seis epis\u00f3dios que variam entre 46 minutos e 1h30, totalizando cerca de 6 horas de conte\u00fado. Isso permite que os espectadores fa\u00e7am maratonas mais gerenci\u00e1veis, ideal para quem tem pouco tempo livre mas n\u00e3o quer perder grandes produ\u00e7\u00f5es.<\/p>\n\n\n\n<p>Com essa variedade de op\u00e7\u00f5es, desde thrillers psicol\u00f3gicos at\u00e9 document\u00e1rios reveladores, a <strong>Netflix<\/strong> comprova mais uma vez por que continua sendo a l\u00edder mundial em streaming. Prepare a pipoca e escolha sua pr\u00f3xima obsess\u00e3o!<\/p>\n","protected":false},"excerpt":{"rendered":"<p>A plataforma de streaming mais famosa do mundo est\u00e1 cheia de surpresas para os pr\u00f3ximos dias. Entre dramas que mexem com as emo\u00e7\u00f5es, thrillers que prendem do in\u00edcio ao fim e hist\u00f3rias que v\u00e3o al\u00e9m da fic\u00e7\u00e3o, a Netflix preparou um card\u00e1pio variado para agradar todos os gostos. Se voc\u00ea anda perdido no meio de [&hellip;]<\/p>\n","protected":false},"author":8,"featured_media":7854,"comment_status":"open","ping_status":"open","sticky":false,"template":"","format":"standard","meta":{"_yoast_wpseo_focuskw":"Netflix","_yoast_wpseo_title":"","_yoast_wpseo_metadesc":"Confira os 7 lan\u00e7amentos imperd\u00edveis da Netflix nesta semana, incluindo novas s\u00e9ries, filmes e document\u00e1rios para todos os gostos!","jnews-multi-image_gallery":[],"jnews_single_post":{"format":"standard"},"jnews_primary_category":[],"jnews_social_meta":[],"jnews_override_counter":[],"footnotes":""},"categories":[140],"post_tag":[141,568],"class_list":["post-22218","post","type-post","status-publish","format-standard","has-post-thumbnail","hentry","category-entretenimento","tag-netflix","tag-series-e-filmes"],"yoast_head":"<!-- This site is optimized with the Yoast SEO plugin v24.6 - https:\/\/yoast.com\/wordpress\/plugins\/seo\/ -->\n<title>7 filmes e s\u00e9ries da Netflix que chegaram nesta semana! - Correio Braziliense - Radar<\/title>\n<meta name=\"description\" content=\"Confira os 7 lan\u00e7amentos imperd\u00edveis da Netflix nesta semana, incluindo novas s\u00e9ries, filmes e document\u00e1rios para todos os gostos!\" \/>\n<meta name=\"robots\" content=\"index, follow, max-snippet:-1, max-image-preview:large, max-video-preview:-1\" \/>\n<link rel=\"canonical\" href=\"https:\/\/www.correiobraziliense.com.br\/cbradar\/7-filmes-e-series-da-netflix-que-chegaram-nesta-semana\/\" \/>\n<meta property=\"og:locale\" content=\"pt_BR\" \/>\n<meta property=\"og:type\" content=\"article\" \/>\n<meta property=\"og:title\" content=\"7 filmes e s\u00e9ries da Netflix que chegaram nesta semana! - Correio Braziliense - Radar\" \/>\n<meta property=\"og:description\" content=\"Confira os 7 lan\u00e7amentos imperd\u00edveis da Netflix nesta semana, incluindo novas s\u00e9ries, filmes e document\u00e1rios para todos os gostos!\" \/>\n<meta property=\"og:url\" content=\"https:\/\/www.correiobraziliense.com.br\/cbradar\/7-filmes-e-series-da-netflix-que-chegaram-nesta-semana\/\" \/>\n<meta property=\"og:site_name\" content=\"Correio Braziliense - Radar\" \/>\n<meta property=\"article:published_time\" content=\"2025-04-12T09:50:00+00:00\" \/>\n<meta property=\"article:modified_time\" content=\"2025-06-30T17:41:21+00:00\" \/>\n<meta property=\"og:image\" content=\"https:\/\/www.correiobraziliense.com.br\/cbradar\/wp-content\/uploads\/2025\/02\/netflix_1740792505574.jpg\" \/>\n\t<meta property=\"og:image:width\" content=\"1280\" \/>\n\t<meta property=\"og:image:height\" content=\"720\" \/>\n\t<meta property=\"og:image:type\" content=\"image\/jpeg\" \/>\n<meta name=\"author\" content=\"Maura Pereira\" \/>\n<meta name=\"twitter:card\" content=\"summary_large_image\" \/>\n<meta name=\"twitter:label1\" content=\"Escrito por\" \/>\n\t<meta name=\"twitter:data1\" content=\"Maura Pereira\" \/>\n\t<meta name=\"twitter:label2\" content=\"Est. tempo de leitura\" \/>\n\t<meta name=\"twitter:data2\" content=\"5 minutos\" \/>\n<!-- \/ Yoast SEO plugin. -->","yoast_head_json":{"title":"7 filmes e s\u00e9ries da Netflix que chegaram nesta semana! - Correio Braziliense - Radar","description":"Confira os 7 lan\u00e7amentos imperd\u00edveis da Netflix nesta semana, incluindo novas s\u00e9ries, filmes e document\u00e1rios para todos os gostos!","robots":{"index":"index","follow":"follow","max-snippet":"max-snippet:-1","max-image-preview":"max-image-preview:large","max-video-preview":"max-video-preview:-1"},"canonical":"https:\/\/www.correiobraziliense.com.br\/cbradar\/7-filmes-e-series-da-netflix-que-chegaram-nesta-semana\/","og_locale":"pt_BR","og_type":"article","og_title":"7 filmes e s\u00e9ries da Netflix que chegaram nesta semana! - Correio Braziliense - Radar","og_description":"Confira os 7 lan\u00e7amentos imperd\u00edveis da Netflix nesta semana, incluindo novas s\u00e9ries, filmes e document\u00e1rios para todos os gostos!","og_url":"https:\/\/www.correiobraziliense.com.br\/cbradar\/7-filmes-e-series-da-netflix-que-chegaram-nesta-semana\/","og_site_name":"Correio Braziliense - Radar","article_published_time":"2025-04-12T09:50:00+00:00","article_modified_time":"2025-06-30T17:41:21+00:00","og_image":[{"width":1280,"height":720,"url":"https:\/\/www.correiobraziliense.com.br\/cbradar\/wp-content\/uploads\/2025\/02\/netflix_1740792505574.jpg","type":"image\/jpeg"}],"author":"Maura Pereira","twitter_card":"summary_large_image","twitter_misc":{"Escrito por":"Maura Pereira","Est. tempo de leitura":"5 minutos"},"schema":{"@context":"https:\/\/schema.org","@graph":[{"@type":"WebPage","@id":"https:\/\/www.correiobraziliense.com.br\/cbradar\/7-filmes-e-series-da-netflix-que-chegaram-nesta-semana\/","url":"https:\/\/www.correiobraziliense.com.br\/cbradar\/7-filmes-e-series-da-netflix-que-chegaram-nesta-semana\/","name":"7 filmes e s\u00e9ries da Netflix que chegaram nesta semana! - Correio Braziliense - Radar","isPartOf":{"@id":"https:\/\/www.correiobraziliense.com.br\/cbradar\/#website"},"primaryImageOfPage":{"@id":"https:\/\/www.correiobraziliense.com.br\/cbradar\/7-filmes-e-series-da-netflix-que-chegaram-nesta-semana\/#primaryimage"},"image":{"@id":"https:\/\/www.correiobraziliense.com.br\/cbradar\/7-filmes-e-series-da-netflix-que-chegaram-nesta-semana\/#primaryimage"},"thumbnailUrl":"https:\/\/www.correiobraziliense.com.br\/cbradar\/wp-content\/uploads\/2025\/02\/netflix_1740792505574.jpg","datePublished":"2025-04-12T09:50:00+00:00","dateModified":"2025-06-30T17:41:21+00:00","author":{"@id":"https:\/\/www.correiobraziliense.com.br\/cbradar\/#\/schema\/person\/4053c651a9bfc785afc6f4cbc9032fd3"},"description":"Confira os 7 lan\u00e7amentos imperd\u00edveis da Netflix nesta semana, incluindo novas s\u00e9ries, filmes e document\u00e1rios para todos os gostos!","breadcrumb":{"@id":"https:\/\/www.correiobraziliense.com.br\/cbradar\/7-filmes-e-series-da-netflix-que-chegaram-nesta-semana\/#breadcrumb"},"inLanguage":"pt-BR","potentialAction":[{"@type":"ReadAction","target":["https:\/\/www.correiobraziliense.com.br\/cbradar\/7-filmes-e-series-da-netflix-que-chegaram-nesta-semana\/"]}]},{"@type":"ImageObject","inLanguage":"pt-BR","@id":"https:\/\/www.correiobraziliense.com.br\/cbradar\/7-filmes-e-series-da-netflix-que-chegaram-nesta-semana\/#primaryimage","url":"https:\/\/www.correiobraziliense.com.br\/cbradar\/wp-content\/uploads\/2025\/02\/netflix_1740792505574.jpg","contentUrl":"https:\/\/www.correiobraziliense.com.br\/cbradar\/wp-content\/uploads\/2025\/02\/netflix_1740792505574.jpg","width":1280,"height":720,"caption":"Netflix \/\/ Cr\u00e9ditos: depositphotos.com \/ Info@vantagedrones.co.uk"},{"@type":"BreadcrumbList","@id":"https:\/\/www.correiobraziliense.com.br\/cbradar\/7-filmes-e-series-da-netflix-que-chegaram-nesta-semana\/#breadcrumb","itemListElement":[{"@type":"ListItem","position":1,"name":"In\u00edcio","item":"https:\/\/www.correiobraziliense.com.br\/cbradar\/"},{"@type":"ListItem","position":2,"name":"7 filmes e s\u00e9ries da Netflix que chegaram nesta semana!"}]},{"@type":"WebSite","@id":"https:\/\/www.correiobraziliense.com.br\/cbradar\/#website","url":"https:\/\/www.correiobraziliense.com.br\/cbradar\/","name":"Correio Braziliense - Radar","description":"Acompanhe as \u00faltimas not\u00edcias e fique bem informado sobre tudo o que acontece no Brasil e no mundo.","potentialAction":[{"@type":"SearchAction","target":{"@type":"EntryPoint","urlTemplate":"https:\/\/www.correiobraziliense.com.br\/cbradar\/?s={search_term_string}"},"query-input":{"@type":"PropertyValueSpecification","valueRequired":true,"valueName":"search_term_string"}}],"inLanguage":"pt-BR"},{"@type":"Person","@id":"https:\/\/www.correiobraziliense.com.br\/cbradar\/#\/schema\/person\/4053c651a9bfc785afc6f4cbc9032fd3","name":"Maura Pereira","image":{"@type":"ImageObject","inLanguage":"pt-BR","@id":"https:\/\/www.correiobraziliense.com.br\/cbradar\/#\/schema\/person\/image\/","url":"https:\/\/secure.gravatar.com\/avatar\/3effd6bdadfa447f15089c7f7144eaa6?s=96&d=mm&r=g","contentUrl":"https:\/\/secure.gravatar.com\/avatar\/3effd6bdadfa447f15089c7f7144eaa6?s=96&d=mm&r=g","caption":"Maura Pereira"},"sameAs":["https:\/\/www.correiobraziliense.com.br\/"],"url":"https:\/\/www.correiobraziliense.com.br\/cbradar\/author\/mauramyth\/"}]}},"_links":{"self":[{"href":"https:\/\/www.correiobraziliense.com.br\/cbradar\/wp-json\/wp\/v2\/posts\/22218","targetHints":{"allow":["GET"]}}],"collection":[{"href":"https:\/\/www.correiobraziliense.com.br\/cbradar\/wp-json\/wp\/v2\/posts"}],"about":[{"href":"https:\/\/www.correiobraziliense.com.br\/cbradar\/wp-json\/wp\/v2\/types\/post"}],"author":[{"embeddable":true,"href":"https:\/\/www.correiobraziliense.com.br\/cbradar\/wp-json\/wp\/v2\/users\/8"}],"replies":[{"embeddable":true,"href":"https:\/\/www.correiobraziliense.com.br\/cbradar\/wp-json\/wp\/v2\/comments?post=22218"}],"version-history":[{"count":6,"href":"https:\/\/www.correiobraziliense.com.br\/cbradar\/wp-json\/wp\/v2\/posts\/22218\/revisions"}],"predecessor-version":[{"id":62302,"href":"https:\/\/www.correiobraziliense.com.br\/cbradar\/wp-json\/wp\/v2\/posts\/22218\/revisions\/62302"}],"wp:featuredmedia":[{"embeddable":true,"href":"https:\/\/www.correiobraziliense.com.br\/cbradar\/wp-json\/wp\/v2\/media\/7854"}],"wp:attachment":[{"href":"https:\/\/www.correiobraziliense.com.br\/cbradar\/wp-json\/wp\/v2\/media?parent=22218"}],"wp:term":[{"taxonomy":"category","embeddable":true,"href":"https:\/\/www.correiobraziliense.com.br\/cbradar\/wp-json\/wp\/v2\/categories?post=22218"},{"taxonomy":"post_tag","embeddable":true,"href":"https:\/\/www.correiobraziliense.com.br\/cbradar\/wp-json\/wp\/v2\/post_tag?post=22218"}],"curies":[{"name":"wp","href":"https:\/\/api.w.org\/{rel}","templated":true}]}}