{"id":22354,"date":"2025-04-13T14:30:00","date_gmt":"2025-04-13T17:30:00","guid":{"rendered":"https:\/\/www.correiobraziliense.com.br\/cbradar\/?p=22354"},"modified":"2025-04-12T09:32:48","modified_gmt":"2025-04-12T12:32:48","slug":"esse-e-o-valor-milionario-que-o-ceo-da-warner-recebe-mensalmente","status":"publish","type":"post","link":"https:\/\/www.correiobraziliense.com.br\/cbradar\/esse-e-o-valor-milionario-que-o-ceo-da-warner-recebe-mensalmente\/","title":{"rendered":"Esse \u00e9 o valor milion\u00e1rio que o CEO da Warner recebe mensalmente"},"content":{"rendered":"\n<p>Nos \u00faltimos anos, a remunera\u00e7\u00e3o de executivos de grandes corpora\u00e7\u00f5es tem sido um tema de destaque no mundo dos neg\u00f3cios. Um exemplo not\u00e1vel \u00e9 o pacote salarial de <strong>David Zaslav<\/strong>, presidente e <strong>CEO <\/strong>da<strong> <a href=\"https:\/\/www.correiobraziliense.com.br\/cbradar\/warner-bros-anuncia-novos-filmes-de-classicos-animados-veja-titulos\/\" target=\"_blank\" rel=\"noreferrer noopener\">Warner Bros. Discovery<\/a><\/strong>, que atingiu a marca de US$ 51,9 milh\u00f5es em 2024. Este aumento de pouco mais de 4% em rela\u00e7\u00e3o ao ano anterior levanta quest\u00f5es sobre a estrutura de compensa\u00e7\u00e3o de executivos e seu impacto nas empresas e na economia em geral.<\/p>\n\n\n\n<p>Os pacotes salariais de executivos frequentemente incluem uma combina\u00e7\u00e3o de sal\u00e1rio-base, b\u00f4nus, pr\u00eamios em a\u00e7\u00f5es e outras formas de remunera\u00e7\u00e3o. No caso de Zaslav, seu sal\u00e1rio-base em 2024 foi de US$ 3 milh\u00f5es, complementado por pr\u00eamios em a\u00e7\u00f5es e b\u00f4nus que totalizaram US$ 47 milh\u00f5es. Esta estrutura de remunera\u00e7\u00e3o \u00e9 projetada para alinhar os interesses dos executivos com os dos acionistas, incentivando o desempenho financeiro e estrat\u00e9gico da empresa.<\/p>\n\n\n\n<h2 class=\"wp-block-heading\">Como s\u00e3o definidos os pacotes salariais de executivos?<\/h2>\n\n\n\n<p>A defini\u00e7\u00e3o dos pacotes salariais de executivos envolve um processo complexo que considera diversos fatores. As empresas geralmente estabelecem comit\u00eas de remunera\u00e7\u00e3o para avaliar o desempenho dos executivos e determinar suas compensa\u00e7\u00f5es. Esses comit\u00eas analisam m\u00e9tricas financeiras, como fluxo de caixa livre e metas estrat\u00e9gicas, para decidir sobre b\u00f4nus e pr\u00eamios em a\u00e7\u00f5es.<\/p>\n\n\n\n<p>No caso da Warner Bros. Discovery, o comit\u00ea de remunera\u00e7\u00e3o revisou o desempenho de Zaslav e outros executivos em 2024, concluindo que eles superaram as expectativas. Como resultado, Zaslav recebeu um b\u00f4nus em dinheiro baseado em m\u00e9tricas estrat\u00e9gicas que excederam a meta em 115%. Este tipo de avalia\u00e7\u00e3o \u00e9 comum em grandes corpora\u00e7\u00f5es, onde o desempenho \u00e9 frequentemente medido em termos de resultados financeiros e cumprimento de objetivos estrat\u00e9gicos.<\/p>\n\n\n\n<figure class=\"wp-block-image size-large\"><img decoding=\"async\" width=\"1024\" height=\"576\" src=\"https:\/\/www.correiobraziliense.com.br\/cbradar\/wp-content\/uploads\/2025\/04\/David-Zaslav_1744461139782-1024x576.jpg\" alt=\"Esse \u00e9 o valor milion\u00e1rio que o CEO da Warner recebe mensalmente\" class=\"wp-image-22357\" srcset=\"https:\/\/www.correiobraziliense.com.br\/cbradar\/wp-content\/uploads\/2025\/04\/David-Zaslav_1744461139782-1024x576.jpg 1024w, https:\/\/www.correiobraziliense.com.br\/cbradar\/wp-content\/uploads\/2025\/04\/David-Zaslav_1744461139782-300x169.jpg 300w, https:\/\/www.correiobraziliense.com.br\/cbradar\/wp-content\/uploads\/2025\/04\/David-Zaslav_1744461139782-768x432.jpg 768w, https:\/\/www.correiobraziliense.com.br\/cbradar\/wp-content\/uploads\/2025\/04\/David-Zaslav_1744461139782-750x422.jpg 750w, https:\/\/www.correiobraziliense.com.br\/cbradar\/wp-content\/uploads\/2025\/04\/David-Zaslav_1744461139782-1140x641.jpg 1140w, https:\/\/www.correiobraziliense.com.br\/cbradar\/wp-content\/uploads\/2025\/04\/David-Zaslav_1744461139782.jpg 1280w\" sizes=\"(max-width: 1024px) 100vw, 1024px\" \/><figcaption class=\"wp-element-caption\">David Zaslav. Cr\u00e9ditos: depositphotos.com \/ Image Press Agency<\/figcaption><\/figure>\n\n\n\n<h2 class=\"wp-block-heading\">Quais s\u00e3o as implica\u00e7\u00f5es dos altos sal\u00e1rios executivos?<\/h2>\n\n\n\n<p>Os altos sal\u00e1rios de executivos podem ter v\u00e1rias implica\u00e7\u00f5es para as empresas e a economia. Por um lado, eles podem atrair e reter talentos de alto n\u00edvel, essenciais para o sucesso das corpora\u00e7\u00f5es. Por outro lado, podem gerar cr\u00edticas sobre a disparidade salarial dentro das empresas e na sociedade em geral. A remunera\u00e7\u00e3o excessiva de executivos \u00e9 frequentemente vista como um reflexo das desigualdades econ\u00f4micas, levantando debates sobre a necessidade de regulamenta\u00e7\u00e3o e transpar\u00eancia nos pacotes salariais.<\/p>\n\n\n\n<p>Al\u00e9m disso, a estrutura de compensa\u00e7\u00e3o pode influenciar o comportamento dos executivos, incentivando a tomada de decis\u00f5es que priorizem o desempenho de curto prazo em detrimento do crescimento sustent\u00e1vel a longo prazo. Isso pode impactar a estrat\u00e9gia empresarial e, em \u00faltima an\u00e1lise, a sa\u00fade financeira da empresa.<\/p>\n\n\n\n<h2 class=\"wp-block-heading\">O futuro dos pacotes salariais de executivos<\/h2>\n\n\n\n<p>\u00c0 medida que o mercado corporativo evolui, a estrutura dos pacotes salariais de executivos tamb\u00e9m pode passar por mudan\u00e7as significativas. A crescente press\u00e3o por transpar\u00eancia e equidade salarial pode levar as empresas a reavaliar suas pr\u00e1ticas de remunera\u00e7\u00e3o. Al\u00e9m disso, a inclus\u00e3o de m\u00e9tricas de sustentabilidade e responsabilidade social nos crit\u00e9rios de avalia\u00e7\u00e3o pode se tornar mais comum, refletindo uma mudan\u00e7a nos valores corporativos.<\/p>\n\n\n\n<p>Em \u00faltima an\u00e1lise, o desafio para as empresas ser\u00e1 equilibrar a necessidade de atrair talentos com a responsabilidade de promover pr\u00e1ticas salariais justas e sustent\u00e1veis. A discuss\u00e3o sobre a remunera\u00e7\u00e3o de executivos continuar\u00e1 a ser um tema relevante, \u00e0 medida que as empresas buscam alinhar seus interesses com os de seus acionistas e da sociedade em geral.<\/p>\n","protected":false},"excerpt":{"rendered":"<p>Explora\u00e7\u00e3o do impacto e defini\u00e7\u00e3o de pacotes salariais de executivos, levantando quest\u00f5es sobre remunera\u00e7\u00e3o e seu efeito nas empresas.<\/p>\n","protected":false},"author":3,"featured_media":22356,"comment_status":"open","ping_status":"open","sticky":false,"template":"","format":"standard","meta":{"_yoast_wpseo_focuskw":"ceo warner","_yoast_wpseo_title":"%%title%%","_yoast_wpseo_metadesc":"Explora\u00e7\u00e3o do impacto e defini\u00e7\u00e3o de pacotes salariais de executivos, levantando quest\u00f5es sobre remunera\u00e7\u00e3o e seu efeito nas empresas.","jnews-multi-image_gallery":[],"jnews_single_post":{"format":"standard"},"jnews_primary_category":[],"jnews_social_meta":[],"jnews_override_counter":[],"footnotes":""},"categories":[140],"post_tag":[534,2891],"class_list":["post-22354","post","type-post","status-publish","format-standard","has-post-thumbnail","hentry","category-entretenimento","tag-fortunas","tag-warner-bros"],"yoast_head":"<!-- This site is optimized with the Yoast SEO plugin v24.6 - https:\/\/yoast.com\/wordpress\/plugins\/seo\/ -->\n<title>Esse \u00e9 o valor milion\u00e1rio que o CEO da Warner recebe mensalmente<\/title>\n<meta name=\"description\" content=\"Explora\u00e7\u00e3o do impacto e defini\u00e7\u00e3o de pacotes salariais de executivos, levantando quest\u00f5es sobre remunera\u00e7\u00e3o e seu efeito nas empresas.\" \/>\n<meta name=\"robots\" content=\"index, follow, max-snippet:-1, max-image-preview:large, max-video-preview:-1\" \/>\n<link rel=\"canonical\" href=\"https:\/\/www.correiobraziliense.com.br\/cbradar\/esse-e-o-valor-milionario-que-o-ceo-da-warner-recebe-mensalmente\/\" \/>\n<meta property=\"og:locale\" content=\"pt_BR\" \/>\n<meta property=\"og:type\" content=\"article\" \/>\n<meta property=\"og:title\" content=\"Esse \u00e9 o valor milion\u00e1rio que o CEO da Warner recebe mensalmente\" \/>\n<meta property=\"og:description\" content=\"Explora\u00e7\u00e3o do impacto e defini\u00e7\u00e3o de pacotes salariais de executivos, levantando quest\u00f5es sobre remunera\u00e7\u00e3o e seu efeito nas empresas.\" \/>\n<meta property=\"og:url\" content=\"https:\/\/www.correiobraziliense.com.br\/cbradar\/esse-e-o-valor-milionario-que-o-ceo-da-warner-recebe-mensalmente\/\" \/>\n<meta property=\"og:site_name\" content=\"Correio Braziliense - Radar\" \/>\n<meta property=\"article:published_time\" content=\"2025-04-13T17:30:00+00:00\" \/>\n<meta property=\"og:image\" content=\"https:\/\/www.correiobraziliense.com.br\/cbradar\/wp-content\/uploads\/2025\/04\/Warner-Bros_1744461057979.jpg\" \/>\n\t<meta property=\"og:image:width\" content=\"1280\" \/>\n\t<meta property=\"og:image:height\" content=\"720\" \/>\n\t<meta property=\"og:image:type\" content=\"image\/jpeg\" \/>\n<meta name=\"author\" content=\"Larissa Carvalho\" \/>\n<meta name=\"twitter:card\" content=\"summary_large_image\" \/>\n<meta name=\"twitter:label1\" content=\"Escrito por\" \/>\n\t<meta name=\"twitter:data1\" content=\"Larissa Carvalho\" \/>\n\t<meta name=\"twitter:label2\" content=\"Est. tempo de leitura\" \/>\n\t<meta name=\"twitter:data2\" content=\"4 minutos\" \/>\n<!-- \/ Yoast SEO plugin. -->","yoast_head_json":{"title":"Esse \u00e9 o valor milion\u00e1rio que o CEO da Warner recebe mensalmente","description":"Explora\u00e7\u00e3o do impacto e defini\u00e7\u00e3o de pacotes salariais de executivos, levantando quest\u00f5es sobre remunera\u00e7\u00e3o e seu efeito nas empresas.","robots":{"index":"index","follow":"follow","max-snippet":"max-snippet:-1","max-image-preview":"max-image-preview:large","max-video-preview":"max-video-preview:-1"},"canonical":"https:\/\/www.correiobraziliense.com.br\/cbradar\/esse-e-o-valor-milionario-que-o-ceo-da-warner-recebe-mensalmente\/","og_locale":"pt_BR","og_type":"article","og_title":"Esse \u00e9 o valor milion\u00e1rio que o CEO da Warner recebe mensalmente","og_description":"Explora\u00e7\u00e3o do impacto e defini\u00e7\u00e3o de pacotes salariais de executivos, levantando quest\u00f5es sobre remunera\u00e7\u00e3o e seu efeito nas empresas.","og_url":"https:\/\/www.correiobraziliense.com.br\/cbradar\/esse-e-o-valor-milionario-que-o-ceo-da-warner-recebe-mensalmente\/","og_site_name":"Correio Braziliense - Radar","article_published_time":"2025-04-13T17:30:00+00:00","og_image":[{"width":1280,"height":720,"url":"https:\/\/www.correiobraziliense.com.br\/cbradar\/wp-content\/uploads\/2025\/04\/Warner-Bros_1744461057979.jpg","type":"image\/jpeg"}],"author":"Larissa Carvalho","twitter_card":"summary_large_image","twitter_misc":{"Escrito por":"Larissa Carvalho","Est. tempo de leitura":"4 minutos"},"schema":{"@context":"https:\/\/schema.org","@graph":[{"@type":"WebPage","@id":"https:\/\/www.correiobraziliense.com.br\/cbradar\/esse-e-o-valor-milionario-que-o-ceo-da-warner-recebe-mensalmente\/","url":"https:\/\/www.correiobraziliense.com.br\/cbradar\/esse-e-o-valor-milionario-que-o-ceo-da-warner-recebe-mensalmente\/","name":"Esse \u00e9 o valor milion\u00e1rio que o CEO da Warner recebe mensalmente","isPartOf":{"@id":"https:\/\/www.correiobraziliense.com.br\/cbradar\/#website"},"primaryImageOfPage":{"@id":"https:\/\/www.correiobraziliense.com.br\/cbradar\/esse-e-o-valor-milionario-que-o-ceo-da-warner-recebe-mensalmente\/#primaryimage"},"image":{"@id":"https:\/\/www.correiobraziliense.com.br\/cbradar\/esse-e-o-valor-milionario-que-o-ceo-da-warner-recebe-mensalmente\/#primaryimage"},"thumbnailUrl":"https:\/\/www.correiobraziliense.com.br\/cbradar\/wp-content\/uploads\/2025\/04\/Warner-Bros_1744461057979.jpg","datePublished":"2025-04-13T17:30:00+00:00","author":{"@id":"https:\/\/www.correiobraziliense.com.br\/cbradar\/#\/schema\/person\/58422787644df994b53a19d3e56c1513"},"description":"Explora\u00e7\u00e3o do impacto e defini\u00e7\u00e3o de pacotes salariais de executivos, levantando quest\u00f5es sobre remunera\u00e7\u00e3o e seu efeito nas empresas.","breadcrumb":{"@id":"https:\/\/www.correiobraziliense.com.br\/cbradar\/esse-e-o-valor-milionario-que-o-ceo-da-warner-recebe-mensalmente\/#breadcrumb"},"inLanguage":"pt-BR","potentialAction":[{"@type":"ReadAction","target":["https:\/\/www.correiobraziliense.com.br\/cbradar\/esse-e-o-valor-milionario-que-o-ceo-da-warner-recebe-mensalmente\/"]}]},{"@type":"ImageObject","inLanguage":"pt-BR","@id":"https:\/\/www.correiobraziliense.com.br\/cbradar\/esse-e-o-valor-milionario-que-o-ceo-da-warner-recebe-mensalmente\/#primaryimage","url":"https:\/\/www.correiobraziliense.com.br\/cbradar\/wp-content\/uploads\/2025\/04\/Warner-Bros_1744461057979.jpg","contentUrl":"https:\/\/www.correiobraziliense.com.br\/cbradar\/wp-content\/uploads\/2025\/04\/Warner-Bros_1744461057979.jpg","width":1280,"height":720,"caption":"Warner. Cr\u00e9ditos: depositphotos.com \/ rafapress"},{"@type":"BreadcrumbList","@id":"https:\/\/www.correiobraziliense.com.br\/cbradar\/esse-e-o-valor-milionario-que-o-ceo-da-warner-recebe-mensalmente\/#breadcrumb","itemListElement":[{"@type":"ListItem","position":1,"name":"In\u00edcio","item":"https:\/\/www.correiobraziliense.com.br\/cbradar\/"},{"@type":"ListItem","position":2,"name":"Esse \u00e9 o valor milion\u00e1rio que o CEO da Warner recebe mensalmente"}]},{"@type":"WebSite","@id":"https:\/\/www.correiobraziliense.com.br\/cbradar\/#website","url":"https:\/\/www.correiobraziliense.com.br\/cbradar\/","name":"Correio Braziliense - Radar","description":"Acompanhe as \u00faltimas not\u00edcias e fique bem informado sobre tudo o que acontece no Brasil e no mundo.","potentialAction":[{"@type":"SearchAction","target":{"@type":"EntryPoint","urlTemplate":"https:\/\/www.correiobraziliense.com.br\/cbradar\/?s={search_term_string}"},"query-input":{"@type":"PropertyValueSpecification","valueRequired":true,"valueName":"search_term_string"}}],"inLanguage":"pt-BR"},{"@type":"Person","@id":"https:\/\/www.correiobraziliense.com.br\/cbradar\/#\/schema\/person\/58422787644df994b53a19d3e56c1513","name":"Larissa Carvalho","image":{"@type":"ImageObject","inLanguage":"pt-BR","@id":"https:\/\/www.correiobraziliense.com.br\/cbradar\/#\/schema\/person\/image\/","url":"https:\/\/secure.gravatar.com\/avatar\/fe4f91a0de32b52a838d0d612abdc1aa?s=96&d=mm&r=g","contentUrl":"https:\/\/secure.gravatar.com\/avatar\/fe4f91a0de32b52a838d0d612abdc1aa?s=96&d=mm&r=g","caption":"Larissa Carvalho"},"url":"https:\/\/www.correiobraziliense.com.br\/cbradar\/author\/larissamyth\/"}]}},"_links":{"self":[{"href":"https:\/\/www.correiobraziliense.com.br\/cbradar\/wp-json\/wp\/v2\/posts\/22354","targetHints":{"allow":["GET"]}}],"collection":[{"href":"https:\/\/www.correiobraziliense.com.br\/cbradar\/wp-json\/wp\/v2\/posts"}],"about":[{"href":"https:\/\/www.correiobraziliense.com.br\/cbradar\/wp-json\/wp\/v2\/types\/post"}],"author":[{"embeddable":true,"href":"https:\/\/www.correiobraziliense.com.br\/cbradar\/wp-json\/wp\/v2\/users\/3"}],"replies":[{"embeddable":true,"href":"https:\/\/www.correiobraziliense.com.br\/cbradar\/wp-json\/wp\/v2\/comments?post=22354"}],"version-history":[{"count":2,"href":"https:\/\/www.correiobraziliense.com.br\/cbradar\/wp-json\/wp\/v2\/posts\/22354\/revisions"}],"predecessor-version":[{"id":22358,"href":"https:\/\/www.correiobraziliense.com.br\/cbradar\/wp-json\/wp\/v2\/posts\/22354\/revisions\/22358"}],"wp:featuredmedia":[{"embeddable":true,"href":"https:\/\/www.correiobraziliense.com.br\/cbradar\/wp-json\/wp\/v2\/media\/22356"}],"wp:attachment":[{"href":"https:\/\/www.correiobraziliense.com.br\/cbradar\/wp-json\/wp\/v2\/media?parent=22354"}],"wp:term":[{"taxonomy":"category","embeddable":true,"href":"https:\/\/www.correiobraziliense.com.br\/cbradar\/wp-json\/wp\/v2\/categories?post=22354"},{"taxonomy":"post_tag","embeddable":true,"href":"https:\/\/www.correiobraziliense.com.br\/cbradar\/wp-json\/wp\/v2\/post_tag?post=22354"}],"curies":[{"name":"wp","href":"https:\/\/api.w.org\/{rel}","templated":true}]}}