{"id":22465,"date":"2025-04-13T12:50:00","date_gmt":"2025-04-13T15:50:00","guid":{"rendered":"https:\/\/www.correiobraziliense.com.br\/cbradar\/?p=22465"},"modified":"2025-04-12T12:19:58","modified_gmt":"2025-04-12T15:19:58","slug":"esses-sao-os-melhores-modelos-de-projetores-para-uma-experiencia-de-cinema-em-casa","status":"publish","type":"post","link":"https:\/\/www.correiobraziliense.com.br\/cbradar\/esses-sao-os-melhores-modelos-de-projetores-para-uma-experiencia-de-cinema-em-casa\/","title":{"rendered":"Esses s\u00e3o os melhores modelos de projetores para uma experi\u00eancia de cinema em casa"},"content":{"rendered":"\n<p>Com a crescente popularidade dos projetores, muitos consumidores est\u00e3o optando por transformar suas salas de estar em verdadeiros cinemas. Modelos como o <strong>HY300<\/strong> e o <strong>HY320<\/strong> oferecem uma experi\u00eancia de alta qualidade sem a necessidade de investir em televisores caros. Esses dispositivos proporcionam uma ampla gama de conex\u00f5es, resolu\u00e7\u00f5es e compatibilidade com aplicativos, tornando-se uma escolha atrativa para diversos or\u00e7amentos.<\/p>\n\n\n\n<p>Para ajudar na escolha do projetor ideal, apresentamos uma sele\u00e7\u00e3o de modelos de marcas renomadas como <strong>Epson, Bettdow e Bahrein.<\/strong> Cada um deles oferece caracter\u00edsticas \u00fanicas que atendem a diferentes necessidades e prefer\u00eancias dos usu\u00e1rios.<\/p>\n\n\n\n<h2 class=\"wp-block-heading\">Quais s\u00e3o as caracter\u00edsticas do projetor Salange HY300?<\/h2>\n\n\n\n<p>O <strong>projetor Salange HY300<\/strong> \u00e9 uma op\u00e7\u00e3o acess\u00edvel para quem busca qualidade de imagem em ambientes menores. Com resolu\u00e7\u00e3o <em>Full HD<\/em> e um visor que permite rota\u00e7\u00e3o de 180 graus, ele \u00e9 compat\u00edvel com mais de oito mil aplicativos, incluindo Netflix e YouTube. Este modelo se destaca por suas m\u00faltiplas op\u00e7\u00f5es de conex\u00e3o, como Bluetooth, Wi-Fi, HDMI e USB, al\u00e9m de suporte para resolu\u00e7\u00e3o 4K e fun\u00e7\u00e3o de zoom.<\/p>\n\n\n\n<p>Os usu\u00e1rios elogiam o custo-benef\u00edcio e a facilidade de uso do HY300, embora algumas cr\u00edticas apontem para a nitidez da imagem e problemas de superaquecimento. No entanto, sua popularidade continua alta, especialmente devido ao pre\u00e7o competitivo de R$ 218 na Amazon.<\/p>\n\n\n\n<figure class=\"wp-block-image size-large\"><img decoding=\"async\" width=\"1024\" height=\"576\" src=\"https:\/\/www.correiobraziliense.com.br\/cbradar\/wp-content\/uploads\/2025\/04\/projetor-portatil_1744471119083-1024x576.jpg\" alt=\"Esses s\u00e3o os melhores modelos de projetores para uma experi\u00eancia de cinema em casa\" class=\"wp-image-22468\" srcset=\"https:\/\/www.correiobraziliense.com.br\/cbradar\/wp-content\/uploads\/2025\/04\/projetor-portatil_1744471119083-1024x576.jpg 1024w, https:\/\/www.correiobraziliense.com.br\/cbradar\/wp-content\/uploads\/2025\/04\/projetor-portatil_1744471119083-300x169.jpg 300w, https:\/\/www.correiobraziliense.com.br\/cbradar\/wp-content\/uploads\/2025\/04\/projetor-portatil_1744471119083-768x432.jpg 768w, https:\/\/www.correiobraziliense.com.br\/cbradar\/wp-content\/uploads\/2025\/04\/projetor-portatil_1744471119083-750x422.jpg 750w, https:\/\/www.correiobraziliense.com.br\/cbradar\/wp-content\/uploads\/2025\/04\/projetor-portatil_1744471119083-1140x641.jpg 1140w, https:\/\/www.correiobraziliense.com.br\/cbradar\/wp-content\/uploads\/2025\/04\/projetor-portatil_1744471119083.jpg 1280w\" sizes=\"(max-width: 1024px) 100vw, 1024px\" \/><figcaption class=\"wp-element-caption\">projetor port\u00e1til. Cr\u00e9ditos: depositphotos.com \/ icarmen13<\/figcaption><\/figure>\n\n\n\n<h2 class=\"wp-block-heading\">Como o projetor Bahrein HY300 se diferencia?<\/h2>\n\n\n\n<p>Na mesma faixa de pre\u00e7o, o <strong>projetor Bahrein HY300<\/strong> oferece resolu\u00e7\u00e3o nativa de 1.280 x 720 pixels e uma taxa de contraste de 2.000 l\u00famens. Equipado com portas HDMI, USB e sa\u00edda de \u00e1udio P2, este modelo bivolt tamb\u00e9m possui alto-falantes embutidos e um controle remoto. Com o sistema <em>Smart System Android<\/em>, ele permite acessar aplicativos de streaming e personalizar a tela para proje\u00e7\u00f5es de 30 a 200 polegadas.<\/p>\n\n\n\n<p>Os compradores destacam a qualidade de imagem e a facilidade de instala\u00e7\u00e3o, embora o som seja considerado baixo por alguns. O projetor est\u00e1 dispon\u00edvel por R$ 237, com 18% de desconto, e \u00e9 uma escolha s\u00f3lida para quem busca versatilidade e praticidade.<\/p>\n\n\n\n<h2 class=\"wp-block-heading\">Quais s\u00e3o as vantagens do projetor Bettdow 16000?<\/h2>\n\n\n\n<p>Para quem busca uma experi\u00eancia de cinema mais imersiva, o <strong>projetor Bettdow 16000<\/strong> \u00e9 uma excelente escolha. Com suporte para resolu\u00e7\u00e3o 4K e compatibilidade com uma variedade de dispositivos, este modelo \u00e9 ideal para ambientes de diferentes tamanhos, desde salas pequenas at\u00e9 audit\u00f3rios. Ele oferece uma proje\u00e7\u00e3o que varia de 40 a 200 polegadas, com dist\u00e2ncias de 1,4 m a 6 m.<\/p>\n\n\n\n<p>Os usu\u00e1rios elogiam a qualidade de som e imagem, afirmando que o Bettdow 16000 proporciona uma experi\u00eancia cinematogr\u00e1fica completa. Com um pre\u00e7o de R$ 1.240,27, ele \u00e9 uma op\u00e7\u00e3o mais cara, mas justificada pela qualidade superior e versatilidade.<\/p>\n\n\n\n<h2 class=\"wp-block-heading\">Por que escolher o projetor Epson Powerlite E20 Xga?<\/h2>\n\n\n\n<p>Para aplica\u00e7\u00f5es mais profissionais, o <strong>projetor Epson Powerlite E20 Xga<\/strong> \u00e9 altamente recomendado. Com tecnologia de tr\u00eas LCD de tr\u00eas chips, ele suporta proje\u00e7\u00f5es de 22 a 350 polegadas e oferece resolu\u00e7\u00e3o de 1.024 x 768 (XGA). Este modelo \u00e9 ideal para ambientes maiores, como igrejas e escolas, e vem com cabo HDMI e controle remoto.<\/p>\n\n\n\n<p>Embora o pre\u00e7o de R$ 3.279 possa ser elevado, a qualidade de imagem e a capacidade de proje\u00e7\u00e3o em grandes espa\u00e7os justificam o investimento. No entanto, a falta de conex\u00e3o com Wi-Fi e Bluetooth pode ser um ponto negativo para alguns usu\u00e1rios.<\/p>\n\n\n\n<p>Em resumo, a escolha do projetor ideal depende das necessidades espec\u00edficas de cada usu\u00e1rio. Seja para uso dom\u00e9stico ou profissional, h\u00e1 uma variedade de op\u00e7\u00f5es dispon\u00edveis que oferecem qualidade e funcionalidade para transformar qualquer espa\u00e7o em um verdadeiro cinema.<\/p>\n","protected":false},"excerpt":{"rendered":"<p>Descubra os melhores projetores para transformar sua sala de estar em um cinema. Encontre modelos acess\u00edveis e de alta qualidade.<\/p>\n","protected":false},"author":3,"featured_media":22467,"comment_status":"open","ping_status":"open","sticky":false,"template":"","format":"standard","meta":{"_yoast_wpseo_focuskw":"projetores cinema casa","_yoast_wpseo_title":"%%title%%","_yoast_wpseo_metadesc":"Descubra os melhores projetores para transformar sua sala de estar em um cinema. Encontre modelos acess\u00edveis e de alta qualidade.","jnews-multi-image_gallery":[],"jnews_single_post":{"format":"standard"},"jnews_primary_category":[],"jnews_social_meta":[],"jnews_override_counter":[],"footnotes":""},"categories":[112],"post_tag":[375,3230,114],"class_list":["post-22465","post","type-post","status-publish","format-standard","has-post-thumbnail","hentry","category-curiosidades","tag-cinema","tag-projetores","tag-tecnologia"],"yoast_head":"<!-- This site is optimized with the Yoast SEO plugin v24.6 - https:\/\/yoast.com\/wordpress\/plugins\/seo\/ -->\n<title>Esses s\u00e3o os melhores modelos de projetores para uma experi\u00eancia de cinema em casa<\/title>\n<meta name=\"description\" content=\"Descubra os melhores projetores para transformar sua sala de estar em um cinema. Encontre modelos acess\u00edveis e de alta qualidade.\" \/>\n<meta name=\"robots\" content=\"index, follow, max-snippet:-1, max-image-preview:large, max-video-preview:-1\" \/>\n<link rel=\"canonical\" href=\"https:\/\/www.correiobraziliense.com.br\/cbradar\/esses-sao-os-melhores-modelos-de-projetores-para-uma-experiencia-de-cinema-em-casa\/\" \/>\n<meta property=\"og:locale\" content=\"pt_BR\" \/>\n<meta property=\"og:type\" content=\"article\" \/>\n<meta property=\"og:title\" content=\"Esses s\u00e3o os melhores modelos de projetores para uma experi\u00eancia de cinema em casa\" \/>\n<meta property=\"og:description\" content=\"Descubra os melhores projetores para transformar sua sala de estar em um cinema. Encontre modelos acess\u00edveis e de alta qualidade.\" \/>\n<meta property=\"og:url\" content=\"https:\/\/www.correiobraziliense.com.br\/cbradar\/esses-sao-os-melhores-modelos-de-projetores-para-uma-experiencia-de-cinema-em-casa\/\" \/>\n<meta property=\"og:site_name\" content=\"Correio Braziliense - Radar\" \/>\n<meta property=\"article:published_time\" content=\"2025-04-13T15:50:00+00:00\" \/>\n<meta property=\"og:image\" content=\"https:\/\/www.correiobraziliense.com.br\/cbradar\/wp-content\/uploads\/2025\/04\/projetor-portatil_1744471074651.jpg\" \/>\n\t<meta property=\"og:image:width\" content=\"1280\" \/>\n\t<meta property=\"og:image:height\" content=\"720\" \/>\n\t<meta property=\"og:image:type\" content=\"image\/jpeg\" \/>\n<meta name=\"author\" content=\"Larissa Carvalho\" \/>\n<meta name=\"twitter:card\" content=\"summary_large_image\" \/>\n<meta name=\"twitter:label1\" content=\"Escrito por\" \/>\n\t<meta name=\"twitter:data1\" content=\"Larissa Carvalho\" \/>\n\t<meta name=\"twitter:label2\" content=\"Est. tempo de leitura\" \/>\n\t<meta name=\"twitter:data2\" content=\"4 minutos\" \/>\n<!-- \/ Yoast SEO plugin. -->","yoast_head_json":{"title":"Esses s\u00e3o os melhores modelos de projetores para uma experi\u00eancia de cinema em casa","description":"Descubra os melhores projetores para transformar sua sala de estar em um cinema. Encontre modelos acess\u00edveis e de alta qualidade.","robots":{"index":"index","follow":"follow","max-snippet":"max-snippet:-1","max-image-preview":"max-image-preview:large","max-video-preview":"max-video-preview:-1"},"canonical":"https:\/\/www.correiobraziliense.com.br\/cbradar\/esses-sao-os-melhores-modelos-de-projetores-para-uma-experiencia-de-cinema-em-casa\/","og_locale":"pt_BR","og_type":"article","og_title":"Esses s\u00e3o os melhores modelos de projetores para uma experi\u00eancia de cinema em casa","og_description":"Descubra os melhores projetores para transformar sua sala de estar em um cinema. Encontre modelos acess\u00edveis e de alta qualidade.","og_url":"https:\/\/www.correiobraziliense.com.br\/cbradar\/esses-sao-os-melhores-modelos-de-projetores-para-uma-experiencia-de-cinema-em-casa\/","og_site_name":"Correio Braziliense - Radar","article_published_time":"2025-04-13T15:50:00+00:00","og_image":[{"width":1280,"height":720,"url":"https:\/\/www.correiobraziliense.com.br\/cbradar\/wp-content\/uploads\/2025\/04\/projetor-portatil_1744471074651.jpg","type":"image\/jpeg"}],"author":"Larissa Carvalho","twitter_card":"summary_large_image","twitter_misc":{"Escrito por":"Larissa Carvalho","Est. tempo de leitura":"4 minutos"},"schema":{"@context":"https:\/\/schema.org","@graph":[{"@type":"WebPage","@id":"https:\/\/www.correiobraziliense.com.br\/cbradar\/esses-sao-os-melhores-modelos-de-projetores-para-uma-experiencia-de-cinema-em-casa\/","url":"https:\/\/www.correiobraziliense.com.br\/cbradar\/esses-sao-os-melhores-modelos-de-projetores-para-uma-experiencia-de-cinema-em-casa\/","name":"Esses s\u00e3o os melhores modelos de projetores para uma experi\u00eancia de cinema em casa","isPartOf":{"@id":"https:\/\/www.correiobraziliense.com.br\/cbradar\/#website"},"primaryImageOfPage":{"@id":"https:\/\/www.correiobraziliense.com.br\/cbradar\/esses-sao-os-melhores-modelos-de-projetores-para-uma-experiencia-de-cinema-em-casa\/#primaryimage"},"image":{"@id":"https:\/\/www.correiobraziliense.com.br\/cbradar\/esses-sao-os-melhores-modelos-de-projetores-para-uma-experiencia-de-cinema-em-casa\/#primaryimage"},"thumbnailUrl":"https:\/\/www.correiobraziliense.com.br\/cbradar\/wp-content\/uploads\/2025\/04\/projetor-portatil_1744471074651.jpg","datePublished":"2025-04-13T15:50:00+00:00","author":{"@id":"https:\/\/www.correiobraziliense.com.br\/cbradar\/#\/schema\/person\/58422787644df994b53a19d3e56c1513"},"description":"Descubra os melhores projetores para transformar sua sala de estar em um cinema. Encontre modelos acess\u00edveis e de alta qualidade.","breadcrumb":{"@id":"https:\/\/www.correiobraziliense.com.br\/cbradar\/esses-sao-os-melhores-modelos-de-projetores-para-uma-experiencia-de-cinema-em-casa\/#breadcrumb"},"inLanguage":"pt-BR","potentialAction":[{"@type":"ReadAction","target":["https:\/\/www.correiobraziliense.com.br\/cbradar\/esses-sao-os-melhores-modelos-de-projetores-para-uma-experiencia-de-cinema-em-casa\/"]}]},{"@type":"ImageObject","inLanguage":"pt-BR","@id":"https:\/\/www.correiobraziliense.com.br\/cbradar\/esses-sao-os-melhores-modelos-de-projetores-para-uma-experiencia-de-cinema-em-casa\/#primaryimage","url":"https:\/\/www.correiobraziliense.com.br\/cbradar\/wp-content\/uploads\/2025\/04\/projetor-portatil_1744471074651.jpg","contentUrl":"https:\/\/www.correiobraziliense.com.br\/cbradar\/wp-content\/uploads\/2025\/04\/projetor-portatil_1744471074651.jpg","width":1280,"height":720,"caption":"projetor port\u00e1til. Cr\u00e9ditos: depositphotos.com \/ piyaphunjun.gmail.com"},{"@type":"BreadcrumbList","@id":"https:\/\/www.correiobraziliense.com.br\/cbradar\/esses-sao-os-melhores-modelos-de-projetores-para-uma-experiencia-de-cinema-em-casa\/#breadcrumb","itemListElement":[{"@type":"ListItem","position":1,"name":"In\u00edcio","item":"https:\/\/www.correiobraziliense.com.br\/cbradar\/"},{"@type":"ListItem","position":2,"name":"Esses s\u00e3o os melhores modelos de projetores para uma experi\u00eancia de cinema em casa"}]},{"@type":"WebSite","@id":"https:\/\/www.correiobraziliense.com.br\/cbradar\/#website","url":"https:\/\/www.correiobraziliense.com.br\/cbradar\/","name":"Correio Braziliense - Radar","description":"Acompanhe as \u00faltimas not\u00edcias e fique bem informado sobre tudo o que acontece no Brasil e no mundo.","potentialAction":[{"@type":"SearchAction","target":{"@type":"EntryPoint","urlTemplate":"https:\/\/www.correiobraziliense.com.br\/cbradar\/?s={search_term_string}"},"query-input":{"@type":"PropertyValueSpecification","valueRequired":true,"valueName":"search_term_string"}}],"inLanguage":"pt-BR"},{"@type":"Person","@id":"https:\/\/www.correiobraziliense.com.br\/cbradar\/#\/schema\/person\/58422787644df994b53a19d3e56c1513","name":"Larissa Carvalho","image":{"@type":"ImageObject","inLanguage":"pt-BR","@id":"https:\/\/www.correiobraziliense.com.br\/cbradar\/#\/schema\/person\/image\/","url":"https:\/\/secure.gravatar.com\/avatar\/fe4f91a0de32b52a838d0d612abdc1aa?s=96&d=mm&r=g","contentUrl":"https:\/\/secure.gravatar.com\/avatar\/fe4f91a0de32b52a838d0d612abdc1aa?s=96&d=mm&r=g","caption":"Larissa Carvalho"},"url":"https:\/\/www.correiobraziliense.com.br\/cbradar\/author\/larissamyth\/"}]}},"_links":{"self":[{"href":"https:\/\/www.correiobraziliense.com.br\/cbradar\/wp-json\/wp\/v2\/posts\/22465","targetHints":{"allow":["GET"]}}],"collection":[{"href":"https:\/\/www.correiobraziliense.com.br\/cbradar\/wp-json\/wp\/v2\/posts"}],"about":[{"href":"https:\/\/www.correiobraziliense.com.br\/cbradar\/wp-json\/wp\/v2\/types\/post"}],"author":[{"embeddable":true,"href":"https:\/\/www.correiobraziliense.com.br\/cbradar\/wp-json\/wp\/v2\/users\/3"}],"replies":[{"embeddable":true,"href":"https:\/\/www.correiobraziliense.com.br\/cbradar\/wp-json\/wp\/v2\/comments?post=22465"}],"version-history":[{"count":2,"href":"https:\/\/www.correiobraziliense.com.br\/cbradar\/wp-json\/wp\/v2\/posts\/22465\/revisions"}],"predecessor-version":[{"id":22469,"href":"https:\/\/www.correiobraziliense.com.br\/cbradar\/wp-json\/wp\/v2\/posts\/22465\/revisions\/22469"}],"wp:featuredmedia":[{"embeddable":true,"href":"https:\/\/www.correiobraziliense.com.br\/cbradar\/wp-json\/wp\/v2\/media\/22467"}],"wp:attachment":[{"href":"https:\/\/www.correiobraziliense.com.br\/cbradar\/wp-json\/wp\/v2\/media?parent=22465"}],"wp:term":[{"taxonomy":"category","embeddable":true,"href":"https:\/\/www.correiobraziliense.com.br\/cbradar\/wp-json\/wp\/v2\/categories?post=22465"},{"taxonomy":"post_tag","embeddable":true,"href":"https:\/\/www.correiobraziliense.com.br\/cbradar\/wp-json\/wp\/v2\/post_tag?post=22465"}],"curies":[{"name":"wp","href":"https:\/\/api.w.org\/{rel}","templated":true}]}}