{"id":22470,"date":"2025-04-13T16:10:00","date_gmt":"2025-04-13T19:10:00","guid":{"rendered":"https:\/\/www.correiobraziliense.com.br\/cbradar\/?p=22470"},"modified":"2025-04-12T12:23:56","modified_gmt":"2025-04-12T15:23:56","slug":"pagamento-do-bolsa-familia-sera-antecipado-nessas-cidades","status":"publish","type":"post","link":"https:\/\/www.correiobraziliense.com.br\/cbradar\/pagamento-do-bolsa-familia-sera-antecipado-nessas-cidades\/","title":{"rendered":"Pagamento do Bolsa Fam\u00edlia ser\u00e1 antecipado nessas cidades"},"content":{"rendered":"\n<p>O <strong><a href=\"https:\/\/www.correiobraziliense.com.br\/cbradar\/confira-as-novas-regras-para-manter-o-seu-bolsa-familia-em-2025\/\" target=\"_blank\" rel=\"noreferrer noopener\">Bolsa Fam\u00edlia<\/a><\/strong>, um dos principais programas sociais do <strong>Brasil<\/strong>, est\u00e1 prestes a iniciar um novo ciclo de pagamentos, beneficiando mais de 20 milh\u00f5es de fam\u00edlias em todo o pa\u00eds. O <strong><a href=\"https:\/\/www.gov.br\/mds\/pt-br\" target=\"_blank\" rel=\"noreferrer noopener\">Minist\u00e9rio do Desenvolvimento e Assist\u00eancia Social (MDS)<\/a><\/strong> \u00e9 respons\u00e1vel por coordenar o repasse dos valores, garantindo que as fam\u00edlias que atendem aos crit\u00e9rios do programa recebam o aux\u00edlio de forma regular.<\/p>\n\n\n\n<p>Recentemente, o programa tem se adaptado para atender regi\u00f5es afetadas por eventos clim\u00e1ticos severos, permitindo a antecipa\u00e7\u00e3o dos pagamentos em locais que declaram estado de emerg\u00eancia ou calamidade p\u00fablica. O estado do Amazonas \u00e9 um dos que t\u00eam se beneficiado dessa medida, com algumas cidades recebendo os pagamentos de forma antecipada.<\/p>\n\n\n\n<h2 class=\"wp-block-heading\">Quais cidades do Amazonas ter\u00e3o pagamento antecipado?<\/h2>\n\n\n\n<p>Para que um munic\u00edpio ou estado receba o pagamento antecipado do Bolsa Fam\u00edlia, \u00e9 necess\u00e1rio que seja reconhecido oficialmente em situa\u00e7\u00e3o de emerg\u00eancia ou calamidade p\u00fablica pelo Governo Federal. No Amazonas, tr\u00eas cidades est\u00e3o atualmente na lista para receber o benef\u00edcio antecipado: <strong>Barcelos, Santa Isabel do Rio Negro e S\u00e3o Gabriel da Cachoeira.<\/strong><\/p>\n\n\n\n<p>\u00c9 importante ressaltar que a lista de cidades pode ser atualizada, com novas inclus\u00f5es sendo divulgadas pelo MDS. A previs\u00e3o \u00e9 de que mais de 500 munic\u00edpios em todo o Brasil tenham o pagamento antecipado, com uma concentra\u00e7\u00e3o significativa no Rio Grande do Sul, que tem enfrentado desafios clim\u00e1ticos desde o ano passado.<\/p>\n\n\n\n<figure class=\"wp-block-image size-large\"><img decoding=\"async\" width=\"1024\" height=\"576\" src=\"https:\/\/www.correiobraziliense.com.br\/cbradar\/wp-content\/uploads\/2025\/04\/Bolsa-Familia-brasil_1744471415426-1024x576.jpg\" alt=\"Pagamento do Bolsa Fam\u00edlia ser\u00e1 antecipado nessas cidades\" class=\"wp-image-22473\" srcset=\"https:\/\/www.correiobraziliense.com.br\/cbradar\/wp-content\/uploads\/2025\/04\/Bolsa-Familia-brasil_1744471415426-1024x576.jpg 1024w, https:\/\/www.correiobraziliense.com.br\/cbradar\/wp-content\/uploads\/2025\/04\/Bolsa-Familia-brasil_1744471415426-300x169.jpg 300w, https:\/\/www.correiobraziliense.com.br\/cbradar\/wp-content\/uploads\/2025\/04\/Bolsa-Familia-brasil_1744471415426-768x432.jpg 768w, https:\/\/www.correiobraziliense.com.br\/cbradar\/wp-content\/uploads\/2025\/04\/Bolsa-Familia-brasil_1744471415426-750x422.jpg 750w, https:\/\/www.correiobraziliense.com.br\/cbradar\/wp-content\/uploads\/2025\/04\/Bolsa-Familia-brasil_1744471415426-1140x641.jpg 1140w, https:\/\/www.correiobraziliense.com.br\/cbradar\/wp-content\/uploads\/2025\/04\/Bolsa-Familia-brasil_1744471415426.jpg 1280w\" sizes=\"(max-width: 1024px) 100vw, 1024px\" \/><figcaption class=\"wp-element-caption\">Bolsa Fam\u00edlia brasil. Cr\u00e9ditos: depositphotos.com \/ joasouza<\/figcaption><\/figure>\n\n\n\n<h2 class=\"wp-block-heading\">Calend\u00e1rio de pagamentos do Bolsa Fam\u00edlia em abril de 2025<\/h2>\n\n\n\n<p>O cronograma de pagamentos do Bolsa Fam\u00edlia para abril de 2025 foi estabelecido pelo Governo Federal e pelo MDS, com in\u00edcio no dia 15 e t\u00e9rmino no dia 30. As datas s\u00e3o organizadas de acordo com o N\u00famero de Inscri\u00e7\u00e3o Social (NIS) dos benefici\u00e1rios. No entanto, devido aos feriados de P\u00e1scoa e Tiradentes, haver\u00e1 uma pausa nos pagamentos entre os dias 18 e 21.<\/p>\n\n\n\n<p>Al\u00e9m do Bolsa Fam\u00edlia, o Aux\u00edlio-G\u00e1s tamb\u00e9m ser\u00e1 pago em abril, seguindo o mesmo calend\u00e1rio. Este benef\u00edcio \u00e9 destinado a fam\u00edlias em situa\u00e7\u00e3o de extrema pobreza, ajudando a garantir alimenta\u00e7\u00e3o digna. Para abril, o valor do Aux\u00edlio-G\u00e1s foi confirmado em R$ 108,00 pela Ag\u00eancia Nacional de Petr\u00f3leo, G\u00e1s Natural e Biocombust\u00edveis (ANP).<\/p>\n\n\n\n<h2 class=\"wp-block-heading\">Como funciona a antecipa\u00e7\u00e3o de pagamentos?<\/h2>\n\n\n\n<p>A antecipa\u00e7\u00e3o dos pagamentos do Bolsa Fam\u00edlia e do Aux\u00edlio-G\u00e1s ocorre em resposta a pedidos de estados ou munic\u00edpios que enfrentam situa\u00e7\u00f5es adversas, como desastres naturais. Uma vez que o pedido \u00e9 reconhecido pelo Governo Federal, as localidades afetadas s\u00e3o inclu\u00eddas na lista de antecipa\u00e7\u00e3o, permitindo que os benefici\u00e1rios recebam o aux\u00edlio mais cedo.<\/p>\n\n\n\n<p>Essa medida \u00e9 crucial para garantir que as fam\u00edlias em \u00e1reas vulner\u00e1veis tenham acesso aos recursos necess\u00e1rios para enfrentar as dificuldades impostas por eventos clim\u00e1ticos extremos. A antecipa\u00e7\u00e3o dos pagamentos \u00e9 uma forma de apoio emergencial, demonstrando a flexibilidade do programa em atender \u00e0s necessidades urgentes da popula\u00e7\u00e3o.<\/p>\n\n\n\n<p>O Bolsa Fam\u00edlia continua a ser um pilar fundamental no combate \u00e0 pobreza no Brasil, adaptando-se constantemente para melhor atender as necessidades dos seus benefici\u00e1rios. Com a implementa\u00e7\u00e3o de medidas como a antecipa\u00e7\u00e3o de pagamentos, o programa refor\u00e7a seu compromisso com a seguran\u00e7a e o bem-estar das fam\u00edlias brasileiras.<\/p>\n","protected":false},"excerpt":{"rendered":"<p>Novo ciclo de pagamentos do Bolsa Fam\u00edlia inicia em abril de 2025, beneficiando fam\u00edlias em todo o Brasil.<\/p>\n","protected":false},"author":3,"featured_media":22472,"comment_status":"open","ping_status":"open","sticky":false,"template":"","format":"standard","meta":{"jnews-multi-image_gallery":[],"jnews_single_post":{"format":"standard"},"jnews_primary_category":[],"jnews_social_meta":[],"jnews_override_counter":[],"footnotes":""},"categories":[128],"post_tag":[741,194,130],"class_list":["post-22470","post","type-post","status-publish","format-standard","has-post-thumbnail","hentry","category-economia","tag-beneficio-social","tag-beneficios","tag-bolsa-familia"],"yoast_head":"<!-- This site is optimized with the Yoast SEO plugin v24.6 - https:\/\/yoast.com\/wordpress\/plugins\/seo\/ -->\n<title>Pagamento do Bolsa Fam\u00edlia ser\u00e1 antecipado nessas cidades<\/title>\n<meta name=\"description\" content=\"Novo ciclo de pagamentos do Bolsa Fam\u00edlia inicia em abril de 2025, beneficiando fam\u00edlias em todo o Brasil.\" \/>\n<meta name=\"robots\" content=\"index, follow, max-snippet:-1, max-image-preview:large, max-video-preview:-1\" \/>\n<link rel=\"canonical\" href=\"https:\/\/www.correiobraziliense.com.br\/cbradar\/pagamento-do-bolsa-familia-sera-antecipado-nessas-cidades\/\" \/>\n<meta property=\"og:locale\" content=\"pt_BR\" \/>\n<meta property=\"og:type\" content=\"article\" \/>\n<meta property=\"og:title\" content=\"Pagamento do Bolsa Fam\u00edlia ser\u00e1 antecipado nessas cidades\" \/>\n<meta property=\"og:description\" content=\"Novo ciclo de pagamentos do Bolsa Fam\u00edlia inicia em abril de 2025, beneficiando fam\u00edlias em todo o Brasil.\" \/>\n<meta property=\"og:url\" content=\"https:\/\/www.correiobraziliense.com.br\/cbradar\/pagamento-do-bolsa-familia-sera-antecipado-nessas-cidades\/\" \/>\n<meta property=\"og:site_name\" content=\"Correio Braziliense - Radar\" \/>\n<meta property=\"article:published_time\" content=\"2025-04-13T19:10:00+00:00\" \/>\n<meta property=\"og:image\" content=\"https:\/\/www.correiobraziliense.com.br\/cbradar\/wp-content\/uploads\/2025\/04\/Bolsa-Familia-brasil_1744471391562.jpg\" \/>\n\t<meta property=\"og:image:width\" content=\"1280\" \/>\n\t<meta property=\"og:image:height\" content=\"720\" \/>\n\t<meta property=\"og:image:type\" content=\"image\/jpeg\" \/>\n<meta name=\"author\" content=\"Larissa Carvalho\" \/>\n<meta name=\"twitter:card\" content=\"summary_large_image\" \/>\n<meta name=\"twitter:label1\" content=\"Escrito por\" \/>\n\t<meta name=\"twitter:data1\" content=\"Larissa Carvalho\" \/>\n\t<meta name=\"twitter:label2\" content=\"Est. tempo de leitura\" \/>\n\t<meta name=\"twitter:data2\" content=\"4 minutos\" \/>\n<!-- \/ Yoast SEO plugin. -->","yoast_head_json":{"title":"Pagamento do Bolsa Fam\u00edlia ser\u00e1 antecipado nessas cidades","description":"Novo ciclo de pagamentos do Bolsa Fam\u00edlia inicia em abril de 2025, beneficiando fam\u00edlias em todo o Brasil.","robots":{"index":"index","follow":"follow","max-snippet":"max-snippet:-1","max-image-preview":"max-image-preview:large","max-video-preview":"max-video-preview:-1"},"canonical":"https:\/\/www.correiobraziliense.com.br\/cbradar\/pagamento-do-bolsa-familia-sera-antecipado-nessas-cidades\/","og_locale":"pt_BR","og_type":"article","og_title":"Pagamento do Bolsa Fam\u00edlia ser\u00e1 antecipado nessas cidades","og_description":"Novo ciclo de pagamentos do Bolsa Fam\u00edlia inicia em abril de 2025, beneficiando fam\u00edlias em todo o Brasil.","og_url":"https:\/\/www.correiobraziliense.com.br\/cbradar\/pagamento-do-bolsa-familia-sera-antecipado-nessas-cidades\/","og_site_name":"Correio Braziliense - Radar","article_published_time":"2025-04-13T19:10:00+00:00","og_image":[{"width":1280,"height":720,"url":"https:\/\/www.correiobraziliense.com.br\/cbradar\/wp-content\/uploads\/2025\/04\/Bolsa-Familia-brasil_1744471391562.jpg","type":"image\/jpeg"}],"author":"Larissa Carvalho","twitter_card":"summary_large_image","twitter_misc":{"Escrito por":"Larissa Carvalho","Est. tempo de leitura":"4 minutos"},"schema":{"@context":"https:\/\/schema.org","@graph":[{"@type":"WebPage","@id":"https:\/\/www.correiobraziliense.com.br\/cbradar\/pagamento-do-bolsa-familia-sera-antecipado-nessas-cidades\/","url":"https:\/\/www.correiobraziliense.com.br\/cbradar\/pagamento-do-bolsa-familia-sera-antecipado-nessas-cidades\/","name":"Pagamento do Bolsa Fam\u00edlia ser\u00e1 antecipado nessas cidades","isPartOf":{"@id":"https:\/\/www.correiobraziliense.com.br\/cbradar\/#website"},"primaryImageOfPage":{"@id":"https:\/\/www.correiobraziliense.com.br\/cbradar\/pagamento-do-bolsa-familia-sera-antecipado-nessas-cidades\/#primaryimage"},"image":{"@id":"https:\/\/www.correiobraziliense.com.br\/cbradar\/pagamento-do-bolsa-familia-sera-antecipado-nessas-cidades\/#primaryimage"},"thumbnailUrl":"https:\/\/www.correiobraziliense.com.br\/cbradar\/wp-content\/uploads\/2025\/04\/Bolsa-Familia-brasil_1744471391562.jpg","datePublished":"2025-04-13T19:10:00+00:00","author":{"@id":"https:\/\/www.correiobraziliense.com.br\/cbradar\/#\/schema\/person\/58422787644df994b53a19d3e56c1513"},"description":"Novo ciclo de pagamentos do Bolsa Fam\u00edlia inicia em abril de 2025, beneficiando fam\u00edlias em todo o Brasil.","breadcrumb":{"@id":"https:\/\/www.correiobraziliense.com.br\/cbradar\/pagamento-do-bolsa-familia-sera-antecipado-nessas-cidades\/#breadcrumb"},"inLanguage":"pt-BR","potentialAction":[{"@type":"ReadAction","target":["https:\/\/www.correiobraziliense.com.br\/cbradar\/pagamento-do-bolsa-familia-sera-antecipado-nessas-cidades\/"]}]},{"@type":"ImageObject","inLanguage":"pt-BR","@id":"https:\/\/www.correiobraziliense.com.br\/cbradar\/pagamento-do-bolsa-familia-sera-antecipado-nessas-cidades\/#primaryimage","url":"https:\/\/www.correiobraziliense.com.br\/cbradar\/wp-content\/uploads\/2025\/04\/Bolsa-Familia-brasil_1744471391562.jpg","contentUrl":"https:\/\/www.correiobraziliense.com.br\/cbradar\/wp-content\/uploads\/2025\/04\/Bolsa-Familia-brasil_1744471391562.jpg","width":1280,"height":720,"caption":"Bolsa Fam\u00edlia brasil. Descubra as s\u00e9ries de com\u00e9dia imperd\u00edveis na plataforma Max. Deixe o estresse de lado e divirta-se com essas produ\u00e7\u00f5es engra\u00e7adas e cativantes."},{"@type":"BreadcrumbList","@id":"https:\/\/www.correiobraziliense.com.br\/cbradar\/pagamento-do-bolsa-familia-sera-antecipado-nessas-cidades\/#breadcrumb","itemListElement":[{"@type":"ListItem","position":1,"name":"In\u00edcio","item":"https:\/\/www.correiobraziliense.com.br\/cbradar\/"},{"@type":"ListItem","position":2,"name":"Pagamento do Bolsa Fam\u00edlia ser\u00e1 antecipado nessas cidades"}]},{"@type":"WebSite","@id":"https:\/\/www.correiobraziliense.com.br\/cbradar\/#website","url":"https:\/\/www.correiobraziliense.com.br\/cbradar\/","name":"Correio Braziliense - Radar","description":"Acompanhe as \u00faltimas not\u00edcias e fique bem informado sobre tudo o que acontece no Brasil e no mundo.","potentialAction":[{"@type":"SearchAction","target":{"@type":"EntryPoint","urlTemplate":"https:\/\/www.correiobraziliense.com.br\/cbradar\/?s={search_term_string}"},"query-input":{"@type":"PropertyValueSpecification","valueRequired":true,"valueName":"search_term_string"}}],"inLanguage":"pt-BR"},{"@type":"Person","@id":"https:\/\/www.correiobraziliense.com.br\/cbradar\/#\/schema\/person\/58422787644df994b53a19d3e56c1513","name":"Larissa Carvalho","image":{"@type":"ImageObject","inLanguage":"pt-BR","@id":"https:\/\/www.correiobraziliense.com.br\/cbradar\/#\/schema\/person\/image\/","url":"https:\/\/secure.gravatar.com\/avatar\/fe4f91a0de32b52a838d0d612abdc1aa?s=96&d=mm&r=g","contentUrl":"https:\/\/secure.gravatar.com\/avatar\/fe4f91a0de32b52a838d0d612abdc1aa?s=96&d=mm&r=g","caption":"Larissa Carvalho"},"url":"https:\/\/www.correiobraziliense.com.br\/cbradar\/author\/larissamyth\/"}]}},"_links":{"self":[{"href":"https:\/\/www.correiobraziliense.com.br\/cbradar\/wp-json\/wp\/v2\/posts\/22470","targetHints":{"allow":["GET"]}}],"collection":[{"href":"https:\/\/www.correiobraziliense.com.br\/cbradar\/wp-json\/wp\/v2\/posts"}],"about":[{"href":"https:\/\/www.correiobraziliense.com.br\/cbradar\/wp-json\/wp\/v2\/types\/post"}],"author":[{"embeddable":true,"href":"https:\/\/www.correiobraziliense.com.br\/cbradar\/wp-json\/wp\/v2\/users\/3"}],"replies":[{"embeddable":true,"href":"https:\/\/www.correiobraziliense.com.br\/cbradar\/wp-json\/wp\/v2\/comments?post=22470"}],"version-history":[{"count":2,"href":"https:\/\/www.correiobraziliense.com.br\/cbradar\/wp-json\/wp\/v2\/posts\/22470\/revisions"}],"predecessor-version":[{"id":22474,"href":"https:\/\/www.correiobraziliense.com.br\/cbradar\/wp-json\/wp\/v2\/posts\/22470\/revisions\/22474"}],"wp:featuredmedia":[{"embeddable":true,"href":"https:\/\/www.correiobraziliense.com.br\/cbradar\/wp-json\/wp\/v2\/media\/22472"}],"wp:attachment":[{"href":"https:\/\/www.correiobraziliense.com.br\/cbradar\/wp-json\/wp\/v2\/media?parent=22470"}],"wp:term":[{"taxonomy":"category","embeddable":true,"href":"https:\/\/www.correiobraziliense.com.br\/cbradar\/wp-json\/wp\/v2\/categories?post=22470"},{"taxonomy":"post_tag","embeddable":true,"href":"https:\/\/www.correiobraziliense.com.br\/cbradar\/wp-json\/wp\/v2\/post_tag?post=22470"}],"curies":[{"name":"wp","href":"https:\/\/api.w.org\/{rel}","templated":true}]}}