{"id":22475,"date":"2025-04-12T16:00:26","date_gmt":"2025-04-12T19:00:26","guid":{"rendered":"https:\/\/www.correiobraziliense.com.br\/cbradar\/?p=22475"},"modified":"2025-04-12T16:00:27","modified_gmt":"2025-04-12T19:00:27","slug":"maes-comemoram-beneficio-de-ate-r-1593-saiba-como-receber","status":"publish","type":"post","link":"https:\/\/www.correiobraziliense.com.br\/cbradar\/maes-comemoram-beneficio-de-ate-r-1593-saiba-como-receber\/","title":{"rendered":"M\u00e3es comemoram benef\u00edcio de at\u00e9 R$ 1593, saiba como receber"},"content":{"rendered":"\n<p>O projeto <strong><a href=\"https:\/\/capital.sp.gov.br\/web\/desenvolvimento\/w\/cursos\/operacao_trabalho\/313328\" target=\"_blank\" rel=\"noreferrer noopener\">M\u00e3es Guardi\u00e3s<\/a>,<\/strong> desenvolvido pela <strong>Prefeitura de S\u00e3o Paulo<\/strong>, busca enfrentar o desafio da evas\u00e3o escolar ao mesmo tempo em que oferece suporte financeiro para m\u00e3es de alunos da rede municipal. As participantes podem receber at\u00e9 R$ 1.593 mensais, contribuindo para a estabilidade econ\u00f4mica de suas fam\u00edlias enquanto desempenham um papel ativo na educa\u00e7\u00e3o de seus filhos.<\/p>\n\n\n\n<p>O programa \u00e9 uma estrat\u00e9gia que integra m\u00e3es em atividades escolares, promovendo a conex\u00e3o entre a comunidade e as institui\u00e7\u00f5es de ensino. As m\u00e3es envolvidas realizam tarefas como busca ativa de alunos e participa\u00e7\u00e3o em hortas pedag\u00f3gicas, ajudando a criar um ambiente escolar mais inclusivo e participativo.<\/p>\n\n\n\n<h2 class=\"wp-block-heading\">Crit\u00e9rios de participa\u00e7\u00e3o no programa<\/h2>\n\n\n\n<p>Para se candidatar ao programa M\u00e3es Guardi\u00e3s, as interessadas devem atender a crit\u00e9rios espec\u00edficos. \u00c9 necess\u00e1rio ser m\u00e3e de um aluno matriculado na rede municipal ou fazer parte da comunidade escolar. As candidatas devem ter entre 18 e 59 anos, residir em S\u00e3o Paulo e estar desempregadas h\u00e1 pelo menos seis meses, sem receber benef\u00edcios como seguro-desemprego.<\/p>\n\n\n\n<p>Al\u00e9m disso, a renda familiar das participantes deve ser de at\u00e9 meio sal\u00e1rio-m\u00ednimo para indiv\u00edduos que vivem sozinhos ou um sal\u00e1rio-m\u00ednimo per capita para fam\u00edlias. As m\u00e3es selecionadas assinam um termo de compromisso e se dedicam \u00e0s atividades escolares por 30 horas semanais, de segunda a sexta-feira.<\/p>\n\n\n\n<figure class=\"wp-block-image size-large\"><img decoding=\"async\" width=\"1024\" height=\"576\" src=\"https:\/\/www.correiobraziliense.com.br\/cbradar\/wp-content\/uploads\/2025\/04\/Dinheiro-brasil_1744471586888-1024x576.jpg\" alt=\"M\u00e3es comemoram benef\u00edcio de at\u00e9 R$ 1593, saiba como receber\" class=\"wp-image-22478\" srcset=\"https:\/\/www.correiobraziliense.com.br\/cbradar\/wp-content\/uploads\/2025\/04\/Dinheiro-brasil_1744471586888-1024x576.jpg 1024w, https:\/\/www.correiobraziliense.com.br\/cbradar\/wp-content\/uploads\/2025\/04\/Dinheiro-brasil_1744471586888-300x169.jpg 300w, https:\/\/www.correiobraziliense.com.br\/cbradar\/wp-content\/uploads\/2025\/04\/Dinheiro-brasil_1744471586888-768x432.jpg 768w, https:\/\/www.correiobraziliense.com.br\/cbradar\/wp-content\/uploads\/2025\/04\/Dinheiro-brasil_1744471586888-750x422.jpg 750w, https:\/\/www.correiobraziliense.com.br\/cbradar\/wp-content\/uploads\/2025\/04\/Dinheiro-brasil_1744471586888-1140x641.jpg 1140w, https:\/\/www.correiobraziliense.com.br\/cbradar\/wp-content\/uploads\/2025\/04\/Dinheiro-brasil_1744471586888.jpg 1280w\" sizes=\"(max-width: 1024px) 100vw, 1024px\" \/><figcaption class=\"wp-element-caption\">Dinheiro. Cr\u00e9ditos: depositphotos.com \/ rodrigobellizzi<\/figcaption><\/figure>\n\n\n\n<h2 class=\"wp-block-heading\">Processo de inscri\u00e7\u00e3o e convoca\u00e7\u00e3o<\/h2>\n\n\n\n<p>A convoca\u00e7\u00e3o para o programa \u00e9 feita em etapas, com listas de selecionadas divulgadas no Portal Cate e no site da Secretaria Municipal de Desenvolvimento Econ\u00f4mico e Trabalho. As m\u00e3es tamb\u00e9m s\u00e3o notificadas por meios digitais, como WhatsApp e e-mail, com base nas informa\u00e7\u00f5es fornecidas durante a inscri\u00e7\u00e3o.<\/p>\n\n\n\n<p>As convocadas devem comparecer a uma das unidades do Cate, localizadas em diferentes regi\u00f5es da cidade, para entregar a documenta\u00e7\u00e3o necess\u00e1ria. O per\u00edodo de apresenta\u00e7\u00e3o ocorre entre os dias 13 e 14 de mar\u00e7o, das 8h \u00e0s 14h. Os documentos exigidos incluem RG, CPF, carteira de trabalho e comprovante de resid\u00eancia.<\/p>\n\n\n\n<ul class=\"wp-block-list\">\n<li><strong>Cate Central:<\/strong> Av. Rio Branco, 252<\/li>\n\n\n\n<li><strong>Cate Interlagos:<\/strong> Av. Interlagos, 6122<\/li>\n\n\n\n<li><strong>Cate Itaquera:<\/strong> Rua Augusto Carlos, Bauman, 851<\/li>\n<\/ul>\n\n\n\n<h2 class=\"wp-block-heading\">Impacto do programa na comunidade escolar<\/h2>\n\n\n\n<p>O programa M\u00e3es Guardi\u00e3s desempenha um papel crucial na melhoria do ambiente escolar, promovendo a participa\u00e7\u00e3o ativa das m\u00e3es na vida escolar de seus filhos. Essa integra\u00e7\u00e3o fortalece os la\u00e7os entre a escola e a comunidade, criando um espa\u00e7o mais acolhedor e seguro para os alunos.<\/p>\n\n\n\n<p>As participantes recebem capacita\u00e7\u00e3o online e apoio em temas educacionais, o que as prepara para desempenhar suas fun\u00e7\u00f5es de maneira eficaz. O programa oferece a possibilidade de renova\u00e7\u00e3o do contrato, permitindo que as m\u00e3es continuem a contribuir para a educa\u00e7\u00e3o e o bem-estar das crian\u00e7as e adolescentes na rede municipal.<\/p>\n","protected":false},"excerpt":{"rendered":"<p>O projeto M\u00e3es Guardi\u00e3s oferece suporte financeiro e enfrenta a evas\u00e3o escolar em S\u00e3o Paulo. M\u00e3es de alunos da rede municipal podem se inscrever.<\/p>\n","protected":false},"author":3,"featured_media":22477,"comment_status":"open","ping_status":"open","sticky":false,"template":"","format":"standard","meta":{"jnews-multi-image_gallery":[],"jnews_single_post":{"format":"standard"},"jnews_primary_category":[],"jnews_social_meta":[],"jnews_override_counter":[],"footnotes":""},"categories":[128],"post_tag":[741,194],"class_list":["post-22475","post","type-post","status-publish","format-standard","has-post-thumbnail","hentry","category-economia","tag-beneficio-social","tag-beneficios"],"yoast_head":"<!-- This site is optimized with the Yoast SEO plugin v24.6 - https:\/\/yoast.com\/wordpress\/plugins\/seo\/ -->\n<title>M\u00e3es comemoram benef\u00edcio de at\u00e9 R$ 1593, saiba como receber<\/title>\n<meta name=\"description\" content=\"O projeto M\u00e3es Guardi\u00e3s oferece suporte financeiro e enfrenta a evas\u00e3o escolar em S\u00e3o Paulo. M\u00e3es de alunos da rede municipal podem se inscrever.\" \/>\n<meta name=\"robots\" content=\"index, follow, max-snippet:-1, max-image-preview:large, max-video-preview:-1\" \/>\n<link rel=\"canonical\" href=\"https:\/\/www.correiobraziliense.com.br\/cbradar\/maes-comemoram-beneficio-de-ate-r-1593-saiba-como-receber\/\" \/>\n<meta property=\"og:locale\" content=\"pt_BR\" \/>\n<meta property=\"og:type\" content=\"article\" \/>\n<meta property=\"og:title\" content=\"M\u00e3es comemoram benef\u00edcio de at\u00e9 R$ 1593, saiba como receber\" \/>\n<meta property=\"og:description\" content=\"O projeto M\u00e3es Guardi\u00e3s oferece suporte financeiro e enfrenta a evas\u00e3o escolar em S\u00e3o Paulo. M\u00e3es de alunos da rede municipal podem se inscrever.\" \/>\n<meta property=\"og:url\" content=\"https:\/\/www.correiobraziliense.com.br\/cbradar\/maes-comemoram-beneficio-de-ate-r-1593-saiba-como-receber\/\" \/>\n<meta property=\"og:site_name\" content=\"Correio Braziliense - Radar\" \/>\n<meta property=\"article:published_time\" content=\"2025-04-12T19:00:26+00:00\" \/>\n<meta property=\"article:modified_time\" content=\"2025-04-12T19:00:27+00:00\" \/>\n<meta property=\"og:image\" content=\"https:\/\/www.correiobraziliense.com.br\/cbradar\/wp-content\/uploads\/2025\/04\/Dinheiro-brasil_1744471556662.jpg\" \/>\n\t<meta property=\"og:image:width\" content=\"1280\" \/>\n\t<meta property=\"og:image:height\" content=\"720\" \/>\n\t<meta property=\"og:image:type\" content=\"image\/jpeg\" \/>\n<meta name=\"author\" content=\"Larissa Carvalho\" \/>\n<meta name=\"twitter:card\" content=\"summary_large_image\" \/>\n<meta name=\"twitter:label1\" content=\"Escrito por\" \/>\n\t<meta name=\"twitter:data1\" content=\"Larissa Carvalho\" \/>\n\t<meta name=\"twitter:label2\" content=\"Est. tempo de leitura\" \/>\n\t<meta name=\"twitter:data2\" content=\"1 minuto\" \/>\n<!-- \/ Yoast SEO plugin. -->","yoast_head_json":{"title":"M\u00e3es comemoram benef\u00edcio de at\u00e9 R$ 1593, saiba como receber","description":"O projeto M\u00e3es Guardi\u00e3s oferece suporte financeiro e enfrenta a evas\u00e3o escolar em S\u00e3o Paulo. M\u00e3es de alunos da rede municipal podem se inscrever.","robots":{"index":"index","follow":"follow","max-snippet":"max-snippet:-1","max-image-preview":"max-image-preview:large","max-video-preview":"max-video-preview:-1"},"canonical":"https:\/\/www.correiobraziliense.com.br\/cbradar\/maes-comemoram-beneficio-de-ate-r-1593-saiba-como-receber\/","og_locale":"pt_BR","og_type":"article","og_title":"M\u00e3es comemoram benef\u00edcio de at\u00e9 R$ 1593, saiba como receber","og_description":"O projeto M\u00e3es Guardi\u00e3s oferece suporte financeiro e enfrenta a evas\u00e3o escolar em S\u00e3o Paulo. M\u00e3es de alunos da rede municipal podem se inscrever.","og_url":"https:\/\/www.correiobraziliense.com.br\/cbradar\/maes-comemoram-beneficio-de-ate-r-1593-saiba-como-receber\/","og_site_name":"Correio Braziliense - Radar","article_published_time":"2025-04-12T19:00:26+00:00","article_modified_time":"2025-04-12T19:00:27+00:00","og_image":[{"width":1280,"height":720,"url":"https:\/\/www.correiobraziliense.com.br\/cbradar\/wp-content\/uploads\/2025\/04\/Dinheiro-brasil_1744471556662.jpg","type":"image\/jpeg"}],"author":"Larissa Carvalho","twitter_card":"summary_large_image","twitter_misc":{"Escrito por":"Larissa Carvalho","Est. tempo de leitura":"1 minuto"},"schema":{"@context":"https:\/\/schema.org","@graph":[{"@type":"WebPage","@id":"https:\/\/www.correiobraziliense.com.br\/cbradar\/maes-comemoram-beneficio-de-ate-r-1593-saiba-como-receber\/","url":"https:\/\/www.correiobraziliense.com.br\/cbradar\/maes-comemoram-beneficio-de-ate-r-1593-saiba-como-receber\/","name":"M\u00e3es comemoram benef\u00edcio de at\u00e9 R$ 1593, saiba como receber","isPartOf":{"@id":"https:\/\/www.correiobraziliense.com.br\/cbradar\/#website"},"primaryImageOfPage":{"@id":"https:\/\/www.correiobraziliense.com.br\/cbradar\/maes-comemoram-beneficio-de-ate-r-1593-saiba-como-receber\/#primaryimage"},"image":{"@id":"https:\/\/www.correiobraziliense.com.br\/cbradar\/maes-comemoram-beneficio-de-ate-r-1593-saiba-como-receber\/#primaryimage"},"thumbnailUrl":"https:\/\/www.correiobraziliense.com.br\/cbradar\/wp-content\/uploads\/2025\/04\/Dinheiro-brasil_1744471556662.jpg","datePublished":"2025-04-12T19:00:26+00:00","dateModified":"2025-04-12T19:00:27+00:00","author":{"@id":"https:\/\/www.correiobraziliense.com.br\/cbradar\/#\/schema\/person\/58422787644df994b53a19d3e56c1513"},"description":"O projeto M\u00e3es Guardi\u00e3s oferece suporte financeiro e enfrenta a evas\u00e3o escolar em S\u00e3o Paulo. M\u00e3es de alunos da rede municipal podem se inscrever.","breadcrumb":{"@id":"https:\/\/www.correiobraziliense.com.br\/cbradar\/maes-comemoram-beneficio-de-ate-r-1593-saiba-como-receber\/#breadcrumb"},"inLanguage":"pt-BR","potentialAction":[{"@type":"ReadAction","target":["https:\/\/www.correiobraziliense.com.br\/cbradar\/maes-comemoram-beneficio-de-ate-r-1593-saiba-como-receber\/"]}]},{"@type":"ImageObject","inLanguage":"pt-BR","@id":"https:\/\/www.correiobraziliense.com.br\/cbradar\/maes-comemoram-beneficio-de-ate-r-1593-saiba-como-receber\/#primaryimage","url":"https:\/\/www.correiobraziliense.com.br\/cbradar\/wp-content\/uploads\/2025\/04\/Dinheiro-brasil_1744471556662.jpg","contentUrl":"https:\/\/www.correiobraziliense.com.br\/cbradar\/wp-content\/uploads\/2025\/04\/Dinheiro-brasil_1744471556662.jpg","width":1280,"height":720,"caption":"Dinheiro. Cr\u00e9ditos: depositphotos.com \/ rmcarvalhobsb"},{"@type":"BreadcrumbList","@id":"https:\/\/www.correiobraziliense.com.br\/cbradar\/maes-comemoram-beneficio-de-ate-r-1593-saiba-como-receber\/#breadcrumb","itemListElement":[{"@type":"ListItem","position":1,"name":"In\u00edcio","item":"https:\/\/www.correiobraziliense.com.br\/cbradar\/"},{"@type":"ListItem","position":2,"name":"M\u00e3es comemoram benef\u00edcio de at\u00e9 R$ 1593, saiba como receber"}]},{"@type":"WebSite","@id":"https:\/\/www.correiobraziliense.com.br\/cbradar\/#website","url":"https:\/\/www.correiobraziliense.com.br\/cbradar\/","name":"Correio Braziliense - Radar","description":"Acompanhe as \u00faltimas not\u00edcias e fique bem informado sobre tudo o que acontece no Brasil e no mundo.","potentialAction":[{"@type":"SearchAction","target":{"@type":"EntryPoint","urlTemplate":"https:\/\/www.correiobraziliense.com.br\/cbradar\/?s={search_term_string}"},"query-input":{"@type":"PropertyValueSpecification","valueRequired":true,"valueName":"search_term_string"}}],"inLanguage":"pt-BR"},{"@type":"Person","@id":"https:\/\/www.correiobraziliense.com.br\/cbradar\/#\/schema\/person\/58422787644df994b53a19d3e56c1513","name":"Larissa Carvalho","image":{"@type":"ImageObject","inLanguage":"pt-BR","@id":"https:\/\/www.correiobraziliense.com.br\/cbradar\/#\/schema\/person\/image\/","url":"https:\/\/secure.gravatar.com\/avatar\/fe4f91a0de32b52a838d0d612abdc1aa?s=96&d=mm&r=g","contentUrl":"https:\/\/secure.gravatar.com\/avatar\/fe4f91a0de32b52a838d0d612abdc1aa?s=96&d=mm&r=g","caption":"Larissa Carvalho"},"url":"https:\/\/www.correiobraziliense.com.br\/cbradar\/author\/larissamyth\/"}]}},"_links":{"self":[{"href":"https:\/\/www.correiobraziliense.com.br\/cbradar\/wp-json\/wp\/v2\/posts\/22475","targetHints":{"allow":["GET"]}}],"collection":[{"href":"https:\/\/www.correiobraziliense.com.br\/cbradar\/wp-json\/wp\/v2\/posts"}],"about":[{"href":"https:\/\/www.correiobraziliense.com.br\/cbradar\/wp-json\/wp\/v2\/types\/post"}],"author":[{"embeddable":true,"href":"https:\/\/www.correiobraziliense.com.br\/cbradar\/wp-json\/wp\/v2\/users\/3"}],"replies":[{"embeddable":true,"href":"https:\/\/www.correiobraziliense.com.br\/cbradar\/wp-json\/wp\/v2\/comments?post=22475"}],"version-history":[{"count":2,"href":"https:\/\/www.correiobraziliense.com.br\/cbradar\/wp-json\/wp\/v2\/posts\/22475\/revisions"}],"predecessor-version":[{"id":22479,"href":"https:\/\/www.correiobraziliense.com.br\/cbradar\/wp-json\/wp\/v2\/posts\/22475\/revisions\/22479"}],"wp:featuredmedia":[{"embeddable":true,"href":"https:\/\/www.correiobraziliense.com.br\/cbradar\/wp-json\/wp\/v2\/media\/22477"}],"wp:attachment":[{"href":"https:\/\/www.correiobraziliense.com.br\/cbradar\/wp-json\/wp\/v2\/media?parent=22475"}],"wp:term":[{"taxonomy":"category","embeddable":true,"href":"https:\/\/www.correiobraziliense.com.br\/cbradar\/wp-json\/wp\/v2\/categories?post=22475"},{"taxonomy":"post_tag","embeddable":true,"href":"https:\/\/www.correiobraziliense.com.br\/cbradar\/wp-json\/wp\/v2\/post_tag?post=22475"}],"curies":[{"name":"wp","href":"https:\/\/api.w.org\/{rel}","templated":true}]}}