{"id":22490,"date":"2025-04-13T17:30:00","date_gmt":"2025-04-13T20:30:00","guid":{"rendered":"https:\/\/www.correiobraziliense.com.br\/cbradar\/?p=22490"},"modified":"2025-04-12T12:39:00","modified_gmt":"2025-04-12T15:39:00","slug":"em-quanto-tempo-seu-seguro-desemprego-sera-cortado-apos-ser-contratado","status":"publish","type":"post","link":"https:\/\/www.correiobraziliense.com.br\/cbradar\/em-quanto-tempo-seu-seguro-desemprego-sera-cortado-apos-ser-contratado\/","title":{"rendered":"Em quanto tempo seu seguro-desemprego ser\u00e1 cortado ap\u00f3s ser contratado?"},"content":{"rendered":"\n<p>O <a href=\"https:\/\/www.correiobraziliense.com.br\/cbradar\/saiba-como-usar-a-ctps-digital-para-encontrar-seu-proximo-emprego\/\" target=\"_blank\" rel=\"noreferrer noopener\">seguro-desemprego<\/a> \u00e9 um benef\u00edcio essencial para muitos trabalhadores brasileiros que enfrentam o desemprego. Ele oferece um suporte financeiro tempor\u00e1rio enquanto o benefici\u00e1rio busca uma nova oportunidade no mercado de trabalho. Este aux\u00edlio \u00e9 concedido a trabalhadores que foram demitidos sem justa causa e que atendem aos requisitos estabelecidos pela<strong><a href=\"https:\/\/www.planalto.gov.br\/ccivil_03\/decreto-lei\/del5452.htm\" target=\"_blank\" rel=\"noreferrer noopener\"> Consolida\u00e7\u00e3o das Leis do Trabalho (CLT).<\/a><\/strong><\/p>\n\n\n\n<p>Em 2025, o funcionamento do seguro-desemprego continua a ser uma quest\u00e3o relevante para os trabalhadores. Com as mudan\u00e7as no mercado de trabalho e nas regulamenta\u00e7\u00f5es, \u00e9 importante que os benefici\u00e1rios estejam cientes das condi\u00e7\u00f5es para o recebimento do benef\u00edcio e das situa\u00e7\u00f5es que podem levar \u00e0 sua suspens\u00e3o.<\/p>\n\n\n\n<h2 class=\"wp-block-heading\">Quais s\u00e3o os requisitos para receber o Seguro-Desemprego?<\/h2>\n\n\n\n<p>Para ter direito ao seguro-desemprego, o trabalhador deve ter sido demitido sem justa causa e n\u00e3o pode estar empregado formalmente. Al\u00e9m disso, \u00e9 necess\u00e1rio cumprir um per\u00edodo m\u00ednimo de trabalho com carteira assinada, que varia de acordo com a quantidade de vezes que o benef\u00edcio foi solicitado anteriormente. Em geral, o trabalhador deve ter trabalhado por pelo menos 12 meses nos \u00faltimos 18 meses antes da demiss\u00e3o para solicitar o benef\u00edcio pela primeira vez.<\/p>\n\n\n\n<p>O n\u00famero de parcelas do seguro-desemprego tamb\u00e9m varia conforme o tempo de trabalho e o hist\u00f3rico de solicita\u00e7\u00f5es do benef\u00edcio. Os trabalhadores podem receber entre tr\u00eas a cinco parcelas, dependendo de sua situa\u00e7\u00e3o espec\u00edfica.<\/p>\n\n\n\n<figure class=\"wp-block-image size-large\"><img decoding=\"async\" width=\"1024\" height=\"576\" src=\"https:\/\/www.correiobraziliense.com.br\/cbradar\/wp-content\/uploads\/2025\/04\/seguro-desemprego_1744472317134-1024x576.jpg\" alt=\"Em quanto tempo seu seguro-desemprego ser\u00e1 cortado ap\u00f3s ser contratado?\" class=\"wp-image-22493\" srcset=\"https:\/\/www.correiobraziliense.com.br\/cbradar\/wp-content\/uploads\/2025\/04\/seguro-desemprego_1744472317134-1024x576.jpg 1024w, https:\/\/www.correiobraziliense.com.br\/cbradar\/wp-content\/uploads\/2025\/04\/seguro-desemprego_1744472317134-300x169.jpg 300w, https:\/\/www.correiobraziliense.com.br\/cbradar\/wp-content\/uploads\/2025\/04\/seguro-desemprego_1744472317134-768x432.jpg 768w, https:\/\/www.correiobraziliense.com.br\/cbradar\/wp-content\/uploads\/2025\/04\/seguro-desemprego_1744472317134-750x422.jpg 750w, https:\/\/www.correiobraziliense.com.br\/cbradar\/wp-content\/uploads\/2025\/04\/seguro-desemprego_1744472317134-1140x641.jpg 1140w, https:\/\/www.correiobraziliense.com.br\/cbradar\/wp-content\/uploads\/2025\/04\/seguro-desemprego_1744472317134.jpg 1280w\" sizes=\"(max-width: 1024px) 100vw, 1024px\" \/><figcaption class=\"wp-element-caption\">seguro-desemprego. Cr\u00e9ditos: depositphotos.com \/ sidneydealmeida<\/figcaption><\/figure>\n\n\n\n<h2 class=\"wp-block-heading\">O Seguro-Desemprego pode ser suspenso?<\/h2>\n\n\n\n<p>Sim, o seguro-desemprego pode ser suspenso antes do t\u00e9rmino das parcelas previstas. Isso ocorre automaticamente quando o benefici\u00e1rio assina um novo contrato de trabalho formal. A suspens\u00e3o \u00e9 uma medida para garantir que o benef\u00edcio seja concedido apenas a quem realmente est\u00e1 fora do mercado de trabalho formal.<\/p>\n\n\n\n<p>O processo de suspens\u00e3o \u00e9 geralmente r\u00e1pido, ocorrendo em at\u00e9 48 horas ap\u00f3s a empresa comunicar o novo v\u00ednculo empregat\u00edcio ao governo federal. Caso o trabalhador seja demitido novamente durante o per\u00edodo de experi\u00eancia no novo emprego, ele pode solicitar a retomada das parcelas restantes do seguro-desemprego.<\/p>\n\n\n\n<h2 class=\"wp-block-heading\">Como funciona a retomada do benef\u00edcio?<\/h2>\n\n\n\n<p>Se um trabalhador que estava recebendo o seguro-desemprego for contratado e, posteriormente, demitido durante o per\u00edodo de experi\u00eancia, ele pode voltar a receber as parcelas que ainda n\u00e3o foram pagas. Por exemplo, se um trabalhador tinha direito a cinco parcelas e recebeu apenas duas antes de ser contratado, ele poder\u00e1 receber as tr\u00eas parcelas restantes caso seja desligado do novo emprego em pouco tempo.<\/p>\n\n\n\n<p>Essa possibilidade de retomada do benef\u00edcio \u00e9 importante para garantir que o trabalhador continue a ter um suporte financeiro enquanto busca estabilidade no mercado de trabalho.<\/p>\n\n\n\n<h2 class=\"wp-block-heading\">Por que \u00e9 importante entender o Seguro-Desemprego em 2025?<\/h2>\n\n\n\n<p>Com as constantes mudan\u00e7as no mercado de trabalho e nas regulamenta\u00e7\u00f5es trabalhistas, \u00e9 crucial que os trabalhadores estejam informados sobre seus direitos e deveres em rela\u00e7\u00e3o ao seguro-desemprego. Compreender como o benef\u00edcio funciona, os requisitos para receb\u00ea-lo e as condi\u00e7\u00f5es para sua suspens\u00e3o ou retomada pode fazer a diferen\u00e7a na seguran\u00e7a financeira dos trabalhadores durante per\u00edodos de transi\u00e7\u00e3o.<\/p>\n\n\n\n<p>Al\u00e9m disso, estar ciente das atualiza\u00e7\u00f5es e mudan\u00e7as nas leis trabalhistas ajuda os trabalhadores a se prepararem melhor para eventuais per\u00edodos de desemprego, garantindo que possam acessar o benef\u00edcio de forma eficiente e sem surpresas.<\/p>\n","protected":false},"excerpt":{"rendered":"<p>Entenda tudo sobre o Seguro-Desemprego no Brasil em 2025: requisitos, suspens\u00e3o, retomada e muito mais.<\/p>\n","protected":false},"author":3,"featured_media":22492,"comment_status":"open","ping_status":"open","sticky":false,"template":"","format":"standard","meta":{"_yoast_wpseo_focuskw":"Seguro-Desemprego","_yoast_wpseo_title":"%%title%%","_yoast_wpseo_metadesc":"Entenda tudo sobre o Seguro-Desemprego no Brasil em 2025: requisitos, suspens\u00e3o, retomada e muito mais.","jnews-multi-image_gallery":[],"jnews_single_post":{"format":"standard"},"jnews_primary_category":[],"jnews_social_meta":[],"jnews_override_counter":[],"footnotes":""},"categories":[128],"post_tag":[132,3188],"class_list":["post-22490","post","type-post","status-publish","format-standard","has-post-thumbnail","hentry","category-economia","tag-beneficios-sociais","tag-seguro-desemprego"],"yoast_head":"<!-- This site is optimized with the Yoast SEO plugin v24.6 - https:\/\/yoast.com\/wordpress\/plugins\/seo\/ -->\n<title>Em quanto tempo seu seguro-desemprego ser\u00e1 cortado ap\u00f3s ser contratado?<\/title>\n<meta name=\"description\" content=\"Entenda tudo sobre o Seguro-Desemprego no Brasil em 2025: requisitos, suspens\u00e3o, retomada e muito mais.\" \/>\n<meta name=\"robots\" content=\"index, follow, max-snippet:-1, max-image-preview:large, max-video-preview:-1\" \/>\n<link rel=\"canonical\" href=\"https:\/\/www.correiobraziliense.com.br\/cbradar\/em-quanto-tempo-seu-seguro-desemprego-sera-cortado-apos-ser-contratado\/\" \/>\n<meta property=\"og:locale\" content=\"pt_BR\" \/>\n<meta property=\"og:type\" content=\"article\" \/>\n<meta property=\"og:title\" content=\"Em quanto tempo seu seguro-desemprego ser\u00e1 cortado ap\u00f3s ser contratado?\" \/>\n<meta property=\"og:description\" content=\"Entenda tudo sobre o Seguro-Desemprego no Brasil em 2025: requisitos, suspens\u00e3o, retomada e muito mais.\" \/>\n<meta property=\"og:url\" content=\"https:\/\/www.correiobraziliense.com.br\/cbradar\/em-quanto-tempo-seu-seguro-desemprego-sera-cortado-apos-ser-contratado\/\" \/>\n<meta property=\"og:site_name\" content=\"Correio Braziliense - Radar\" \/>\n<meta property=\"article:published_time\" content=\"2025-04-13T20:30:00+00:00\" \/>\n<meta property=\"og:image\" content=\"https:\/\/www.correiobraziliense.com.br\/cbradar\/wp-content\/uploads\/2025\/04\/seguro-desemprego_1744472290671.jpg\" \/>\n\t<meta property=\"og:image:width\" content=\"1280\" \/>\n\t<meta property=\"og:image:height\" content=\"720\" \/>\n\t<meta property=\"og:image:type\" content=\"image\/jpeg\" \/>\n<meta name=\"author\" content=\"Larissa Carvalho\" \/>\n<meta name=\"twitter:card\" content=\"summary_large_image\" \/>\n<meta name=\"twitter:label1\" content=\"Escrito por\" \/>\n\t<meta name=\"twitter:data1\" content=\"Larissa Carvalho\" \/>\n\t<meta name=\"twitter:label2\" content=\"Est. tempo de leitura\" \/>\n\t<meta name=\"twitter:data2\" content=\"4 minutos\" \/>\n<!-- \/ Yoast SEO plugin. -->","yoast_head_json":{"title":"Em quanto tempo seu seguro-desemprego ser\u00e1 cortado ap\u00f3s ser contratado?","description":"Entenda tudo sobre o Seguro-Desemprego no Brasil em 2025: requisitos, suspens\u00e3o, retomada e muito mais.","robots":{"index":"index","follow":"follow","max-snippet":"max-snippet:-1","max-image-preview":"max-image-preview:large","max-video-preview":"max-video-preview:-1"},"canonical":"https:\/\/www.correiobraziliense.com.br\/cbradar\/em-quanto-tempo-seu-seguro-desemprego-sera-cortado-apos-ser-contratado\/","og_locale":"pt_BR","og_type":"article","og_title":"Em quanto tempo seu seguro-desemprego ser\u00e1 cortado ap\u00f3s ser contratado?","og_description":"Entenda tudo sobre o Seguro-Desemprego no Brasil em 2025: requisitos, suspens\u00e3o, retomada e muito mais.","og_url":"https:\/\/www.correiobraziliense.com.br\/cbradar\/em-quanto-tempo-seu-seguro-desemprego-sera-cortado-apos-ser-contratado\/","og_site_name":"Correio Braziliense - Radar","article_published_time":"2025-04-13T20:30:00+00:00","og_image":[{"width":1280,"height":720,"url":"https:\/\/www.correiobraziliense.com.br\/cbradar\/wp-content\/uploads\/2025\/04\/seguro-desemprego_1744472290671.jpg","type":"image\/jpeg"}],"author":"Larissa Carvalho","twitter_card":"summary_large_image","twitter_misc":{"Escrito por":"Larissa Carvalho","Est. tempo de leitura":"4 minutos"},"schema":{"@context":"https:\/\/schema.org","@graph":[{"@type":"WebPage","@id":"https:\/\/www.correiobraziliense.com.br\/cbradar\/em-quanto-tempo-seu-seguro-desemprego-sera-cortado-apos-ser-contratado\/","url":"https:\/\/www.correiobraziliense.com.br\/cbradar\/em-quanto-tempo-seu-seguro-desemprego-sera-cortado-apos-ser-contratado\/","name":"Em quanto tempo seu seguro-desemprego ser\u00e1 cortado ap\u00f3s ser contratado?","isPartOf":{"@id":"https:\/\/www.correiobraziliense.com.br\/cbradar\/#website"},"primaryImageOfPage":{"@id":"https:\/\/www.correiobraziliense.com.br\/cbradar\/em-quanto-tempo-seu-seguro-desemprego-sera-cortado-apos-ser-contratado\/#primaryimage"},"image":{"@id":"https:\/\/www.correiobraziliense.com.br\/cbradar\/em-quanto-tempo-seu-seguro-desemprego-sera-cortado-apos-ser-contratado\/#primaryimage"},"thumbnailUrl":"https:\/\/www.correiobraziliense.com.br\/cbradar\/wp-content\/uploads\/2025\/04\/seguro-desemprego_1744472290671.jpg","datePublished":"2025-04-13T20:30:00+00:00","author":{"@id":"https:\/\/www.correiobraziliense.com.br\/cbradar\/#\/schema\/person\/58422787644df994b53a19d3e56c1513"},"description":"Entenda tudo sobre o Seguro-Desemprego no Brasil em 2025: requisitos, suspens\u00e3o, retomada e muito mais.","breadcrumb":{"@id":"https:\/\/www.correiobraziliense.com.br\/cbradar\/em-quanto-tempo-seu-seguro-desemprego-sera-cortado-apos-ser-contratado\/#breadcrumb"},"inLanguage":"pt-BR","potentialAction":[{"@type":"ReadAction","target":["https:\/\/www.correiobraziliense.com.br\/cbradar\/em-quanto-tempo-seu-seguro-desemprego-sera-cortado-apos-ser-contratado\/"]}]},{"@type":"ImageObject","inLanguage":"pt-BR","@id":"https:\/\/www.correiobraziliense.com.br\/cbradar\/em-quanto-tempo-seu-seguro-desemprego-sera-cortado-apos-ser-contratado\/#primaryimage","url":"https:\/\/www.correiobraziliense.com.br\/cbradar\/wp-content\/uploads\/2025\/04\/seguro-desemprego_1744472290671.jpg","contentUrl":"https:\/\/www.correiobraziliense.com.br\/cbradar\/wp-content\/uploads\/2025\/04\/seguro-desemprego_1744472290671.jpg","width":1280,"height":720,"caption":"Seguro-desemprego. Cr\u00e9ditos: depositphotos.com \/ sidneydealmeida"},{"@type":"BreadcrumbList","@id":"https:\/\/www.correiobraziliense.com.br\/cbradar\/em-quanto-tempo-seu-seguro-desemprego-sera-cortado-apos-ser-contratado\/#breadcrumb","itemListElement":[{"@type":"ListItem","position":1,"name":"In\u00edcio","item":"https:\/\/www.correiobraziliense.com.br\/cbradar\/"},{"@type":"ListItem","position":2,"name":"Em quanto tempo seu seguro-desemprego ser\u00e1 cortado ap\u00f3s ser contratado?"}]},{"@type":"WebSite","@id":"https:\/\/www.correiobraziliense.com.br\/cbradar\/#website","url":"https:\/\/www.correiobraziliense.com.br\/cbradar\/","name":"Correio Braziliense - Radar","description":"Acompanhe as \u00faltimas not\u00edcias e fique bem informado sobre tudo o que acontece no Brasil e no mundo.","potentialAction":[{"@type":"SearchAction","target":{"@type":"EntryPoint","urlTemplate":"https:\/\/www.correiobraziliense.com.br\/cbradar\/?s={search_term_string}"},"query-input":{"@type":"PropertyValueSpecification","valueRequired":true,"valueName":"search_term_string"}}],"inLanguage":"pt-BR"},{"@type":"Person","@id":"https:\/\/www.correiobraziliense.com.br\/cbradar\/#\/schema\/person\/58422787644df994b53a19d3e56c1513","name":"Larissa Carvalho","image":{"@type":"ImageObject","inLanguage":"pt-BR","@id":"https:\/\/www.correiobraziliense.com.br\/cbradar\/#\/schema\/person\/image\/","url":"https:\/\/secure.gravatar.com\/avatar\/fe4f91a0de32b52a838d0d612abdc1aa?s=96&d=mm&r=g","contentUrl":"https:\/\/secure.gravatar.com\/avatar\/fe4f91a0de32b52a838d0d612abdc1aa?s=96&d=mm&r=g","caption":"Larissa Carvalho"},"url":"https:\/\/www.correiobraziliense.com.br\/cbradar\/author\/larissamyth\/"}]}},"_links":{"self":[{"href":"https:\/\/www.correiobraziliense.com.br\/cbradar\/wp-json\/wp\/v2\/posts\/22490","targetHints":{"allow":["GET"]}}],"collection":[{"href":"https:\/\/www.correiobraziliense.com.br\/cbradar\/wp-json\/wp\/v2\/posts"}],"about":[{"href":"https:\/\/www.correiobraziliense.com.br\/cbradar\/wp-json\/wp\/v2\/types\/post"}],"author":[{"embeddable":true,"href":"https:\/\/www.correiobraziliense.com.br\/cbradar\/wp-json\/wp\/v2\/users\/3"}],"replies":[{"embeddable":true,"href":"https:\/\/www.correiobraziliense.com.br\/cbradar\/wp-json\/wp\/v2\/comments?post=22490"}],"version-history":[{"count":2,"href":"https:\/\/www.correiobraziliense.com.br\/cbradar\/wp-json\/wp\/v2\/posts\/22490\/revisions"}],"predecessor-version":[{"id":22494,"href":"https:\/\/www.correiobraziliense.com.br\/cbradar\/wp-json\/wp\/v2\/posts\/22490\/revisions\/22494"}],"wp:featuredmedia":[{"embeddable":true,"href":"https:\/\/www.correiobraziliense.com.br\/cbradar\/wp-json\/wp\/v2\/media\/22492"}],"wp:attachment":[{"href":"https:\/\/www.correiobraziliense.com.br\/cbradar\/wp-json\/wp\/v2\/media?parent=22490"}],"wp:term":[{"taxonomy":"category","embeddable":true,"href":"https:\/\/www.correiobraziliense.com.br\/cbradar\/wp-json\/wp\/v2\/categories?post=22490"},{"taxonomy":"post_tag","embeddable":true,"href":"https:\/\/www.correiobraziliense.com.br\/cbradar\/wp-json\/wp\/v2\/post_tag?post=22490"}],"curies":[{"name":"wp","href":"https:\/\/api.w.org\/{rel}","templated":true}]}}