{"id":22509,"date":"2025-04-13T20:30:00","date_gmt":"2025-04-13T23:30:00","guid":{"rendered":"https:\/\/www.correiobraziliense.com.br\/cbradar\/?p=22509"},"modified":"2025-04-12T12:56:38","modified_gmt":"2025-04-12T15:56:38","slug":"como-plantar-rucula-em-garrafa-pet-passo-a-passo","status":"publish","type":"post","link":"https:\/\/www.correiobraziliense.com.br\/cbradar\/como-plantar-rucula-em-garrafa-pet-passo-a-passo\/","title":{"rendered":"Como plantar r\u00facula em garrafa pet passo a passo"},"content":{"rendered":"\n<p>A <strong>r\u00facula<\/strong> \u00e9 uma hortali\u00e7a de sabor marcante, rica em vitaminas e minerais, que combina perfeitamente com saladas, sandu\u00edches e pratos quentes. Plantar r\u00facula em garrafa pet \u00e9 uma excelente forma de reaproveitar materiais recicl\u00e1veis, produzir alimento fresco em casa e montar uma <strong>horta urbana sustent\u00e1vel<\/strong> mesmo em espa\u00e7os pequenos. Com germina\u00e7\u00e3o r\u00e1pida e cultivo simples, a r\u00facula \u00e9 ideal para quem deseja come\u00e7ar na jardinagem dom\u00e9stica com efici\u00eancia e bons resultados.<\/p>\n\n\n\n<p>A seguir, veja o passo a passo completo para plantar r\u00facula em garrafa pet e garantir folhas fresquinhas direto da sua janela.<\/p>\n\n\n\n<h2 class=\"wp-block-heading\">Quais os benef\u00edcios de plantar r\u00facula em garrafa pet?<\/h2>\n\n\n\n<p>Plantar r\u00facula em garrafa pet traz uma s\u00e9rie de vantagens, como:<\/p>\n\n\n\n<ul class=\"wp-block-list\">\n<li>Economia na compra de hortali\u00e7as<\/li>\n\n\n\n<li>Alimento fresco, saud\u00e1vel e livre de agrot\u00f3xicos<\/li>\n\n\n\n<li>Reaproveitamento de res\u00edduos pl\u00e1sticos<\/li>\n\n\n\n<li>Possibilidade de cultivo em espa\u00e7os reduzidos<\/li>\n\n\n\n<li>R\u00e1pido ciclo de colheita (entre 30 e 40 dias)<\/li>\n<\/ul>\n\n\n\n<p>Al\u00e9m disso, \u00e9 uma forma criativa e sustent\u00e1vel de ter <strong>alimento org\u00e2nico<\/strong> \u00e0 disposi\u00e7\u00e3o todos os dias.<\/p>\n\n\n\n<figure class=\"wp-block-image size-large\"><img decoding=\"async\" width=\"1024\" height=\"576\" src=\"https:\/\/www.correiobraziliense.com.br\/cbradar\/wp-content\/uploads\/2025\/04\/rucula_1744473327939-1024x576.jpg\" alt=\"Como plantar r\u00facula em garrafa pet passo a passo\" class=\"wp-image-22511\" srcset=\"https:\/\/www.correiobraziliense.com.br\/cbradar\/wp-content\/uploads\/2025\/04\/rucula_1744473327939-1024x576.jpg 1024w, https:\/\/www.correiobraziliense.com.br\/cbradar\/wp-content\/uploads\/2025\/04\/rucula_1744473327939-300x169.jpg 300w, https:\/\/www.correiobraziliense.com.br\/cbradar\/wp-content\/uploads\/2025\/04\/rucula_1744473327939-768x432.jpg 768w, https:\/\/www.correiobraziliense.com.br\/cbradar\/wp-content\/uploads\/2025\/04\/rucula_1744473327939-750x422.jpg 750w, https:\/\/www.correiobraziliense.com.br\/cbradar\/wp-content\/uploads\/2025\/04\/rucula_1744473327939-1140x641.jpg 1140w, https:\/\/www.correiobraziliense.com.br\/cbradar\/wp-content\/uploads\/2025\/04\/rucula_1744473327939.jpg 1280w\" sizes=\"(max-width: 1024px) 100vw, 1024px\" \/><figcaption class=\"wp-element-caption\">r\u00facula. Cr\u00e9ditos: depositphotos.com \/ Rateland<\/figcaption><\/figure>\n\n\n\n<h2 class=\"wp-block-heading\">O que voc\u00ea precisa para plantar r\u00facula em garrafa pet?<\/h2>\n\n\n\n<p>Antes de iniciar, separe os seguintes materiais:<\/p>\n\n\n\n<ul class=\"wp-block-list\">\n<li>Garrafa pet de 2 litros (transparente ou levemente opaca)<\/li>\n\n\n\n<li>Tesoura ou estilete<\/li>\n\n\n\n<li>Substrato leve e f\u00e9rtil (terra vegetal + areia + h\u00famus de minhoca)<\/li>\n\n\n\n<li>Sementes de <strong>r\u00facula<\/strong><\/li>\n\n\n\n<li>Pedrinhas ou argila expandida para drenagem<\/li>\n\n\n\n<li>\u00c1gua para rega<\/li>\n\n\n\n<li>Pazinha de jardinagem (ou colher)<\/li>\n<\/ul>\n\n\n\n<p>As sementes podem ser encontradas facilmente em supermercados, agropecu\u00e1rias ou lojas de jardinagem.<\/p>\n\n\n\n<h2 class=\"wp-block-heading\">Como preparar a garrafa pet para o plantio?<\/h2>\n\n\n\n<p>Voc\u00ea pode usar a garrafa em <strong>formato horizontal ou vertical<\/strong>. Veja como fazer no modelo horizontal, ideal para hortali\u00e7as como a r\u00facula:<\/p>\n\n\n\n<ol class=\"wp-block-list\">\n<li>Corte um ret\u00e2ngulo lateral na garrafa, criando uma abertura de cerca de 15 x 7 cm.<\/li>\n\n\n\n<li>Fa\u00e7a furos no fundo da garrafa para permitir a drenagem da \u00e1gua.<\/li>\n\n\n\n<li>Coloque uma camada de pedrinhas ou argila expandida no fundo.<\/li>\n\n\n\n<li>Preencha com o substrato, deixando cerca de 2 cm livres at\u00e9 a borda.<\/li>\n\n\n\n<li>Umede\u00e7a levemente a terra antes de plantar.<\/li>\n<\/ol>\n\n\n\n<p>Se quiser montar uma <strong>horta vertical<\/strong>, fa\u00e7a furos em v\u00e1rias garrafas e prenda-as com arame ou barbante em uma parede bem iluminada.<\/p>\n\n\n\n<h2 class=\"wp-block-heading\">Como plantar as sementes de r\u00facula?<\/h2>\n\n\n\n<ol class=\"wp-block-list\">\n<li>Fa\u00e7a pequenos sulcos de cerca de <strong>0,5 a 1 cm de profundidade<\/strong> no substrato.<\/li>\n\n\n\n<li>Distribua as sementes de r\u00facula com espa\u00e7amento leve (a cada 2 cm).<\/li>\n\n\n\n<li>Cubra com uma fina camada de terra e pressione suavemente.<\/li>\n\n\n\n<li>Regue com borrifador ou regador de bico fino para n\u00e3o deslocar as sementes.<\/li>\n\n\n\n<li>Mantenha a garrafa em local iluminado, mas sem sol direto nos primeiros dias.<\/li>\n<\/ol>\n\n\n\n<p>A <strong>germina\u00e7\u00e3o ocorre entre 3 a 7 dias<\/strong>. Ap\u00f3s esse per\u00edodo, leve a garrafa para um local com boa incid\u00eancia de sol.<\/p>\n\n\n\n<h2 class=\"wp-block-heading\">A r\u00facula precisa de sol ou sombra?<\/h2>\n\n\n\n<p>A <strong>r\u00facula precisa de luz solar direta por pelo menos 4 a 6 horas por dia<\/strong> para crescer bem. Locais ideais incluem:<\/p>\n\n\n\n<ul class=\"wp-block-list\">\n<li>Parapeitos de janela<\/li>\n\n\n\n<li>Sacadas ou varandas<\/li>\n\n\n\n<li>Paredes voltadas para o norte (no hemisf\u00e9rio sul)<\/li>\n<\/ul>\n\n\n\n<p>Evite exposi\u00e7\u00e3o ao sol forte nas horas mais quentes do dia, especialmente em regi\u00f5es muito quentes, para n\u00e3o queimar as folhas.<\/p>\n\n\n\n<h2 class=\"wp-block-heading\">Como cuidar da r\u00facula at\u00e9 a colheita?<\/h2>\n\n\n\n<h3 class=\"wp-block-heading\">Rega:<\/h3>\n\n\n\n<ul class=\"wp-block-list\">\n<li>Mantenha o solo sempre levemente \u00famido.<\/li>\n\n\n\n<li>Regue <strong>1 a 2 vezes por dia<\/strong> em dias quentes e secos.<\/li>\n\n\n\n<li>Evite molhar as folhas diretamente para prevenir fungos.<\/li>\n<\/ul>\n\n\n\n<h3 class=\"wp-block-heading\">Aduba\u00e7\u00e3o:<\/h3>\n\n\n\n<ul class=\"wp-block-list\">\n<li>Adube a cada 10 a 15 dias com <strong>compostos org\u00e2nicos<\/strong> (h\u00famus de minhoca, compostagem ou chorume dilu\u00eddo).<\/li>\n\n\n\n<li>Evite excesso de fertilizantes, pois a r\u00facula cresce r\u00e1pido e n\u00e3o precisa de grandes quantidades de nutrientes.<\/li>\n<\/ul>\n\n\n\n<h3 class=\"wp-block-heading\">Manuten\u00e7\u00e3o:<\/h3>\n\n\n\n<ul class=\"wp-block-list\">\n<li>Retire folhas secas ou amareladas.<\/li>\n\n\n\n<li>Afrouxe levemente a terra para melhorar a oxigena\u00e7\u00e3o das ra\u00edzes.<\/li>\n\n\n\n<li>Observe pragas como <strong>pulg\u00f5es e lagartas<\/strong>, e use solu\u00e7\u00f5es naturais se necess\u00e1rio.<\/li>\n<\/ul>\n\n\n\n<h2 class=\"wp-block-heading\">Quanto tempo leva para colher a r\u00facula?<\/h2>\n\n\n\n<p>A <strong>r\u00facula est\u00e1 pronta para colheita entre 30 e 40 dias<\/strong> ap\u00f3s o plantio. Quando as folhas estiverem com <strong>15 a 20 cm de altura<\/strong>, voc\u00ea pode come\u00e7ar a colher.<\/p>\n\n\n\n<p>Existem duas formas de colheita:<\/p>\n\n\n\n<ol class=\"wp-block-list\">\n<li><strong>Colheita total:<\/strong> corte a planta rente \u00e0 base, quando estiver bem desenvolvida.<\/li>\n\n\n\n<li><strong>Colheita parcial:<\/strong> retire as folhas externas e deixe o miolo crescer novamente \u2014 assim voc\u00ea prolonga a produ\u00e7\u00e3o.<\/li>\n<\/ol>\n\n\n\n<h2 class=\"wp-block-heading\">Posso plantar mais de uma vez na mesma garrafa?<\/h2>\n\n\n\n<p>Sim! Ap\u00f3s a colheita, voc\u00ea pode:<\/p>\n\n\n\n<ul class=\"wp-block-list\">\n<li>Retirar a raiz e preparar a terra novamente<\/li>\n\n\n\n<li>Adicionar composto novo e plantar novas sementes<\/li>\n\n\n\n<li>Aproveitar o mesmo recipiente por v\u00e1rias safras<\/li>\n<\/ul>\n\n\n\n<p>Essa pr\u00e1tica torna o cultivo mais sustent\u00e1vel e cont\u00ednuo.<\/p>\n\n\n\n<h2 class=\"wp-block-heading\">FAQ \u2013 Perguntas Frequentes<\/h2>\n\n\n\n<p><strong>1. Preciso de muito espa\u00e7o para plantar r\u00facula em garrafa pet?<\/strong><br>N\u00e3o. Uma garrafa de 2 litros j\u00e1 \u00e9 suficiente para plantar e colher r\u00facula em casa.<\/p>\n\n\n\n<p><strong>2. Posso plantar r\u00facula com outras hortali\u00e7as na mesma garrafa?<\/strong><br>N\u00e3o \u00e9 recomendado, pois a r\u00facula cresce r\u00e1pido e pode competir por nutrientes. Use um recipiente por tipo de planta.<\/p>\n\n\n\n<p><strong>3. A r\u00facula precisa de muito sol?<\/strong><br>Sim, ao menos 4 a 6 horas por dia de luz direta.<\/p>\n\n\n\n<p><strong>4. Quanto tempo demora para colher?<\/strong><br>Aproximadamente 30 a 40 dias ap\u00f3s o plantio das sementes.<\/p>\n\n\n\n<p><strong>5. D\u00e1 para montar uma horta vertical com garrafas pet?<\/strong><br>Sim! \u00c9 uma \u00f3tima op\u00e7\u00e3o para quem tem pouco espa\u00e7o e quer cultivar v\u00e1rias hortali\u00e7as.<\/p>\n","protected":false},"excerpt":{"rendered":"<p>Aprenda como plantar r\u00facula em garrafa pet passo a passo. Veja como preparar, cuidar e colher folhas frescas com rapidez e pouco espa\u00e7o.<\/p>\n","protected":false},"author":3,"featured_media":22510,"comment_status":"open","ping_status":"open","sticky":false,"template":"","format":"standard","meta":{"_yoast_wpseo_focuskw":"Como plantar r\u00facula","_yoast_wpseo_title":"%%title%%","_yoast_wpseo_metadesc":"Aprenda como plantar r\u00facula em garrafa pet passo a passo. Veja como preparar, cuidar e colher folhas frescas com rapidez e pouco espa\u00e7o.","jnews-multi-image_gallery":[],"jnews_single_post":{"format":"standard"},"jnews_primary_category":[],"jnews_social_meta":[],"jnews_override_counter":[],"footnotes":""},"categories":[136],"post_tag":[137,2428],"class_list":["post-22509","post","type-post","status-publish","format-standard","has-post-thumbnail","hentry","category-jardinagem","tag-como-plantar","tag-rucula"],"yoast_head":"<!-- This site is optimized with the Yoast SEO plugin v24.6 - https:\/\/yoast.com\/wordpress\/plugins\/seo\/ -->\n<title>Como plantar r\u00facula em garrafa pet passo a passo<\/title>\n<meta name=\"description\" content=\"Aprenda como plantar r\u00facula em garrafa pet passo a passo. Veja como preparar, cuidar e colher folhas frescas com rapidez e pouco espa\u00e7o.\" \/>\n<meta name=\"robots\" content=\"index, follow, max-snippet:-1, max-image-preview:large, max-video-preview:-1\" \/>\n<link rel=\"canonical\" href=\"https:\/\/www.correiobraziliense.com.br\/cbradar\/como-plantar-rucula-em-garrafa-pet-passo-a-passo\/\" \/>\n<meta property=\"og:locale\" content=\"pt_BR\" \/>\n<meta property=\"og:type\" content=\"article\" \/>\n<meta property=\"og:title\" content=\"Como plantar r\u00facula em garrafa pet passo a passo\" \/>\n<meta property=\"og:description\" content=\"Aprenda como plantar r\u00facula em garrafa pet passo a passo. Veja como preparar, cuidar e colher folhas frescas com rapidez e pouco espa\u00e7o.\" \/>\n<meta property=\"og:url\" content=\"https:\/\/www.correiobraziliense.com.br\/cbradar\/como-plantar-rucula-em-garrafa-pet-passo-a-passo\/\" \/>\n<meta property=\"og:site_name\" content=\"Correio Braziliense - Radar\" \/>\n<meta property=\"article:published_time\" content=\"2025-04-13T23:30:00+00:00\" \/>\n<meta property=\"og:image\" content=\"https:\/\/www.correiobraziliense.com.br\/cbradar\/wp-content\/uploads\/2025\/04\/rucula_1744473305531.jpg\" \/>\n\t<meta property=\"og:image:width\" content=\"1280\" \/>\n\t<meta property=\"og:image:height\" content=\"720\" \/>\n\t<meta property=\"og:image:type\" content=\"image\/jpeg\" \/>\n<meta name=\"author\" content=\"Larissa Carvalho\" \/>\n<meta name=\"twitter:card\" content=\"summary_large_image\" \/>\n<meta name=\"twitter:label1\" content=\"Escrito por\" \/>\n\t<meta name=\"twitter:data1\" content=\"Larissa Carvalho\" \/>\n\t<meta name=\"twitter:label2\" content=\"Est. tempo de leitura\" \/>\n\t<meta name=\"twitter:data2\" content=\"6 minutos\" \/>\n<!-- \/ Yoast SEO plugin. -->","yoast_head_json":{"title":"Como plantar r\u00facula em garrafa pet passo a passo","description":"Aprenda como plantar r\u00facula em garrafa pet passo a passo. Veja como preparar, cuidar e colher folhas frescas com rapidez e pouco espa\u00e7o.","robots":{"index":"index","follow":"follow","max-snippet":"max-snippet:-1","max-image-preview":"max-image-preview:large","max-video-preview":"max-video-preview:-1"},"canonical":"https:\/\/www.correiobraziliense.com.br\/cbradar\/como-plantar-rucula-em-garrafa-pet-passo-a-passo\/","og_locale":"pt_BR","og_type":"article","og_title":"Como plantar r\u00facula em garrafa pet passo a passo","og_description":"Aprenda como plantar r\u00facula em garrafa pet passo a passo. Veja como preparar, cuidar e colher folhas frescas com rapidez e pouco espa\u00e7o.","og_url":"https:\/\/www.correiobraziliense.com.br\/cbradar\/como-plantar-rucula-em-garrafa-pet-passo-a-passo\/","og_site_name":"Correio Braziliense - Radar","article_published_time":"2025-04-13T23:30:00+00:00","og_image":[{"width":1280,"height":720,"url":"https:\/\/www.correiobraziliense.com.br\/cbradar\/wp-content\/uploads\/2025\/04\/rucula_1744473305531.jpg","type":"image\/jpeg"}],"author":"Larissa Carvalho","twitter_card":"summary_large_image","twitter_misc":{"Escrito por":"Larissa Carvalho","Est. tempo de leitura":"6 minutos"},"schema":{"@context":"https:\/\/schema.org","@graph":[{"@type":"WebPage","@id":"https:\/\/www.correiobraziliense.com.br\/cbradar\/como-plantar-rucula-em-garrafa-pet-passo-a-passo\/","url":"https:\/\/www.correiobraziliense.com.br\/cbradar\/como-plantar-rucula-em-garrafa-pet-passo-a-passo\/","name":"Como plantar r\u00facula em garrafa pet passo a passo","isPartOf":{"@id":"https:\/\/www.correiobraziliense.com.br\/cbradar\/#website"},"primaryImageOfPage":{"@id":"https:\/\/www.correiobraziliense.com.br\/cbradar\/como-plantar-rucula-em-garrafa-pet-passo-a-passo\/#primaryimage"},"image":{"@id":"https:\/\/www.correiobraziliense.com.br\/cbradar\/como-plantar-rucula-em-garrafa-pet-passo-a-passo\/#primaryimage"},"thumbnailUrl":"https:\/\/www.correiobraziliense.com.br\/cbradar\/wp-content\/uploads\/2025\/04\/rucula_1744473305531.jpg","datePublished":"2025-04-13T23:30:00+00:00","author":{"@id":"https:\/\/www.correiobraziliense.com.br\/cbradar\/#\/schema\/person\/58422787644df994b53a19d3e56c1513"},"description":"Aprenda como plantar r\u00facula em garrafa pet passo a passo. Veja como preparar, cuidar e colher folhas frescas com rapidez e pouco espa\u00e7o.","breadcrumb":{"@id":"https:\/\/www.correiobraziliense.com.br\/cbradar\/como-plantar-rucula-em-garrafa-pet-passo-a-passo\/#breadcrumb"},"inLanguage":"pt-BR","potentialAction":[{"@type":"ReadAction","target":["https:\/\/www.correiobraziliense.com.br\/cbradar\/como-plantar-rucula-em-garrafa-pet-passo-a-passo\/"]}]},{"@type":"ImageObject","inLanguage":"pt-BR","@id":"https:\/\/www.correiobraziliense.com.br\/cbradar\/como-plantar-rucula-em-garrafa-pet-passo-a-passo\/#primaryimage","url":"https:\/\/www.correiobraziliense.com.br\/cbradar\/wp-content\/uploads\/2025\/04\/rucula_1744473305531.jpg","contentUrl":"https:\/\/www.correiobraziliense.com.br\/cbradar\/wp-content\/uploads\/2025\/04\/rucula_1744473305531.jpg","width":1280,"height":720,"caption":"r\u00facula. Cr\u00e9ditos: depositphotos.com \/ AntonMatyukha"},{"@type":"BreadcrumbList","@id":"https:\/\/www.correiobraziliense.com.br\/cbradar\/como-plantar-rucula-em-garrafa-pet-passo-a-passo\/#breadcrumb","itemListElement":[{"@type":"ListItem","position":1,"name":"In\u00edcio","item":"https:\/\/www.correiobraziliense.com.br\/cbradar\/"},{"@type":"ListItem","position":2,"name":"Como plantar r\u00facula em garrafa pet passo a passo"}]},{"@type":"WebSite","@id":"https:\/\/www.correiobraziliense.com.br\/cbradar\/#website","url":"https:\/\/www.correiobraziliense.com.br\/cbradar\/","name":"Correio Braziliense - Radar","description":"Acompanhe as \u00faltimas not\u00edcias e fique bem informado sobre tudo o que acontece no Brasil e no mundo.","potentialAction":[{"@type":"SearchAction","target":{"@type":"EntryPoint","urlTemplate":"https:\/\/www.correiobraziliense.com.br\/cbradar\/?s={search_term_string}"},"query-input":{"@type":"PropertyValueSpecification","valueRequired":true,"valueName":"search_term_string"}}],"inLanguage":"pt-BR"},{"@type":"Person","@id":"https:\/\/www.correiobraziliense.com.br\/cbradar\/#\/schema\/person\/58422787644df994b53a19d3e56c1513","name":"Larissa Carvalho","image":{"@type":"ImageObject","inLanguage":"pt-BR","@id":"https:\/\/www.correiobraziliense.com.br\/cbradar\/#\/schema\/person\/image\/","url":"https:\/\/secure.gravatar.com\/avatar\/fe4f91a0de32b52a838d0d612abdc1aa?s=96&d=mm&r=g","contentUrl":"https:\/\/secure.gravatar.com\/avatar\/fe4f91a0de32b52a838d0d612abdc1aa?s=96&d=mm&r=g","caption":"Larissa Carvalho"},"url":"https:\/\/www.correiobraziliense.com.br\/cbradar\/author\/larissamyth\/"}]}},"_links":{"self":[{"href":"https:\/\/www.correiobraziliense.com.br\/cbradar\/wp-json\/wp\/v2\/posts\/22509","targetHints":{"allow":["GET"]}}],"collection":[{"href":"https:\/\/www.correiobraziliense.com.br\/cbradar\/wp-json\/wp\/v2\/posts"}],"about":[{"href":"https:\/\/www.correiobraziliense.com.br\/cbradar\/wp-json\/wp\/v2\/types\/post"}],"author":[{"embeddable":true,"href":"https:\/\/www.correiobraziliense.com.br\/cbradar\/wp-json\/wp\/v2\/users\/3"}],"replies":[{"embeddable":true,"href":"https:\/\/www.correiobraziliense.com.br\/cbradar\/wp-json\/wp\/v2\/comments?post=22509"}],"version-history":[{"count":1,"href":"https:\/\/www.correiobraziliense.com.br\/cbradar\/wp-json\/wp\/v2\/posts\/22509\/revisions"}],"predecessor-version":[{"id":22512,"href":"https:\/\/www.correiobraziliense.com.br\/cbradar\/wp-json\/wp\/v2\/posts\/22509\/revisions\/22512"}],"wp:featuredmedia":[{"embeddable":true,"href":"https:\/\/www.correiobraziliense.com.br\/cbradar\/wp-json\/wp\/v2\/media\/22510"}],"wp:attachment":[{"href":"https:\/\/www.correiobraziliense.com.br\/cbradar\/wp-json\/wp\/v2\/media?parent=22509"}],"wp:term":[{"taxonomy":"category","embeddable":true,"href":"https:\/\/www.correiobraziliense.com.br\/cbradar\/wp-json\/wp\/v2\/categories?post=22509"},{"taxonomy":"post_tag","embeddable":true,"href":"https:\/\/www.correiobraziliense.com.br\/cbradar\/wp-json\/wp\/v2\/post_tag?post=22509"}],"curies":[{"name":"wp","href":"https:\/\/api.w.org\/{rel}","templated":true}]}}