{"id":22598,"date":"2025-04-14T13:10:00","date_gmt":"2025-04-14T16:10:00","guid":{"rendered":"https:\/\/www.correiobraziliense.com.br\/cbradar\/?p=22598"},"modified":"2025-04-12T23:19:06","modified_gmt":"2025-04-13T02:19:06","slug":"como-cultivar-alface-em-casa","status":"publish","type":"post","link":"https:\/\/www.correiobraziliense.com.br\/cbradar\/como-cultivar-alface-em-casa\/","title":{"rendered":"Como cultivar alface em casa?"},"content":{"rendered":"\n<p>A <a href=\"https:\/\/pt.wikipedia.org\/wiki\/Alface\" target=\"_blank\" rel=\"noreferrer noopener\"><strong>alface<\/strong> <\/a>\u00e9 uma das hortali\u00e7as mais populares no <strong><a href=\"https:\/\/www.correiobraziliense.com.br\/cbradar\/esses-sao-os-carros-usados-mais-vendidos-no-brasil-em-2025-veja-modelos\/\" target=\"_blank\" rel=\"noreferrer noopener\">Brasil<\/a><\/strong>, conhecida por sua textura crocante e sabor suave. Al\u00e9m de ser uma excelente fonte de nutrientes, ela \u00e9 f\u00e1cil de cultivar, adaptando-se bem tanto ao plantio em solo quanto em sistemas hidrop\u00f4nicos. Esta versatilidade faz essa uma escolha frequente tanto para agricultores comerciais quanto para jardineiros dom\u00e9sticos. Apesar da sua fama, nem todos sabem exatamente como cuidar. Aprenda neste artigo a como cultivar alface em casa.<\/p>\n\n\n\n<p>O cultivo da <strong>alface<\/strong> come\u00e7a geralmente com a produ\u00e7\u00e3o de mudas em bandejas, que s\u00e3o posteriormente transplantadas para o solo ou sistemas hidrop\u00f4nicos. O plantio direto por sementes tamb\u00e9m \u00e9 uma op\u00e7\u00e3o, especialmente em contextos dom\u00e9sticos. Para produtores comerciais, o uso de mudas \u00e9 preferido devido \u00e0 uniformidade e ao controle fitossanit\u00e1rio que proporciona.<\/p>\n\n\n\n<h2 class=\"wp-block-heading\">Como plantar alface?<\/h2>\n\n\n\n<p>O plantio da <strong>alface<\/strong> pode ser realizado de duas maneiras principais: atrav\u00e9s de mudas ou diretamente por sementes. No m\u00e9todo de mudas, o solo deve ser preparado com pequenos buracos onde as plantas s\u00e3o inseridas, cobrindo bem as ra\u00edzes. As mudas est\u00e3o prontas para o transplante cerca de <strong>21 dias<\/strong> ap\u00f3s a semeadura, quando possuem de quatro a seis folhas e aproximadamente <strong>10 cent\u00edmetros<\/strong> de altura.<\/p>\n\n\n\n<p>Para o plantio direto, \u00e9 recomendado abrir covas rasas e colocar as sementes a uma dist\u00e2ncia de <strong>15 a 20 cent\u00edmetros<\/strong> uma da outra. Em ambos os m\u00e9todos, \u00e9 crucial manter o solo \u00famido, mas n\u00e3o encharcado, para garantir o desenvolvimento saud\u00e1vel das plantas.<\/p>\n\n\n<div class=\"wp-block-image\">\n<figure class=\"aligncenter size-large\"><img decoding=\"async\" width=\"1024\" height=\"576\" src=\"https:\/\/www.correiobraziliense.com.br\/cbradar\/wp-content\/uploads\/2025\/04\/alface_1744510201651-1024x576.jpg\" alt=\"Como cultivar alface em casa?\" class=\"wp-image-22604\" srcset=\"https:\/\/www.correiobraziliense.com.br\/cbradar\/wp-content\/uploads\/2025\/04\/alface_1744510201651-1024x576.jpg 1024w, https:\/\/www.correiobraziliense.com.br\/cbradar\/wp-content\/uploads\/2025\/04\/alface_1744510201651-300x169.jpg 300w, https:\/\/www.correiobraziliense.com.br\/cbradar\/wp-content\/uploads\/2025\/04\/alface_1744510201651-768x432.jpg 768w, https:\/\/www.correiobraziliense.com.br\/cbradar\/wp-content\/uploads\/2025\/04\/alface_1744510201651-750x422.jpg 750w, https:\/\/www.correiobraziliense.com.br\/cbradar\/wp-content\/uploads\/2025\/04\/alface_1744510201651-1140x641.jpg 1140w, https:\/\/www.correiobraziliense.com.br\/cbradar\/wp-content\/uploads\/2025\/04\/alface_1744510201651.jpg 1280w\" sizes=\"(max-width: 1024px) 100vw, 1024px\" \/><figcaption class=\"wp-element-caption\">Cr\u00e9ditos: depositphotos.com \/ miskolin<\/figcaption><\/figure><\/div>\n\n\n<h2 class=\"wp-block-heading\">Qual \u00e9 o solo ideal e quando plantar?<\/h2>\n\n\n\n<p>A <strong>alface<\/strong> n\u00e3o \u00e9 exigente quanto ao solo, mas prefere ambientes f\u00e9rteis, bem drenados e ricos em nutrientes. Substratos de origem animal, vegetal, mineral e artificial s\u00e3o adequados para o cultivo. Al\u00e9m disso, a exposi\u00e7\u00e3o \u00e0 luz solar direta \u00e9 essencial para o crescimento saud\u00e1vel da <strong>planta<\/strong><\/p>\n\n\n\n<p>O cultivo desta hortali\u00e7a \u00e9 vi\u00e1vel durante todo o ano no <strong>Brasil<\/strong>, mas \u00e9 importante seguir o calend\u00e1rio agr\u00edcola para obter melhores resultados. A maioria das variedades se desenvolve bem em climas amenos, enquanto temperaturas extremas podem afetar o ciclo de crescimento. No <strong>Sul<\/strong>, <strong>Sudeste<\/strong> e <strong>Centro-Oeste<\/strong>, a <strong>alface<\/strong> pode ser plantada o ano todo, enquanto no <strong>Norte<\/strong> e <strong>Nordeste<\/strong>, o plantio \u00e9 recomendado principalmente nos meses mais frescos.<\/p>\n\n\n\n<h2 class=\"wp-block-heading\">Quais s\u00e3o os tipos de alface mais comuns no Brasil?<\/h2>\n\n\n\n<p><strong>Lisa<\/strong>: folhas macias e lisas.<br><strong>Crespa<\/strong>: folhas longas e onduladas.<br><strong>Mimosa<\/strong>: folhas repicadas e onduladas.<br><strong>Americana<\/strong>: folhas crocantes e arredondadas.<br><strong>Romana<\/strong>: folhas longas e crocantes com nervuras salientes.<br><strong>Fris\u00e9e<\/strong>: folhas onduladas e crocantes.<\/p>\n\n\n\n<h2 class=\"wp-block-heading\">Como funciona o cultivo hidrop\u00f4nico de alface?<\/h2>\n\n\n\n<p>O cultivo hidrop\u00f4nico da <strong>alface<\/strong> tem ganhado popularidade no <strong>Brasil<\/strong> desde a d\u00e9cada de <strong>1980<\/strong>. Esta t\u00e9cnica utiliza uma solu\u00e7\u00e3o nutritiva composta por \u00e1gua e nutrientes, que \u00e9 fornecida diretamente \u00e0s ra\u00edzes das plantas. A hidroponia oferece vantagens significativas, como a redu\u00e7\u00e3o do uso de \u00e1gua e a diminui\u00e7\u00e3o dos riscos de doen\u00e7as.<\/p>\n\n\n\n<p>Para iniciar o cultivo hidrop\u00f4nico, \u00e9 necess\u00e1rio adquirir ou produzir mudas, que s\u00e3o ent\u00e3o colocadas em perfis espec\u00edficos para hidroponia, calhas ou canos de <strong>PVC<\/strong>. A <strong>alface crespa<\/strong> pode ser colhida cerca de um m\u00eas ap\u00f3s o transplante, enquanto a <strong>alface americana<\/strong> leva aproximadamente <strong>45 dias<\/strong> para estar pronta para o consumo.<\/p>\n\n\n\n<p>Em resumo, a <strong>alface<\/strong> \u00e9 uma hortali\u00e7a vers\u00e1til que oferece in\u00fameras possibilidades de cultivo, seja em solo ou em sistemas hidrop\u00f4nicos. Com um ciclo de crescimento relativamente curto e requisitos de cultivo simples, ela continua a ser uma escolha popular entre produtores e consumidores em todo o <strong>Brasil<\/strong>.<\/p>\n","protected":false},"excerpt":{"rendered":"<p>A alface \u00e9 uma das hortali\u00e7as mais populares no Brasil, conhecida por sua textura crocante e sabor suave. Al\u00e9m de ser uma excelente fonte de nutrientes, ela \u00e9 f\u00e1cil de cultivar, adaptando-se bem tanto ao plantio em solo quanto em sistemas hidrop\u00f4nicos. Esta versatilidade faz essa uma escolha frequente tanto para agricultores comerciais quanto para [&hellip;]<\/p>\n","protected":false},"author":8,"featured_media":22606,"comment_status":"open","ping_status":"open","sticky":false,"template":"","format":"standard","meta":{"_yoast_wpseo_focuskw":"alface","_yoast_wpseo_title":"","_yoast_wpseo_metadesc":"Descubra como cultivar alface em casa de forma pr\u00e1tica e econ\u00f4mica, garantindo folhas frescas e saud\u00e1veis todos os dias.","jnews-multi-image_gallery":[],"jnews_single_post":{"format":"standard"},"jnews_primary_category":[],"jnews_social_meta":[],"jnews_override_counter":[],"footnotes":""},"categories":[136],"post_tag":[1110,137],"class_list":["post-22598","post","type-post","status-publish","format-standard","has-post-thumbnail","hentry","category-jardinagem","tag-alface","tag-como-plantar"],"yoast_head":"<!-- This site is optimized with the Yoast SEO plugin v24.6 - https:\/\/yoast.com\/wordpress\/plugins\/seo\/ -->\n<title>Como cultivar alface em casa? - Correio Braziliense - Radar<\/title>\n<meta name=\"description\" content=\"Descubra como cultivar alface em casa de forma pr\u00e1tica e econ\u00f4mica, garantindo folhas frescas e saud\u00e1veis todos os dias.\" \/>\n<meta name=\"robots\" content=\"index, follow, max-snippet:-1, max-image-preview:large, max-video-preview:-1\" \/>\n<link rel=\"canonical\" href=\"https:\/\/www.correiobraziliense.com.br\/cbradar\/como-cultivar-alface-em-casa\/\" \/>\n<meta property=\"og:locale\" content=\"pt_BR\" \/>\n<meta property=\"og:type\" content=\"article\" \/>\n<meta property=\"og:title\" content=\"Como cultivar alface em casa? - Correio Braziliense - Radar\" \/>\n<meta property=\"og:description\" content=\"Descubra como cultivar alface em casa de forma pr\u00e1tica e econ\u00f4mica, garantindo folhas frescas e saud\u00e1veis todos os dias.\" \/>\n<meta property=\"og:url\" content=\"https:\/\/www.correiobraziliense.com.br\/cbradar\/como-cultivar-alface-em-casa\/\" \/>\n<meta property=\"og:site_name\" content=\"Correio Braziliense - Radar\" \/>\n<meta property=\"article:published_time\" content=\"2025-04-14T16:10:00+00:00\" \/>\n<meta property=\"og:image\" content=\"https:\/\/www.correiobraziliense.com.br\/cbradar\/wp-content\/uploads\/2025\/04\/alface_1744510257578.jpg\" \/>\n\t<meta property=\"og:image:width\" content=\"1280\" \/>\n\t<meta property=\"og:image:height\" content=\"720\" \/>\n\t<meta property=\"og:image:type\" content=\"image\/jpeg\" \/>\n<meta name=\"author\" content=\"Maura Pereira\" \/>\n<meta name=\"twitter:card\" content=\"summary_large_image\" \/>\n<meta name=\"twitter:label1\" content=\"Escrito por\" \/>\n\t<meta name=\"twitter:data1\" content=\"Maura Pereira\" \/>\n\t<meta name=\"twitter:label2\" content=\"Est. tempo de leitura\" \/>\n\t<meta name=\"twitter:data2\" content=\"4 minutos\" \/>\n<!-- \/ Yoast SEO plugin. -->","yoast_head_json":{"title":"Como cultivar alface em casa? - Correio Braziliense - Radar","description":"Descubra como cultivar alface em casa de forma pr\u00e1tica e econ\u00f4mica, garantindo folhas frescas e saud\u00e1veis todos os dias.","robots":{"index":"index","follow":"follow","max-snippet":"max-snippet:-1","max-image-preview":"max-image-preview:large","max-video-preview":"max-video-preview:-1"},"canonical":"https:\/\/www.correiobraziliense.com.br\/cbradar\/como-cultivar-alface-em-casa\/","og_locale":"pt_BR","og_type":"article","og_title":"Como cultivar alface em casa? - Correio Braziliense - Radar","og_description":"Descubra como cultivar alface em casa de forma pr\u00e1tica e econ\u00f4mica, garantindo folhas frescas e saud\u00e1veis todos os dias.","og_url":"https:\/\/www.correiobraziliense.com.br\/cbradar\/como-cultivar-alface-em-casa\/","og_site_name":"Correio Braziliense - Radar","article_published_time":"2025-04-14T16:10:00+00:00","og_image":[{"width":1280,"height":720,"url":"https:\/\/www.correiobraziliense.com.br\/cbradar\/wp-content\/uploads\/2025\/04\/alface_1744510257578.jpg","type":"image\/jpeg"}],"author":"Maura Pereira","twitter_card":"summary_large_image","twitter_misc":{"Escrito por":"Maura Pereira","Est. tempo de leitura":"4 minutos"},"schema":{"@context":"https:\/\/schema.org","@graph":[{"@type":"WebPage","@id":"https:\/\/www.correiobraziliense.com.br\/cbradar\/como-cultivar-alface-em-casa\/","url":"https:\/\/www.correiobraziliense.com.br\/cbradar\/como-cultivar-alface-em-casa\/","name":"Como cultivar alface em casa? - Correio Braziliense - Radar","isPartOf":{"@id":"https:\/\/www.correiobraziliense.com.br\/cbradar\/#website"},"primaryImageOfPage":{"@id":"https:\/\/www.correiobraziliense.com.br\/cbradar\/como-cultivar-alface-em-casa\/#primaryimage"},"image":{"@id":"https:\/\/www.correiobraziliense.com.br\/cbradar\/como-cultivar-alface-em-casa\/#primaryimage"},"thumbnailUrl":"https:\/\/www.correiobraziliense.com.br\/cbradar\/wp-content\/uploads\/2025\/04\/alface_1744510257578.jpg","datePublished":"2025-04-14T16:10:00+00:00","author":{"@id":"https:\/\/www.correiobraziliense.com.br\/cbradar\/#\/schema\/person\/4053c651a9bfc785afc6f4cbc9032fd3"},"description":"Descubra como cultivar alface em casa de forma pr\u00e1tica e econ\u00f4mica, garantindo folhas frescas e saud\u00e1veis todos os dias.","breadcrumb":{"@id":"https:\/\/www.correiobraziliense.com.br\/cbradar\/como-cultivar-alface-em-casa\/#breadcrumb"},"inLanguage":"pt-BR","potentialAction":[{"@type":"ReadAction","target":["https:\/\/www.correiobraziliense.com.br\/cbradar\/como-cultivar-alface-em-casa\/"]}]},{"@type":"ImageObject","inLanguage":"pt-BR","@id":"https:\/\/www.correiobraziliense.com.br\/cbradar\/como-cultivar-alface-em-casa\/#primaryimage","url":"https:\/\/www.correiobraziliense.com.br\/cbradar\/wp-content\/uploads\/2025\/04\/alface_1744510257578.jpg","contentUrl":"https:\/\/www.correiobraziliense.com.br\/cbradar\/wp-content\/uploads\/2025\/04\/alface_1744510257578.jpg","width":1280,"height":720,"caption":"Cr\u00e9ditos: depositphotos.com \/ funkybg"},{"@type":"BreadcrumbList","@id":"https:\/\/www.correiobraziliense.com.br\/cbradar\/como-cultivar-alface-em-casa\/#breadcrumb","itemListElement":[{"@type":"ListItem","position":1,"name":"In\u00edcio","item":"https:\/\/www.correiobraziliense.com.br\/cbradar\/"},{"@type":"ListItem","position":2,"name":"Como cultivar alface em casa?"}]},{"@type":"WebSite","@id":"https:\/\/www.correiobraziliense.com.br\/cbradar\/#website","url":"https:\/\/www.correiobraziliense.com.br\/cbradar\/","name":"Correio Braziliense - Radar","description":"Acompanhe as \u00faltimas not\u00edcias e fique bem informado sobre tudo o que acontece no Brasil e no mundo.","potentialAction":[{"@type":"SearchAction","target":{"@type":"EntryPoint","urlTemplate":"https:\/\/www.correiobraziliense.com.br\/cbradar\/?s={search_term_string}"},"query-input":{"@type":"PropertyValueSpecification","valueRequired":true,"valueName":"search_term_string"}}],"inLanguage":"pt-BR"},{"@type":"Person","@id":"https:\/\/www.correiobraziliense.com.br\/cbradar\/#\/schema\/person\/4053c651a9bfc785afc6f4cbc9032fd3","name":"Maura Pereira","image":{"@type":"ImageObject","inLanguage":"pt-BR","@id":"https:\/\/www.correiobraziliense.com.br\/cbradar\/#\/schema\/person\/image\/","url":"https:\/\/secure.gravatar.com\/avatar\/3effd6bdadfa447f15089c7f7144eaa6?s=96&d=mm&r=g","contentUrl":"https:\/\/secure.gravatar.com\/avatar\/3effd6bdadfa447f15089c7f7144eaa6?s=96&d=mm&r=g","caption":"Maura Pereira"},"sameAs":["https:\/\/www.correiobraziliense.com.br\/"],"url":"https:\/\/www.correiobraziliense.com.br\/cbradar\/author\/mauramyth\/"}]}},"_links":{"self":[{"href":"https:\/\/www.correiobraziliense.com.br\/cbradar\/wp-json\/wp\/v2\/posts\/22598","targetHints":{"allow":["GET"]}}],"collection":[{"href":"https:\/\/www.correiobraziliense.com.br\/cbradar\/wp-json\/wp\/v2\/posts"}],"about":[{"href":"https:\/\/www.correiobraziliense.com.br\/cbradar\/wp-json\/wp\/v2\/types\/post"}],"author":[{"embeddable":true,"href":"https:\/\/www.correiobraziliense.com.br\/cbradar\/wp-json\/wp\/v2\/users\/8"}],"replies":[{"embeddable":true,"href":"https:\/\/www.correiobraziliense.com.br\/cbradar\/wp-json\/wp\/v2\/comments?post=22598"}],"version-history":[{"count":8,"href":"https:\/\/www.correiobraziliense.com.br\/cbradar\/wp-json\/wp\/v2\/posts\/22598\/revisions"}],"predecessor-version":[{"id":22613,"href":"https:\/\/www.correiobraziliense.com.br\/cbradar\/wp-json\/wp\/v2\/posts\/22598\/revisions\/22613"}],"wp:featuredmedia":[{"embeddable":true,"href":"https:\/\/www.correiobraziliense.com.br\/cbradar\/wp-json\/wp\/v2\/media\/22606"}],"wp:attachment":[{"href":"https:\/\/www.correiobraziliense.com.br\/cbradar\/wp-json\/wp\/v2\/media?parent=22598"}],"wp:term":[{"taxonomy":"category","embeddable":true,"href":"https:\/\/www.correiobraziliense.com.br\/cbradar\/wp-json\/wp\/v2\/categories?post=22598"},{"taxonomy":"post_tag","embeddable":true,"href":"https:\/\/www.correiobraziliense.com.br\/cbradar\/wp-json\/wp\/v2\/post_tag?post=22598"}],"curies":[{"name":"wp","href":"https:\/\/api.w.org\/{rel}","templated":true}]}}