{"id":22599,"date":"2025-04-14T20:30:00","date_gmt":"2025-04-14T23:30:00","guid":{"rendered":"https:\/\/www.correiobraziliense.com.br\/cbradar\/?p=22599"},"modified":"2025-04-12T23:29:12","modified_gmt":"2025-04-13T02:29:12","slug":"como-plantar-e-cuidar-das-famosas-orelhas-de-shrek-em-casa","status":"publish","type":"post","link":"https:\/\/www.correiobraziliense.com.br\/cbradar\/como-plantar-e-cuidar-das-famosas-orelhas-de-shrek-em-casa\/","title":{"rendered":"Como plantar e cuidar das famosas &#8220;orelhas de shrek&#8221; em casa?"},"content":{"rendered":"\n<p>A<a href=\"https:\/\/pt.wikipedia.org\/wiki\/Crassula_ovata\" target=\"_blank\" rel=\"noreferrer noopener\"> <strong>orelha-de-shrek<\/strong><\/a>, uma suculenta de apar\u00eancia intrigante, chama a aten\u00e7\u00e3o de entusiastas de plantas em todo o mundo. Com o nome cient\u00edfico <strong>Crassula ovata &#8216;Gollum&#8217;<\/strong>, esta planta \u00e9 nativa da <a href=\"https:\/\/www.correiobraziliense.com.br\/cbradar\/esse-cantor-esta-criando-uma-cidade-do-futuro-na-africa\/\" target=\"_blank\" rel=\"noreferrer noopener\"><strong>\u00c1frica<\/strong> <\/a>e se destaca por suas folhas que lembram as orelhas do famoso personagem de anima\u00e7\u00e3o, <strong>Shrek<\/strong>. Sua popularidade n\u00e3o se deve apenas \u00e0 sua apar\u00eancia \u00fanica, mas tamb\u00e9m \u00e0 facilidade de cultivo, tornando-a uma escolha ideal para jardineiros iniciantes.<\/p>\n\n\n\n<p>O cultivo da <strong>orelha-de-shrek<\/strong> \u00e9 relativamente simples, mas requer alguns cuidados espec\u00edficos para garantir seu desenvolvimento saud\u00e1vel. A planta \u00e9 conhecida por seu crescimento lento, mas pode atingir tamanhos impressionantes com o tempo, dependendo das condi\u00e7\u00f5es de cultivo e do espa\u00e7o dispon\u00edvel.<\/p>\n\n\n\n<h2 class=\"wp-block-heading\"><span>Quais as vantagens de plantar orelha-de-shrek<\/span><strong> <\/strong>em vasos?<\/h2>\n\n\n\n<p>Uma das pr\u00e1ticas recomendadas para o cultivo da <strong>orelha-de-shrek<\/strong> \u00e9 plant\u00e1-la em vasos. Isso permite um controle mais eficaz sobre a drenagem e o tipo de solo, aspectos cruciais para a sa\u00fade da planta. O clima <strong>brasileiro<\/strong>, que difere do habitat natural da suculenta, torna o cultivo em vasos uma escolha prudente para evitar problemas como o apodrecimento das ra\u00edzes devido ao excesso de umidade.<\/p>\n\n\n\n<p>Para preparar um substrato adequado, \u00e9 essencial que ele seja bem drenado. Materiais como <strong>casca de arroz carbonizado<\/strong>, <strong>carv\u00e3o triturado<\/strong> ou <strong>perlita<\/strong> podem ser adicionados para melhorar a estrutura do solo, garantindo que ele permane\u00e7a solto e n\u00e3o retenha umidade excessiva. Isso \u00e9 vital, pois as ra\u00edzes da <strong>orelha-de-shrek<\/strong> s\u00e3o finas e delicadas.<\/p>\n\n\n<div class=\"wp-block-image\">\n<figure class=\"aligncenter size-large\"><img decoding=\"async\" width=\"1024\" height=\"576\" src=\"https:\/\/www.correiobraziliense.com.br\/cbradar\/wp-content\/uploads\/2025\/04\/Crassula-ovata-gollum_1744511112279-1024x576.jpg\" alt=\"Como plantar e cuidar das famosas &quot;orelhas de shrek&quot; em casa?\" class=\"wp-image-22619\" srcset=\"https:\/\/www.correiobraziliense.com.br\/cbradar\/wp-content\/uploads\/2025\/04\/Crassula-ovata-gollum_1744511112279-1024x576.jpg 1024w, https:\/\/www.correiobraziliense.com.br\/cbradar\/wp-content\/uploads\/2025\/04\/Crassula-ovata-gollum_1744511112279-300x169.jpg 300w, https:\/\/www.correiobraziliense.com.br\/cbradar\/wp-content\/uploads\/2025\/04\/Crassula-ovata-gollum_1744511112279-768x432.jpg 768w, https:\/\/www.correiobraziliense.com.br\/cbradar\/wp-content\/uploads\/2025\/04\/Crassula-ovata-gollum_1744511112279-750x422.jpg 750w, https:\/\/www.correiobraziliense.com.br\/cbradar\/wp-content\/uploads\/2025\/04\/Crassula-ovata-gollum_1744511112279-1140x641.jpg 1140w, https:\/\/www.correiobraziliense.com.br\/cbradar\/wp-content\/uploads\/2025\/04\/Crassula-ovata-gollum_1744511112279.jpg 1280w\" sizes=\"(max-width: 1024px) 100vw, 1024px\" \/><figcaption class=\"wp-element-caption\">Cr\u00e9ditos: depositphotos.com \/ BestPhotoStudio<\/figcaption><\/figure><\/div>\n\n\n<h2 class=\"wp-block-heading\">Como a luz solar afeta a orelha-de-shrek?<\/h2>\n\n\n\n<p>A exposi\u00e7\u00e3o \u00e0 luz solar \u00e9 um fator importante no cultivo da <strong>orelha-de-shrek<\/strong>. A planta pode ser cultivada em condi\u00e7\u00f5es de meia-sombra ou sob sol pleno. Em meia-sombra, a planta deve receber algumas horas de luz direta, preferencialmente durante as manh\u00e3s ou finais de tarde. No sol pleno, ela pode suportar per\u00edodos mais longos de exposi\u00e7\u00e3o solar.<\/p>\n\n\n\n<p>As condi\u00e7\u00f5es de luz influenciam diretamente a apar\u00eancia da planta. Em ambientes de meia-sombra, as folhas tendem a ser maiores e mais verdes. Sob sol pleno, as folhas se tornam mais compactas e adquirem uma colora\u00e7\u00e3o avermelhada nas bordas, conferindo um visual mais robusto \u00e0 planta.<\/p>\n\n\n\n<h2 class=\"wp-block-heading\">Quais os cuidados com a irriga\u00e7\u00e3o?<\/h2>\n\n\n\n<p>Embora as suculentas sejam conhecidas por sua resist\u00eancia \u00e0 seca, a <strong>orelha-de-shrek<\/strong> requer regas cuidadosas. A regra geral \u00e9 regar apenas quando o substrato estiver completamente seco. A frequ\u00eancia de rega pode variar de acordo com o clima local. Em regi\u00f5es mais quentes, a rega deve ser mais frequente, enquanto em \u00e1reas mais frias e \u00famidas, o intervalo entre as regas pode ser maior.<\/p>\n\n\n\n<h2 class=\"wp-block-heading\">Como funciona o seu florescimento e qual significado cultural?<\/h2>\n\n\n\n<p>Al\u00e9m de suas folhas distintas, a <strong>orelha-de-shrek<\/strong> tamb\u00e9m pode produzir flores brancas em forma de cacho, embora isso ocorra apenas quando a planta est\u00e1 bem madura. Este evento \u00e9 aguardado por muitos cultivadores como um sinal de que a planta est\u00e1 em \u00f3timas condi\u00e7\u00f5es.<\/p>\n\n\n\n<p>Na tradi\u00e7\u00e3o do <strong>Feng Shui<\/strong>, a <strong>orelha-de-shrek<\/strong> \u00e9 associada \u00e0 <strong>prosperidade<\/strong> e \u00e0 <strong>fortuna<\/strong>. Suas folhas arredondadas s\u00e3o vistas como s\u00edmbolos de riqueza, tornando-a um presente popular em ocasi\u00f5es de inaugura\u00e7\u00e3o de neg\u00f3cios ou mudan\u00e7as de resid\u00eancia, simbolizando <strong>sucesso<\/strong> e <strong>abund\u00e2ncia<\/strong>.<\/p>\n","protected":false},"excerpt":{"rendered":"<p>A orelha-de-shrek, uma suculenta de apar\u00eancia intrigante, chama a aten\u00e7\u00e3o de entusiastas de plantas em todo o mundo. Com o nome cient\u00edfico Crassula ovata &#8216;Gollum&#8217;, esta planta \u00e9 nativa da \u00c1frica e se destaca por suas folhas que lembram as orelhas do famoso personagem de anima\u00e7\u00e3o, Shrek. Sua popularidade n\u00e3o se deve apenas \u00e0 sua [&hellip;]<\/p>\n","protected":false},"author":8,"featured_media":22618,"comment_status":"open","ping_status":"open","sticky":false,"template":"","format":"standard","meta":{"_yoast_wpseo_focuskw":"como","_yoast_wpseo_title":"","_yoast_wpseo_metadesc":"Aprenda como plantar e cuidar das suculentas \"orelhas de Shrek\" em casa e decore seu espa\u00e7o com essa planta divertida e ex\u00f3tica.","jnews-multi-image_gallery":[],"jnews_single_post":{"format":"standard"},"jnews_primary_category":[],"jnews_social_meta":[],"jnews_override_counter":[],"footnotes":""},"categories":[136],"post_tag":[137,3238],"class_list":["post-22599","post","type-post","status-publish","format-standard","has-post-thumbnail","hentry","category-jardinagem","tag-como-plantar","tag-orelhas-de-shrek"],"yoast_head":"<!-- This site is optimized with the Yoast SEO plugin v24.6 - https:\/\/yoast.com\/wordpress\/plugins\/seo\/ -->\n<title>Como plantar e cuidar das famosas &quot;orelhas de shrek&quot; em casa? - Correio Braziliense - Radar<\/title>\n<meta name=\"description\" content=\"Aprenda como plantar e cuidar das suculentas &quot;orelhas de Shrek&quot; em casa e decore seu espa\u00e7o com essa planta divertida e ex\u00f3tica.\" \/>\n<meta name=\"robots\" content=\"index, follow, max-snippet:-1, max-image-preview:large, max-video-preview:-1\" \/>\n<link rel=\"canonical\" href=\"https:\/\/www.correiobraziliense.com.br\/cbradar\/como-plantar-e-cuidar-das-famosas-orelhas-de-shrek-em-casa\/\" \/>\n<meta property=\"og:locale\" content=\"pt_BR\" \/>\n<meta property=\"og:type\" content=\"article\" \/>\n<meta property=\"og:title\" content=\"Como plantar e cuidar das famosas &quot;orelhas de shrek&quot; em casa? - Correio Braziliense - Radar\" \/>\n<meta property=\"og:description\" content=\"Aprenda como plantar e cuidar das suculentas &quot;orelhas de Shrek&quot; em casa e decore seu espa\u00e7o com essa planta divertida e ex\u00f3tica.\" \/>\n<meta property=\"og:url\" content=\"https:\/\/www.correiobraziliense.com.br\/cbradar\/como-plantar-e-cuidar-das-famosas-orelhas-de-shrek-em-casa\/\" \/>\n<meta property=\"og:site_name\" content=\"Correio Braziliense - Radar\" \/>\n<meta property=\"article:published_time\" content=\"2025-04-14T23:30:00+00:00\" \/>\n<meta property=\"og:image\" content=\"https:\/\/www.correiobraziliense.com.br\/cbradar\/wp-content\/uploads\/2025\/04\/Crassula-ovata-gollum_1744511104452.jpg\" \/>\n\t<meta property=\"og:image:width\" content=\"1280\" \/>\n\t<meta property=\"og:image:height\" content=\"720\" \/>\n\t<meta property=\"og:image:type\" content=\"image\/jpeg\" \/>\n<meta name=\"author\" content=\"Maura Pereira\" \/>\n<meta name=\"twitter:card\" content=\"summary_large_image\" \/>\n<meta name=\"twitter:label1\" content=\"Escrito por\" \/>\n\t<meta name=\"twitter:data1\" content=\"Maura Pereira\" \/>\n\t<meta name=\"twitter:label2\" content=\"Est. tempo de leitura\" \/>\n\t<meta name=\"twitter:data2\" content=\"4 minutos\" \/>\n<!-- \/ Yoast SEO plugin. -->","yoast_head_json":{"title":"Como plantar e cuidar das famosas \"orelhas de shrek\" em casa? - Correio Braziliense - Radar","description":"Aprenda como plantar e cuidar das suculentas \"orelhas de Shrek\" em casa e decore seu espa\u00e7o com essa planta divertida e ex\u00f3tica.","robots":{"index":"index","follow":"follow","max-snippet":"max-snippet:-1","max-image-preview":"max-image-preview:large","max-video-preview":"max-video-preview:-1"},"canonical":"https:\/\/www.correiobraziliense.com.br\/cbradar\/como-plantar-e-cuidar-das-famosas-orelhas-de-shrek-em-casa\/","og_locale":"pt_BR","og_type":"article","og_title":"Como plantar e cuidar das famosas \"orelhas de shrek\" em casa? - Correio Braziliense - Radar","og_description":"Aprenda como plantar e cuidar das suculentas \"orelhas de Shrek\" em casa e decore seu espa\u00e7o com essa planta divertida e ex\u00f3tica.","og_url":"https:\/\/www.correiobraziliense.com.br\/cbradar\/como-plantar-e-cuidar-das-famosas-orelhas-de-shrek-em-casa\/","og_site_name":"Correio Braziliense - Radar","article_published_time":"2025-04-14T23:30:00+00:00","og_image":[{"width":1280,"height":720,"url":"https:\/\/www.correiobraziliense.com.br\/cbradar\/wp-content\/uploads\/2025\/04\/Crassula-ovata-gollum_1744511104452.jpg","type":"image\/jpeg"}],"author":"Maura Pereira","twitter_card":"summary_large_image","twitter_misc":{"Escrito por":"Maura Pereira","Est. tempo de leitura":"4 minutos"},"schema":{"@context":"https:\/\/schema.org","@graph":[{"@type":"WebPage","@id":"https:\/\/www.correiobraziliense.com.br\/cbradar\/como-plantar-e-cuidar-das-famosas-orelhas-de-shrek-em-casa\/","url":"https:\/\/www.correiobraziliense.com.br\/cbradar\/como-plantar-e-cuidar-das-famosas-orelhas-de-shrek-em-casa\/","name":"Como plantar e cuidar das famosas \"orelhas de shrek\" em casa? - Correio Braziliense - Radar","isPartOf":{"@id":"https:\/\/www.correiobraziliense.com.br\/cbradar\/#website"},"primaryImageOfPage":{"@id":"https:\/\/www.correiobraziliense.com.br\/cbradar\/como-plantar-e-cuidar-das-famosas-orelhas-de-shrek-em-casa\/#primaryimage"},"image":{"@id":"https:\/\/www.correiobraziliense.com.br\/cbradar\/como-plantar-e-cuidar-das-famosas-orelhas-de-shrek-em-casa\/#primaryimage"},"thumbnailUrl":"https:\/\/www.correiobraziliense.com.br\/cbradar\/wp-content\/uploads\/2025\/04\/Crassula-ovata-gollum_1744511104452.jpg","datePublished":"2025-04-14T23:30:00+00:00","author":{"@id":"https:\/\/www.correiobraziliense.com.br\/cbradar\/#\/schema\/person\/4053c651a9bfc785afc6f4cbc9032fd3"},"description":"Aprenda como plantar e cuidar das suculentas \"orelhas de Shrek\" em casa e decore seu espa\u00e7o com essa planta divertida e ex\u00f3tica.","breadcrumb":{"@id":"https:\/\/www.correiobraziliense.com.br\/cbradar\/como-plantar-e-cuidar-das-famosas-orelhas-de-shrek-em-casa\/#breadcrumb"},"inLanguage":"pt-BR","potentialAction":[{"@type":"ReadAction","target":["https:\/\/www.correiobraziliense.com.br\/cbradar\/como-plantar-e-cuidar-das-famosas-orelhas-de-shrek-em-casa\/"]}]},{"@type":"ImageObject","inLanguage":"pt-BR","@id":"https:\/\/www.correiobraziliense.com.br\/cbradar\/como-plantar-e-cuidar-das-famosas-orelhas-de-shrek-em-casa\/#primaryimage","url":"https:\/\/www.correiobraziliense.com.br\/cbradar\/wp-content\/uploads\/2025\/04\/Crassula-ovata-gollum_1744511104452.jpg","contentUrl":"https:\/\/www.correiobraziliense.com.br\/cbradar\/wp-content\/uploads\/2025\/04\/Crassula-ovata-gollum_1744511104452.jpg","width":1280,"height":720,"caption":"Crassula ovata \/\/ Cr\u00e9ditos: depositphotos.com \/ Haritonoff"},{"@type":"BreadcrumbList","@id":"https:\/\/www.correiobraziliense.com.br\/cbradar\/como-plantar-e-cuidar-das-famosas-orelhas-de-shrek-em-casa\/#breadcrumb","itemListElement":[{"@type":"ListItem","position":1,"name":"In\u00edcio","item":"https:\/\/www.correiobraziliense.com.br\/cbradar\/"},{"@type":"ListItem","position":2,"name":"Como plantar e cuidar das famosas &#8220;orelhas de shrek&#8221; em casa?"}]},{"@type":"WebSite","@id":"https:\/\/www.correiobraziliense.com.br\/cbradar\/#website","url":"https:\/\/www.correiobraziliense.com.br\/cbradar\/","name":"Correio Braziliense - Radar","description":"Acompanhe as \u00faltimas not\u00edcias e fique bem informado sobre tudo o que acontece no Brasil e no mundo.","potentialAction":[{"@type":"SearchAction","target":{"@type":"EntryPoint","urlTemplate":"https:\/\/www.correiobraziliense.com.br\/cbradar\/?s={search_term_string}"},"query-input":{"@type":"PropertyValueSpecification","valueRequired":true,"valueName":"search_term_string"}}],"inLanguage":"pt-BR"},{"@type":"Person","@id":"https:\/\/www.correiobraziliense.com.br\/cbradar\/#\/schema\/person\/4053c651a9bfc785afc6f4cbc9032fd3","name":"Maura Pereira","image":{"@type":"ImageObject","inLanguage":"pt-BR","@id":"https:\/\/www.correiobraziliense.com.br\/cbradar\/#\/schema\/person\/image\/","url":"https:\/\/secure.gravatar.com\/avatar\/3effd6bdadfa447f15089c7f7144eaa6?s=96&d=mm&r=g","contentUrl":"https:\/\/secure.gravatar.com\/avatar\/3effd6bdadfa447f15089c7f7144eaa6?s=96&d=mm&r=g","caption":"Maura Pereira"},"sameAs":["https:\/\/www.correiobraziliense.com.br\/"],"url":"https:\/\/www.correiobraziliense.com.br\/cbradar\/author\/mauramyth\/"}]}},"_links":{"self":[{"href":"https:\/\/www.correiobraziliense.com.br\/cbradar\/wp-json\/wp\/v2\/posts\/22599","targetHints":{"allow":["GET"]}}],"collection":[{"href":"https:\/\/www.correiobraziliense.com.br\/cbradar\/wp-json\/wp\/v2\/posts"}],"about":[{"href":"https:\/\/www.correiobraziliense.com.br\/cbradar\/wp-json\/wp\/v2\/types\/post"}],"author":[{"embeddable":true,"href":"https:\/\/www.correiobraziliense.com.br\/cbradar\/wp-json\/wp\/v2\/users\/8"}],"replies":[{"embeddable":true,"href":"https:\/\/www.correiobraziliense.com.br\/cbradar\/wp-json\/wp\/v2\/comments?post=22599"}],"version-history":[{"count":8,"href":"https:\/\/www.correiobraziliense.com.br\/cbradar\/wp-json\/wp\/v2\/posts\/22599\/revisions"}],"predecessor-version":[{"id":22622,"href":"https:\/\/www.correiobraziliense.com.br\/cbradar\/wp-json\/wp\/v2\/posts\/22599\/revisions\/22622"}],"wp:featuredmedia":[{"embeddable":true,"href":"https:\/\/www.correiobraziliense.com.br\/cbradar\/wp-json\/wp\/v2\/media\/22618"}],"wp:attachment":[{"href":"https:\/\/www.correiobraziliense.com.br\/cbradar\/wp-json\/wp\/v2\/media?parent=22599"}],"wp:term":[{"taxonomy":"category","embeddable":true,"href":"https:\/\/www.correiobraziliense.com.br\/cbradar\/wp-json\/wp\/v2\/categories?post=22599"},{"taxonomy":"post_tag","embeddable":true,"href":"https:\/\/www.correiobraziliense.com.br\/cbradar\/wp-json\/wp\/v2\/post_tag?post=22599"}],"curies":[{"name":"wp","href":"https:\/\/api.w.org\/{rel}","templated":true}]}}