{"id":2267,"date":"2025-02-13T11:59:00","date_gmt":"2025-02-13T14:59:00","guid":{"rendered":"https:\/\/www.correiobraziliense.com.br\/cbradar\/?p=2267"},"modified":"2025-02-13T06:03:22","modified_gmt":"2025-02-13T09:03:22","slug":"esse-e-o-pais-menos-visitado-do-mundo","status":"publish","type":"post","link":"https:\/\/www.correiobraziliense.com.br\/cbradar\/esse-e-o-pais-menos-visitado-do-mundo\/","title":{"rendered":"Esse \u00e9 o Pa\u00eds menos visitado do mundo!"},"content":{"rendered":"\n<p>Tuvalu \u00e9 um dos menores e menos populosos <a href=\"https:\/\/www.correiobraziliense.com.br\/cbradar\/essas-sao-as-melhores-cidades-brasileiras-para-aposentados\/\" target=\"_blank\" rel=\"noreferrer noopener\">pa\u00edses<\/a> do mundo, localizado no Oceano Pac\u00edfico. Com uma popula\u00e7\u00e3o de aproximadamente 11 mil habitantes, \u00e9 formado por nove ilhas de coral e tem um territ\u00f3rio de apenas 26 km\u00b2, sendo extremamente vulner\u00e1vel ao aumento do n\u00edvel do mar devido \u00e0s mudan\u00e7as clim\u00e1ticas.<\/p>\n\n\n\n<h2 class=\"wp-block-heading\"><strong>Turismo em Tuvalu<\/strong><\/h2>\n\n\n\n<p>Tuvalu \u00e9 considerado o pa\u00eds menos visitado do mundo, recebendo cerca de 2.000 turistas por ano. A infraestrutura tur\u00edstica \u00e9 limitada, e a \u00fanica maneira de chegar ao pa\u00eds \u00e9 atrav\u00e9s da companhia a\u00e9rea <strong>Fiji Airways<\/strong>, que opera voos entre Suva (capital de Fiji) e Funafuti (capital de Tuvalu) algumas vezes por semana.<\/p>\n\n\n\n<p>Os visitantes podem explorar as praias de areia branca, fazer mergulho e snorkeling em recifes de coral intocados, al\u00e9m de conhecer a cultura local por meio de festivais e dan\u00e7as tradicionais, como o <em>fatele<\/em>. Tamb\u00e9m h\u00e1 passeios hist\u00f3ricos relacionados \u00e0 Segunda Guerra Mundial, j\u00e1 que os EUA estabeleceram bases militares no pa\u00eds na \u00e9poca do conflito.<\/p>\n\n\n\n<figure class=\"wp-block-gallery has-nested-images columns-default is-cropped wp-block-gallery-1 is-layout-flex wp-block-gallery-is-layout-flex\">\n<figure class=\"wp-block-image size-large\"><img decoding=\"async\" width=\"1024\" height=\"687\" data-id=\"2271\" src=\"https:\/\/www.correiobraziliense.com.br\/cbradar\/wp-content\/uploads\/2025\/02\/Tuvalu_Funafuti_atoll_beach-1024x687.jpg\" alt=\"vista de tuvalu - from Wikimedia Commons\" class=\"wp-image-2271\" srcset=\"https:\/\/www.correiobraziliense.com.br\/cbradar\/wp-content\/uploads\/2025\/02\/Tuvalu_Funafuti_atoll_beach-1024x687.jpg 1024w, https:\/\/www.correiobraziliense.com.br\/cbradar\/wp-content\/uploads\/2025\/02\/Tuvalu_Funafuti_atoll_beach-300x201.jpg 300w, https:\/\/www.correiobraziliense.com.br\/cbradar\/wp-content\/uploads\/2025\/02\/Tuvalu_Funafuti_atoll_beach-768x515.jpg 768w, https:\/\/www.correiobraziliense.com.br\/cbradar\/wp-content\/uploads\/2025\/02\/Tuvalu_Funafuti_atoll_beach-750x503.jpg 750w, https:\/\/www.correiobraziliense.com.br\/cbradar\/wp-content\/uploads\/2025\/02\/Tuvalu_Funafuti_atoll_beach-1140x765.jpg 1140w, https:\/\/www.correiobraziliense.com.br\/cbradar\/wp-content\/uploads\/2025\/02\/Tuvalu_Funafuti_atoll_beach.jpg 1280w\" sizes=\"(max-width: 1024px) 100vw, 1024px\" \/><figcaption class=\"wp-element-caption\">vista de tuvalu &#8211; from Wikimedia Commons<\/figcaption><\/figure>\n<\/figure>\n\n\n\n<h2 class=\"wp-block-heading\"><strong>Hospedagem e Custos<\/strong><\/h2>\n\n\n\n<p>As op\u00e7\u00f5es de hospedagem em Tuvalu s\u00e3o limitadas, concentradas principalmente em Funafuti. Os pre\u00e7os variam de <strong>US$ 50 a US$ 150 por noite<\/strong>, dependendo do hotel escolhido. H\u00e1 pequenas pousadas e vilas familiares, mas o luxo \u00e9 escasso.<\/p>\n\n\n\n<p>Os custos gerais de viagem s\u00e3o relativamente altos devido \u00e0 localiza\u00e7\u00e3o remota. Uma viagem de uma semana pode custar entre <strong>US$ 1.500 e US$ 2.000<\/strong>, incluindo hospedagem, alimenta\u00e7\u00e3o e transporte interno.<\/p>\n\n\n\n<h2 class=\"wp-block-heading\"><strong>Economia e Fonte de Renda<\/strong><\/h2>\n\n\n\n<p>A economia de Tuvalu \u00e9 fr\u00e1gil e depende de algumas fontes principais:<\/p>\n\n\n\n<ul class=\"wp-block-list\">\n<li><strong>Pesca e Agricultura<\/strong>: A pesca \u00e9 fundamental para a subsist\u00eancia da popula\u00e7\u00e3o. A agricultura, limitada pelo solo pobre, se baseia em cultivos como coco e taro.<\/li>\n\n\n\n<li><strong>Remessas do Exterior<\/strong>: Muitos tuvaluanos trabalham em outros pa\u00edses, principalmente na Nova Zel\u00e2ndia e na Austr\u00e1lia, e enviam dinheiro para suas fam\u00edlias.<\/li>\n\n\n\n<li><strong>Aluguel de Dom\u00ednios de Internet<\/strong>: Tuvalu possui o dom\u00ednio de internet <strong>\u201c.tv\u201d<\/strong>, que \u00e9 altamente rent\u00e1vel devido ao seu uso por plataformas de m\u00eddia e streaming. O pa\u00eds arrecada milh\u00f5es de d\u00f3lares anualmente alugando esse dom\u00ednio para empresas estrangeiras.<\/li>\n\n\n\n<li><strong>Ajuda Externa<\/strong>: O pa\u00eds recebe apoio financeiro de na\u00e7\u00f5es como Austr\u00e1lia, Jap\u00e3o e Nova Zel\u00e2ndia para desenvolvimento e infraestrutura.<\/li>\n<\/ul>\n\n\n\n<h2 class=\"wp-block-heading\"><strong>Situa\u00e7\u00e3o Atual em Tuvalu<\/strong><\/h2>\n\n\n\n<p>Tuvalu enfrenta grandes desafios devido \u00e0s mudan\u00e7as clim\u00e1ticas. O aumento do n\u00edvel do mar amea\u00e7a a exist\u00eancia do pa\u00eds, e o governo tem buscado apoio internacional para realocar parte da popula\u00e7\u00e3o para pa\u00edses como Nova Zel\u00e2ndia e Austr\u00e1lia. Al\u00e9m disso, h\u00e1 investimentos em energias renov\u00e1veis e fortalecimento da infraestrutura contra desastres naturais.<\/p>\n\n\n\n<h2 class=\"wp-block-heading\"><strong>Vale a Pena Visitar Tuvalu?<\/strong><\/h2>\n\n\n\n<p>Se voc\u00ea busca um destino ex\u00f3tico, isolado e praticamente intocado pelo turismo de massa, Tuvalu pode ser uma excelente escolha. No entanto, \u00e9 preciso estar preparado para a pouca infraestrutura e os altos custos de viagem. Apesar disso, a hospitalidade dos habitantes e a beleza natural das ilhas fazem de Tuvalu um lugar \u00fanico no mundo.<\/p>\n","protected":false},"excerpt":{"rendered":"<p>Esse \u00e9 um dos menores e menos populosos pa\u00edses do mundo, localizado no Oceano Pac\u00edfico.<\/p>\n","protected":false},"author":4,"featured_media":2268,"comment_status":"open","ping_status":"open","sticky":false,"template":"","format":"standard","meta":{"_yoast_wpseo_focuskw":"Tuvalu","_yoast_wpseo_title":"","_yoast_wpseo_metadesc":"Esse \u00e9 um dos menores e menos populosos pa\u00edses do mundo, localizado no Oceano Pac\u00edfico. confira esse magestoso pa\u00eds","jnews-multi-image_gallery":[],"jnews_single_post":{"format":"standard"},"jnews_primary_category":[],"jnews_social_meta":[],"jnews_override_counter":[],"footnotes":""},"categories":[112,111],"post_tag":[658,657,655,656],"class_list":["post-2267","post","type-post","status-publish","format-standard","has-post-thumbnail","hentry","category-curiosidades","category-turismo","tag-mudancas-climaticas","tag-turismo-na-oceania","tag-tuvalu","tag-viagem-para-tuvalu"],"yoast_head":"<!-- This site is optimized with the Yoast SEO plugin v24.6 - https:\/\/yoast.com\/wordpress\/plugins\/seo\/ -->\n<title>Esse \u00e9 o Pa\u00eds menos visitado do mundo! - Correio Braziliense - Radar<\/title>\n<meta name=\"description\" content=\"Esse \u00e9 um dos menores e menos populosos pa\u00edses do mundo, localizado no Oceano Pac\u00edfico. confira esse magestoso pa\u00eds\" \/>\n<meta name=\"robots\" content=\"index, follow, max-snippet:-1, max-image-preview:large, max-video-preview:-1\" \/>\n<link rel=\"canonical\" href=\"https:\/\/www.correiobraziliense.com.br\/cbradar\/esse-e-o-pais-menos-visitado-do-mundo\/\" \/>\n<meta property=\"og:locale\" content=\"pt_BR\" \/>\n<meta property=\"og:type\" content=\"article\" \/>\n<meta property=\"og:title\" content=\"Esse \u00e9 o Pa\u00eds menos visitado do mundo! - Correio Braziliense - Radar\" \/>\n<meta property=\"og:description\" content=\"Esse \u00e9 um dos menores e menos populosos pa\u00edses do mundo, localizado no Oceano Pac\u00edfico. confira esse magestoso pa\u00eds\" \/>\n<meta property=\"og:url\" content=\"https:\/\/www.correiobraziliense.com.br\/cbradar\/esse-e-o-pais-menos-visitado-do-mundo\/\" \/>\n<meta property=\"og:site_name\" content=\"Correio Braziliense - Radar\" \/>\n<meta property=\"article:published_time\" content=\"2025-02-13T14:59:00+00:00\" \/>\n<meta property=\"og:image\" content=\"https:\/\/www.correiobraziliense.com.br\/cbradar\/wp-content\/uploads\/2025\/02\/Aerial_view_of_Tuvalus_capital_Funafuti_2011._Tuvalu_is_a_remote_country_of_low_lying_atolls_making_it_vulnerable_to_climate_change._Photo-_Lily-Anne_Homasi_-_DFAT_12779656093.jpg\" \/>\n\t<meta property=\"og:image:width\" content=\"1150\" \/>\n\t<meta property=\"og:image:height\" content=\"766\" \/>\n\t<meta property=\"og:image:type\" content=\"image\/jpeg\" \/>\n<meta name=\"author\" content=\"Guilherme Cremaschi\" \/>\n<meta name=\"twitter:card\" content=\"summary_large_image\" \/>\n<meta name=\"twitter:label1\" content=\"Escrito por\" \/>\n\t<meta name=\"twitter:data1\" content=\"Guilherme Cremaschi\" \/>\n\t<meta name=\"twitter:label2\" content=\"Est. tempo de leitura\" \/>\n\t<meta name=\"twitter:data2\" content=\"4 minutos\" \/>\n<!-- \/ Yoast SEO plugin. -->","yoast_head_json":{"title":"Esse \u00e9 o Pa\u00eds menos visitado do mundo! - Correio Braziliense - Radar","description":"Esse \u00e9 um dos menores e menos populosos pa\u00edses do mundo, localizado no Oceano Pac\u00edfico. confira esse magestoso pa\u00eds","robots":{"index":"index","follow":"follow","max-snippet":"max-snippet:-1","max-image-preview":"max-image-preview:large","max-video-preview":"max-video-preview:-1"},"canonical":"https:\/\/www.correiobraziliense.com.br\/cbradar\/esse-e-o-pais-menos-visitado-do-mundo\/","og_locale":"pt_BR","og_type":"article","og_title":"Esse \u00e9 o Pa\u00eds menos visitado do mundo! - Correio Braziliense - Radar","og_description":"Esse \u00e9 um dos menores e menos populosos pa\u00edses do mundo, localizado no Oceano Pac\u00edfico. confira esse magestoso pa\u00eds","og_url":"https:\/\/www.correiobraziliense.com.br\/cbradar\/esse-e-o-pais-menos-visitado-do-mundo\/","og_site_name":"Correio Braziliense - Radar","article_published_time":"2025-02-13T14:59:00+00:00","og_image":[{"width":1150,"height":766,"url":"https:\/\/www.correiobraziliense.com.br\/cbradar\/wp-content\/uploads\/2025\/02\/Aerial_view_of_Tuvalus_capital_Funafuti_2011._Tuvalu_is_a_remote_country_of_low_lying_atolls_making_it_vulnerable_to_climate_change._Photo-_Lily-Anne_Homasi_-_DFAT_12779656093.jpg","type":"image\/jpeg"}],"author":"Guilherme Cremaschi","twitter_card":"summary_large_image","twitter_misc":{"Escrito por":"Guilherme Cremaschi","Est. tempo de leitura":"4 minutos"},"schema":{"@context":"https:\/\/schema.org","@graph":[{"@type":"WebPage","@id":"https:\/\/www.correiobraziliense.com.br\/cbradar\/esse-e-o-pais-menos-visitado-do-mundo\/","url":"https:\/\/www.correiobraziliense.com.br\/cbradar\/esse-e-o-pais-menos-visitado-do-mundo\/","name":"Esse \u00e9 o Pa\u00eds menos visitado do mundo! - Correio Braziliense - Radar","isPartOf":{"@id":"https:\/\/www.correiobraziliense.com.br\/cbradar\/#website"},"primaryImageOfPage":{"@id":"https:\/\/www.correiobraziliense.com.br\/cbradar\/esse-e-o-pais-menos-visitado-do-mundo\/#primaryimage"},"image":{"@id":"https:\/\/www.correiobraziliense.com.br\/cbradar\/esse-e-o-pais-menos-visitado-do-mundo\/#primaryimage"},"thumbnailUrl":"https:\/\/www.correiobraziliense.com.br\/cbradar\/wp-content\/uploads\/2025\/02\/Aerial_view_of_Tuvalus_capital_Funafuti_2011._Tuvalu_is_a_remote_country_of_low_lying_atolls_making_it_vulnerable_to_climate_change._Photo-_Lily-Anne_Homasi_-_DFAT_12779656093.jpg","datePublished":"2025-02-13T14:59:00+00:00","author":{"@id":"https:\/\/www.correiobraziliense.com.br\/cbradar\/#\/schema\/person\/4760856b25506e84ce34d5de2b0d95f1"},"description":"Esse \u00e9 um dos menores e menos populosos pa\u00edses do mundo, localizado no Oceano Pac\u00edfico. confira esse magestoso pa\u00eds","breadcrumb":{"@id":"https:\/\/www.correiobraziliense.com.br\/cbradar\/esse-e-o-pais-menos-visitado-do-mundo\/#breadcrumb"},"inLanguage":"pt-BR","potentialAction":[{"@type":"ReadAction","target":["https:\/\/www.correiobraziliense.com.br\/cbradar\/esse-e-o-pais-menos-visitado-do-mundo\/"]}]},{"@type":"ImageObject","inLanguage":"pt-BR","@id":"https:\/\/www.correiobraziliense.com.br\/cbradar\/esse-e-o-pais-menos-visitado-do-mundo\/#primaryimage","url":"https:\/\/www.correiobraziliense.com.br\/cbradar\/wp-content\/uploads\/2025\/02\/Aerial_view_of_Tuvalus_capital_Funafuti_2011._Tuvalu_is_a_remote_country_of_low_lying_atolls_making_it_vulnerable_to_climate_change._Photo-_Lily-Anne_Homasi_-_DFAT_12779656093.jpg","contentUrl":"https:\/\/www.correiobraziliense.com.br\/cbradar\/wp-content\/uploads\/2025\/02\/Aerial_view_of_Tuvalus_capital_Funafuti_2011._Tuvalu_is_a_remote_country_of_low_lying_atolls_making_it_vulnerable_to_climate_change._Photo-_Lily-Anne_Homasi_-_DFAT_12779656093.jpg","width":1150,"height":766,"caption":"vista a\u00e9rea de tuvalu from - Wikimedia Commons"},{"@type":"BreadcrumbList","@id":"https:\/\/www.correiobraziliense.com.br\/cbradar\/esse-e-o-pais-menos-visitado-do-mundo\/#breadcrumb","itemListElement":[{"@type":"ListItem","position":1,"name":"In\u00edcio","item":"https:\/\/www.correiobraziliense.com.br\/cbradar\/"},{"@type":"ListItem","position":2,"name":"Esse \u00e9 o Pa\u00eds menos visitado do mundo!"}]},{"@type":"WebSite","@id":"https:\/\/www.correiobraziliense.com.br\/cbradar\/#website","url":"https:\/\/www.correiobraziliense.com.br\/cbradar\/","name":"Correio Braziliense - Radar","description":"Acompanhe as \u00faltimas not\u00edcias e fique bem informado sobre tudo o que acontece no Brasil e no mundo.","potentialAction":[{"@type":"SearchAction","target":{"@type":"EntryPoint","urlTemplate":"https:\/\/www.correiobraziliense.com.br\/cbradar\/?s={search_term_string}"},"query-input":{"@type":"PropertyValueSpecification","valueRequired":true,"valueName":"search_term_string"}}],"inLanguage":"pt-BR"},{"@type":"Person","@id":"https:\/\/www.correiobraziliense.com.br\/cbradar\/#\/schema\/person\/4760856b25506e84ce34d5de2b0d95f1","name":"Guilherme Cremaschi","image":{"@type":"ImageObject","inLanguage":"pt-BR","@id":"https:\/\/www.correiobraziliense.com.br\/cbradar\/#\/schema\/person\/image\/","url":"https:\/\/secure.gravatar.com\/avatar\/6a059d20d980bdeb1d1d6b0fa2b4633c?s=96&d=mm&r=g","contentUrl":"https:\/\/secure.gravatar.com\/avatar\/6a059d20d980bdeb1d1d6b0fa2b4633c?s=96&d=mm&r=g","caption":"Guilherme Cremaschi"},"sameAs":["https:\/\/www.correiobraziliense.com.br\/"],"url":"https:\/\/www.correiobraziliense.com.br\/cbradar\/author\/guilhermemyth\/"}]}},"_links":{"self":[{"href":"https:\/\/www.correiobraziliense.com.br\/cbradar\/wp-json\/wp\/v2\/posts\/2267","targetHints":{"allow":["GET"]}}],"collection":[{"href":"https:\/\/www.correiobraziliense.com.br\/cbradar\/wp-json\/wp\/v2\/posts"}],"about":[{"href":"https:\/\/www.correiobraziliense.com.br\/cbradar\/wp-json\/wp\/v2\/types\/post"}],"author":[{"embeddable":true,"href":"https:\/\/www.correiobraziliense.com.br\/cbradar\/wp-json\/wp\/v2\/users\/4"}],"replies":[{"embeddable":true,"href":"https:\/\/www.correiobraziliense.com.br\/cbradar\/wp-json\/wp\/v2\/comments?post=2267"}],"version-history":[{"count":4,"href":"https:\/\/www.correiobraziliense.com.br\/cbradar\/wp-json\/wp\/v2\/posts\/2267\/revisions"}],"predecessor-version":[{"id":2273,"href":"https:\/\/www.correiobraziliense.com.br\/cbradar\/wp-json\/wp\/v2\/posts\/2267\/revisions\/2273"}],"wp:featuredmedia":[{"embeddable":true,"href":"https:\/\/www.correiobraziliense.com.br\/cbradar\/wp-json\/wp\/v2\/media\/2268"}],"wp:attachment":[{"href":"https:\/\/www.correiobraziliense.com.br\/cbradar\/wp-json\/wp\/v2\/media?parent=2267"}],"wp:term":[{"taxonomy":"category","embeddable":true,"href":"https:\/\/www.correiobraziliense.com.br\/cbradar\/wp-json\/wp\/v2\/categories?post=2267"},{"taxonomy":"post_tag","embeddable":true,"href":"https:\/\/www.correiobraziliense.com.br\/cbradar\/wp-json\/wp\/v2\/post_tag?post=2267"}],"curies":[{"name":"wp","href":"https:\/\/api.w.org\/{rel}","templated":true}]}}