{"id":22735,"date":"2025-04-14T18:50:00","date_gmt":"2025-04-14T21:50:00","guid":{"rendered":"https:\/\/www.correiobraziliense.com.br\/cbradar\/?p=22735"},"modified":"2025-04-13T04:06:00","modified_gmt":"2025-04-13T07:06:00","slug":"conheca-7-eletrodomesticos-vintages-do-mercado","status":"publish","type":"post","link":"https:\/\/www.correiobraziliense.com.br\/cbradar\/conheca-7-eletrodomesticos-vintages-do-mercado\/","title":{"rendered":"Conhe\u00e7a 7 eletrodom\u00e9sticos vintages do mercado!"},"content":{"rendered":"\n<p>Os <span style=\"background-color: rgba(51, 51, 51, 0.2);\"><a href=\"https:\/\/www.correiobraziliense.com.br\/cbradar\/os-5-eletrodomesticos-para-comprar-assim-que-voce-mudar-de-casa\/\" target=\"_blank\" rel=\"noreferrer noopener\"><b>eletrodom\u00e9stic<\/b><\/a><\/span><strong><a href=\"https:\/\/www.correiobraziliense.com.br\/cbradar\/os-5-eletrodomesticos-para-comprar-assim-que-voce-mudar-de-casa\/\" target=\"_blank\" rel=\"noreferrer noopener\">os<\/a> <\/strong>vintages t\u00eam conquistado espa\u00e7o nas cozinhas modernas, combinando um design nost\u00e1lgico com a tecnologia atual. Marcas como <strong>Arno<\/strong>, <strong>Oster<\/strong>, <strong>Ariete<\/strong>, <strong>Midea<\/strong> e <strong>Venax<\/strong> oferecem produtos que n\u00e3o apenas cumprem suas fun\u00e7\u00f5es com efici\u00eancia, mas tamb\u00e9m adicionam um toque de eleg\u00e2ncia e personalidade ao ambiente. Dispon\u00edveis em diversas lojas online, esses itens prometem transformar qualquer cozinha em um espa\u00e7o estiloso e funcional.<\/p>\n\n\n\n<p>Entre os eletrodom\u00e9sticos vintage, destacam-se a <a href=\"https:\/\/ariete.net.br\/categoria-produto\/cozinha\/fritadeiras-air-fryer\/\" target=\"_blank\" rel=\"noreferrer noopener\"><strong>Air Fryer<\/strong> <strong>da Ariete<\/strong><\/a>, a cafeteira<strong> Arno Soleil<\/strong>, o frigobar<strong> Midea Retr\u00f4<\/strong> e o forno el\u00e9trico<strong> Arno FOR3<\/strong>. Cada um desses produtos oferece caracter\u00edsticas \u00fanicas que atendem a diferentes necessidades, desde o preparo de um caf\u00e9 programado at\u00e9 a conserva\u00e7\u00e3o de bebidas em um frigobar compacto. A seguir, exploraremos algumas op\u00e7\u00f5es dispon\u00edveis no mercado e suas especifica\u00e7\u00f5es.<\/p>\n\n\n\n<h2 class=\"wp-block-heading\">Quais s\u00e3o os principais eletrodom\u00e9sticos vintages dispon\u00edveis?<\/h2>\n\n\n\n<p>O mercado oferece uma variedade de eletrodom\u00e9sticos vintages que se destacam tanto pelo design quanto pela funcionalidade. A cafeteira program\u00e1vel<strong> Arno Soleil<\/strong>, por exemplo, \u00e9 uma escolha popular entre os amantes do caf\u00e9. Com capacidade para preparar at\u00e9 <strong>25<\/strong> <strong>x\u00edcaras<\/strong>, ela combina um visual retr\u00f4 com a praticidade de ser program\u00e1vel, permitindo que o caf\u00e9 esteja pronto ao acordar. No entanto, alguns usu\u00e1rios apontam a aus\u00eancia de um filtro permanente como uma desvantagem.<\/p>\n\n\n\n<p>Outro destaque \u00e9 o frigobar<strong> Midea Retr\u00f4<\/strong>, ideal para quem busca um eletrodom\u00e9stico compacto e eficiente. Com <strong>95 litros<\/strong> de capacidade, ele \u00e9 perfeito para pequenos espa\u00e7os e oferece ajustes de temperatura e compartimentos organizadores. Apesar de sua efici\u00eancia energ\u00e9tica, alguns consumidores relatam que o frigobar n\u00e3o gela adequadamente em temperaturas mais altas.<\/p>\n\n\n\n<figure class=\"wp-block-embed aligncenter is-type-video is-provider-youtube wp-block-embed-youtube wp-embed-aspect-16-9 wp-has-aspect-ratio\"><div class=\"wp-block-embed__wrapper\">\n<div class=\"jeg_video_container jeg_video_content\"><iframe loading=\"lazy\" title=\"Air Fryer Oven Vintage | Ariete 4632\" width=\"500\" height=\"281\" src=\"https:\/\/www.youtube.com\/embed\/jPQN_tJdjDY?feature=oembed\" frameborder=\"0\" allow=\"accelerometer; autoplay; clipboard-write; encrypted-media; gyroscope; picture-in-picture; web-share\" referrerpolicy=\"strict-origin-when-cross-origin\" allowfullscreen><\/iframe><\/div>\n<\/div><\/figure>\n\n\n\n<h2 class=\"wp-block-heading\">Como escolher o eletrodom\u00e9stico vintage ideal?<\/h2>\n\n\n\n<p>Ao escolher um eletrodom\u00e9stico vintage, \u00e9 importante considerar tanto o design quanto a funcionalidade. Produtos como o forno el\u00e9trico<strong> Arno FOR3<\/strong> oferecem m\u00faltiplas fun\u00e7\u00f5es, como grelhar, aquecer e assar, al\u00e9m de atuar como <strong>air fryer<\/strong>. Com <strong>20 litros<\/strong> de capacidade e temperatura ajust\u00e1vel, \u00e9 uma op\u00e7\u00e3o pr\u00e1tica para cozinhas de todos os tamanhos. No entanto, \u00e9 necess\u00e1rio verificar a compatibilidade da <strong>tomada<\/strong>, j\u00e1 que alguns modelos exigem adaptadores.<\/p>\n\n\n\n<p>O <strong>processador Ariete<\/strong>, com seu design compacto e capacidade de <strong>600 ml<\/strong>, \u00e9 outra op\u00e7\u00e3o vers\u00e1til para o dia a dia. Ele \u00e9 ideal para preparar desde batidas de frutas at\u00e9 processar ingredientes para receitas mais elaboradas. Apesar de sua pot\u00eancia, o uso cont\u00ednuo do bot\u00e3o pode ser inc\u00f4modo para alguns usu\u00e1rios.<\/p>\n\n\n<div class=\"wp-block-image\">\n<figure class=\"aligncenter size-large\"><img decoding=\"async\" width=\"1024\" height=\"576\" src=\"https:\/\/www.correiobraziliense.com.br\/cbradar\/wp-content\/uploads\/2025\/04\/Edicoes-30-1024x576.png\" alt=\"\" class=\"wp-image-22755\" srcset=\"https:\/\/www.correiobraziliense.com.br\/cbradar\/wp-content\/uploads\/2025\/04\/Edicoes-30-1024x576.png 1024w, https:\/\/www.correiobraziliense.com.br\/cbradar\/wp-content\/uploads\/2025\/04\/Edicoes-30-300x169.png 300w, https:\/\/www.correiobraziliense.com.br\/cbradar\/wp-content\/uploads\/2025\/04\/Edicoes-30-768x432.png 768w, https:\/\/www.correiobraziliense.com.br\/cbradar\/wp-content\/uploads\/2025\/04\/Edicoes-30-750x422.png 750w, https:\/\/www.correiobraziliense.com.br\/cbradar\/wp-content\/uploads\/2025\/04\/Edicoes-30-1140x641.png 1140w, https:\/\/www.correiobraziliense.com.br\/cbradar\/wp-content\/uploads\/2025\/04\/Edicoes-30.png 1280w\" sizes=\"(max-width: 1024px) 100vw, 1024px\" \/><figcaption class=\"wp-element-caption\">Forno el\u00e9trico Arno FOR3 \/\/ Reprodu\u00e7\u00e3o: Arno (Foto\/Divulga\u00e7\u00e3o)<\/figcaption><\/figure><\/div>\n\n\n<h2 class=\"wp-block-heading\">Quais s\u00e3o os benef\u00edcios dos eletrodom\u00e9sticos vintage?<\/h2>\n\n\n\n<p>Os eletrodom\u00e9sticos vintage oferecem uma s\u00e9rie de benef\u00edcios que v\u00e3o al\u00e9m da est\u00e9tica. Eles s\u00e3o projetados para serem funcionais e dur\u00e1veis, muitas vezes incorporando tecnologias modernas que facilitam o uso di\u00e1rio. Al\u00e9m disso, esses produtos podem ser pe\u00e7as de destaque na decora\u00e7\u00e3o da cozinha, criando um ambiente acolhedor e estiloso.<\/p>\n\n\n\n<p>Produtos como o liquidificador<strong> Oster New Osterizer Cl\u00e1ssico<\/strong>, com sua jarra de vidro resistente a choques t\u00e9rmicos, exemplificam essa combina\u00e7\u00e3o de estilo e funcionalidade. Avaliado positivamente por sua capacidade de tritura\u00e7\u00e3o e facilidade de limpeza, ele \u00e9 uma escolha popular entre os consumidores que buscam qualidade e design retr\u00f4.<\/p>\n\n\n\n<p>Em resumo, os eletrodom\u00e9sticos vintage s\u00e3o uma excelente op\u00e7\u00e3o para quem deseja unir o charme do passado com a praticidade do presente. Com uma variedade de produtos dispon\u00edveis, \u00e9 poss\u00edvel encontrar o item perfeito para qualquer necessidade, garantindo uma cozinha funcional e cheia de personalidade.<\/p>\n","protected":false},"excerpt":{"rendered":"<p>Os eletrodom\u00e9sticos vintages t\u00eam conquistado espa\u00e7o nas cozinhas modernas, combinando um design nost\u00e1lgico com a tecnologia atual. Marcas como Arno, Oster, Ariete, Midea e Venax oferecem produtos que n\u00e3o apenas cumprem suas fun\u00e7\u00f5es com efici\u00eancia, mas tamb\u00e9m adicionam um toque de eleg\u00e2ncia e personalidade ao ambiente. Dispon\u00edveis em diversas lojas online, esses itens prometem transformar [&hellip;]<\/p>\n","protected":false},"author":8,"featured_media":22752,"comment_status":"open","ping_status":"open","sticky":false,"template":"","format":"standard","meta":{"jnews-multi-image_gallery":[],"jnews_single_post":{"format":"standard"},"jnews_primary_category":[],"jnews_social_meta":[],"jnews_override_counter":[],"footnotes":""},"categories":[115],"post_tag":[1709,3097],"class_list":["post-22735","post","type-post","status-publish","format-standard","has-post-thumbnail","hentry","category-tecnologia","tag-eletrodomesticos","tag-vintage"],"yoast_head":"<!-- This site is optimized with the Yoast SEO plugin v24.6 - https:\/\/yoast.com\/wordpress\/plugins\/seo\/ -->\n<title>Conhe\u00e7a 7 eletrodom\u00e9sticos vintages do mercado! - Correio Braziliense - Radar<\/title>\n<meta name=\"description\" content=\"Conhe\u00e7a os 7 principais eletrodom\u00e9sticos vintages do mercado que unem charme retr\u00f4 e funcionalidade no mercado atual!\" \/>\n<meta name=\"robots\" content=\"index, follow, max-snippet:-1, max-image-preview:large, max-video-preview:-1\" \/>\n<link rel=\"canonical\" href=\"https:\/\/www.correiobraziliense.com.br\/cbradar\/conheca-7-eletrodomesticos-vintages-do-mercado\/\" \/>\n<meta property=\"og:locale\" content=\"pt_BR\" \/>\n<meta property=\"og:type\" content=\"article\" \/>\n<meta property=\"og:title\" content=\"Conhe\u00e7a 7 eletrodom\u00e9sticos vintages do mercado! - Correio Braziliense - Radar\" \/>\n<meta property=\"og:description\" content=\"Conhe\u00e7a os 7 principais eletrodom\u00e9sticos vintages do mercado que unem charme retr\u00f4 e funcionalidade no mercado atual!\" \/>\n<meta property=\"og:url\" content=\"https:\/\/www.correiobraziliense.com.br\/cbradar\/conheca-7-eletrodomesticos-vintages-do-mercado\/\" \/>\n<meta property=\"og:site_name\" content=\"Correio Braziliense - Radar\" \/>\n<meta property=\"article:published_time\" content=\"2025-04-14T21:50:00+00:00\" \/>\n<meta property=\"og:image\" content=\"https:\/\/www.correiobraziliense.com.br\/cbradar\/wp-content\/uploads\/2025\/04\/retro-radio_1744527172134.jpg\" \/>\n\t<meta property=\"og:image:width\" content=\"1280\" \/>\n\t<meta property=\"og:image:height\" content=\"720\" \/>\n\t<meta property=\"og:image:type\" content=\"image\/jpeg\" \/>\n<meta name=\"author\" content=\"Maura Pereira\" \/>\n<meta name=\"twitter:card\" content=\"summary_large_image\" \/>\n<meta name=\"twitter:label1\" content=\"Escrito por\" \/>\n\t<meta name=\"twitter:data1\" content=\"Maura Pereira\" \/>\n\t<meta name=\"twitter:label2\" content=\"Est. tempo de leitura\" \/>\n\t<meta name=\"twitter:data2\" content=\"4 minutos\" \/>\n<!-- \/ Yoast SEO plugin. -->","yoast_head_json":{"title":"Conhe\u00e7a 7 eletrodom\u00e9sticos vintages do mercado! - Correio Braziliense - Radar","description":"Conhe\u00e7a os 7 principais eletrodom\u00e9sticos vintages do mercado que unem charme retr\u00f4 e funcionalidade no mercado atual!","robots":{"index":"index","follow":"follow","max-snippet":"max-snippet:-1","max-image-preview":"max-image-preview:large","max-video-preview":"max-video-preview:-1"},"canonical":"https:\/\/www.correiobraziliense.com.br\/cbradar\/conheca-7-eletrodomesticos-vintages-do-mercado\/","og_locale":"pt_BR","og_type":"article","og_title":"Conhe\u00e7a 7 eletrodom\u00e9sticos vintages do mercado! - Correio Braziliense - Radar","og_description":"Conhe\u00e7a os 7 principais eletrodom\u00e9sticos vintages do mercado que unem charme retr\u00f4 e funcionalidade no mercado atual!","og_url":"https:\/\/www.correiobraziliense.com.br\/cbradar\/conheca-7-eletrodomesticos-vintages-do-mercado\/","og_site_name":"Correio Braziliense - Radar","article_published_time":"2025-04-14T21:50:00+00:00","og_image":[{"width":1280,"height":720,"url":"https:\/\/www.correiobraziliense.com.br\/cbradar\/wp-content\/uploads\/2025\/04\/retro-radio_1744527172134.jpg","type":"image\/jpeg"}],"author":"Maura Pereira","twitter_card":"summary_large_image","twitter_misc":{"Escrito por":"Maura Pereira","Est. tempo de leitura":"4 minutos"},"schema":{"@context":"https:\/\/schema.org","@graph":[{"@type":"WebPage","@id":"https:\/\/www.correiobraziliense.com.br\/cbradar\/conheca-7-eletrodomesticos-vintages-do-mercado\/","url":"https:\/\/www.correiobraziliense.com.br\/cbradar\/conheca-7-eletrodomesticos-vintages-do-mercado\/","name":"Conhe\u00e7a 7 eletrodom\u00e9sticos vintages do mercado! - Correio Braziliense - Radar","isPartOf":{"@id":"https:\/\/www.correiobraziliense.com.br\/cbradar\/#website"},"primaryImageOfPage":{"@id":"https:\/\/www.correiobraziliense.com.br\/cbradar\/conheca-7-eletrodomesticos-vintages-do-mercado\/#primaryimage"},"image":{"@id":"https:\/\/www.correiobraziliense.com.br\/cbradar\/conheca-7-eletrodomesticos-vintages-do-mercado\/#primaryimage"},"thumbnailUrl":"https:\/\/www.correiobraziliense.com.br\/cbradar\/wp-content\/uploads\/2025\/04\/retro-radio_1744527172134.jpg","datePublished":"2025-04-14T21:50:00+00:00","author":{"@id":"https:\/\/www.correiobraziliense.com.br\/cbradar\/#\/schema\/person\/4053c651a9bfc785afc6f4cbc9032fd3"},"description":"Conhe\u00e7a os 7 principais eletrodom\u00e9sticos vintages do mercado que unem charme retr\u00f4 e funcionalidade no mercado atual!","breadcrumb":{"@id":"https:\/\/www.correiobraziliense.com.br\/cbradar\/conheca-7-eletrodomesticos-vintages-do-mercado\/#breadcrumb"},"inLanguage":"pt-BR","potentialAction":[{"@type":"ReadAction","target":["https:\/\/www.correiobraziliense.com.br\/cbradar\/conheca-7-eletrodomesticos-vintages-do-mercado\/"]}]},{"@type":"ImageObject","inLanguage":"pt-BR","@id":"https:\/\/www.correiobraziliense.com.br\/cbradar\/conheca-7-eletrodomesticos-vintages-do-mercado\/#primaryimage","url":"https:\/\/www.correiobraziliense.com.br\/cbradar\/wp-content\/uploads\/2025\/04\/retro-radio_1744527172134.jpg","contentUrl":"https:\/\/www.correiobraziliense.com.br\/cbradar\/wp-content\/uploads\/2025\/04\/retro-radio_1744527172134.jpg","width":1280,"height":720,"caption":"Cr\u00e9ditos: depositphotos.com \/ doomu"},{"@type":"BreadcrumbList","@id":"https:\/\/www.correiobraziliense.com.br\/cbradar\/conheca-7-eletrodomesticos-vintages-do-mercado\/#breadcrumb","itemListElement":[{"@type":"ListItem","position":1,"name":"In\u00edcio","item":"https:\/\/www.correiobraziliense.com.br\/cbradar\/"},{"@type":"ListItem","position":2,"name":"Conhe\u00e7a 7 eletrodom\u00e9sticos vintages do mercado!"}]},{"@type":"WebSite","@id":"https:\/\/www.correiobraziliense.com.br\/cbradar\/#website","url":"https:\/\/www.correiobraziliense.com.br\/cbradar\/","name":"Correio Braziliense - Radar","description":"Acompanhe as \u00faltimas not\u00edcias e fique bem informado sobre tudo o que acontece no Brasil e no mundo.","potentialAction":[{"@type":"SearchAction","target":{"@type":"EntryPoint","urlTemplate":"https:\/\/www.correiobraziliense.com.br\/cbradar\/?s={search_term_string}"},"query-input":{"@type":"PropertyValueSpecification","valueRequired":true,"valueName":"search_term_string"}}],"inLanguage":"pt-BR"},{"@type":"Person","@id":"https:\/\/www.correiobraziliense.com.br\/cbradar\/#\/schema\/person\/4053c651a9bfc785afc6f4cbc9032fd3","name":"Maura Pereira","image":{"@type":"ImageObject","inLanguage":"pt-BR","@id":"https:\/\/www.correiobraziliense.com.br\/cbradar\/#\/schema\/person\/image\/","url":"https:\/\/secure.gravatar.com\/avatar\/3effd6bdadfa447f15089c7f7144eaa6?s=96&d=mm&r=g","contentUrl":"https:\/\/secure.gravatar.com\/avatar\/3effd6bdadfa447f15089c7f7144eaa6?s=96&d=mm&r=g","caption":"Maura Pereira"},"sameAs":["https:\/\/www.correiobraziliense.com.br\/"],"url":"https:\/\/www.correiobraziliense.com.br\/cbradar\/author\/mauramyth\/"}]}},"_links":{"self":[{"href":"https:\/\/www.correiobraziliense.com.br\/cbradar\/wp-json\/wp\/v2\/posts\/22735","targetHints":{"allow":["GET"]}}],"collection":[{"href":"https:\/\/www.correiobraziliense.com.br\/cbradar\/wp-json\/wp\/v2\/posts"}],"about":[{"href":"https:\/\/www.correiobraziliense.com.br\/cbradar\/wp-json\/wp\/v2\/types\/post"}],"author":[{"embeddable":true,"href":"https:\/\/www.correiobraziliense.com.br\/cbradar\/wp-json\/wp\/v2\/users\/8"}],"replies":[{"embeddable":true,"href":"https:\/\/www.correiobraziliense.com.br\/cbradar\/wp-json\/wp\/v2\/comments?post=22735"}],"version-history":[{"count":11,"href":"https:\/\/www.correiobraziliense.com.br\/cbradar\/wp-json\/wp\/v2\/posts\/22735\/revisions"}],"predecessor-version":[{"id":22762,"href":"https:\/\/www.correiobraziliense.com.br\/cbradar\/wp-json\/wp\/v2\/posts\/22735\/revisions\/22762"}],"wp:featuredmedia":[{"embeddable":true,"href":"https:\/\/www.correiobraziliense.com.br\/cbradar\/wp-json\/wp\/v2\/media\/22752"}],"wp:attachment":[{"href":"https:\/\/www.correiobraziliense.com.br\/cbradar\/wp-json\/wp\/v2\/media?parent=22735"}],"wp:term":[{"taxonomy":"category","embeddable":true,"href":"https:\/\/www.correiobraziliense.com.br\/cbradar\/wp-json\/wp\/v2\/categories?post=22735"},{"taxonomy":"post_tag","embeddable":true,"href":"https:\/\/www.correiobraziliense.com.br\/cbradar\/wp-json\/wp\/v2\/post_tag?post=22735"}],"curies":[{"name":"wp","href":"https:\/\/api.w.org\/{rel}","templated":true}]}}