{"id":22800,"date":"2025-04-14T07:23:00","date_gmt":"2025-04-14T10:23:00","guid":{"rendered":"https:\/\/www.correiobraziliense.com.br\/cbradar\/?p=22800"},"modified":"2025-06-23T15:13:27","modified_gmt":"2025-06-23T18:13:27","slug":"duvidas-que-voce-pode-ter-depois-de-assistir-ainda-estou-aqui","status":"publish","type":"post","link":"https:\/\/www.correiobraziliense.com.br\/cbradar\/duvidas-que-voce-pode-ter-depois-de-assistir-ainda-estou-aqui\/","title":{"rendered":"D\u00favidas que voc\u00ea pode ter ap\u00f3s assistir &#8220;Ainda Estou Aqui&#8221;"},"content":{"rendered":"\n<p>A noite do <strong>Oscar 2025<\/strong> terminou com sentimentos contradit\u00f3rios para o <strong>Brasil<\/strong>. <a href=\"https:\/\/www.correiobraziliense.com.br\/cbradar\/alem-de-ainda-estou-aqui-veja-outros-brasileiros-que-ja-brilharam-no-oscar\/\" target=\"_blank\" rel=\"noreferrer noopener\"><strong>Ainda Estou Aqui<\/strong> <\/a>fez hist\u00f3ria ao conquistar o primeiro <strong>Oscar<\/strong> brasileiro na categoria <strong>Melhor Filme Internacional<\/strong>, mas as derrotas em <strong>Melhor Filme<\/strong> e <strong>Melhor Atriz<\/strong> deixaram um sabor agridoce. <strong>Anora<\/strong>, dirigido por <strong>Sean Baker<\/strong>, dominou a cerim\u00f4nia com cinco estatuetas, incluindo as duas categorias onde o filme nacional tinha chances reais de vit\u00f3ria. <strong>Mikey Madison<\/strong> superou <strong>Fernanda Torres<\/strong> na disputa por <strong>Melhor Atriz<\/strong>, frustrando milh\u00f5es de brasileiros que acompanharam a transmiss\u00e3o.<\/p>\n\n\n\n<p>Apesar das expectativas n\u00e3o correspondidas, a conquista representou um marco incontest\u00e1vel para o cinema nacional. <strong>Walter Salles<\/strong> subiu ao palco do <strong>Dolby Theatre<\/strong> para dedicar a vit\u00f3ria diretamente a <strong>Eunice Paiva<\/strong>, \u00e0 <strong>Fernanda Torres<\/strong> e \u00e0 <strong>Fernanda Montenegro<\/strong>. O momento emocionou n\u00e3o apenas os brasileiros, mas toda a plateia internacional. A vit\u00f3ria chegou ap\u00f3s quatro tentativas frustradas do pa\u00eds na categoria, validando d\u00e9cadas de investimento em cinema de qualidade. O resultado final demonstrou que o reconhecimento internacional do talento brasileiro j\u00e1 n\u00e3o depende apenas de uma estatueta.<\/p>\n\n\n\n<h2 class=\"wp-block-heading\"><strong>Por que Anora dominou onde Ainda Estou Aqui disputava?<\/strong><\/h2>\n\n\n\n<p><strong>Anora<\/strong> construiu uma campanha avassaladora que culminou em cinco <strong>Oscars<\/strong>, estabelecendo <strong>Sean Baker<\/strong> como for\u00e7a criativa incontest\u00e1vel. O filme quebrou recordes ao garantir que <strong>Baker<\/strong> se tornasse apenas a segunda pessoa na hist\u00f3ria a ganhar quatro <strong>Oscars<\/strong> numa s\u00f3 noite pelo mesmo projeto. A obra sobre uma prostituta envolvida em um casamento por conveni\u00eancia encontrou eco entre os votantes da <strong>Academia<\/strong>, que tradicionalmente valorizam narrativas sobre pessoas marginalizadas lutando por dignidade.<\/p>\n\n\n\n<p>A estrat\u00e9gia de <strong>Baker<\/strong> foi impec\u00e1vel desde o in\u00edcio da temporada de premia\u00e7\u00f5es. Ele conseguiu posicionar <strong>Anora<\/strong> simultaneamente como cinema independente aut\u00eantico e entretenimento comercialmente vi\u00e1vel. O discurso de <strong>Baker<\/strong> ao receber o pr\u00eamio de <strong>Melhor Diretor<\/strong> foi particularmente eficaz, quando pediu apaixonadamente para que as pessoas &#8220;tentem ver filmes no cinema&#8221; e apoiem cinemas independentes em perigo. Essa mensagem ressoou profundamente entre votantes preocupados com o futuro da experi\u00eancia cinematogr\u00e1fica, criando conex\u00e3o emocional que transcendeu m\u00e9rito art\u00edstico puro.<\/p>\n\n\n\n<figure class=\"wp-block-embed aligncenter is-type-video is-provider-youtube wp-block-embed-youtube wp-embed-aspect-16-9 wp-has-aspect-ratio\"><div class=\"wp-block-embed__wrapper\">\n<div class=\"jeg_video_container jeg_video_content\"><iframe loading=\"lazy\" title=\"Ainda Estou Aqui | Trailer Oficial | 7 de novembro nos cinemas\" width=\"500\" height=\"281\" src=\"https:\/\/www.youtube.com\/embed\/_NzqP0jmk3o?start=2&#038;feature=oembed\" frameborder=\"0\" allow=\"accelerometer; autoplay; clipboard-write; encrypted-media; gyroscope; picture-in-picture; web-share\" referrerpolicy=\"strict-origin-when-cross-origin\" allowfullscreen><\/iframe><\/div>\n<\/div><\/figure>\n\n\n\n<h2 class=\"wp-block-heading\"><strong>Como Mikey Madison superou Fernanda Torres na categoria principal?<\/strong><\/h2>\n\n\n\n<p>A vit\u00f3ria de <strong>Mikey Madison<\/strong> como <strong>Melhor Atriz<\/strong> surpreendeu muitos observadores que esperavam disputa mais acirrada com <strong>Fernanda Torres<\/strong>. Aos 25 anos, <strong>Madison<\/strong> se tornou a nona mulher mais jovem a receber o pr\u00eamio, beneficiando-se de uma performance que os cr\u00edticos descreveram como &#8220;revela\u00e7\u00e3o&#8221; e &#8220;desempenho a todo vapor&#8221;. Sua interpreta\u00e7\u00e3o de uma prostituta de <strong>Brooklyn<\/strong> demonstrou range dram\u00e1tico impressionante, especialmente considerando seus trabalhos anteriores em filmes como <strong>P\u00e2nico<\/strong> e <strong>Era uma Vez em Hollywood<\/strong>.<\/p>\n\n\n\n<p>O sistema de vota\u00e7\u00e3o da <strong>Academia<\/strong> pode ter favorecido <strong>Madison<\/strong> sobre <strong>Torres<\/strong>. Com mais de 9 mil votantes de diversas categorias profissionais, a din\u00e2mica difere dos sindicatos especializados onde <strong>Torres<\/strong> teve melhor performance. <strong>Barbara Demerov<\/strong>, cr\u00edtica de cinema, explicou que &#8220;na \u00faltima fase da vota\u00e7\u00e3o, todo mundo vota em todo mundo, e n\u00e3o s\u00f3 ator vota em ator&#8221;. Essa diferen\u00e7a estrutural pode ter beneficiado <strong>Madison<\/strong>, cujo filme teve maior exposi\u00e7\u00e3o comercial nos <strong>Estados Unidos<\/strong> durante a temporada de campanhas, criando familiaridade maior entre votantes que assistiram <strong>Anora<\/strong> nos cinemas americanos.<\/p>\n\n\n\n<h2 class=\"wp-block-heading\"><strong>Qual foi o verdadeiro impacto da campanha brasileira?<\/strong><\/h2>\n\n\n\n<p>A campanha de <strong>Ainda Estou Aqui<\/strong> conseguiu algo in\u00e9dito para o cinema brasileiro: colocar o pa\u00eds consistentemente na conversa das principais categorias do <strong>Oscar<\/strong>. <strong>Fernanda Torres<\/strong> participou de entrevistas em ve\u00edculos como <strong>Variety<\/strong>, <strong>The Hollywood Reporter<\/strong> e <strong>Deadline<\/strong>, onde sua performance foi elogiada como &#8220;soberba&#8221; e &#8220;profundamente comovente&#8221;. A estrat\u00e9gia de posicionamento familiar, destacando a conex\u00e3o com <strong>Fernanda Montenegro<\/strong>, criou narrativa poderosa que transcendeu barreiras culturais.<\/p>\n\n\n\n<p>O momento mais significativo pode ter sido o encontro entre <strong>Madison<\/strong> e <strong>Torres<\/strong> nos bastidores ap\u00f3s a cerim\u00f4nia. <strong>Madison<\/strong> relatou ao <strong>THR<\/strong> que &#8220;vi <strong>Fernanda<\/strong> nos bastidores e n\u00f3s nos abra\u00e7amos&#8221;, demonstrando respeito m\u00fatuo que caracterizou toda a temporada. Esse gesto simbolizou como a campanha brasileira conseguiu criar relacionamentos genu\u00ednos na comunidade cinematogr\u00e1fica internacional. <strong>Torres<\/strong> tamb\u00e9m elogiou <strong>Anora<\/strong>, chamando-o de &#8220;primo de <strong>Ainda Estou Aqui<\/strong>&#8220;, mostrando generosidade que impressionou observadores e pode ter plantado sementes para futuras colabora\u00e7\u00f5es.<\/p>\n\n\n\n<h2 class=\"wp-block-heading\"><strong>Como a derrota nas categorias principais afeta o legado do filme?<\/strong><\/h2>\n\n\n\n<p>Paradoxalmente, as derrotas de <strong>Ainda Estou Aqui<\/strong> em <strong>Melhor Filme<\/strong> e <strong>Melhor Atriz<\/strong> podem ter solidificado seu legado de forma mais duradoura que vit\u00f3rias completas teriam conseguido. A narrativa de &#8220;vit\u00f3ria parcial&#8221; criou identifica\u00e7\u00e3o emocional com o p\u00fablico brasileiro, que reconheceu paralelos com a pr\u00f3pria experi\u00eancia nacional de conquistas incompletas. <strong>Salles<\/strong> comentou que a vit\u00f3ria representa reconhecimento n\u00e3o apenas do filme, mas da &#8220;cultura, a forma como fazemos filmes, a literatura atrav\u00e9s do livro, a m\u00fasica brasileira&#8221;.<\/p>\n\n\n\n<p>A conquista do <strong>Oscar<\/strong> de <strong>Melhor Filme Internacional<\/strong> abre precedente para futuras produ\u00e7\u00f5es brasileiras disputarem categorias principais com seriedade. Est\u00fadios internacionais agora reconhecem que o <strong>Brasil<\/strong> produz cinema comercialmente vi\u00e1vel e artisticamente relevante. A <strong>Sony Pictures<\/strong>, respons\u00e1vel pela distribui\u00e7\u00e3o internacional, j\u00e1 demonstrou interesse em expandir investimentos no cinema latino-americano. Para <strong>Walter Salles<\/strong>, a vit\u00f3ria valida sua abordagem de criar filmes distintamente brasileiros com apelo universal, estabelecendo modelo que outros cineastas nacionais podem seguir.<\/p>\n\n\n\n<h2 class=\"wp-block-heading\"><strong>Qual o significado cultural da conquista brasileira?<\/strong><\/h2>\n\n\n\n<p>A vit\u00f3ria de <strong>Ainda Estou Aqui<\/strong> ressoa muito al\u00e9m do reconhecimento cinematogr\u00e1fico, tocando quest\u00f5es fundamentais sobre mem\u00f3ria hist\u00f3rica e resist\u00eancia pol\u00edtica. O filme conseguiu transformar a hist\u00f3ria espec\u00edfica de <strong>Eunice Paiva<\/strong> em s\u00edmbolo universal de dignidade humana diante da opress\u00e3o. A <strong>Academia<\/strong> reconheceu n\u00e3o apenas qualidade art\u00edstica, mas relev\u00e2ncia tem\u00e1tica em momento onde democracias mundiais enfrentam desafios autorit\u00e1rios similares aos retratados no filme.<\/p>\n\n\n\n<p>O timing da vit\u00f3ria, ocorrendo simultaneamente ao <strong>Carnaval<\/strong> brasileiro, criou simbolismo poderoso sobre a capacidade do pa\u00eds de celebrar cultura enquanto confronta traumas hist\u00f3ricos. <strong>Salles<\/strong> mencionou especificamente como m\u00fasicas de <strong>Erasmo Carlos<\/strong>, <strong>Gal Costa<\/strong> e <strong>Caetano Veloso<\/strong> deram significado \u00e0s cenas, demonstrando como o filme funciona como &#8220;celebra\u00e7\u00e3o do <strong>Brasil<\/strong>&#8221; integral. A conquista prova que cinema nacional pode competir globalmente sem sacrificar identidade cultural, estabelecendo precedente inspirador para futuras gera\u00e7\u00f5es de cineastas brasileiros que buscam reconhecimento internacional.<\/p>\n","protected":false},"excerpt":{"rendered":"<p>A noite do Oscar 2025 terminou com sentimentos contradit\u00f3rios para o Brasil. Ainda Estou Aqui fez hist\u00f3ria ao conquistar o primeiro Oscar brasileiro na categoria Melhor Filme Internacional, mas as derrotas em Melhor Filme e Melhor Atriz deixaram um sabor agridoce. Anora, dirigido por Sean Baker, dominou a cerim\u00f4nia com cinco estatuetas, incluindo as duas [&hellip;]<\/p>\n","protected":false},"author":8,"featured_media":22818,"comment_status":"open","ping_status":"open","sticky":false,"template":"","format":"standard","meta":{"jnews-multi-image_gallery":[],"jnews_single_post":{"format":"standard"},"jnews_primary_category":[],"jnews_social_meta":[],"jnews_override_counter":[],"footnotes":""},"categories":[140],"post_tag":[753,568],"class_list":["post-22800","post","type-post","status-publish","format-standard","has-post-thumbnail","hentry","category-entretenimento","tag-ainda-estou-aqui","tag-series-e-filmes"],"yoast_head":"<!-- This site is optimized with the Yoast SEO plugin v24.6 - https:\/\/yoast.com\/wordpress\/plugins\/seo\/ -->\n<title>D\u00favidas que voc\u00ea pode ter ap\u00f3s assistir &quot;Ainda Estou Aqui&quot; - Correio Braziliense - Radar<\/title>\n<meta name=\"description\" content=\"Ficou com d\u00favidas ap\u00f3s assistir &quot;Ainda Estou Aqui&quot;? Confira as principais quest\u00f5es e explica\u00e7\u00f5es sobre o filme!\" \/>\n<meta name=\"robots\" content=\"index, follow, max-snippet:-1, max-image-preview:large, max-video-preview:-1\" \/>\n<link rel=\"canonical\" href=\"https:\/\/www.correiobraziliense.com.br\/cbradar\/duvidas-que-voce-pode-ter-depois-de-assistir-ainda-estou-aqui\/\" \/>\n<meta property=\"og:locale\" content=\"pt_BR\" \/>\n<meta property=\"og:type\" content=\"article\" \/>\n<meta property=\"og:title\" content=\"D\u00favidas que voc\u00ea pode ter ap\u00f3s assistir &quot;Ainda Estou Aqui&quot; - Correio Braziliense - Radar\" \/>\n<meta property=\"og:description\" content=\"Ficou com d\u00favidas ap\u00f3s assistir &quot;Ainda Estou Aqui&quot;? Confira as principais quest\u00f5es e explica\u00e7\u00f5es sobre o filme!\" \/>\n<meta property=\"og:url\" content=\"https:\/\/www.correiobraziliense.com.br\/cbradar\/duvidas-que-voce-pode-ter-depois-de-assistir-ainda-estou-aqui\/\" \/>\n<meta property=\"og:site_name\" content=\"Correio Braziliense - Radar\" \/>\n<meta property=\"article:published_time\" content=\"2025-04-14T10:23:00+00:00\" \/>\n<meta property=\"article:modified_time\" content=\"2025-06-23T18:13:27+00:00\" \/>\n<meta property=\"og:image\" content=\"https:\/\/www.correiobraziliense.com.br\/cbradar\/wp-content\/uploads\/2025\/04\/Edicoes-33.png\" \/>\n\t<meta property=\"og:image:width\" content=\"1280\" \/>\n\t<meta property=\"og:image:height\" content=\"720\" \/>\n\t<meta property=\"og:image:type\" content=\"image\/png\" \/>\n<meta name=\"author\" content=\"Maura Pereira\" \/>\n<meta name=\"twitter:card\" content=\"summary_large_image\" \/>\n<meta name=\"twitter:label1\" content=\"Escrito por\" \/>\n\t<meta name=\"twitter:data1\" content=\"Maura Pereira\" \/>\n\t<meta name=\"twitter:label2\" content=\"Est. tempo de leitura\" \/>\n\t<meta name=\"twitter:data2\" content=\"6 minutos\" \/>\n<!-- \/ Yoast SEO plugin. -->","yoast_head_json":{"title":"D\u00favidas que voc\u00ea pode ter ap\u00f3s assistir \"Ainda Estou Aqui\" - Correio Braziliense - Radar","description":"Ficou com d\u00favidas ap\u00f3s assistir \"Ainda Estou Aqui\"? Confira as principais quest\u00f5es e explica\u00e7\u00f5es sobre o filme!","robots":{"index":"index","follow":"follow","max-snippet":"max-snippet:-1","max-image-preview":"max-image-preview:large","max-video-preview":"max-video-preview:-1"},"canonical":"https:\/\/www.correiobraziliense.com.br\/cbradar\/duvidas-que-voce-pode-ter-depois-de-assistir-ainda-estou-aqui\/","og_locale":"pt_BR","og_type":"article","og_title":"D\u00favidas que voc\u00ea pode ter ap\u00f3s assistir \"Ainda Estou Aqui\" - Correio Braziliense - Radar","og_description":"Ficou com d\u00favidas ap\u00f3s assistir \"Ainda Estou Aqui\"? Confira as principais quest\u00f5es e explica\u00e7\u00f5es sobre o filme!","og_url":"https:\/\/www.correiobraziliense.com.br\/cbradar\/duvidas-que-voce-pode-ter-depois-de-assistir-ainda-estou-aqui\/","og_site_name":"Correio Braziliense - Radar","article_published_time":"2025-04-14T10:23:00+00:00","article_modified_time":"2025-06-23T18:13:27+00:00","og_image":[{"width":1280,"height":720,"url":"https:\/\/www.correiobraziliense.com.br\/cbradar\/wp-content\/uploads\/2025\/04\/Edicoes-33.png","type":"image\/png"}],"author":"Maura Pereira","twitter_card":"summary_large_image","twitter_misc":{"Escrito por":"Maura Pereira","Est. tempo de leitura":"6 minutos"},"schema":{"@context":"https:\/\/schema.org","@graph":[{"@type":"WebPage","@id":"https:\/\/www.correiobraziliense.com.br\/cbradar\/duvidas-que-voce-pode-ter-depois-de-assistir-ainda-estou-aqui\/","url":"https:\/\/www.correiobraziliense.com.br\/cbradar\/duvidas-que-voce-pode-ter-depois-de-assistir-ainda-estou-aqui\/","name":"D\u00favidas que voc\u00ea pode ter ap\u00f3s assistir \"Ainda Estou Aqui\" - Correio Braziliense - Radar","isPartOf":{"@id":"https:\/\/www.correiobraziliense.com.br\/cbradar\/#website"},"primaryImageOfPage":{"@id":"https:\/\/www.correiobraziliense.com.br\/cbradar\/duvidas-que-voce-pode-ter-depois-de-assistir-ainda-estou-aqui\/#primaryimage"},"image":{"@id":"https:\/\/www.correiobraziliense.com.br\/cbradar\/duvidas-que-voce-pode-ter-depois-de-assistir-ainda-estou-aqui\/#primaryimage"},"thumbnailUrl":"https:\/\/www.correiobraziliense.com.br\/cbradar\/wp-content\/uploads\/2025\/04\/Edicoes-33.png","datePublished":"2025-04-14T10:23:00+00:00","dateModified":"2025-06-23T18:13:27+00:00","author":{"@id":"https:\/\/www.correiobraziliense.com.br\/cbradar\/#\/schema\/person\/4053c651a9bfc785afc6f4cbc9032fd3"},"description":"Ficou com d\u00favidas ap\u00f3s assistir \"Ainda Estou Aqui\"? Confira as principais quest\u00f5es e explica\u00e7\u00f5es sobre o filme!","breadcrumb":{"@id":"https:\/\/www.correiobraziliense.com.br\/cbradar\/duvidas-que-voce-pode-ter-depois-de-assistir-ainda-estou-aqui\/#breadcrumb"},"inLanguage":"pt-BR","potentialAction":[{"@type":"ReadAction","target":["https:\/\/www.correiobraziliense.com.br\/cbradar\/duvidas-que-voce-pode-ter-depois-de-assistir-ainda-estou-aqui\/"]}]},{"@type":"ImageObject","inLanguage":"pt-BR","@id":"https:\/\/www.correiobraziliense.com.br\/cbradar\/duvidas-que-voce-pode-ter-depois-de-assistir-ainda-estou-aqui\/#primaryimage","url":"https:\/\/www.correiobraziliense.com.br\/cbradar\/wp-content\/uploads\/2025\/04\/Edicoes-33.png","contentUrl":"https:\/\/www.correiobraziliense.com.br\/cbradar\/wp-content\/uploads\/2025\/04\/Edicoes-33.png","width":1280,"height":720,"caption":"Ainda Estou Aqui \/\/ Reprodu\u00e7\u00e3o: Trailer Oficial Sony Pictures Brasil (Foto\/Divulga\u00e7\u00e3o)"},{"@type":"BreadcrumbList","@id":"https:\/\/www.correiobraziliense.com.br\/cbradar\/duvidas-que-voce-pode-ter-depois-de-assistir-ainda-estou-aqui\/#breadcrumb","itemListElement":[{"@type":"ListItem","position":1,"name":"In\u00edcio","item":"https:\/\/www.correiobraziliense.com.br\/cbradar\/"},{"@type":"ListItem","position":2,"name":"D\u00favidas que voc\u00ea pode ter ap\u00f3s assistir &#8220;Ainda Estou Aqui&#8221;"}]},{"@type":"WebSite","@id":"https:\/\/www.correiobraziliense.com.br\/cbradar\/#website","url":"https:\/\/www.correiobraziliense.com.br\/cbradar\/","name":"Correio Braziliense - Radar","description":"Acompanhe as \u00faltimas not\u00edcias e fique bem informado sobre tudo o que acontece no Brasil e no mundo.","potentialAction":[{"@type":"SearchAction","target":{"@type":"EntryPoint","urlTemplate":"https:\/\/www.correiobraziliense.com.br\/cbradar\/?s={search_term_string}"},"query-input":{"@type":"PropertyValueSpecification","valueRequired":true,"valueName":"search_term_string"}}],"inLanguage":"pt-BR"},{"@type":"Person","@id":"https:\/\/www.correiobraziliense.com.br\/cbradar\/#\/schema\/person\/4053c651a9bfc785afc6f4cbc9032fd3","name":"Maura Pereira","image":{"@type":"ImageObject","inLanguage":"pt-BR","@id":"https:\/\/www.correiobraziliense.com.br\/cbradar\/#\/schema\/person\/image\/","url":"https:\/\/secure.gravatar.com\/avatar\/3effd6bdadfa447f15089c7f7144eaa6?s=96&d=mm&r=g","contentUrl":"https:\/\/secure.gravatar.com\/avatar\/3effd6bdadfa447f15089c7f7144eaa6?s=96&d=mm&r=g","caption":"Maura Pereira"},"sameAs":["https:\/\/www.correiobraziliense.com.br\/"],"url":"https:\/\/www.correiobraziliense.com.br\/cbradar\/author\/mauramyth\/"}]}},"_links":{"self":[{"href":"https:\/\/www.correiobraziliense.com.br\/cbradar\/wp-json\/wp\/v2\/posts\/22800","targetHints":{"allow":["GET"]}}],"collection":[{"href":"https:\/\/www.correiobraziliense.com.br\/cbradar\/wp-json\/wp\/v2\/posts"}],"about":[{"href":"https:\/\/www.correiobraziliense.com.br\/cbradar\/wp-json\/wp\/v2\/types\/post"}],"author":[{"embeddable":true,"href":"https:\/\/www.correiobraziliense.com.br\/cbradar\/wp-json\/wp\/v2\/users\/8"}],"replies":[{"embeddable":true,"href":"https:\/\/www.correiobraziliense.com.br\/cbradar\/wp-json\/wp\/v2\/comments?post=22800"}],"version-history":[{"count":5,"href":"https:\/\/www.correiobraziliense.com.br\/cbradar\/wp-json\/wp\/v2\/posts\/22800\/revisions"}],"predecessor-version":[{"id":58155,"href":"https:\/\/www.correiobraziliense.com.br\/cbradar\/wp-json\/wp\/v2\/posts\/22800\/revisions\/58155"}],"wp:featuredmedia":[{"embeddable":true,"href":"https:\/\/www.correiobraziliense.com.br\/cbradar\/wp-json\/wp\/v2\/media\/22818"}],"wp:attachment":[{"href":"https:\/\/www.correiobraziliense.com.br\/cbradar\/wp-json\/wp\/v2\/media?parent=22800"}],"wp:term":[{"taxonomy":"category","embeddable":true,"href":"https:\/\/www.correiobraziliense.com.br\/cbradar\/wp-json\/wp\/v2\/categories?post=22800"},{"taxonomy":"post_tag","embeddable":true,"href":"https:\/\/www.correiobraziliense.com.br\/cbradar\/wp-json\/wp\/v2\/post_tag?post=22800"}],"curies":[{"name":"wp","href":"https:\/\/api.w.org\/{rel}","templated":true}]}}