{"id":22804,"date":"2025-04-14T15:30:00","date_gmt":"2025-04-14T18:30:00","guid":{"rendered":"https:\/\/www.correiobraziliense.com.br\/cbradar\/?p=22804"},"modified":"2025-06-23T15:18:21","modified_gmt":"2025-06-23T18:18:21","slug":"falta-menos-de-um-mes-para-o-retorno-de-star-wars-veja-trailer","status":"publish","type":"post","link":"https:\/\/www.correiobraziliense.com.br\/cbradar\/falta-menos-de-um-mes-para-o-retorno-de-star-wars-veja-trailer\/","title":{"rendered":"Falta menos de um m\u00eas para o retorno de Star Wars; veja trailer"},"content":{"rendered":"\n<p>A segunda temporada de <strong>Andor<\/strong> n\u00e3o apenas cumpriu as expectativas dos f\u00e3s, mas superou todos os recordes de audi\u00eancia para uma s\u00e9rie <strong>Star Wars<\/strong>. Desde sua estreia em 22 de abril de 2025, a produ\u00e7\u00e3o liderou as m\u00e9tricas de <strong><a href=\"https:\/\/www.correiobraziliense.com.br\/cbradar\/confira-os-lancamentos-da-semana-no-amazon-prime-video\/\" target=\"_blank\" rel=\"noreferrer noopener\">streaming <\/a><\/strong>no <strong>Canad\u00e1<\/strong>, <strong>Estados Unidos<\/strong> e <strong>Austr\u00e1lia<\/strong>, alcan\u00e7ando 46,1 vezes a m\u00e9dia de mercado na primeira semana. A s\u00e9rie conquistou a primeira posi\u00e7\u00e3o entre originais digitais e ocupou o terceiro lugar geral na televis\u00e3o canadense, ficando atr\u00e1s apenas de <strong>The Last of Us<\/strong> e <strong>Saturday Night Live<\/strong>.<\/p>\n\n\n\n<p>O sucesso n\u00e3o se limitou \u00e0s primeiras semanas. <strong>Andor<\/strong> manteve sua posi\u00e7\u00e3o como s\u00e9rie original mais assistida nos <strong>Estados Unidos<\/strong> por semanas consecutivas, segundo dados da <strong>Whip Media<\/strong>. A estrat\u00e9gia de lan\u00e7amento inovadora, com tr\u00eas epis\u00f3dios semanais em blocos tem\u00e1ticos, provou-se acertada. Cada &#8220;cap\u00edtulo&#8221; de tr\u00eas epis\u00f3dios funciona como um filme televisivo independente, permitindo desenvolvimento narrativo mais profundo e experi\u00eancia cinematogr\u00e1fica diferenciada no streaming.<\/p>\n\n\n\n<h2 class=\"wp-block-heading\"><strong>Como a estrat\u00e9gia de lan\u00e7amento revolucionou o consumo de s\u00e9ries?<\/strong><\/h2>\n\n\n\n<p>A <strong>Disney+<\/strong> adotou uma abordagem in\u00e9dita para <strong>Andor<\/strong> 2, dividindo a temporada em quatro blocos de tr\u00eas epis\u00f3dios cada. Esta estrat\u00e9gia contrasta drasticamente com o modelo tradicional de lan\u00e7amento semanal ou despejo completo de temporada. Os produtores estruturaram cada bloco para representar um ano espec\u00edfico na vida de <strong>Cassian Andor<\/strong>, criando arcos narrativos independentes, mas interconectados.<\/p>\n\n\n\n<p><strong>Tony Gilroy<\/strong>, criador da s\u00e9rie, explicou que esta divis\u00e3o permite explorar &#8220;a escala da hist\u00f3ria e o n\u00famero de personagens&#8221; de forma mais efetiva. Cada cap\u00edtulo aborda temas espec\u00edficos: forma\u00e7\u00e3o da rebeli\u00e3o, crescimento das tens\u00f5es pol\u00edticas, desenvolvimento pessoal dos protagonistas e aproxima\u00e7\u00e3o direta com os eventos de <strong>Rogue One<\/strong>. Esta estrutura cinematogr\u00e1fica elevou a qualidade percebida pelos espectadores, que relatam sensa\u00e7\u00e3o de assistir aos filmes consecutivos em vez de epis\u00f3dios televisivos convencionais.<\/p>\n\n\n\n<figure class=\"wp-block-embed aligncenter is-type-video is-provider-youtube wp-block-embed-youtube wp-embed-aspect-16-9 wp-has-aspect-ratio\"><div class=\"wp-block-embed__wrapper\">\n<div class=\"jeg_video_container jeg_video_content\"><iframe loading=\"lazy\" title=\"Andor | Temporada 2 | Trailer Oficial 2 Dublado | Disney+\" width=\"500\" height=\"281\" src=\"https:\/\/www.youtube.com\/embed\/wc82YKhsfTg?feature=oembed\" frameborder=\"0\" allow=\"accelerometer; autoplay; clipboard-write; encrypted-media; gyroscope; picture-in-picture; web-share\" referrerpolicy=\"strict-origin-when-cross-origin\" allowfullscreen><\/iframe><\/div>\n<\/div><\/figure>\n\n\n\n<h2 class=\"wp-block-heading\"><strong>Por que a produ\u00e7\u00e3o enfrentou tantos atrasos e como isso afetou o resultado?<\/strong><\/h2>\n\n\n\n<p>A segunda temporada de <strong>Andor<\/strong> estava originalmente programada para agosto de 2024, mas a greve da <strong>SAG-AFTRA<\/strong> em 2023 for\u00e7ou uma reprograma\u00e7\u00e3o completa. As filmagens foram suspensas por meses, criando press\u00e3o adicional sobre or\u00e7amentos j\u00e1 elevados. A s\u00e9rie possui custos de produ\u00e7\u00e3o estimados em mais de 650 milh\u00f5es de d\u00f3lares para ambas as temporadas, tornando-se uma das produ\u00e7\u00f5es <strong>Star Wars<\/strong> mais caras da hist\u00f3ria.<\/p>\n\n\n\n<p>Paradoxalmente, estes atrasos permitiram refinamentos que beneficiaram o produto final. <strong>Diego Luna<\/strong> revelou que o tempo adicional possibilitou aprimoramentos no roteiro e maior prepara\u00e7\u00e3o para sequ\u00eancias de a\u00e7\u00e3o complexas. A equipe de produ\u00e7\u00e3o utilizou o per\u00edodo para desenvolver efeitos pr\u00e1ticos mais elaborados, incluindo a constru\u00e7\u00e3o de sets externos que <strong>Adria Arjona<\/strong> estimou ter entre tr\u00eas e cinco quarteir\u00f5es de extens\u00e3o. O resultado foi uma segunda temporada tecnicamente superior, justificando a espera prolongada dos f\u00e3s.<\/p>\n\n\n\n<h2 class=\"wp-block-heading\"><strong>Qual foi o impacto da recep\u00e7\u00e3o cr\u00edtica excepcional?<\/strong><\/h2>\n\n\n\n<p><strong>Andor<\/strong> 2 recebeu algumas das melhores avalia\u00e7\u00f5es da hist\u00f3ria de <strong>Star Wars<\/strong> na televis\u00e3o. Cr\u00edticos destacaram a maturidade narrativa, cinematografia excepcional e performances do elenco como elementos diferenciadores. A s\u00e9rie foi descrita como &#8220;milagre&#8221; por primeiras rea\u00e7\u00f5es, com muitos afirmando que a produ\u00e7\u00e3o torna <strong>Rogue One<\/strong> ainda melhor em retrospectiva.<\/p>\n\n\n\n<p>A aclama\u00e7\u00e3o cr\u00edtica transcendeu o nicho de f\u00e3s <strong>Star Wars<\/strong>, atraindo audi\u00eancias que normalmente evitam fic\u00e7\u00e3o cient\u00edfica. Ve\u00edculos especializados elogiaram a abordagem &#8220;mais adulta e fundamentada&#8221; comparada a outras propriedades da franquia. Esta recep\u00e7\u00e3o positiva influenciou diretamente as m\u00e9tricas de streaming, com novos assinantes citando especificamente <strong>Andor<\/strong> como motiva\u00e7\u00e3o para aderir ao <strong>Disney+<\/strong>. A s\u00e9rie estabeleceu novo padr\u00e3o de qualidade para produ\u00e7\u00f5es televisivas da franquia.<\/p>\n\n\n\n<h2 class=\"wp-block-heading\"><strong>Como o retorno de Ben Mendelsohn mudou a din\u00e2mica narrativa?<\/strong><\/h2>\n\n\n\n<p>A inclus\u00e3o de <strong>Ben Mendelsohn<\/strong> como <strong>Orson Krennic<\/strong> representa um dos elementos mais celebrados da segunda temporada. O personagem, originalmente apresentado em <strong>Rogue One<\/strong>, agora recebe desenvolvimento substancial que enriquece sua caracteriza\u00e7\u00e3o no filme. A din\u00e2mica entre <strong>Krennic<\/strong> e <strong>Dedra Meero<\/strong> (<strong>Denise Gough<\/strong>) criou algumas das cenas mais tensas da s\u00e9rie.<\/p>\n\n\n\n<p><strong>Mendelsohn<\/strong> trouxe gravitas shakespeariana ao papel, expandindo <strong>Krennic<\/strong> al\u00e9m do antagonista unidimensional do filme. Suas cenas com <strong>Diego Luna<\/strong> antecipam confrontos futuros sem revelar demais, criando tens\u00e3o dram\u00e1tica sustentada. A presen\u00e7a do ator tamb\u00e9m serviu como ponte narrativa direta com <strong>Rogue One<\/strong>, satisfazendo f\u00e3s que esperavam conex\u00f5es mais expl\u00edcitas. Esta integra\u00e7\u00e3o org\u00e2nica de elementos cinematogr\u00e1ficos demonstra maturidade criativa da equipe de produ\u00e7\u00e3o.<\/p>\n\n\n\n<h2 class=\"wp-block-heading\"><strong>Que legado a s\u00e9rie deixa para o futuro de Star Wars na TV?<\/strong><\/h2>\n\n\n\n<p><strong>Andor<\/strong> estabeleceu precedente de qualidade que outras produ\u00e7\u00f5es <strong>Star Wars<\/strong> precisar\u00e3o igualar. A s\u00e9rie provou que audi\u00eancias respondem positivamente a narrativas mais complexas e maduras dentro do universo. O sucesso comercial e cr\u00edtico valida investimentos elevados em produ\u00e7\u00e3o quando resultam em qualidade excepcional.<\/p>\n\n\n\n<p><strong>Tony Gilroy<\/strong> e <strong>Diego Luna<\/strong> criaram modelo de desenvolvimento de personagens que pode influenciar futuras s\u00e9ries da franquia. A abordagem de explorar consequ\u00eancias pol\u00edticas e pessoais de eventos gal\u00e1cticos oferece template para expandir outros per\u00edodos da cronologia <strong>Star Wars<\/strong>. Com a confirma\u00e7\u00e3o de que esta \u00e9 a temporada final, <strong>Andor<\/strong> deixa legado de excel\u00eancia que estabelece novo padr\u00e3o para storytelling televisivo no universo criado por <strong>George Lucas<\/strong>. A s\u00e9rie demonstrou que <strong>Star Wars<\/strong> pode transcender o entretenimento familiar para alcan\u00e7ar sofistica\u00e7\u00e3o narrativa compar\u00e1vel \u00e0s melhores produ\u00e7\u00f5es televisivas contempor\u00e2neas.<\/p>\n","protected":false},"excerpt":{"rendered":"<p>A segunda temporada de Andor n\u00e3o apenas cumpriu as expectativas dos f\u00e3s, mas superou todos os recordes de audi\u00eancia para uma s\u00e9rie Star Wars. Desde sua estreia em 22 de abril de 2025, a produ\u00e7\u00e3o liderou as m\u00e9tricas de streaming no Canad\u00e1, Estados Unidos e Austr\u00e1lia, alcan\u00e7ando 46,1 vezes a m\u00e9dia de mercado na primeira [&hellip;]<\/p>\n","protected":false},"author":8,"featured_media":19972,"comment_status":"open","ping_status":"open","sticky":false,"template":"","format":"standard","meta":{"_yoast_wpseo_focuskw":"Andor","_yoast_wpseo_title":"","_yoast_wpseo_metadesc":"Assista ao trailer da 2\u00aa temporada de \"Andor\" no Disney+ e descubra o que vem por a\u00ed na s\u00e9rie do universo Star Wars!","jnews-multi-image_gallery":[],"jnews_single_post":{"format":"standard"},"jnews_primary_category":[],"jnews_social_meta":[],"jnews_override_counter":[],"footnotes":""},"categories":[140],"post_tag":[3087,771],"class_list":["post-22804","post","type-post","status-publish","format-standard","has-post-thumbnail","hentry","category-entretenimento","tag-andor","tag-star-wars"],"yoast_head":"<!-- This site is optimized with the Yoast SEO plugin v24.6 - https:\/\/yoast.com\/wordpress\/plugins\/seo\/ -->\n<title>Falta menos de um m\u00eas para o retorno de Star Wars; veja trailer - Correio Braziliense - Radar<\/title>\n<meta name=\"description\" content=\"Assista ao trailer da 2\u00aa temporada de &quot;Andor&quot; no Disney+ e descubra o que vem por a\u00ed na s\u00e9rie do universo Star Wars!\" \/>\n<meta name=\"robots\" content=\"index, follow, max-snippet:-1, max-image-preview:large, max-video-preview:-1\" \/>\n<link rel=\"canonical\" href=\"https:\/\/www.correiobraziliense.com.br\/cbradar\/falta-menos-de-um-mes-para-o-retorno-de-star-wars-veja-trailer\/\" \/>\n<meta property=\"og:locale\" content=\"pt_BR\" \/>\n<meta property=\"og:type\" content=\"article\" \/>\n<meta property=\"og:title\" content=\"Falta menos de um m\u00eas para o retorno de Star Wars; veja trailer - Correio Braziliense - Radar\" \/>\n<meta property=\"og:description\" content=\"Assista ao trailer da 2\u00aa temporada de &quot;Andor&quot; no Disney+ e descubra o que vem por a\u00ed na s\u00e9rie do universo Star Wars!\" \/>\n<meta property=\"og:url\" content=\"https:\/\/www.correiobraziliense.com.br\/cbradar\/falta-menos-de-um-mes-para-o-retorno-de-star-wars-veja-trailer\/\" \/>\n<meta property=\"og:site_name\" content=\"Correio Braziliense - Radar\" \/>\n<meta property=\"article:published_time\" content=\"2025-04-14T18:30:00+00:00\" \/>\n<meta property=\"article:modified_time\" content=\"2025-06-23T18:18:21+00:00\" \/>\n<meta property=\"og:image\" content=\"https:\/\/www.correiobraziliense.com.br\/cbradar\/wp-content\/uploads\/2025\/04\/star-wars_1743967216712.jpg\" \/>\n\t<meta property=\"og:image:width\" content=\"1280\" \/>\n\t<meta property=\"og:image:height\" content=\"720\" \/>\n\t<meta property=\"og:image:type\" content=\"image\/jpeg\" \/>\n<meta name=\"author\" content=\"Maura Pereira\" \/>\n<meta name=\"twitter:card\" content=\"summary_large_image\" \/>\n<meta name=\"twitter:label1\" content=\"Escrito por\" \/>\n\t<meta name=\"twitter:data1\" content=\"Maura Pereira\" \/>\n\t<meta name=\"twitter:label2\" content=\"Est. tempo de leitura\" \/>\n\t<meta name=\"twitter:data2\" content=\"5 minutos\" \/>\n<!-- \/ Yoast SEO plugin. -->","yoast_head_json":{"title":"Falta menos de um m\u00eas para o retorno de Star Wars; veja trailer - Correio Braziliense - Radar","description":"Assista ao trailer da 2\u00aa temporada de \"Andor\" no Disney+ e descubra o que vem por a\u00ed na s\u00e9rie do universo Star Wars!","robots":{"index":"index","follow":"follow","max-snippet":"max-snippet:-1","max-image-preview":"max-image-preview:large","max-video-preview":"max-video-preview:-1"},"canonical":"https:\/\/www.correiobraziliense.com.br\/cbradar\/falta-menos-de-um-mes-para-o-retorno-de-star-wars-veja-trailer\/","og_locale":"pt_BR","og_type":"article","og_title":"Falta menos de um m\u00eas para o retorno de Star Wars; veja trailer - Correio Braziliense - Radar","og_description":"Assista ao trailer da 2\u00aa temporada de \"Andor\" no Disney+ e descubra o que vem por a\u00ed na s\u00e9rie do universo Star Wars!","og_url":"https:\/\/www.correiobraziliense.com.br\/cbradar\/falta-menos-de-um-mes-para-o-retorno-de-star-wars-veja-trailer\/","og_site_name":"Correio Braziliense - Radar","article_published_time":"2025-04-14T18:30:00+00:00","article_modified_time":"2025-06-23T18:18:21+00:00","og_image":[{"width":1280,"height":720,"url":"https:\/\/www.correiobraziliense.com.br\/cbradar\/wp-content\/uploads\/2025\/04\/star-wars_1743967216712.jpg","type":"image\/jpeg"}],"author":"Maura Pereira","twitter_card":"summary_large_image","twitter_misc":{"Escrito por":"Maura Pereira","Est. tempo de leitura":"5 minutos"},"schema":{"@context":"https:\/\/schema.org","@graph":[{"@type":"WebPage","@id":"https:\/\/www.correiobraziliense.com.br\/cbradar\/falta-menos-de-um-mes-para-o-retorno-de-star-wars-veja-trailer\/","url":"https:\/\/www.correiobraziliense.com.br\/cbradar\/falta-menos-de-um-mes-para-o-retorno-de-star-wars-veja-trailer\/","name":"Falta menos de um m\u00eas para o retorno de Star Wars; veja trailer - Correio Braziliense - Radar","isPartOf":{"@id":"https:\/\/www.correiobraziliense.com.br\/cbradar\/#website"},"primaryImageOfPage":{"@id":"https:\/\/www.correiobraziliense.com.br\/cbradar\/falta-menos-de-um-mes-para-o-retorno-de-star-wars-veja-trailer\/#primaryimage"},"image":{"@id":"https:\/\/www.correiobraziliense.com.br\/cbradar\/falta-menos-de-um-mes-para-o-retorno-de-star-wars-veja-trailer\/#primaryimage"},"thumbnailUrl":"https:\/\/www.correiobraziliense.com.br\/cbradar\/wp-content\/uploads\/2025\/04\/star-wars_1743967216712.jpg","datePublished":"2025-04-14T18:30:00+00:00","dateModified":"2025-06-23T18:18:21+00:00","author":{"@id":"https:\/\/www.correiobraziliense.com.br\/cbradar\/#\/schema\/person\/4053c651a9bfc785afc6f4cbc9032fd3"},"description":"Assista ao trailer da 2\u00aa temporada de \"Andor\" no Disney+ e descubra o que vem por a\u00ed na s\u00e9rie do universo Star Wars!","breadcrumb":{"@id":"https:\/\/www.correiobraziliense.com.br\/cbradar\/falta-menos-de-um-mes-para-o-retorno-de-star-wars-veja-trailer\/#breadcrumb"},"inLanguage":"pt-BR","potentialAction":[{"@type":"ReadAction","target":["https:\/\/www.correiobraziliense.com.br\/cbradar\/falta-menos-de-um-mes-para-o-retorno-de-star-wars-veja-trailer\/"]}]},{"@type":"ImageObject","inLanguage":"pt-BR","@id":"https:\/\/www.correiobraziliense.com.br\/cbradar\/falta-menos-de-um-mes-para-o-retorno-de-star-wars-veja-trailer\/#primaryimage","url":"https:\/\/www.correiobraziliense.com.br\/cbradar\/wp-content\/uploads\/2025\/04\/star-wars_1743967216712.jpg","contentUrl":"https:\/\/www.correiobraziliense.com.br\/cbradar\/wp-content\/uploads\/2025\/04\/star-wars_1743967216712.jpg","width":1280,"height":720,"caption":"Star Wars \/\/ Cr\u00e9ditos: depositphotos.com \/ IgorVetushko"},{"@type":"BreadcrumbList","@id":"https:\/\/www.correiobraziliense.com.br\/cbradar\/falta-menos-de-um-mes-para-o-retorno-de-star-wars-veja-trailer\/#breadcrumb","itemListElement":[{"@type":"ListItem","position":1,"name":"In\u00edcio","item":"https:\/\/www.correiobraziliense.com.br\/cbradar\/"},{"@type":"ListItem","position":2,"name":"Falta menos de um m\u00eas para o retorno de Star Wars; veja trailer"}]},{"@type":"WebSite","@id":"https:\/\/www.correiobraziliense.com.br\/cbradar\/#website","url":"https:\/\/www.correiobraziliense.com.br\/cbradar\/","name":"Correio Braziliense - Radar","description":"Acompanhe as \u00faltimas not\u00edcias e fique bem informado sobre tudo o que acontece no Brasil e no mundo.","potentialAction":[{"@type":"SearchAction","target":{"@type":"EntryPoint","urlTemplate":"https:\/\/www.correiobraziliense.com.br\/cbradar\/?s={search_term_string}"},"query-input":{"@type":"PropertyValueSpecification","valueRequired":true,"valueName":"search_term_string"}}],"inLanguage":"pt-BR"},{"@type":"Person","@id":"https:\/\/www.correiobraziliense.com.br\/cbradar\/#\/schema\/person\/4053c651a9bfc785afc6f4cbc9032fd3","name":"Maura Pereira","image":{"@type":"ImageObject","inLanguage":"pt-BR","@id":"https:\/\/www.correiobraziliense.com.br\/cbradar\/#\/schema\/person\/image\/","url":"https:\/\/secure.gravatar.com\/avatar\/3effd6bdadfa447f15089c7f7144eaa6?s=96&d=mm&r=g","contentUrl":"https:\/\/secure.gravatar.com\/avatar\/3effd6bdadfa447f15089c7f7144eaa6?s=96&d=mm&r=g","caption":"Maura Pereira"},"sameAs":["https:\/\/www.correiobraziliense.com.br\/"],"url":"https:\/\/www.correiobraziliense.com.br\/cbradar\/author\/mauramyth\/"}]}},"_links":{"self":[{"href":"https:\/\/www.correiobraziliense.com.br\/cbradar\/wp-json\/wp\/v2\/posts\/22804","targetHints":{"allow":["GET"]}}],"collection":[{"href":"https:\/\/www.correiobraziliense.com.br\/cbradar\/wp-json\/wp\/v2\/posts"}],"about":[{"href":"https:\/\/www.correiobraziliense.com.br\/cbradar\/wp-json\/wp\/v2\/types\/post"}],"author":[{"embeddable":true,"href":"https:\/\/www.correiobraziliense.com.br\/cbradar\/wp-json\/wp\/v2\/users\/8"}],"replies":[{"embeddable":true,"href":"https:\/\/www.correiobraziliense.com.br\/cbradar\/wp-json\/wp\/v2\/comments?post=22804"}],"version-history":[{"count":15,"href":"https:\/\/www.correiobraziliense.com.br\/cbradar\/wp-json\/wp\/v2\/posts\/22804\/revisions"}],"predecessor-version":[{"id":58165,"href":"https:\/\/www.correiobraziliense.com.br\/cbradar\/wp-json\/wp\/v2\/posts\/22804\/revisions\/58165"}],"wp:featuredmedia":[{"embeddable":true,"href":"https:\/\/www.correiobraziliense.com.br\/cbradar\/wp-json\/wp\/v2\/media\/19972"}],"wp:attachment":[{"href":"https:\/\/www.correiobraziliense.com.br\/cbradar\/wp-json\/wp\/v2\/media?parent=22804"}],"wp:term":[{"taxonomy":"category","embeddable":true,"href":"https:\/\/www.correiobraziliense.com.br\/cbradar\/wp-json\/wp\/v2\/categories?post=22804"},{"taxonomy":"post_tag","embeddable":true,"href":"https:\/\/www.correiobraziliense.com.br\/cbradar\/wp-json\/wp\/v2\/post_tag?post=22804"}],"curies":[{"name":"wp","href":"https:\/\/api.w.org\/{rel}","templated":true}]}}