{"id":22894,"date":"2025-04-14T21:50:00","date_gmt":"2025-04-15T00:50:00","guid":{"rendered":"https:\/\/www.correiobraziliense.com.br\/cbradar\/?p=22894"},"modified":"2025-04-13T10:45:18","modified_gmt":"2025-04-13T13:45:18","slug":"voce-precisa-visitar-uma-das-cidades-mais-historicas-do-mundo","status":"publish","type":"post","link":"https:\/\/www.correiobraziliense.com.br\/cbradar\/voce-precisa-visitar-uma-das-cidades-mais-historicas-do-mundo\/","title":{"rendered":"Voc\u00ea PRECISA visitar uma das cidades mais hist\u00f3ricas do mundo!"},"content":{"rendered":"\n<p><a href=\"https:\/\/pt.wikipedia.org\/wiki\/Atenas\" target=\"_blank\" rel=\"noreferrer noopener\"><strong>Atenas<\/strong> <\/a>\u00e9 um destino onde a hist\u00f3ria antiga e a vida moderna se encontram em perfeita harmonia. Localizada no cora\u00e7\u00e3o da <strong>Gr\u00e9cia<\/strong>, essa <strong><a href=\"https:\/\/www.correiobraziliense.com.br\/cbradar\/conheca-a-cidade-onde-todos-os-moradores-tem-acesso-gratuito-a-instrumentos-musicais\/\" target=\"_blank\" rel=\"noreferrer noopener\">cidade <\/a><\/strong>fascinante \u00e9 ber\u00e7o da civiliza\u00e7\u00e3o ocidental, famosa por sua arquitetura cl\u00e1ssica, filosofia e papel fundamental na democracia. Atualmente, atrai milh\u00f5es de visitantes que desejam explorar ru\u00ednas milenares, gastronomia aut\u00eantica e uma cultura vibrante que encanta a todos. Descubra os maiores motivos para voc\u00ea visitar este encanto!<\/p>\n\n\n\n<p>Neste artigo, voc\u00ea vai descobrir tudo o que precisa saber antes de visitar <strong>Atenas<\/strong>: desde sua rica hist\u00f3ria at\u00e9 dicas pr\u00e1ticas sobre transporte, hospedagem e seguran\u00e7a. Continue lendo para planejar uma viagem inesquec\u00edvel \u00e0 capital grega!<\/p>\n\n\n\n<h2 class=\"wp-block-heading\">Qual \u00e9 a hist\u00f3ria de Atenas?<\/h2>\n\n\n\n<p>A hist\u00f3ria de <strong>Atenas<\/strong> remonta a mais de <strong>3.000 anos<\/strong>, quando a cidade foi fundada e come\u00e7ou a se desenvolver como um importante centro pol\u00edtico e cultural na <strong>Antiguidade Cl\u00e1ssica<\/strong>. No s\u00e9culo V a.C<strong>.<\/strong>, conhecida como a &#8220;<strong>Era de Our<\/strong>o&#8221;, <strong>Atenas<\/strong> floresceu sob o comando de l\u00edderes como <strong>P\u00e9ricles<\/strong>, que impulsionaram grandes constru\u00e7\u00f5es, como o <strong>Partenon<\/strong>, e promoveram a filosofia atrav\u00e9s de figuras como <strong>S\u00f3crates<\/strong>, <strong>Plat\u00e3o<\/strong> e <strong>Arist\u00f3teles<\/strong>.<\/p>\n\n\n\n<p>Ao longo dos s\u00e9culos, <strong>Atenas<\/strong> passou por in\u00fameras transforma\u00e7\u00f5es: foi ocupada pelos <strong>romanos<\/strong>, pelos <strong>bizantinos<\/strong>, pelos <strong>otomanos<\/strong> e, finalmente, tornou-se a capital do novo Estado grego independente em <strong>1834<\/strong>. Esses per\u00edodos hist\u00f3ricos deixaram marcas profundas na paisagem urbana e nas tradi\u00e7\u00f5es da cidade, que mescla ru\u00ednas milenares com igrejas ortodoxas e constru\u00e7\u00f5es modernas.<\/p>\n\n\n<div class=\"wp-block-image\">\n<figure class=\"aligncenter size-large\"><img decoding=\"async\" width=\"1024\" height=\"576\" src=\"https:\/\/www.correiobraziliense.com.br\/cbradar\/wp-content\/uploads\/2025\/04\/Atenas_1744551082272-1024x576.jpg\" alt=\"Voc\u00ea PRECISA visitar uma das cidades mais hist\u00f3ricas do mundo!\" class=\"wp-image-23009\" srcset=\"https:\/\/www.correiobraziliense.com.br\/cbradar\/wp-content\/uploads\/2025\/04\/Atenas_1744551082272-1024x576.jpg 1024w, https:\/\/www.correiobraziliense.com.br\/cbradar\/wp-content\/uploads\/2025\/04\/Atenas_1744551082272-300x169.jpg 300w, https:\/\/www.correiobraziliense.com.br\/cbradar\/wp-content\/uploads\/2025\/04\/Atenas_1744551082272-768x432.jpg 768w, https:\/\/www.correiobraziliense.com.br\/cbradar\/wp-content\/uploads\/2025\/04\/Atenas_1744551082272-750x422.jpg 750w, https:\/\/www.correiobraziliense.com.br\/cbradar\/wp-content\/uploads\/2025\/04\/Atenas_1744551082272-1140x641.jpg 1140w, https:\/\/www.correiobraziliense.com.br\/cbradar\/wp-content\/uploads\/2025\/04\/Atenas_1744551082272.jpg 1280w\" sizes=\"(max-width: 1024px) 100vw, 1024px\" \/><figcaption class=\"wp-element-caption\">Atenas \/\/ Cr\u00e9ditos: depositphotos.com \/ Anastasios71<\/figcaption><\/figure><\/div>\n\n\n<h2 class=\"wp-block-heading\">Quais s\u00e3o as curiosidades mais interessantes sobre Atenas?<\/h2>\n\n\n\n<p>Entre as muitas curiosidades sobre <strong>Atenas<\/strong>, uma das mais fascinantes \u00e9 que a cidade tem mais de <strong>300 dias de sol por ano<\/strong>, o que a torna ideal para o turismo. Al\u00e9m disso, o nome da cidade homenageia a deusa <strong>Atena<\/strong>, que, segundo a mitologia, presenteou os atenienses com a oliveira, s\u00edmbolo de sabedoria e prosperidade. A rivalidade mitol\u00f3gica com <strong>Poseidon<\/strong> pela prote\u00e7\u00e3o da cidade \u00e9 lembrada at\u00e9 hoje em festivais e contos populares.<\/p>\n\n\n\n<p>Outro dado curioso \u00e9 que <strong>Atenas<\/strong> possui um dos sistemas de metr\u00f4 mais limpos da <strong>Europa<\/strong>, com v\u00e1rias esta\u00e7\u00f5es exibindo artefatos arqueol\u00f3gicos descobertos durante as escava\u00e7\u00f5es. O s\u00edmbolo da cidade \u00e9 a coruja, associada \u00e0 deusa <strong>Atena<\/strong>, e pode ser visto em diversos souvenirs. A bandeira da cidade incorpora elementos cl\u00e1ssicos e modernos, refletindo a identidade \u00fanica de <strong>Atenas<\/strong>.<\/p>\n\n\n\n<h2 class=\"wp-block-heading\">Quais s\u00e3o os principais pontos tur\u00edsticos de Atenas?<\/h2>\n\n\n\n<p>O ponto tur\u00edstico mais emblem\u00e1tico de <strong>Atenas<\/strong> \u00e9, sem d\u00favida, a <strong>Acr\u00f3pole<\/strong>, onde fica o majestoso <strong>Partenon<\/strong>, um templo dedicado \u00e0 deusa <strong>Atena<\/strong> constru\u00eddo no s\u00e9culo <strong>V a.C.<\/strong>. Ao lado, est\u00e3o outras estruturas impressionantes, como o <strong>Erecteion<\/strong> e o <strong>Templo de Atena Nice<\/strong>, todos com vistas deslumbrantes da cidade. O ingresso para o complexo arqueol\u00f3gico custa cerca de <strong>20\u20ac<\/strong> e pode ser combinado com outros s\u00edtios hist\u00f3ricos.<\/p>\n\n\n\n<p>Para quem deseja explorar mais, o bairro de <strong>Plaka<\/strong>, aos p\u00e9s da <strong>Acr\u00f3pole<\/strong>, oferece ruas de paralelep\u00edpedos, lojas artesanais e restaurantes t\u00edpicos. A <strong>\u00c1gora Antiga<\/strong>, o <strong>Templo de Zeus Ol\u00edmpico<\/strong>, o <strong>Est\u00e1dio Panatenaico<\/strong> e o <strong>Museu da Acr\u00f3pole<\/strong> tamb\u00e9m s\u00e3o paradas imperd\u00edveis. Visitar entre abril e junho ou setembro e outubro garante clima ameno e menos multid\u00f5es, otimizando a experi\u00eancia.<\/p>\n\n\n\n<h2 class=\"wp-block-heading\">Como \u00e9 o clima local e qual a melhor \u00e9poca para visitar?<\/h2>\n\n\n\n<p>O clima de <strong>Atenas<\/strong> \u00e9 mediterr\u00e2neo, com ver\u00f5es longos e quentes e invernos curtos e amenos. As temperaturas m\u00e9dias no ver\u00e3o ultrapassam os <strong>30\u00b0C<\/strong>, enquanto no inverno raramente caem abaixo de <strong>10\u00b0C<\/strong>. As chuvas s\u00e3o mais frequentes entre novembro e fevereiro, mas mesmo nesses meses o sol costuma aparecer com frequ\u00eancia.<\/p>\n\n\n\n<p>A melhor \u00e9poca para visitar \u00e9 na primavera (abril a junho) e no outono (setembro e outubro), quando o clima \u00e9 agrad\u00e1vel e os pontos tur\u00edsticos est\u00e3o menos lotados. Nessas esta\u00e7\u00f5es, os pre\u00e7os costumam ser mais acess\u00edveis, e a cidade oferece eventos culturais e festivais ao ar livre. Leve roupas leves no ver\u00e3o, mas inclua um agasalho leve para as noites frescas da meia-esta\u00e7\u00e3o.<\/p>\n\n\n\n<h2 class=\"wp-block-heading\">O que fazer em Atenas al\u00e9m dos pontos tur\u00edsticos?<\/h2>\n\n\n\n<p>Para viver experi\u00eancias mais aut\u00eanticas, visite o mercado central de <strong>Atenas<\/strong> (Varvakios Agora), onde \u00e9 poss\u00edvel saborear queijos, azeites e frutos do mar frescos. Passeie pelo bairro de <strong>Monastiraki<\/strong>, famoso por seu mercado de pulgas e lojas vintage. \u00c0 noite, explore as tabernas tradicionais com m\u00fasica ao vivo no bairro de <strong>Psiri<\/strong>, ideal para provar pratos como moussak\u00e1, souvlaki e baklava.<\/p>\n\n\n\n<p>Em rela\u00e7\u00e3o \u00e0 hospedagem, h\u00e1 op\u00e7\u00f5es para todos os bolsos: desde hostels econ\u00f4micos no centro at\u00e9 hot\u00e9is boutique com vista para a <strong>Acr\u00f3pole<\/strong>. O transporte p\u00fablico \u00e9 eficiente e barato, com bilhetes a partir de <strong>1,20\u20ac<\/strong>, e h\u00e1 aplicativos de transporte, al\u00e9m de aluguel de bicicletas el\u00e9tricas. Caminhar tamb\u00e9m \u00e9 uma \u00f3tima maneira de explorar o centro hist\u00f3rico da cidade.<\/p>\n\n\n\n<h2 class=\"wp-block-heading\">Quais s\u00e3o as dicas essenciais para quem visita?<\/h2>\n\n\n\n<p>Como em qualquer grande cidade, \u00e9 importante manter aten\u00e7\u00e3o aos pertences, especialmente em \u00e1reas movimentadas como esta\u00e7\u00f5es de metr\u00f4 e pontos tur\u00edsticos. <strong>Atenas<\/strong> \u00e9 considerada segura para turistas, mas pequenos furtos podem acontecer. Evite carregar grandes quantias de dinheiro e utilize bolsas com z\u00edper.<\/p>\n\n\n\n<p>Para economizar, adquira passes tur\u00edsticos que oferecem entrada combinada para diversos monumentos. Visitar fora da alta temporada garante melhores pre\u00e7os em passagens e hospedagem. Evite restaurantes excessivamente tur\u00edsticos nas proximidades da <strong>Acr\u00f3pole<\/strong> e opte por estabelecimentos frequentados por locais, onde a comida \u00e9 mais aut\u00eantica e barata.<\/p>\n\n\n\n<h2 class=\"wp-block-heading\">Perguntas frequentes (FAQ)<\/h2>\n\n\n\n<p><strong>Qual \u00e9 a melhor \u00e9poca do ano para visitar Atenas?<\/strong><br>Geralmente, depende do clima e dos eventos locais, como festivais ou feriados.<\/p>\n\n\n\n<p><strong>Quais pratos t\u00edpicos devem ser experimentados?<\/strong><br>Busque restaurantes tradicionais para provar a culin\u00e1ria local de <strong>Atenas<\/strong>.<\/p>\n\n\n\n<p><strong>Quais s\u00e3o as melhores op\u00e7\u00f5es de transporte na cidade?<\/strong><br>Use \u00f4nibus, t\u00e1xis, aplicativos ou aluguel de bicicletas, dependendo da infraestrutura de <strong>Atenas<\/strong>.<\/p>\n\n\n\n<p><strong>Atenas \u00e9 segura para turistas?<\/strong><br>Em geral, sim, mas \u00e9 importante manter os cuidados de praxe em qualquer grande centro urbano.<\/p>\n\n\n\n<p><strong>Que eventos e festivais ocorrem anualmente em Atenas?<\/strong><br>H\u00e1 celebra\u00e7\u00f5es religiosas, gastron\u00f4micas ou art\u00edsticas ao longo do ano; consulte calend\u00e1rios oficiais para se programar.<\/p>\n","protected":false},"excerpt":{"rendered":"<p>Atenas \u00e9 um destino onde a hist\u00f3ria antiga e a vida moderna se encontram em perfeita harmonia. Localizada no cora\u00e7\u00e3o da Gr\u00e9cia, essa cidade fascinante \u00e9 ber\u00e7o da civiliza\u00e7\u00e3o ocidental, famosa por sua arquitetura cl\u00e1ssica, filosofia e papel fundamental na democracia. Atualmente, atrai milh\u00f5es de visitantes que desejam explorar ru\u00ednas milenares, gastronomia aut\u00eantica e uma [&hellip;]<\/p>\n","protected":false},"author":8,"featured_media":23008,"comment_status":"open","ping_status":"open","sticky":false,"template":"","format":"standard","meta":{"_yoast_wpseo_focuskw":"visitar","_yoast_wpseo_title":"","_yoast_wpseo_metadesc":"Neste artigo voc\u00ea ira conhecer uma das cidades mais hist\u00f3ricas do mundo para visitar, repleta de cultura, arquitetura e mem\u00f3rias milenares!","jnews-multi-image_gallery":[],"jnews_single_post":{"format":"standard"},"jnews_primary_category":[],"jnews_social_meta":[],"jnews_override_counter":[],"footnotes":""},"categories":[108,111],"tags":[3269,3270],"class_list":["post-22894","post","type-post","status-publish","format-standard","has-post-thumbnail","hentry","category-cidades","category-turismo","tag-atenas","tag-grecia"],"yoast_head":"<!-- This site is optimized with the Yoast SEO plugin v24.6 - https:\/\/yoast.com\/wordpress\/plugins\/seo\/ -->\n<title>Voc\u00ea PRECISA visitar uma das cidades mais hist\u00f3ricas do mundo! - Correio Braziliense - Radar<\/title>\n<meta name=\"description\" content=\"Neste artigo voc\u00ea ira conhecer uma das cidades mais hist\u00f3ricas do mundo para visitar, repleta de cultura, arquitetura e mem\u00f3rias milenares!\" \/>\n<meta name=\"robots\" content=\"index, follow, max-snippet:-1, max-image-preview:large, max-video-preview:-1\" \/>\n<link rel=\"canonical\" href=\"https:\/\/www.correiobraziliense.com.br\/cbradar\/voce-precisa-visitar-uma-das-cidades-mais-historicas-do-mundo\/\" \/>\n<meta property=\"og:locale\" content=\"pt_BR\" \/>\n<meta property=\"og:type\" content=\"article\" \/>\n<meta property=\"og:title\" content=\"Voc\u00ea PRECISA visitar uma das cidades mais hist\u00f3ricas do mundo! - Correio Braziliense - Radar\" \/>\n<meta property=\"og:description\" content=\"Neste artigo voc\u00ea ira conhecer uma das cidades mais hist\u00f3ricas do mundo para visitar, repleta de cultura, arquitetura e mem\u00f3rias milenares!\" \/>\n<meta property=\"og:url\" content=\"https:\/\/www.correiobraziliense.com.br\/cbradar\/voce-precisa-visitar-uma-das-cidades-mais-historicas-do-mundo\/\" \/>\n<meta property=\"og:site_name\" content=\"Correio Braziliense - Radar\" \/>\n<meta property=\"article:published_time\" content=\"2025-04-15T00:50:00+00:00\" \/>\n<meta property=\"og:image\" content=\"https:\/\/www.correiobraziliense.com.br\/cbradar\/wp-content\/uploads\/2025\/04\/Atenas_1744551060422.jpg\" \/>\n\t<meta property=\"og:image:width\" content=\"1280\" \/>\n\t<meta property=\"og:image:height\" content=\"720\" \/>\n\t<meta property=\"og:image:type\" content=\"image\/jpeg\" \/>\n<meta name=\"author\" content=\"Maura Pereira\" \/>\n<meta name=\"twitter:card\" content=\"summary_large_image\" \/>\n<meta name=\"twitter:label1\" content=\"Escrito por\" \/>\n\t<meta name=\"twitter:data1\" content=\"Maura Pereira\" \/>\n\t<meta name=\"twitter:label2\" content=\"Est. tempo de leitura\" \/>\n\t<meta name=\"twitter:data2\" content=\"6 minutos\" \/>\n<!-- \/ Yoast SEO plugin. -->","yoast_head_json":{"title":"Voc\u00ea PRECISA visitar uma das cidades mais hist\u00f3ricas do mundo! - Correio Braziliense - Radar","description":"Neste artigo voc\u00ea ira conhecer uma das cidades mais hist\u00f3ricas do mundo para visitar, repleta de cultura, arquitetura e mem\u00f3rias milenares!","robots":{"index":"index","follow":"follow","max-snippet":"max-snippet:-1","max-image-preview":"max-image-preview:large","max-video-preview":"max-video-preview:-1"},"canonical":"https:\/\/www.correiobraziliense.com.br\/cbradar\/voce-precisa-visitar-uma-das-cidades-mais-historicas-do-mundo\/","og_locale":"pt_BR","og_type":"article","og_title":"Voc\u00ea PRECISA visitar uma das cidades mais hist\u00f3ricas do mundo! - Correio Braziliense - Radar","og_description":"Neste artigo voc\u00ea ira conhecer uma das cidades mais hist\u00f3ricas do mundo para visitar, repleta de cultura, arquitetura e mem\u00f3rias milenares!","og_url":"https:\/\/www.correiobraziliense.com.br\/cbradar\/voce-precisa-visitar-uma-das-cidades-mais-historicas-do-mundo\/","og_site_name":"Correio Braziliense - Radar","article_published_time":"2025-04-15T00:50:00+00:00","og_image":[{"width":1280,"height":720,"url":"https:\/\/www.correiobraziliense.com.br\/cbradar\/wp-content\/uploads\/2025\/04\/Atenas_1744551060422.jpg","type":"image\/jpeg"}],"author":"Maura Pereira","twitter_card":"summary_large_image","twitter_misc":{"Escrito por":"Maura Pereira","Est. tempo de leitura":"6 minutos"},"schema":{"@context":"https:\/\/schema.org","@graph":[{"@type":"WebPage","@id":"https:\/\/www.correiobraziliense.com.br\/cbradar\/voce-precisa-visitar-uma-das-cidades-mais-historicas-do-mundo\/","url":"https:\/\/www.correiobraziliense.com.br\/cbradar\/voce-precisa-visitar-uma-das-cidades-mais-historicas-do-mundo\/","name":"Voc\u00ea PRECISA visitar uma das cidades mais hist\u00f3ricas do mundo! - Correio Braziliense - Radar","isPartOf":{"@id":"https:\/\/www.correiobraziliense.com.br\/cbradar\/#website"},"primaryImageOfPage":{"@id":"https:\/\/www.correiobraziliense.com.br\/cbradar\/voce-precisa-visitar-uma-das-cidades-mais-historicas-do-mundo\/#primaryimage"},"image":{"@id":"https:\/\/www.correiobraziliense.com.br\/cbradar\/voce-precisa-visitar-uma-das-cidades-mais-historicas-do-mundo\/#primaryimage"},"thumbnailUrl":"https:\/\/www.correiobraziliense.com.br\/cbradar\/wp-content\/uploads\/2025\/04\/Atenas_1744551060422.jpg","datePublished":"2025-04-15T00:50:00+00:00","author":{"@id":"https:\/\/www.correiobraziliense.com.br\/cbradar\/#\/schema\/person\/4053c651a9bfc785afc6f4cbc9032fd3"},"description":"Neste artigo voc\u00ea ira conhecer uma das cidades mais hist\u00f3ricas do mundo para visitar, repleta de cultura, arquitetura e mem\u00f3rias milenares!","breadcrumb":{"@id":"https:\/\/www.correiobraziliense.com.br\/cbradar\/voce-precisa-visitar-uma-das-cidades-mais-historicas-do-mundo\/#breadcrumb"},"inLanguage":"pt-BR","potentialAction":[{"@type":"ReadAction","target":["https:\/\/www.correiobraziliense.com.br\/cbradar\/voce-precisa-visitar-uma-das-cidades-mais-historicas-do-mundo\/"]}]},{"@type":"ImageObject","inLanguage":"pt-BR","@id":"https:\/\/www.correiobraziliense.com.br\/cbradar\/voce-precisa-visitar-uma-das-cidades-mais-historicas-do-mundo\/#primaryimage","url":"https:\/\/www.correiobraziliense.com.br\/cbradar\/wp-content\/uploads\/2025\/04\/Atenas_1744551060422.jpg","contentUrl":"https:\/\/www.correiobraziliense.com.br\/cbradar\/wp-content\/uploads\/2025\/04\/Atenas_1744551060422.jpg","width":1280,"height":720,"caption":"Atenas \/\/ Cr\u00e9ditos: depositphotos.com \/ NAPA74"},{"@type":"BreadcrumbList","@id":"https:\/\/www.correiobraziliense.com.br\/cbradar\/voce-precisa-visitar-uma-das-cidades-mais-historicas-do-mundo\/#breadcrumb","itemListElement":[{"@type":"ListItem","position":1,"name":"In\u00edcio","item":"https:\/\/www.correiobraziliense.com.br\/cbradar\/"},{"@type":"ListItem","position":2,"name":"Voc\u00ea PRECISA visitar uma das cidades mais hist\u00f3ricas do mundo!"}]},{"@type":"WebSite","@id":"https:\/\/www.correiobraziliense.com.br\/cbradar\/#website","url":"https:\/\/www.correiobraziliense.com.br\/cbradar\/","name":"Correio Braziliense - Radar","description":"Acompanhe as \u00faltimas not\u00edcias e fique bem informado sobre tudo o que acontece no Brasil e no mundo.","potentialAction":[{"@type":"SearchAction","target":{"@type":"EntryPoint","urlTemplate":"https:\/\/www.correiobraziliense.com.br\/cbradar\/?s={search_term_string}"},"query-input":{"@type":"PropertyValueSpecification","valueRequired":true,"valueName":"search_term_string"}}],"inLanguage":"pt-BR"},{"@type":"Person","@id":"https:\/\/www.correiobraziliense.com.br\/cbradar\/#\/schema\/person\/4053c651a9bfc785afc6f4cbc9032fd3","name":"Maura Pereira","image":{"@type":"ImageObject","inLanguage":"pt-BR","@id":"https:\/\/www.correiobraziliense.com.br\/cbradar\/#\/schema\/person\/image\/","url":"https:\/\/secure.gravatar.com\/avatar\/3effd6bdadfa447f15089c7f7144eaa6?s=96&d=mm&r=g","contentUrl":"https:\/\/secure.gravatar.com\/avatar\/3effd6bdadfa447f15089c7f7144eaa6?s=96&d=mm&r=g","caption":"Maura Pereira"},"sameAs":["https:\/\/www.correiobraziliense.com.br\/"],"url":"https:\/\/www.correiobraziliense.com.br\/cbradar\/author\/mauramyth\/"}]}},"_links":{"self":[{"href":"https:\/\/www.correiobraziliense.com.br\/cbradar\/wp-json\/wp\/v2\/posts\/22894","targetHints":{"allow":["GET"]}}],"collection":[{"href":"https:\/\/www.correiobraziliense.com.br\/cbradar\/wp-json\/wp\/v2\/posts"}],"about":[{"href":"https:\/\/www.correiobraziliense.com.br\/cbradar\/wp-json\/wp\/v2\/types\/post"}],"author":[{"embeddable":true,"href":"https:\/\/www.correiobraziliense.com.br\/cbradar\/wp-json\/wp\/v2\/users\/8"}],"replies":[{"embeddable":true,"href":"https:\/\/www.correiobraziliense.com.br\/cbradar\/wp-json\/wp\/v2\/comments?post=22894"}],"version-history":[{"count":6,"href":"https:\/\/www.correiobraziliense.com.br\/cbradar\/wp-json\/wp\/v2\/posts\/22894\/revisions"}],"predecessor-version":[{"id":23012,"href":"https:\/\/www.correiobraziliense.com.br\/cbradar\/wp-json\/wp\/v2\/posts\/22894\/revisions\/23012"}],"wp:featuredmedia":[{"embeddable":true,"href":"https:\/\/www.correiobraziliense.com.br\/cbradar\/wp-json\/wp\/v2\/media\/23008"}],"wp:attachment":[{"href":"https:\/\/www.correiobraziliense.com.br\/cbradar\/wp-json\/wp\/v2\/media?parent=22894"}],"wp:term":[{"taxonomy":"category","embeddable":true,"href":"https:\/\/www.correiobraziliense.com.br\/cbradar\/wp-json\/wp\/v2\/categories?post=22894"},{"taxonomy":"post_tag","embeddable":true,"href":"https:\/\/www.correiobraziliense.com.br\/cbradar\/wp-json\/wp\/v2\/tags?post=22894"}],"curies":[{"name":"wp","href":"https:\/\/api.w.org\/{rel}","templated":true}]}}