{"id":229188,"date":"2026-04-27T18:45:00","date_gmt":"2026-04-27T21:45:00","guid":{"rendered":"https:\/\/www.correiobraziliense.com.br\/cbradar\/?p=229188"},"modified":"2026-04-20T22:54:35","modified_gmt":"2026-04-21T01:54:35","slug":"a-psicologia-aponta-que-adultos-que-escondem-o-que-sentem-nao-sao-mais-fortes-mas-cresceram-acreditando-que-vulnerabilidade-era-fraqueza","status":"publish","type":"post","link":"https:\/\/www.correiobraziliense.com.br\/cbradar\/a-psicologia-aponta-que-adultos-que-escondem-o-que-sentem-nao-sao-mais-fortes-mas-cresceram-acreditando-que-vulnerabilidade-era-fraqueza\/","title":{"rendered":"A psicologia aponta que adultos que escondem o que sentem n\u00e3o s\u00e3o mais fortes, mas cresceram acreditando que vulnerabilidade era fraqueza"},"content":{"rendered":"\n<p>Esconder emo\u00e7\u00f5es \u00e9 frequentemente associado \u00e0 for\u00e7a, mas a psicologia sugere outra leitura. Muitos adultos que evitam demonstrar sentimentos aprenderam, desde cedo, que vulnerabilidade gerava rejei\u00e7\u00e3o ou julgamento. Esse padr\u00e3o se mant\u00e9m ao longo da vida como forma de prote\u00e7\u00e3o emocional, influenciando rela\u00e7\u00f5es, comunica\u00e7\u00e3o e a forma como lidam com experi\u00eancias internas.<\/p>\n\n\n\n<h2 class=\"wp-block-heading\">Por que esconder emo\u00e7\u00f5es parece sinal de for\u00e7a?<\/h2>\n\n\n\n<p>Em muitos contextos, controlar emo\u00e7\u00f5es \u00e9 visto como <a href=\"https:\/\/www.correiobraziliense.com.br\/cbradar\/quase-ninguem-percebe-que-se-tornar-a-pessoa-forte-da-familia-nao-e-maturidade-e-um-sinal-silencioso-de-sobrecarga-emocional-segundo-a-psicologia\/\" target=\"_blank\" rel=\"noreferrer noopener\">maturidade<\/a>. Demonstrar fragilidade pode ser interpretado como falta de preparo emocional, o que leva pessoas a adotarem uma postura mais fechada. Esse comportamento cria uma imagem de estabilidade, mesmo que n\u00e3o reflita o estado interno real.<\/p>\n\n\n\n<p>Al\u00e9m disso, esconder sentimentos evita exposi\u00e7\u00e3o a cr\u00edticas ou rejei\u00e7\u00e3o. Essa estrat\u00e9gia reduz riscos sociais imediatos, mas n\u00e3o resolve conflitos internos. Com o tempo, essa dissocia\u00e7\u00e3o entre o que se sente e o que se expressa pode gerar desgaste emocional significativo.<\/p>\n\n\n\n<figure class=\"wp-block-image size-full\"><img decoding=\"async\" width=\"1279\" height=\"720\" src=\"https:\/\/www.correiobraziliense.com.br\/cbradar\/wp-content\/uploads\/2026\/04\/download-55-1-2.png\" alt=\"A psicologia aponta que adultos que escondem o que sentem n\u00e3o s\u00e3o mais fortes, mas cresceram acreditando que vulnerabilidade era fraqueza\" class=\"wp-image-229195\" srcset=\"https:\/\/www.correiobraziliense.com.br\/cbradar\/wp-content\/uploads\/2026\/04\/download-55-1-2.png 1279w, https:\/\/www.correiobraziliense.com.br\/cbradar\/wp-content\/uploads\/2026\/04\/download-55-1-2-300x169.png 300w, https:\/\/www.correiobraziliense.com.br\/cbradar\/wp-content\/uploads\/2026\/04\/download-55-1-2-768x432.png 768w, https:\/\/www.correiobraziliense.com.br\/cbradar\/wp-content\/uploads\/2026\/04\/download-55-1-2-750x422.png 750w, https:\/\/www.correiobraziliense.com.br\/cbradar\/wp-content\/uploads\/2026\/04\/download-55-1-2-1140x642.png 1140w\" sizes=\"(max-width: 1279px) 100vw, 1279px\" \/><figcaption class=\"wp-element-caption\">Por que algumas pessoas n\u00e3o conseguem se abrir emocionalmente<\/figcaption><\/figure>\n\n\n\n<h2 class=\"wp-block-heading\">Esse comportamento est\u00e1 ligado \u00e0 inf\u00e2ncia?<\/h2>\n\n\n\n<p>Sim, experi\u00eancias na <a href=\"https:\/\/www.correiobraziliense.com.br\/cbradar\/pessoas-que-pedem-desculpas-por-chorar-mesmo-estando-sozinhas-e-nao-e-sensibilidade-e-residuo-de-uma-infancia-onde-a-emocao-era-algo-que-se-esperava-limpar-antes-que-alguem-visse-a-bagunca\/\" target=\"_blank\" rel=\"noreferrer noopener\">inf\u00e2ncia <\/a>t\u00eam papel central nesse padr\u00e3o. Ambientes onde emo\u00e7\u00f5es eram ignoradas ou criticadas ensinam que <a href=\"https:\/\/orchardmentalhealth.com\/effects-of-childhood-neglect-on-adults\/\" target=\"_blank\" rel=\"noreferrer noopener\">expressar sentimentos n\u00e3o \u00e9 seguro<\/a>. A crian\u00e7a aprende a reprimir rea\u00e7\u00f5es emocionais para preservar v\u00ednculos importantes.<\/p>\n\n\n\n<p>Na vida adulta, esse aprendizado continua influenciando comportamentos. Mesmo em contextos seguros, o indiv\u00edduo mant\u00e9m a tend\u00eancia de evitar exposi\u00e7\u00e3o emocional. Isso dificulta conex\u00f5es mais profundas e limita a capacidade de comunica\u00e7\u00e3o aut\u00eantica.<\/p>\n\n\n\n<h2 class=\"wp-block-heading\">Quais sinais indicam dificuldade em expressar sentimentos?<\/h2>\n\n\n\n<p>Esse padr\u00e3o pode ser identificado por comportamentos recorrentes no dia a dia. Muitas vezes, a pessoa n\u00e3o percebe que est\u00e1 evitando expressar emo\u00e7\u00f5es, pois isso j\u00e1 se tornou autom\u00e1tico ao longo do tempo.<\/p>\n\n\n\n<p>Observe alguns sinais comuns:<\/p>\n\n\n\n<ul class=\"wp-block-list\">\n<li><strong>Dificuldade em falar sobre emo\u00e7\u00f5es<\/strong>, mesmo com pessoas pr\u00f3ximas<\/li>\n\n\n\n<li><strong>Evitar conflitos<\/strong>, mesmo quando necess\u00e1rio<\/li>\n\n\n\n<li><strong>Manter apar\u00eancia de controle constante<\/strong>, independentemente da situa\u00e7\u00e3o<\/li>\n\n\n\n<li><strong>Desconforto ao receber apoio emocional<\/strong>, sentindo-se exposto<\/li>\n\n\n\n<li><strong>Tend\u00eancia a minimizar sentimentos<\/strong>, pr\u00f3prios ou dos outros<\/li>\n<\/ul>\n\n\n\n<h2 class=\"wp-block-heading\">Isso afeta relacionamentos e bem-estar?<\/h2>\n\n\n\n<p>Sim, esconder emo\u00e7\u00f5es impacta diretamente a qualidade das rela\u00e7\u00f5es. A falta de comunica\u00e7\u00e3o emocional dificulta a constru\u00e7\u00e3o de confian\u00e7a e intimidade. Isso pode gerar distanciamento, mesmo em rela\u00e7\u00f5es pr\u00f3ximas, criando barreiras invis\u00edveis na conviv\u00eancia.<\/p>\n\n\n\n<p>Al\u00e9m disso, a repress\u00e3o emocional aumenta o ac\u00famulo de tens\u00e3o interna. Sentimentos n\u00e3o expressos tendem a se intensificar com o tempo, afetando o equil\u00edbrio psicol\u00f3gico. Esse padr\u00e3o pode contribuir para estresse constante e dificuldade em lidar com situa\u00e7\u00f5es desafiadoras.<\/p>\n\n\n\n<figure class=\"wp-block-image size-full\"><img decoding=\"async\" width=\"1279\" height=\"720\" src=\"https:\/\/www.correiobraziliense.com.br\/cbradar\/wp-content\/uploads\/2026\/04\/download-54-1-3.png\" alt=\"A psicologia aponta que adultos que escondem o que sentem n\u00e3o s\u00e3o mais fortes, mas cresceram acreditando que vulnerabilidade era fraqueza\" class=\"wp-image-229192\" srcset=\"https:\/\/www.correiobraziliense.com.br\/cbradar\/wp-content\/uploads\/2026\/04\/download-54-1-3.png 1279w, https:\/\/www.correiobraziliense.com.br\/cbradar\/wp-content\/uploads\/2026\/04\/download-54-1-3-300x169.png 300w, https:\/\/www.correiobraziliense.com.br\/cbradar\/wp-content\/uploads\/2026\/04\/download-54-1-3-768x432.png 768w, https:\/\/www.correiobraziliense.com.br\/cbradar\/wp-content\/uploads\/2026\/04\/download-54-1-3-750x422.png 750w, https:\/\/www.correiobraziliense.com.br\/cbradar\/wp-content\/uploads\/2026\/04\/download-54-1-3-1140x642.png 1140w\" sizes=\"(max-width: 1279px) 100vw, 1279px\" \/><figcaption class=\"wp-element-caption\">Por que algumas pessoas n\u00e3o conseguem se abrir emocionalmente<\/figcaption><\/figure>\n\n\n\n<h2 class=\"wp-block-heading\">Como desenvolver uma rela\u00e7\u00e3o mais saud\u00e1vel com emo\u00e7\u00f5es?<\/h2>\n\n\n\n<p>O primeiro passo \u00e9 reconhecer que vulnerabilidade n\u00e3o \u00e9 fraqueza, mas parte do funcionamento humano. Permitir pequenas express\u00f5es emocionais em ambientes seguros ajuda a reduzir o bloqueio progressivamente. Esse processo deve ser gradual e respeitar o pr\u00f3prio ritmo.<\/p>\n\n\n\n<p>Tamb\u00e9m \u00e9 importante desenvolver autopercep\u00e7\u00e3o. Identificar o que se sente antes de reagir facilita a comunica\u00e7\u00e3o. Com pr\u00e1tica consistente, torna-se poss\u00edvel equilibrar controle emocional e autenticidade, criando rela\u00e7\u00f5es mais saud\u00e1veis e uma experi\u00eancia interna mais est\u00e1vel.<\/p>\n","protected":false},"excerpt":{"rendered":"<p>Reprimir emo\u00e7\u00f5es afeta rela\u00e7\u00f5es e bem-estar. Veja por que isso acontece e como desenvolver mais abertura emocional<\/p>\n","protected":false},"author":23,"featured_media":229196,"comment_status":"open","ping_status":"open","sticky":false,"template":"","format":"standard","meta":{"_yoast_wpseo_focuskw":"Adultos que escondem o que sentem","_yoast_wpseo_title":"","_yoast_wpseo_metadesc":"Reprimir emo\u00e7\u00f5es afeta rela\u00e7\u00f5es e bem-estar. Veja por que isso acontece e como desenvolver mais abertura emocional","jnews-multi-image_gallery":[],"jnews_single_post":{"format":"standard"},"jnews_primary_category":[],"jnews_social_meta":[],"jnews_override_counter":[],"footnotes":""},"categories":[112],"post_tag":[11312,144,404,10437],"class_list":["post-229188","post","type-post","status-publish","format-standard","has-post-thumbnail","hentry","category-curiosidades","tag-adultos","tag-curiosidades","tag-psicologia","tag-sentimentos"],"yoast_head":"<!-- This site is optimized with the Yoast SEO plugin v24.6 - https:\/\/yoast.com\/wordpress\/plugins\/seo\/ -->\n<title>A psicologia aponta que adultos que escondem o que sentem n\u00e3o s\u00e3o mais fortes, mas cresceram acreditando que vulnerabilidade era fraqueza - Correio Braziliense - Radar<\/title>\n<meta name=\"description\" content=\"Reprimir emo\u00e7\u00f5es afeta rela\u00e7\u00f5es e bem-estar. Veja por que isso acontece e como desenvolver mais abertura emocional\" \/>\n<meta name=\"robots\" content=\"index, follow, max-snippet:-1, max-image-preview:large, max-video-preview:-1\" \/>\n<link rel=\"canonical\" href=\"https:\/\/www.correiobraziliense.com.br\/cbradar\/a-psicologia-aponta-que-adultos-que-escondem-o-que-sentem-nao-sao-mais-fortes-mas-cresceram-acreditando-que-vulnerabilidade-era-fraqueza\/\" \/>\n<meta property=\"og:locale\" content=\"pt_BR\" \/>\n<meta property=\"og:type\" content=\"article\" \/>\n<meta property=\"og:title\" content=\"A psicologia aponta que adultos que escondem o que sentem n\u00e3o s\u00e3o mais fortes, mas cresceram acreditando que vulnerabilidade era fraqueza - Correio Braziliense - Radar\" \/>\n<meta property=\"og:description\" content=\"Reprimir emo\u00e7\u00f5es afeta rela\u00e7\u00f5es e bem-estar. Veja por que isso acontece e como desenvolver mais abertura emocional\" \/>\n<meta property=\"og:url\" content=\"https:\/\/www.correiobraziliense.com.br\/cbradar\/a-psicologia-aponta-que-adultos-que-escondem-o-que-sentem-nao-sao-mais-fortes-mas-cresceram-acreditando-que-vulnerabilidade-era-fraqueza\/\" \/>\n<meta property=\"og:site_name\" content=\"Correio Braziliense - Radar\" \/>\n<meta property=\"article:published_time\" content=\"2026-04-27T21:45:00+00:00\" \/>\n<meta property=\"og:image\" content=\"https:\/\/www.correiobraziliense.com.br\/cbradar\/wp-content\/uploads\/2026\/04\/Gemini_Generated_Image_huyzm5huyzm5huyz-1.png\" \/>\n\t<meta property=\"og:image:width\" content=\"1320\" \/>\n\t<meta property=\"og:image:height\" content=\"720\" \/>\n\t<meta property=\"og:image:type\" content=\"image\/png\" \/>\n<meta name=\"author\" content=\"Nicolas Otto\" \/>\n<meta name=\"twitter:card\" content=\"summary_large_image\" \/>\n<meta name=\"twitter:label1\" content=\"Escrito por\" \/>\n\t<meta name=\"twitter:data1\" content=\"Nicolas Otto\" \/>\n\t<meta name=\"twitter:label2\" content=\"Est. tempo de leitura\" \/>\n\t<meta name=\"twitter:data2\" content=\"4 minutos\" \/>\n<!-- \/ Yoast SEO plugin. -->","yoast_head_json":{"title":"A psicologia aponta que adultos que escondem o que sentem n\u00e3o s\u00e3o mais fortes, mas cresceram acreditando que vulnerabilidade era fraqueza - Correio Braziliense - Radar","description":"Reprimir emo\u00e7\u00f5es afeta rela\u00e7\u00f5es e bem-estar. Veja por que isso acontece e como desenvolver mais abertura emocional","robots":{"index":"index","follow":"follow","max-snippet":"max-snippet:-1","max-image-preview":"max-image-preview:large","max-video-preview":"max-video-preview:-1"},"canonical":"https:\/\/www.correiobraziliense.com.br\/cbradar\/a-psicologia-aponta-que-adultos-que-escondem-o-que-sentem-nao-sao-mais-fortes-mas-cresceram-acreditando-que-vulnerabilidade-era-fraqueza\/","og_locale":"pt_BR","og_type":"article","og_title":"A psicologia aponta que adultos que escondem o que sentem n\u00e3o s\u00e3o mais fortes, mas cresceram acreditando que vulnerabilidade era fraqueza - Correio Braziliense - Radar","og_description":"Reprimir emo\u00e7\u00f5es afeta rela\u00e7\u00f5es e bem-estar. Veja por que isso acontece e como desenvolver mais abertura emocional","og_url":"https:\/\/www.correiobraziliense.com.br\/cbradar\/a-psicologia-aponta-que-adultos-que-escondem-o-que-sentem-nao-sao-mais-fortes-mas-cresceram-acreditando-que-vulnerabilidade-era-fraqueza\/","og_site_name":"Correio Braziliense - Radar","article_published_time":"2026-04-27T21:45:00+00:00","og_image":[{"width":1320,"height":720,"url":"https:\/\/www.correiobraziliense.com.br\/cbradar\/wp-content\/uploads\/2026\/04\/Gemini_Generated_Image_huyzm5huyzm5huyz-1.png","type":"image\/png"}],"author":"Nicolas Otto","twitter_card":"summary_large_image","twitter_misc":{"Escrito por":"Nicolas Otto","Est. tempo de leitura":"4 minutos"},"schema":{"@context":"https:\/\/schema.org","@graph":[{"@type":"WebPage","@id":"https:\/\/www.correiobraziliense.com.br\/cbradar\/a-psicologia-aponta-que-adultos-que-escondem-o-que-sentem-nao-sao-mais-fortes-mas-cresceram-acreditando-que-vulnerabilidade-era-fraqueza\/","url":"https:\/\/www.correiobraziliense.com.br\/cbradar\/a-psicologia-aponta-que-adultos-que-escondem-o-que-sentem-nao-sao-mais-fortes-mas-cresceram-acreditando-que-vulnerabilidade-era-fraqueza\/","name":"A psicologia aponta que adultos que escondem o que sentem n\u00e3o s\u00e3o mais fortes, mas cresceram acreditando que vulnerabilidade era fraqueza - Correio Braziliense - Radar","isPartOf":{"@id":"https:\/\/www.correiobraziliense.com.br\/cbradar\/#website"},"primaryImageOfPage":{"@id":"https:\/\/www.correiobraziliense.com.br\/cbradar\/a-psicologia-aponta-que-adultos-que-escondem-o-que-sentem-nao-sao-mais-fortes-mas-cresceram-acreditando-que-vulnerabilidade-era-fraqueza\/#primaryimage"},"image":{"@id":"https:\/\/www.correiobraziliense.com.br\/cbradar\/a-psicologia-aponta-que-adultos-que-escondem-o-que-sentem-nao-sao-mais-fortes-mas-cresceram-acreditando-que-vulnerabilidade-era-fraqueza\/#primaryimage"},"thumbnailUrl":"https:\/\/www.correiobraziliense.com.br\/cbradar\/wp-content\/uploads\/2026\/04\/Gemini_Generated_Image_huyzm5huyzm5huyz-1.png","datePublished":"2026-04-27T21:45:00+00:00","author":{"@id":"https:\/\/www.correiobraziliense.com.br\/cbradar\/#\/schema\/person\/3221b250518e74ac52c442d1c1236aaa"},"description":"Reprimir emo\u00e7\u00f5es afeta rela\u00e7\u00f5es e bem-estar. Veja por que isso acontece e como desenvolver mais abertura emocional","breadcrumb":{"@id":"https:\/\/www.correiobraziliense.com.br\/cbradar\/a-psicologia-aponta-que-adultos-que-escondem-o-que-sentem-nao-sao-mais-fortes-mas-cresceram-acreditando-que-vulnerabilidade-era-fraqueza\/#breadcrumb"},"inLanguage":"pt-BR","potentialAction":[{"@type":"ReadAction","target":["https:\/\/www.correiobraziliense.com.br\/cbradar\/a-psicologia-aponta-que-adultos-que-escondem-o-que-sentem-nao-sao-mais-fortes-mas-cresceram-acreditando-que-vulnerabilidade-era-fraqueza\/"]}]},{"@type":"ImageObject","inLanguage":"pt-BR","@id":"https:\/\/www.correiobraziliense.com.br\/cbradar\/a-psicologia-aponta-que-adultos-que-escondem-o-que-sentem-nao-sao-mais-fortes-mas-cresceram-acreditando-que-vulnerabilidade-era-fraqueza\/#primaryimage","url":"https:\/\/www.correiobraziliense.com.br\/cbradar\/wp-content\/uploads\/2026\/04\/Gemini_Generated_Image_huyzm5huyzm5huyz-1.png","contentUrl":"https:\/\/www.correiobraziliense.com.br\/cbradar\/wp-content\/uploads\/2026\/04\/Gemini_Generated_Image_huyzm5huyzm5huyz-1.png","width":1320,"height":720,"caption":"Por que algumas pessoas n\u00e3o conseguem se abrir emocionalmente"},{"@type":"BreadcrumbList","@id":"https:\/\/www.correiobraziliense.com.br\/cbradar\/a-psicologia-aponta-que-adultos-que-escondem-o-que-sentem-nao-sao-mais-fortes-mas-cresceram-acreditando-que-vulnerabilidade-era-fraqueza\/#breadcrumb","itemListElement":[{"@type":"ListItem","position":1,"name":"In\u00edcio","item":"https:\/\/www.correiobraziliense.com.br\/cbradar\/"},{"@type":"ListItem","position":2,"name":"A psicologia aponta que adultos que escondem o que sentem n\u00e3o s\u00e3o mais fortes, mas cresceram acreditando que vulnerabilidade era fraqueza"}]},{"@type":"WebSite","@id":"https:\/\/www.correiobraziliense.com.br\/cbradar\/#website","url":"https:\/\/www.correiobraziliense.com.br\/cbradar\/","name":"Correio Braziliense - Radar","description":"Acompanhe as \u00faltimas not\u00edcias e fique bem informado sobre tudo o que acontece no Brasil e no mundo.","potentialAction":[{"@type":"SearchAction","target":{"@type":"EntryPoint","urlTemplate":"https:\/\/www.correiobraziliense.com.br\/cbradar\/?s={search_term_string}"},"query-input":{"@type":"PropertyValueSpecification","valueRequired":true,"valueName":"search_term_string"}}],"inLanguage":"pt-BR"},{"@type":"Person","@id":"https:\/\/www.correiobraziliense.com.br\/cbradar\/#\/schema\/person\/3221b250518e74ac52c442d1c1236aaa","name":"Nicolas Otto","image":{"@type":"ImageObject","inLanguage":"pt-BR","@id":"https:\/\/www.correiobraziliense.com.br\/cbradar\/#\/schema\/person\/image\/","url":"https:\/\/secure.gravatar.com\/avatar\/05925f730d72f0ea0df144f236adfb18?s=96&d=mm&r=g","contentUrl":"https:\/\/secure.gravatar.com\/avatar\/05925f730d72f0ea0df144f236adfb18?s=96&d=mm&r=g","caption":"Nicolas Otto"},"sameAs":["https:\/\/www.correiobraziliense.com.br\/cbradar\/"],"url":"https:\/\/www.correiobraziliense.com.br\/cbradar\/author\/nicolas-otto\/"}]}},"_links":{"self":[{"href":"https:\/\/www.correiobraziliense.com.br\/cbradar\/wp-json\/wp\/v2\/posts\/229188","targetHints":{"allow":["GET"]}}],"collection":[{"href":"https:\/\/www.correiobraziliense.com.br\/cbradar\/wp-json\/wp\/v2\/posts"}],"about":[{"href":"https:\/\/www.correiobraziliense.com.br\/cbradar\/wp-json\/wp\/v2\/types\/post"}],"author":[{"embeddable":true,"href":"https:\/\/www.correiobraziliense.com.br\/cbradar\/wp-json\/wp\/v2\/users\/23"}],"replies":[{"embeddable":true,"href":"https:\/\/www.correiobraziliense.com.br\/cbradar\/wp-json\/wp\/v2\/comments?post=229188"}],"version-history":[{"count":1,"href":"https:\/\/www.correiobraziliense.com.br\/cbradar\/wp-json\/wp\/v2\/posts\/229188\/revisions"}],"predecessor-version":[{"id":229197,"href":"https:\/\/www.correiobraziliense.com.br\/cbradar\/wp-json\/wp\/v2\/posts\/229188\/revisions\/229197"}],"wp:featuredmedia":[{"embeddable":true,"href":"https:\/\/www.correiobraziliense.com.br\/cbradar\/wp-json\/wp\/v2\/media\/229196"}],"wp:attachment":[{"href":"https:\/\/www.correiobraziliense.com.br\/cbradar\/wp-json\/wp\/v2\/media?parent=229188"}],"wp:term":[{"taxonomy":"category","embeddable":true,"href":"https:\/\/www.correiobraziliense.com.br\/cbradar\/wp-json\/wp\/v2\/categories?post=229188"},{"taxonomy":"post_tag","embeddable":true,"href":"https:\/\/www.correiobraziliense.com.br\/cbradar\/wp-json\/wp\/v2\/post_tag?post=229188"}],"curies":[{"name":"wp","href":"https:\/\/api.w.org\/{rel}","templated":true}]}}