{"id":229209,"date":"2026-04-27T00:30:00","date_gmt":"2026-04-27T03:30:00","guid":{"rendered":"https:\/\/www.correiobraziliense.com.br\/cbradar\/?p=229209"},"modified":"2026-04-26T22:51:36","modified_gmt":"2026-04-27T01:51:36","slug":"estudos-mostram-que-criancas-que-precisaram-amadurecer-cedo-nao-perderam-etapas-elas-desenvolveram-inteligencia-emocional-antes-da-maioria","status":"publish","type":"post","link":"https:\/\/www.correiobraziliense.com.br\/cbradar\/estudos-mostram-que-criancas-que-precisaram-amadurecer-cedo-nao-perderam-etapas-elas-desenvolveram-inteligencia-emocional-antes-da-maioria\/","title":{"rendered":"Estudos mostram que crian\u00e7as que precisaram amadurecer cedo n\u00e3o perderam etapas, elas desenvolveram intelig\u00eancia emocional antes da maioria"},"content":{"rendered":"\n<p>Crian\u00e7as que assumem responsabilidades cedo costumam ser vistas como privadas de uma fase importante da vida. No entanto, estudos em <strong>Psicologia do Desenvolvimento<\/strong> indicam que esse processo tamb\u00e9m pode antecipar habilidades emocionais relevantes. Em vez de apenas perda, h\u00e1 adapta\u00e7\u00e3o. Esse amadurecimento precoce molda a forma como essas pessoas percebem emo\u00e7\u00f5es, rela\u00e7\u00f5es e desafios ao longo da vida.<\/p>\n\n\n\n<h2 class=\"wp-block-heading\">Crian\u00e7as que amadurecem cedo realmente perdem etapas?<\/h2>\n\n\n\n<p>A ideia de perda est\u00e1 ligada a uma vis\u00e3o linear do desenvolvimento infantil. Por\u00e9m, a <strong>Psicologia<\/strong> mostra que experi\u00eancias diferentes n\u00e3o significam necessariamente preju\u00edzo, mas <a href=\"https:\/\/pmc.ncbi.nlm.nih.gov\/articles\/PMC3134597\/\" target=\"_blank\" rel=\"noreferrer noopener\">caminhos alternativos<\/a>. <a href=\"https:\/\/www.correiobraziliense.com.br\/cbradar\/estudos-indicam-que-criancas-que-ajudam-nas-tarefas-de-casa-desenvolvem-mais-autonomia-e-habilidades-de-resolucao-de-problemas\/\" target=\"_blank\" rel=\"noreferrer noopener\">Crian\u00e7as <\/a>expostas a responsabilidades tendem a desenvolver recursos emocionais antes de seus pares.<\/p>\n\n\n\n<p>Isso n\u00e3o elimina poss\u00edveis dificuldades, mas indica que houve adapta\u00e7\u00e3o ao contexto. Em vez de aus\u00eancia de inf\u00e2ncia, ocorre uma reorganiza\u00e7\u00e3o das prioridades emocionais. Esse processo pode gerar indiv\u00edduos mais atentos ao ambiente e \u00e0s necessidades dos outros.<\/p>\n\n\n\n<figure class=\"wp-block-image size-full\"><img decoding=\"async\" width=\"1279\" height=\"720\" src=\"https:\/\/www.correiobraziliense.com.br\/cbradar\/wp-content\/uploads\/2026\/04\/download-56-1-2.png\" alt=\"Estudos mostram que crian\u00e7as que precisaram amadurecer cedo n\u00e3o perderam etapas, elas desenvolveram intelig\u00eancia emocional antes da maioria\" class=\"wp-image-229222\" srcset=\"https:\/\/www.correiobraziliense.com.br\/cbradar\/wp-content\/uploads\/2026\/04\/download-56-1-2.png 1279w, https:\/\/www.correiobraziliense.com.br\/cbradar\/wp-content\/uploads\/2026\/04\/download-56-1-2-300x169.png 300w, https:\/\/www.correiobraziliense.com.br\/cbradar\/wp-content\/uploads\/2026\/04\/download-56-1-2-768x432.png 768w, https:\/\/www.correiobraziliense.com.br\/cbradar\/wp-content\/uploads\/2026\/04\/download-56-1-2-750x422.png 750w, https:\/\/www.correiobraziliense.com.br\/cbradar\/wp-content\/uploads\/2026\/04\/download-56-1-2-1140x642.png 1140w\" sizes=\"(max-width: 1279px) 100vw, 1279px\" \/><figcaption class=\"wp-element-caption\">O que acontece com quem cresce r\u00e1pido demais na inf\u00e2ncia<\/figcaption><\/figure>\n\n\n\n<h2 class=\"wp-block-heading\">Como o amadurecimento precoce influencia a intelig\u00eancia emocional?<\/h2>\n\n\n\n<p>O contato antecipado com desafios exige que a crian\u00e7a lide com emo\u00e7\u00f5es complexas. Isso favorece o desenvolvimento de <strong>autocontrole<\/strong>, empatia e leitura de contextos sociais. Essas habilidades formam a base da chamada <strong>Intelig\u00eancia Emocional<\/strong>, amplamente discutida por autores como <strong>Daniel Goleman<\/strong>.<\/p>\n\n\n\n<p>Ao aprender a interpretar situa\u00e7\u00f5es e regular rea\u00e7\u00f5es, essas crian\u00e7as constroem repert\u00f3rios emocionais mais amplos. Esse aprendizado, muitas vezes silencioso, se torna uma ferramenta importante na vida adulta, influenciando decis\u00f5es, rela\u00e7\u00f5es e capacidade de adapta\u00e7\u00e3o.<\/p>\n\n\n\n<h2 class=\"wp-block-heading\">Quais caracter\u00edsticas s\u00e3o comuns em quem amadureceu cedo?<\/h2>\n\n\n\n<p>Pessoas que passaram por esse processo costumam apresentar padr\u00f5es comportamentais espec\u00edficos. Essas caracter\u00edsticas n\u00e3o surgem por acaso, mas como resposta direta \u00e0s demandas enfrentadas durante a inf\u00e2ncia.<\/p>\n\n\n\n<p>Entre os sinais mais frequentes, destacam-se:<\/p>\n\n\n\n<ul class=\"wp-block-list\">\n<li><strong>Alta capacidade de observa\u00e7\u00e3o<\/strong>, percebendo detalhes emocionais no ambiente<\/li>\n\n\n\n<li><strong>Empatia desenvolvida<\/strong>, com facilidade para compreender sentimentos alheios<\/li>\n\n\n\n<li><strong>Autonomia precoce<\/strong>, lidando com responsabilidades desde cedo<\/li>\n\n\n\n<li><strong>Dificuldade em relaxar<\/strong>, mantendo estado constante de alerta<\/li>\n\n\n\n<li><strong>Tend\u00eancia a assumir responsabilidades emocionais dos outros<\/strong><\/li>\n<\/ul>\n\n\n\n<h2 class=\"wp-block-heading\">Esse desenvolvimento traz benef\u00edcios e desafios?<\/h2>\n\n\n\n<p>Sim, o amadurecimento precoce gera vantagens e tamb\u00e9m pontos de aten\u00e7\u00e3o. Por um lado, h\u00e1 maior preparo emocional para lidar com situa\u00e7\u00f5es complexas. Por outro, pode surgir uma tend\u00eancia \u00e0 sobrecarga, especialmente quando a pessoa assume responsabilidades al\u00e9m do necess\u00e1rio.<\/p>\n\n\n\n<p>Esse equil\u00edbrio \u00e9 delicado. A mesma habilidade que permite compreender o outro pode levar ao esquecimento das pr\u00f3prias necessidades. Por isso, reconhecer esses padr\u00f5es \u00e9 essencial para evitar desgaste emocional ao longo do tempo.<\/p>\n\n\n\n<figure class=\"wp-block-image size-full\"><img decoding=\"async\" width=\"1279\" height=\"720\" src=\"https:\/\/www.correiobraziliense.com.br\/cbradar\/wp-content\/uploads\/2026\/04\/download-57-1-2.png\" alt=\"\" class=\"wp-image-229220\" srcset=\"https:\/\/www.correiobraziliense.com.br\/cbradar\/wp-content\/uploads\/2026\/04\/download-57-1-2.png 1279w, https:\/\/www.correiobraziliense.com.br\/cbradar\/wp-content\/uploads\/2026\/04\/download-57-1-2-300x169.png 300w, https:\/\/www.correiobraziliense.com.br\/cbradar\/wp-content\/uploads\/2026\/04\/download-57-1-2-768x432.png 768w, https:\/\/www.correiobraziliense.com.br\/cbradar\/wp-content\/uploads\/2026\/04\/download-57-1-2-750x422.png 750w, https:\/\/www.correiobraziliense.com.br\/cbradar\/wp-content\/uploads\/2026\/04\/download-57-1-2-1140x642.png 1140w\" sizes=\"(max-width: 1279px) 100vw, 1279px\" \/><figcaption class=\"wp-element-caption\">O que acontece com quem cresce r\u00e1pido demais na inf\u00e2ncia<\/figcaption><\/figure>\n\n\n\n<h2 class=\"wp-block-heading\">Como equilibrar intelig\u00eancia emocional e bem-estar?<\/h2>\n\n\n\n<p>Desenvolver <strong>autoconsci\u00eancia<\/strong> \u00e9 um passo importante para quem amadureceu cedo. Identificar limites e reconhecer necessidades pr\u00f3prias ajuda a evitar padr\u00f5es de sobrecarga. Isso permite utilizar a intelig\u00eancia emocional de forma mais equilibrada e sustent\u00e1vel.<\/p>\n\n\n\n<p>Al\u00e9m disso, aprender a compartilhar responsabilidades emocionais fortalece rela\u00e7\u00f5es mais saud\u00e1veis. O objetivo n\u00e3o \u00e9 abandonar habilidades desenvolvidas, mas utiliz\u00e1-las com equil\u00edbrio. Assim, \u00e9 poss\u00edvel manter sensibilidade emocional sem comprometer o pr\u00f3prio bem-estar.<\/p>\n","protected":false},"excerpt":{"rendered":"<p>Crian\u00e7as que amadurecem cedo podem desenvolver intelig\u00eancia emocional. Entenda os impactos e desafios desse processo<\/p>\n","protected":false},"author":23,"featured_media":229221,"comment_status":"open","ping_status":"open","sticky":false,"template":"","format":"standard","meta":{"_yoast_wpseo_focuskw":"Crian\u00e7as que precisam amadurecer","_yoast_wpseo_title":"","_yoast_wpseo_metadesc":"Crian\u00e7as que amadurecem cedo podem desenvolver intelig\u00eancia emocional. Entenda os impactos e desafios desse processo","jnews-multi-image_gallery":[],"jnews_single_post":{"format":"standard"},"jnews_primary_category":[],"jnews_social_meta":[],"jnews_override_counter":[],"footnotes":""},"categories":[112],"post_tag":[],"class_list":["post-229209","post","type-post","status-publish","format-standard","has-post-thumbnail","hentry","category-curiosidades"],"yoast_head":"<!-- This site is optimized with the Yoast SEO plugin v24.6 - https:\/\/yoast.com\/wordpress\/plugins\/seo\/ -->\n<title>Estudos mostram que crian\u00e7as que precisaram amadurecer cedo n\u00e3o perderam etapas, elas desenvolveram intelig\u00eancia emocional antes da maioria - Correio Braziliense - Radar<\/title>\n<meta name=\"description\" content=\"Crian\u00e7as que amadurecem cedo podem desenvolver intelig\u00eancia emocional. Entenda os impactos e desafios desse processo\" \/>\n<meta name=\"robots\" content=\"index, follow, max-snippet:-1, max-image-preview:large, max-video-preview:-1\" \/>\n<link rel=\"canonical\" href=\"https:\/\/www.correiobraziliense.com.br\/cbradar\/estudos-mostram-que-criancas-que-precisaram-amadurecer-cedo-nao-perderam-etapas-elas-desenvolveram-inteligencia-emocional-antes-da-maioria\/\" \/>\n<meta property=\"og:locale\" content=\"pt_BR\" \/>\n<meta property=\"og:type\" content=\"article\" \/>\n<meta property=\"og:title\" content=\"Estudos mostram que crian\u00e7as que precisaram amadurecer cedo n\u00e3o perderam etapas, elas desenvolveram intelig\u00eancia emocional antes da maioria - Correio Braziliense - Radar\" \/>\n<meta property=\"og:description\" content=\"Crian\u00e7as que amadurecem cedo podem desenvolver intelig\u00eancia emocional. Entenda os impactos e desafios desse processo\" \/>\n<meta property=\"og:url\" content=\"https:\/\/www.correiobraziliense.com.br\/cbradar\/estudos-mostram-que-criancas-que-precisaram-amadurecer-cedo-nao-perderam-etapas-elas-desenvolveram-inteligencia-emocional-antes-da-maioria\/\" \/>\n<meta property=\"og:site_name\" content=\"Correio Braziliense - Radar\" \/>\n<meta property=\"article:published_time\" content=\"2026-04-27T03:30:00+00:00\" \/>\n<meta property=\"og:image\" content=\"https:\/\/www.correiobraziliense.com.br\/cbradar\/wp-content\/uploads\/2026\/04\/Gemini_Generated_Image_82b4jq82b4jq82b4-1-1280x698.png\" \/>\n\t<meta property=\"og:image:width\" content=\"1280\" \/>\n\t<meta property=\"og:image:height\" content=\"698\" \/>\n\t<meta property=\"og:image:type\" content=\"image\/png\" \/>\n<meta name=\"author\" content=\"Nicolas Otto\" \/>\n<meta name=\"twitter:card\" content=\"summary_large_image\" \/>\n<meta name=\"twitter:label1\" content=\"Escrito por\" \/>\n\t<meta name=\"twitter:data1\" content=\"Nicolas Otto\" \/>\n\t<meta name=\"twitter:label2\" content=\"Est. tempo de leitura\" \/>\n\t<meta name=\"twitter:data2\" content=\"4 minutos\" \/>\n<!-- \/ Yoast SEO plugin. -->","yoast_head_json":{"title":"Estudos mostram que crian\u00e7as que precisaram amadurecer cedo n\u00e3o perderam etapas, elas desenvolveram intelig\u00eancia emocional antes da maioria - Correio Braziliense - Radar","description":"Crian\u00e7as que amadurecem cedo podem desenvolver intelig\u00eancia emocional. Entenda os impactos e desafios desse processo","robots":{"index":"index","follow":"follow","max-snippet":"max-snippet:-1","max-image-preview":"max-image-preview:large","max-video-preview":"max-video-preview:-1"},"canonical":"https:\/\/www.correiobraziliense.com.br\/cbradar\/estudos-mostram-que-criancas-que-precisaram-amadurecer-cedo-nao-perderam-etapas-elas-desenvolveram-inteligencia-emocional-antes-da-maioria\/","og_locale":"pt_BR","og_type":"article","og_title":"Estudos mostram que crian\u00e7as que precisaram amadurecer cedo n\u00e3o perderam etapas, elas desenvolveram intelig\u00eancia emocional antes da maioria - Correio Braziliense - Radar","og_description":"Crian\u00e7as que amadurecem cedo podem desenvolver intelig\u00eancia emocional. Entenda os impactos e desafios desse processo","og_url":"https:\/\/www.correiobraziliense.com.br\/cbradar\/estudos-mostram-que-criancas-que-precisaram-amadurecer-cedo-nao-perderam-etapas-elas-desenvolveram-inteligencia-emocional-antes-da-maioria\/","og_site_name":"Correio Braziliense - Radar","article_published_time":"2026-04-27T03:30:00+00:00","og_image":[{"width":1280,"height":698,"url":"https:\/\/www.correiobraziliense.com.br\/cbradar\/wp-content\/uploads\/2026\/04\/Gemini_Generated_Image_82b4jq82b4jq82b4-1-1280x698.png","type":"image\/png"}],"author":"Nicolas Otto","twitter_card":"summary_large_image","twitter_misc":{"Escrito por":"Nicolas Otto","Est. tempo de leitura":"4 minutos"},"schema":{"@context":"https:\/\/schema.org","@graph":[{"@type":"WebPage","@id":"https:\/\/www.correiobraziliense.com.br\/cbradar\/estudos-mostram-que-criancas-que-precisaram-amadurecer-cedo-nao-perderam-etapas-elas-desenvolveram-inteligencia-emocional-antes-da-maioria\/","url":"https:\/\/www.correiobraziliense.com.br\/cbradar\/estudos-mostram-que-criancas-que-precisaram-amadurecer-cedo-nao-perderam-etapas-elas-desenvolveram-inteligencia-emocional-antes-da-maioria\/","name":"Estudos mostram que crian\u00e7as que precisaram amadurecer cedo n\u00e3o perderam etapas, elas desenvolveram intelig\u00eancia emocional antes da maioria - Correio Braziliense - Radar","isPartOf":{"@id":"https:\/\/www.correiobraziliense.com.br\/cbradar\/#website"},"primaryImageOfPage":{"@id":"https:\/\/www.correiobraziliense.com.br\/cbradar\/estudos-mostram-que-criancas-que-precisaram-amadurecer-cedo-nao-perderam-etapas-elas-desenvolveram-inteligencia-emocional-antes-da-maioria\/#primaryimage"},"image":{"@id":"https:\/\/www.correiobraziliense.com.br\/cbradar\/estudos-mostram-que-criancas-que-precisaram-amadurecer-cedo-nao-perderam-etapas-elas-desenvolveram-inteligencia-emocional-antes-da-maioria\/#primaryimage"},"thumbnailUrl":"https:\/\/www.correiobraziliense.com.br\/cbradar\/wp-content\/uploads\/2026\/04\/Gemini_Generated_Image_82b4jq82b4jq82b4-1-e1776738175974.png","datePublished":"2026-04-27T03:30:00+00:00","author":{"@id":"https:\/\/www.correiobraziliense.com.br\/cbradar\/#\/schema\/person\/3221b250518e74ac52c442d1c1236aaa"},"description":"Crian\u00e7as que amadurecem cedo podem desenvolver intelig\u00eancia emocional. Entenda os impactos e desafios desse processo","breadcrumb":{"@id":"https:\/\/www.correiobraziliense.com.br\/cbradar\/estudos-mostram-que-criancas-que-precisaram-amadurecer-cedo-nao-perderam-etapas-elas-desenvolveram-inteligencia-emocional-antes-da-maioria\/#breadcrumb"},"inLanguage":"pt-BR","potentialAction":[{"@type":"ReadAction","target":["https:\/\/www.correiobraziliense.com.br\/cbradar\/estudos-mostram-que-criancas-que-precisaram-amadurecer-cedo-nao-perderam-etapas-elas-desenvolveram-inteligencia-emocional-antes-da-maioria\/"]}]},{"@type":"ImageObject","inLanguage":"pt-BR","@id":"https:\/\/www.correiobraziliense.com.br\/cbradar\/estudos-mostram-que-criancas-que-precisaram-amadurecer-cedo-nao-perderam-etapas-elas-desenvolveram-inteligencia-emocional-antes-da-maioria\/#primaryimage","url":"https:\/\/www.correiobraziliense.com.br\/cbradar\/wp-content\/uploads\/2026\/04\/Gemini_Generated_Image_82b4jq82b4jq82b4-1-e1776738175974.png","contentUrl":"https:\/\/www.correiobraziliense.com.br\/cbradar\/wp-content\/uploads\/2026\/04\/Gemini_Generated_Image_82b4jq82b4jq82b4-1-e1776738175974.png","width":1280,"height":720,"caption":"O que acontece com quem cresce r\u00e1pido demais na inf\u00e2ncia"},{"@type":"BreadcrumbList","@id":"https:\/\/www.correiobraziliense.com.br\/cbradar\/estudos-mostram-que-criancas-que-precisaram-amadurecer-cedo-nao-perderam-etapas-elas-desenvolveram-inteligencia-emocional-antes-da-maioria\/#breadcrumb","itemListElement":[{"@type":"ListItem","position":1,"name":"In\u00edcio","item":"https:\/\/www.correiobraziliense.com.br\/cbradar\/"},{"@type":"ListItem","position":2,"name":"Estudos mostram que crian\u00e7as que precisaram amadurecer cedo n\u00e3o perderam etapas, elas desenvolveram intelig\u00eancia emocional antes da maioria"}]},{"@type":"WebSite","@id":"https:\/\/www.correiobraziliense.com.br\/cbradar\/#website","url":"https:\/\/www.correiobraziliense.com.br\/cbradar\/","name":"Correio Braziliense - Radar","description":"Acompanhe as \u00faltimas not\u00edcias e fique bem informado sobre tudo o que acontece no Brasil e no mundo.","potentialAction":[{"@type":"SearchAction","target":{"@type":"EntryPoint","urlTemplate":"https:\/\/www.correiobraziliense.com.br\/cbradar\/?s={search_term_string}"},"query-input":{"@type":"PropertyValueSpecification","valueRequired":true,"valueName":"search_term_string"}}],"inLanguage":"pt-BR"},{"@type":"Person","@id":"https:\/\/www.correiobraziliense.com.br\/cbradar\/#\/schema\/person\/3221b250518e74ac52c442d1c1236aaa","name":"Nicolas Otto","image":{"@type":"ImageObject","inLanguage":"pt-BR","@id":"https:\/\/www.correiobraziliense.com.br\/cbradar\/#\/schema\/person\/image\/","url":"https:\/\/secure.gravatar.com\/avatar\/05925f730d72f0ea0df144f236adfb18?s=96&d=mm&r=g","contentUrl":"https:\/\/secure.gravatar.com\/avatar\/05925f730d72f0ea0df144f236adfb18?s=96&d=mm&r=g","caption":"Nicolas Otto"},"sameAs":["https:\/\/www.correiobraziliense.com.br\/cbradar\/"],"url":"https:\/\/www.correiobraziliense.com.br\/cbradar\/author\/nicolas-otto\/"}]}},"_links":{"self":[{"href":"https:\/\/www.correiobraziliense.com.br\/cbradar\/wp-json\/wp\/v2\/posts\/229209","targetHints":{"allow":["GET"]}}],"collection":[{"href":"https:\/\/www.correiobraziliense.com.br\/cbradar\/wp-json\/wp\/v2\/posts"}],"about":[{"href":"https:\/\/www.correiobraziliense.com.br\/cbradar\/wp-json\/wp\/v2\/types\/post"}],"author":[{"embeddable":true,"href":"https:\/\/www.correiobraziliense.com.br\/cbradar\/wp-json\/wp\/v2\/users\/23"}],"replies":[{"embeddable":true,"href":"https:\/\/www.correiobraziliense.com.br\/cbradar\/wp-json\/wp\/v2\/comments?post=229209"}],"version-history":[{"count":1,"href":"https:\/\/www.correiobraziliense.com.br\/cbradar\/wp-json\/wp\/v2\/posts\/229209\/revisions"}],"predecessor-version":[{"id":229224,"href":"https:\/\/www.correiobraziliense.com.br\/cbradar\/wp-json\/wp\/v2\/posts\/229209\/revisions\/229224"}],"wp:featuredmedia":[{"embeddable":true,"href":"https:\/\/www.correiobraziliense.com.br\/cbradar\/wp-json\/wp\/v2\/media\/229221"}],"wp:attachment":[{"href":"https:\/\/www.correiobraziliense.com.br\/cbradar\/wp-json\/wp\/v2\/media?parent=229209"}],"wp:term":[{"taxonomy":"category","embeddable":true,"href":"https:\/\/www.correiobraziliense.com.br\/cbradar\/wp-json\/wp\/v2\/categories?post=229209"},{"taxonomy":"post_tag","embeddable":true,"href":"https:\/\/www.correiobraziliense.com.br\/cbradar\/wp-json\/wp\/v2\/post_tag?post=229209"}],"curies":[{"name":"wp","href":"https:\/\/api.w.org\/{rel}","templated":true}]}}