{"id":229559,"date":"2026-04-27T13:45:00","date_gmt":"2026-04-27T16:45:00","guid":{"rendered":"https:\/\/www.correiobraziliense.com.br\/cbradar\/?p=229559"},"modified":"2026-04-21T14:48:31","modified_gmt":"2026-04-21T17:48:31","slug":"pesquisas-indicam-que-criancas-que-cuidavam-dos-pais-nao-tiveram-uma-infancia-comum-elas-aprenderam-responsabilidade-em-um-nivel-raro","status":"publish","type":"post","link":"https:\/\/www.correiobraziliense.com.br\/cbradar\/pesquisas-indicam-que-criancas-que-cuidavam-dos-pais-nao-tiveram-uma-infancia-comum-elas-aprenderam-responsabilidade-em-um-nivel-raro\/","title":{"rendered":"Pesquisas indicam que crian\u00e7as que cuidavam dos pais n\u00e3o tiveram uma inf\u00e2ncia comum, elas aprenderam responsabilidade em um n\u00edvel raro"},"content":{"rendered":"\n<p>Crian\u00e7as que assumem o papel de cuidar dos pais vivem uma din\u00e2mica diferente da maioria. Em vez de apenas receber suporte, elas passam a oferecer apoio emocional ou pr\u00e1tico. Pesquisas em <strong>Psicologia do Desenvolvimento<\/strong> indicam que esse contexto n\u00e3o define apenas perda, mas tamb\u00e9m a constru\u00e7\u00e3o de habilidades incomuns, especialmente ligadas \u00e0 responsabilidade e \u00e0 percep\u00e7\u00e3o emocional.<\/p>\n\n\n\n<h2 class=\"wp-block-heading\">O que significa uma crian\u00e7a cuidar dos pais?<\/h2>\n\n\n\n<p>Esse fen\u00f4meno \u00e9 conhecido como <strong><a href=\"https:\/\/pmc.ncbi.nlm.nih.gov\/articles\/PMC10341267\/#:~:text=Parentification%20occurs%20when%20youth%20are,and%20five%20from%20quantitative%20studies.\" target=\"_blank\" rel=\"noreferrer noopener\">parentifica\u00e7\u00e3o<\/a><\/strong>, quando a <a href=\"https:\/\/www.correiobraziliense.com.br\/cbradar\/a-psicologia-diz-que-os-avos-que-os-netos-realmente-querem-visitar-nao-sao-os-que-tem-as-maiores-casas-ou-os-melhores-brinquedos-sao-os-que-se-lembram-do-que-a-crianca-disse-ha-tres-semanas-e-falam-s\/\" target=\"_blank\" rel=\"noreferrer noopener\">crian\u00e7a <\/a>assume fun\u00e7\u00f5es que seriam do adulto. Isso pode envolver desde tarefas dom\u00e9sticas at\u00e9 apoio emocional em momentos dif\u00edceis. A invers\u00e3o de pap\u00e9is altera a din\u00e2mica familiar e exige adapta\u00e7\u00e3o constante.<\/p>\n\n\n\n<p>Nesse contexto, a crian\u00e7a aprende a interpretar sinais e antecipar necessidades. Esse comportamento n\u00e3o surge por escolha, mas como resposta ao ambiente. Com o tempo, essa viv\u00eancia molda a forma como ela percebe responsabilidade e v\u00ednculos afetivos.<\/p>\n\n\n\n<figure class=\"wp-block-image size-full\"><img decoding=\"async\" width=\"1279\" height=\"720\" src=\"https:\/\/www.correiobraziliense.com.br\/cbradar\/wp-content\/uploads\/2026\/04\/download-60-1-2.png\" alt=\"\" class=\"wp-image-229562\" srcset=\"https:\/\/www.correiobraziliense.com.br\/cbradar\/wp-content\/uploads\/2026\/04\/download-60-1-2.png 1279w, https:\/\/www.correiobraziliense.com.br\/cbradar\/wp-content\/uploads\/2026\/04\/download-60-1-2-300x169.png 300w, https:\/\/www.correiobraziliense.com.br\/cbradar\/wp-content\/uploads\/2026\/04\/download-60-1-2-768x432.png 768w, https:\/\/www.correiobraziliense.com.br\/cbradar\/wp-content\/uploads\/2026\/04\/download-60-1-2-750x422.png 750w, https:\/\/www.correiobraziliense.com.br\/cbradar\/wp-content\/uploads\/2026\/04\/download-60-1-2-1140x642.png 1140w\" sizes=\"(max-width: 1279px) 100vw, 1279px\" \/><figcaption class=\"wp-element-caption\">Parentifica\u00e7\u00e3o infantil: como cuidar dos pais muda o desenvolvimento<\/figcaption><\/figure>\n\n\n\n<h2 class=\"wp-block-heading\">Esse tipo de inf\u00e2ncia afeta o desenvolvimento emocional?<\/h2>\n\n\n\n<p>Sim, esse cen\u00e1rio impacta diretamente o desenvolvimento emocional. A crian\u00e7a tende a desenvolver <strong>maturidade precoce<\/strong>, aprendendo a lidar com situa\u00e7\u00f5es complexas antes do esperado. Isso fortalece habilidades como empatia, controle emocional e senso de dever.<\/p>\n\n\n\n<p>Por outro lado, pode haver dificuldades em reconhecer as pr\u00f3prias necessidades. Ao focar no outro, a crian\u00e7a reduz o espa\u00e7o para suas emo\u00e7\u00f5es. Esse padr\u00e3o pode persistir na vida adulta, influenciando rela\u00e7\u00f5es e a forma como a pessoa se posiciona.<\/p>\n\n\n\n<h2 class=\"wp-block-heading\">Quais sinais s\u00e3o comuns em quem viveu essa realidade?<\/h2>\n\n\n\n<p>Pessoas que passaram por esse tipo de experi\u00eancia apresentam comportamentos que refletem esse hist\u00f3rico. Esses padr\u00f5es s\u00e3o respostas adaptativas \u00e0s responsabilidades assumidas durante a inf\u00e2ncia, muitas vezes de forma cont\u00ednua.<\/p>\n\n\n\n<p>Entre os sinais mais frequentes, destacam-se:<\/p>\n\n\n\n<ul class=\"wp-block-list\">\n<li><strong>Senso elevado de responsabilidade<\/strong>, mesmo em situa\u00e7\u00f5es simples<\/li>\n\n\n\n<li><strong>Dificuldade em pedir ajuda<\/strong>, priorizando sempre o outro<\/li>\n\n\n\n<li><strong>Alta empatia<\/strong>, com aten\u00e7\u00e3o constante \u00e0s emo\u00e7\u00f5es alheias<\/li>\n\n\n\n<li><strong>Tend\u00eancia ao autocontrole<\/strong>, evitando demonstrar fragilidade<\/li>\n\n\n\n<li><strong>Sobrecarga emocional<\/strong>, assumindo problemas que n\u00e3o s\u00e3o seus<\/li>\n<\/ul>\n\n\n\n<h2 class=\"wp-block-heading\">Existem benef\u00edcios nesse amadurecimento precoce?<\/h2>\n\n\n\n<p>Apesar dos desafios, h\u00e1 aspectos positivos nesse desenvolvimento. A viv\u00eancia fortalece habilidades valorizadas em diferentes contextos, como capacidade de organiza\u00e7\u00e3o, leitura emocional e tomada de decis\u00e3o sob press\u00e3o. Essas compet\u00eancias podem favorecer desempenho profissional e rela\u00e7\u00f5es sociais.<\/p>\n\n\n\n<p>No entanto, esses benef\u00edcios n\u00e3o anulam os custos emocionais. O equil\u00edbrio depende de reconhecer limites e ajustar comportamentos. Sem isso, a responsabilidade aprendida pode se transformar em sobrecarga constante.<\/p>\n\n\n\n<figure class=\"wp-block-image size-full\"><img decoding=\"async\" width=\"1279\" height=\"720\" src=\"https:\/\/www.correiobraziliense.com.br\/cbradar\/wp-content\/uploads\/2026\/04\/download-59-1-2.png\" alt=\"\" class=\"wp-image-229561\" srcset=\"https:\/\/www.correiobraziliense.com.br\/cbradar\/wp-content\/uploads\/2026\/04\/download-59-1-2.png 1279w, https:\/\/www.correiobraziliense.com.br\/cbradar\/wp-content\/uploads\/2026\/04\/download-59-1-2-300x169.png 300w, https:\/\/www.correiobraziliense.com.br\/cbradar\/wp-content\/uploads\/2026\/04\/download-59-1-2-768x432.png 768w, https:\/\/www.correiobraziliense.com.br\/cbradar\/wp-content\/uploads\/2026\/04\/download-59-1-2-750x422.png 750w, https:\/\/www.correiobraziliense.com.br\/cbradar\/wp-content\/uploads\/2026\/04\/download-59-1-2-1140x642.png 1140w\" sizes=\"(max-width: 1279px) 100vw, 1279px\" \/><figcaption class=\"wp-element-caption\">Parentifica\u00e7\u00e3o infantil: como cuidar dos pais muda o desenvolvimento<\/figcaption><\/figure>\n\n\n\n<h2 class=\"wp-block-heading\">Como equilibrar responsabilidade e autocuidado?<\/h2>\n\n\n\n<p>O primeiro passo \u00e9 desenvolver <strong>autoconsci\u00eancia<\/strong>, identificando padr\u00f5es constru\u00eddos ao longo da vida. Reconhecer que nem toda responsabilidade precisa ser assumida permite reduzir o peso emocional acumulado. Esse processo envolve revis\u00e3o de cren\u00e7as e constru\u00e7\u00e3o de novos limites.<\/p>\n\n\n\n<p>Al\u00e9m disso, valorizar o pr\u00f3prio bem-estar \u00e9 essencial para rela\u00e7\u00f5es mais saud\u00e1veis. Ao equilibrar cuidado com o outro e consigo, a pessoa utiliza suas habilidades de forma mais sustent\u00e1vel. Esse ajuste contribui para uma vida emocional mais est\u00e1vel e consciente.<\/p>\n","protected":false},"excerpt":{"rendered":"<p>Entenda o que \u00e9 parentifica\u00e7\u00e3o e como crian\u00e7as que cuidam dos pais desenvolvem habilidades e desafios emocionais<\/p>\n","protected":false},"author":23,"featured_media":229560,"comment_status":"open","ping_status":"open","sticky":false,"template":"","format":"standard","meta":{"_yoast_wpseo_focuskw":"Crian\u00e7as que cuidavam dos pais","_yoast_wpseo_title":"","_yoast_wpseo_metadesc":"Entenda o que \u00e9 parentifica\u00e7\u00e3o e como crian\u00e7as que cuidam dos pais desenvolvem habilidades e desafios emocionais","jnews-multi-image_gallery":[],"jnews_single_post":{"format":"standard"},"jnews_primary_category":[],"jnews_social_meta":[],"jnews_override_counter":[],"footnotes":""},"categories":[112],"post_tag":[4377,2857,404],"class_list":["post-229559","post","type-post","status-publish","format-standard","has-post-thumbnail","hentry","category-curiosidades","tag-criancas","tag-pais","tag-psicologia"],"yoast_head":"<!-- This site is optimized with the Yoast SEO plugin v24.6 - https:\/\/yoast.com\/wordpress\/plugins\/seo\/ -->\n<title>Pesquisas indicam que crian\u00e7as que cuidavam dos pais n\u00e3o tiveram uma inf\u00e2ncia comum, elas aprenderam responsabilidade em um n\u00edvel raro - Correio Braziliense - Radar<\/title>\n<meta name=\"description\" content=\"Entenda o que \u00e9 parentifica\u00e7\u00e3o e como crian\u00e7as que cuidam dos pais desenvolvem habilidades e desafios emocionais\" \/>\n<meta name=\"robots\" content=\"index, follow, max-snippet:-1, max-image-preview:large, max-video-preview:-1\" \/>\n<link rel=\"canonical\" href=\"https:\/\/www.correiobraziliense.com.br\/cbradar\/pesquisas-indicam-que-criancas-que-cuidavam-dos-pais-nao-tiveram-uma-infancia-comum-elas-aprenderam-responsabilidade-em-um-nivel-raro\/\" \/>\n<meta property=\"og:locale\" content=\"pt_BR\" \/>\n<meta property=\"og:type\" content=\"article\" \/>\n<meta property=\"og:title\" content=\"Pesquisas indicam que crian\u00e7as que cuidavam dos pais n\u00e3o tiveram uma inf\u00e2ncia comum, elas aprenderam responsabilidade em um n\u00edvel raro - Correio Braziliense - Radar\" \/>\n<meta property=\"og:description\" content=\"Entenda o que \u00e9 parentifica\u00e7\u00e3o e como crian\u00e7as que cuidam dos pais desenvolvem habilidades e desafios emocionais\" \/>\n<meta property=\"og:url\" content=\"https:\/\/www.correiobraziliense.com.br\/cbradar\/pesquisas-indicam-que-criancas-que-cuidavam-dos-pais-nao-tiveram-uma-infancia-comum-elas-aprenderam-responsabilidade-em-um-nivel-raro\/\" \/>\n<meta property=\"og:site_name\" content=\"Correio Braziliense - Radar\" \/>\n<meta property=\"article:published_time\" content=\"2026-04-27T16:45:00+00:00\" \/>\n<meta property=\"og:image\" content=\"https:\/\/www.correiobraziliense.com.br\/cbradar\/wp-content\/uploads\/2026\/04\/Gemini_Generated_Image_atc3nqatc3nqatc3-1-1280x698.png\" \/>\n\t<meta property=\"og:image:width\" content=\"1280\" \/>\n\t<meta property=\"og:image:height\" content=\"698\" \/>\n\t<meta property=\"og:image:type\" content=\"image\/png\" \/>\n<meta name=\"author\" content=\"Nicolas Otto\" \/>\n<meta name=\"twitter:card\" content=\"summary_large_image\" \/>\n<meta name=\"twitter:label1\" content=\"Escrito por\" \/>\n\t<meta name=\"twitter:data1\" content=\"Nicolas Otto\" \/>\n\t<meta name=\"twitter:label2\" content=\"Est. tempo de leitura\" \/>\n\t<meta name=\"twitter:data2\" content=\"4 minutos\" \/>\n<!-- \/ Yoast SEO plugin. -->","yoast_head_json":{"title":"Pesquisas indicam que crian\u00e7as que cuidavam dos pais n\u00e3o tiveram uma inf\u00e2ncia comum, elas aprenderam responsabilidade em um n\u00edvel raro - Correio Braziliense - Radar","description":"Entenda o que \u00e9 parentifica\u00e7\u00e3o e como crian\u00e7as que cuidam dos pais desenvolvem habilidades e desafios emocionais","robots":{"index":"index","follow":"follow","max-snippet":"max-snippet:-1","max-image-preview":"max-image-preview:large","max-video-preview":"max-video-preview:-1"},"canonical":"https:\/\/www.correiobraziliense.com.br\/cbradar\/pesquisas-indicam-que-criancas-que-cuidavam-dos-pais-nao-tiveram-uma-infancia-comum-elas-aprenderam-responsabilidade-em-um-nivel-raro\/","og_locale":"pt_BR","og_type":"article","og_title":"Pesquisas indicam que crian\u00e7as que cuidavam dos pais n\u00e3o tiveram uma inf\u00e2ncia comum, elas aprenderam responsabilidade em um n\u00edvel raro - Correio Braziliense - Radar","og_description":"Entenda o que \u00e9 parentifica\u00e7\u00e3o e como crian\u00e7as que cuidam dos pais desenvolvem habilidades e desafios emocionais","og_url":"https:\/\/www.correiobraziliense.com.br\/cbradar\/pesquisas-indicam-que-criancas-que-cuidavam-dos-pais-nao-tiveram-uma-infancia-comum-elas-aprenderam-responsabilidade-em-um-nivel-raro\/","og_site_name":"Correio Braziliense - Radar","article_published_time":"2026-04-27T16:45:00+00:00","og_image":[{"width":1280,"height":698,"url":"https:\/\/www.correiobraziliense.com.br\/cbradar\/wp-content\/uploads\/2026\/04\/Gemini_Generated_Image_atc3nqatc3nqatc3-1-1280x698.png","type":"image\/png"}],"author":"Nicolas Otto","twitter_card":"summary_large_image","twitter_misc":{"Escrito por":"Nicolas Otto","Est. tempo de leitura":"4 minutos"},"schema":{"@context":"https:\/\/schema.org","@graph":[{"@type":"WebPage","@id":"https:\/\/www.correiobraziliense.com.br\/cbradar\/pesquisas-indicam-que-criancas-que-cuidavam-dos-pais-nao-tiveram-uma-infancia-comum-elas-aprenderam-responsabilidade-em-um-nivel-raro\/","url":"https:\/\/www.correiobraziliense.com.br\/cbradar\/pesquisas-indicam-que-criancas-que-cuidavam-dos-pais-nao-tiveram-uma-infancia-comum-elas-aprenderam-responsabilidade-em-um-nivel-raro\/","name":"Pesquisas indicam que crian\u00e7as que cuidavam dos pais n\u00e3o tiveram uma inf\u00e2ncia comum, elas aprenderam responsabilidade em um n\u00edvel raro - Correio Braziliense - Radar","isPartOf":{"@id":"https:\/\/www.correiobraziliense.com.br\/cbradar\/#website"},"primaryImageOfPage":{"@id":"https:\/\/www.correiobraziliense.com.br\/cbradar\/pesquisas-indicam-que-criancas-que-cuidavam-dos-pais-nao-tiveram-uma-infancia-comum-elas-aprenderam-responsabilidade-em-um-nivel-raro\/#primaryimage"},"image":{"@id":"https:\/\/www.correiobraziliense.com.br\/cbradar\/pesquisas-indicam-que-criancas-que-cuidavam-dos-pais-nao-tiveram-uma-infancia-comum-elas-aprenderam-responsabilidade-em-um-nivel-raro\/#primaryimage"},"thumbnailUrl":"https:\/\/www.correiobraziliense.com.br\/cbradar\/wp-content\/uploads\/2026\/04\/Gemini_Generated_Image_atc3nqatc3nqatc3-1-e1776793498966.png","datePublished":"2026-04-27T16:45:00+00:00","author":{"@id":"https:\/\/www.correiobraziliense.com.br\/cbradar\/#\/schema\/person\/3221b250518e74ac52c442d1c1236aaa"},"description":"Entenda o que \u00e9 parentifica\u00e7\u00e3o e como crian\u00e7as que cuidam dos pais desenvolvem habilidades e desafios emocionais","breadcrumb":{"@id":"https:\/\/www.correiobraziliense.com.br\/cbradar\/pesquisas-indicam-que-criancas-que-cuidavam-dos-pais-nao-tiveram-uma-infancia-comum-elas-aprenderam-responsabilidade-em-um-nivel-raro\/#breadcrumb"},"inLanguage":"pt-BR","potentialAction":[{"@type":"ReadAction","target":["https:\/\/www.correiobraziliense.com.br\/cbradar\/pesquisas-indicam-que-criancas-que-cuidavam-dos-pais-nao-tiveram-uma-infancia-comum-elas-aprenderam-responsabilidade-em-um-nivel-raro\/"]}]},{"@type":"ImageObject","inLanguage":"pt-BR","@id":"https:\/\/www.correiobraziliense.com.br\/cbradar\/pesquisas-indicam-que-criancas-que-cuidavam-dos-pais-nao-tiveram-uma-infancia-comum-elas-aprenderam-responsabilidade-em-um-nivel-raro\/#primaryimage","url":"https:\/\/www.correiobraziliense.com.br\/cbradar\/wp-content\/uploads\/2026\/04\/Gemini_Generated_Image_atc3nqatc3nqatc3-1-e1776793498966.png","contentUrl":"https:\/\/www.correiobraziliense.com.br\/cbradar\/wp-content\/uploads\/2026\/04\/Gemini_Generated_Image_atc3nqatc3nqatc3-1-e1776793498966.png","width":1280,"height":720,"caption":"Parentifica\u00e7\u00e3o infantil: como cuidar dos pais muda o desenvolvimento"},{"@type":"BreadcrumbList","@id":"https:\/\/www.correiobraziliense.com.br\/cbradar\/pesquisas-indicam-que-criancas-que-cuidavam-dos-pais-nao-tiveram-uma-infancia-comum-elas-aprenderam-responsabilidade-em-um-nivel-raro\/#breadcrumb","itemListElement":[{"@type":"ListItem","position":1,"name":"In\u00edcio","item":"https:\/\/www.correiobraziliense.com.br\/cbradar\/"},{"@type":"ListItem","position":2,"name":"Pesquisas indicam que crian\u00e7as que cuidavam dos pais n\u00e3o tiveram uma inf\u00e2ncia comum, elas aprenderam responsabilidade em um n\u00edvel raro"}]},{"@type":"WebSite","@id":"https:\/\/www.correiobraziliense.com.br\/cbradar\/#website","url":"https:\/\/www.correiobraziliense.com.br\/cbradar\/","name":"Correio Braziliense - Radar","description":"Acompanhe as \u00faltimas not\u00edcias e fique bem informado sobre tudo o que acontece no Brasil e no mundo.","potentialAction":[{"@type":"SearchAction","target":{"@type":"EntryPoint","urlTemplate":"https:\/\/www.correiobraziliense.com.br\/cbradar\/?s={search_term_string}"},"query-input":{"@type":"PropertyValueSpecification","valueRequired":true,"valueName":"search_term_string"}}],"inLanguage":"pt-BR"},{"@type":"Person","@id":"https:\/\/www.correiobraziliense.com.br\/cbradar\/#\/schema\/person\/3221b250518e74ac52c442d1c1236aaa","name":"Nicolas Otto","image":{"@type":"ImageObject","inLanguage":"pt-BR","@id":"https:\/\/www.correiobraziliense.com.br\/cbradar\/#\/schema\/person\/image\/","url":"https:\/\/secure.gravatar.com\/avatar\/05925f730d72f0ea0df144f236adfb18?s=96&d=mm&r=g","contentUrl":"https:\/\/secure.gravatar.com\/avatar\/05925f730d72f0ea0df144f236adfb18?s=96&d=mm&r=g","caption":"Nicolas Otto"},"sameAs":["https:\/\/www.correiobraziliense.com.br\/cbradar\/"],"url":"https:\/\/www.correiobraziliense.com.br\/cbradar\/author\/nicolas-otto\/"}]}},"_links":{"self":[{"href":"https:\/\/www.correiobraziliense.com.br\/cbradar\/wp-json\/wp\/v2\/posts\/229559","targetHints":{"allow":["GET"]}}],"collection":[{"href":"https:\/\/www.correiobraziliense.com.br\/cbradar\/wp-json\/wp\/v2\/posts"}],"about":[{"href":"https:\/\/www.correiobraziliense.com.br\/cbradar\/wp-json\/wp\/v2\/types\/post"}],"author":[{"embeddable":true,"href":"https:\/\/www.correiobraziliense.com.br\/cbradar\/wp-json\/wp\/v2\/users\/23"}],"replies":[{"embeddable":true,"href":"https:\/\/www.correiobraziliense.com.br\/cbradar\/wp-json\/wp\/v2\/comments?post=229559"}],"version-history":[{"count":1,"href":"https:\/\/www.correiobraziliense.com.br\/cbradar\/wp-json\/wp\/v2\/posts\/229559\/revisions"}],"predecessor-version":[{"id":229563,"href":"https:\/\/www.correiobraziliense.com.br\/cbradar\/wp-json\/wp\/v2\/posts\/229559\/revisions\/229563"}],"wp:featuredmedia":[{"embeddable":true,"href":"https:\/\/www.correiobraziliense.com.br\/cbradar\/wp-json\/wp\/v2\/media\/229560"}],"wp:attachment":[{"href":"https:\/\/www.correiobraziliense.com.br\/cbradar\/wp-json\/wp\/v2\/media?parent=229559"}],"wp:term":[{"taxonomy":"category","embeddable":true,"href":"https:\/\/www.correiobraziliense.com.br\/cbradar\/wp-json\/wp\/v2\/categories?post=229559"},{"taxonomy":"post_tag","embeddable":true,"href":"https:\/\/www.correiobraziliense.com.br\/cbradar\/wp-json\/wp\/v2\/post_tag?post=229559"}],"curies":[{"name":"wp","href":"https:\/\/api.w.org\/{rel}","templated":true}]}}