{"id":229564,"date":"2026-04-27T13:25:00","date_gmt":"2026-04-27T16:25:00","guid":{"rendered":"https:\/\/www.correiobraziliense.com.br\/cbradar\/?p=229564"},"modified":"2026-04-21T15:07:32","modified_gmt":"2026-04-21T18:07:32","slug":"os-2-cortes-de-cabelo-curto-praticos-que-estao-em-alta-agora-e-facilitam-a-rotina-no-dia-a-dia","status":"publish","type":"post","link":"https:\/\/www.correiobraziliense.com.br\/cbradar\/os-2-cortes-de-cabelo-curto-praticos-que-estao-em-alta-agora-e-facilitam-a-rotina-no-dia-a-dia\/","title":{"rendered":"Os 2 cortes de cabelo curto pr\u00e1ticos que est\u00e3o em alta agora e facilitam a rotina no dia a dia"},"content":{"rendered":"\n<p>Entre as tend\u00eancias de beleza em 2026, os&nbsp;<strong>cortes de cabelo m\u00e9dios<\/strong>&nbsp;aparecem como op\u00e7\u00e3o frequente para quem deseja mudar o visual sem perder totalmente o comprimento. Esse tipo de corte se destaca pela facilidade de manuten\u00e7\u00e3o, pela versatilidade para diferentes rotinas e estilos, e pela capacidade de valorizar v\u00e1rios formatos de rosto e tipos de fio, do liso ao crespo.<\/p>\n\n\n\n<h2 class=\"wp-block-heading\">Por que os cortes de cabelo m\u00e9dios est\u00e3o em alta em 2026<\/h2>\n\n\n\n<p>A popularidade dos\u00a0<strong>cabelos m\u00e9dios<\/strong>\u00a0est\u00e1 ligada ao equil\u00edbrio entre funcionalidade e est\u00e9tica. Em um cotidiano que mistura <a href=\"https:\/\/www.correiobraziliense.com.br\/cbradar\/o-que-significa-quando-o-gato-dorme-na-sua-mesa-de-trabalho\/\" target=\"_blank\" rel=\"noreferrer noopener\">trabalho<\/a> presencial, atividades remotas e vida social intensa, o comprimento m\u00e9dio facilita os cuidados e reduz o <a href=\"https:\/\/www.harpersbazaar.com\/uk\/beauty\/hair\/a71047857\/mid-length-hairstyles\/\" target=\"_blank\" rel=\"noreferrer noopener\">tempo de secagem e finaliza\u00e7\u00e3o<\/a>.<\/p>\n\n\n\n<p>Pranchas, babyliss, escovas modeladoras e finaliza\u00e7\u00f5es naturais costumam funcionar bem nesse comprimento. Para quem tem cabelo longo, o corte m\u00e9dio traz leveza e movimento, mas ainda permite prender, tran\u00e7ar e variar penteados sem sensa\u00e7\u00e3o de ruptura total com o visual anterior.<\/p>\n\n\n\n<figure class=\"wp-block-image size-large\"><img decoding=\"async\" width=\"1280\" height=\"698\" src=\"https:\/\/www.correiobraziliense.com.br\/cbradar\/wp-content\/uploads\/2026\/04\/Gemini_Generated_Image_1zjt0y1zjt0y1zjt-1-1280x698.png\" alt=\"5 cortes de cabelo curto pr\u00e1ticos que est\u00e3o em alta agora e facilitam a rotina no dia a dia\" class=\"wp-image-229567\" srcset=\"https:\/\/www.correiobraziliense.com.br\/cbradar\/wp-content\/uploads\/2026\/04\/Gemini_Generated_Image_1zjt0y1zjt0y1zjt-1-1280x698.png 1280w, https:\/\/www.correiobraziliense.com.br\/cbradar\/wp-content\/uploads\/2026\/04\/Gemini_Generated_Image_1zjt0y1zjt0y1zjt-1-300x164.png 300w, https:\/\/www.correiobraziliense.com.br\/cbradar\/wp-content\/uploads\/2026\/04\/Gemini_Generated_Image_1zjt0y1zjt0y1zjt-1-768x419.png 768w, https:\/\/www.correiobraziliense.com.br\/cbradar\/wp-content\/uploads\/2026\/04\/Gemini_Generated_Image_1zjt0y1zjt0y1zjt-1-750x409.png 750w, https:\/\/www.correiobraziliense.com.br\/cbradar\/wp-content\/uploads\/2026\/04\/Gemini_Generated_Image_1zjt0y1zjt0y1zjt-1-1140x622.png 1140w, https:\/\/www.correiobraziliense.com.br\/cbradar\/wp-content\/uploads\/2026\/04\/Gemini_Generated_Image_1zjt0y1zjt0y1zjt-1.png 1320w\" sizes=\"(max-width: 1280px) 100vw, 1280px\" \/><figcaption class=\"wp-element-caption\">Os cortes m\u00e9dios que valorizam qualquer tipo de cabelo<\/figcaption><\/figure>\n\n\n\n<h2 class=\"wp-block-heading\">Quais s\u00e3o os cortes de cabelo m\u00e9dios mais vistos atualmente<\/h2>\n\n\n\n<p>Entre os&nbsp;<strong>cortes de cabelo m\u00e9dio<\/strong>&nbsp;mais procurados em sal\u00f5es e redes sociais, alguns estilos se destacam pela combina\u00e7\u00e3o de movimento, textura e praticidade. A escolha costuma considerar tipo de fio, espessura, presen\u00e7a de ondas ou cachos e tempo dispon\u00edvel para finaliza\u00e7\u00e3o di\u00e1ria.<\/p>\n\n\n\n<p>Esses modelos m\u00e9dios podem transmitir uma imagem mais cl\u00e1ssica, moderna ou despojada, mantendo o comprimento intermedi\u00e1rio como base vers\u00e1til. Abaixo est\u00e3o alguns dos estilos que mais chamam aten\u00e7\u00e3o em 2026:<\/p>\n\n\n\n<ul class=\"wp-block-list\">\n<li><strong>Long bob:<\/strong>\u00a0na altura dos ombros ou alguns dedos abaixo, com base reta ou frente levemente alongada, enquadrando o rosto.<\/li>\n\n\n\n<li><strong>Wolf cut m\u00e9dio:<\/strong>\u00a0camadas desconectadas, volume no topo e pontas leves, para visual marcante e despojado.<\/li>\n<\/ul>\n\n\n\n<h2 class=\"wp-block-heading\">Como escolher o melhor corte de cabelo m\u00e9dio para cada tipo de fio<\/h2>\n\n\n\n<p>A sele\u00e7\u00e3o do&nbsp;<strong>melhor corte m\u00e9dio<\/strong>&nbsp;envolve analisar textura natural, volume e formato do rosto, al\u00e9m de h\u00e1bitos de cuidado. Profissionais avaliam se os fios s\u00e3o finos ou grossos, a tend\u00eancia ao frizz, se s\u00e3o lisos, ondulados, cacheados ou crespos e se h\u00e1 uso frequente de ferramentas t\u00e9rmicas.<\/p>\n\n\n\n<p>Fotografias de refer\u00eancia ajudam a alinhar expectativas, mas a adapta\u00e7\u00e3o ao tipo de fio e \u00e0 rotina \u00e9 essencial. Em geral, alguns direcionamentos costumam funcionar bem para cada textura natural de cabelo.<\/p>\n\n\n\n<h2 class=\"wp-block-heading\">Quais s\u00e3o os cuidados essenciais para manter cortes de cabelo m\u00e9dios<\/h2>\n\n\n\n<p>Depois de escolher um&nbsp;<strong>corte de cabelo m\u00e9dio moderno<\/strong>, a manuten\u00e7\u00e3o ajuda a preservar o formato e o caimento. Em geral, recomenda-se retocar o corte a cada seis a dez semanas, dependendo do crescimento e da quantidade de camadas.<\/p>\n\n\n\n<p>Alguns cuidados simples tornam o comprimento m\u00e9dio mais duradouro e alinhado, mantendo movimento e brilho mesmo na rotina corrida. Al\u00e9m da rotina b\u00e1sica de lavagem e hidrata\u00e7\u00e3o, vale incluir tratamentos de nutri\u00e7\u00e3o e reconstru\u00e7\u00e3o de tempos em tempos, especialmente para quem usa tintura, faz alisamentos ou utiliza ferramentas de calor com frequ\u00eancia. Escovas com cerdas adequadas ao tipo de fio, preferir toalhas de microfibra e evitar fric\u00e7\u00e3o excessiva tamb\u00e9m ajudam a controlar o frizz e a preservar o desenho do corte.<\/p>\n\n\n\n<p><br>Se voc\u00ea tem cabelos m\u00e9dios e quer cuidar deles sem complica\u00e7\u00e3o, este v\u00eddeo do canal <strong>Isa Salustiano<\/strong>, com mais de <strong>121 mil inscritos<\/strong>, foi uma escolha certeira para voc\u00ea. Ele re\u00fane dicas pr\u00e1ticas e sugest\u00f5es de produtos que ajudam a manter os fios bonitos, saud\u00e1veis e bem finalizados no dia a dia.<\/p>\n\n\n\n<figure class=\"wp-block-embed is-type-video is-provider-youtube wp-block-embed-youtube wp-embed-aspect-16-9 wp-has-aspect-ratio\"><div class=\"wp-block-embed__wrapper\">\n<div class=\"jeg_video_container jeg_video_content\"><iframe loading=\"lazy\" title=\"Como cuidar de Cabelos M\u00c9DIOS | Dicas de cuidados e produtos!\" width=\"500\" height=\"281\" src=\"https:\/\/www.youtube.com\/embed\/avmLLJfl1tU?feature=oembed\" frameborder=\"0\" allow=\"accelerometer; autoplay; clipboard-write; encrypted-media; gyroscope; picture-in-picture; web-share\" referrerpolicy=\"strict-origin-when-cross-origin\" allowfullscreen><\/iframe><\/div>\n<\/div><\/figure>\n\n\n\n<h2 class=\"wp-block-heading\">Como os cortes de cabelo m\u00e9dios equilibram estilo e praticidade<\/h2>\n\n\n\n<p>Os cortes de cabelo m\u00e9dios se consolidam em 2026 como op\u00e7\u00e3o est\u00e1vel para quem procura um visual atualizado sem mudan\u00e7as radicais. Eles equilibram forma, movimento e praticidade, funcionam em diferentes contextos e se adaptam bem \u00e0 maioria dos tipos de fio.<\/p>\n\n\n\n<p>Com manuten\u00e7\u00e3o adequada, esse comprimento oferece liberdade para variar texturas, penteados e finaliza\u00e7\u00f5es, mantendo sempre uma proposta pr\u00e1tica, vers\u00e1til e alinhada \u00e0s demandas do dia a dia.<\/p>\n","protected":false},"excerpt":{"rendered":"<p>Os cortes de cabelo m\u00e9dio que s\u00e3o tend\u00eancia em 2026 e saiba como escolher o estilo ideal para seu tipo de fio<\/p>\n","protected":false},"author":23,"featured_media":229565,"comment_status":"open","ping_status":"open","sticky":false,"template":"","format":"standard","meta":{"_yoast_wpseo_focuskw":"Cortes de cabelo","_yoast_wpseo_title":"","_yoast_wpseo_metadesc":"Os cortes de cabelo m\u00e9dio que s\u00e3o tend\u00eancia em 2026 e saiba como escolher o estilo ideal para seu tipo de fio","jnews-multi-image_gallery":[],"jnews_single_post":{"format":"standard"},"jnews_primary_category":[],"jnews_social_meta":[],"jnews_override_counter":[],"footnotes":""},"categories":[124],"post_tag":[126,4081,1572],"class_list":["post-229564","post","type-post","status-publish","format-standard","has-post-thumbnail","hentry","category-beleza","tag-cabelo","tag-dicas-de-beleza","tag-mulheres"],"yoast_head":"<!-- This site is optimized with the Yoast SEO plugin v24.6 - https:\/\/yoast.com\/wordpress\/plugins\/seo\/ -->\n<title>Os 2 cortes de cabelo curto pr\u00e1ticos que est\u00e3o em alta agora e facilitam a rotina no dia a dia - Correio Braziliense - Radar<\/title>\n<meta name=\"description\" content=\"Os cortes de cabelo m\u00e9dio que s\u00e3o tend\u00eancia em 2026 e saiba como escolher o estilo ideal para seu tipo de fio\" \/>\n<meta name=\"robots\" content=\"index, follow, max-snippet:-1, max-image-preview:large, max-video-preview:-1\" \/>\n<link rel=\"canonical\" href=\"https:\/\/www.correiobraziliense.com.br\/cbradar\/os-2-cortes-de-cabelo-curto-praticos-que-estao-em-alta-agora-e-facilitam-a-rotina-no-dia-a-dia\/\" \/>\n<meta property=\"og:locale\" content=\"pt_BR\" \/>\n<meta property=\"og:type\" content=\"article\" \/>\n<meta property=\"og:title\" content=\"Os 2 cortes de cabelo curto pr\u00e1ticos que est\u00e3o em alta agora e facilitam a rotina no dia a dia - Correio Braziliense - Radar\" \/>\n<meta property=\"og:description\" content=\"Os cortes de cabelo m\u00e9dio que s\u00e3o tend\u00eancia em 2026 e saiba como escolher o estilo ideal para seu tipo de fio\" \/>\n<meta property=\"og:url\" content=\"https:\/\/www.correiobraziliense.com.br\/cbradar\/os-2-cortes-de-cabelo-curto-praticos-que-estao-em-alta-agora-e-facilitam-a-rotina-no-dia-a-dia\/\" \/>\n<meta property=\"og:site_name\" content=\"Correio Braziliense - Radar\" \/>\n<meta property=\"article:published_time\" content=\"2026-04-27T16:25:00+00:00\" \/>\n<meta property=\"og:image\" content=\"https:\/\/www.correiobraziliense.com.br\/cbradar\/wp-content\/uploads\/2026\/04\/Gemini_Generated_Image_gvc3bugvc3bugvc3-1-1280x698.png\" \/>\n\t<meta property=\"og:image:width\" content=\"1280\" \/>\n\t<meta property=\"og:image:height\" content=\"698\" \/>\n\t<meta property=\"og:image:type\" content=\"image\/png\" \/>\n<meta name=\"author\" content=\"Nicolas Otto\" \/>\n<meta name=\"twitter:card\" content=\"summary_large_image\" \/>\n<meta name=\"twitter:label1\" content=\"Escrito por\" \/>\n\t<meta name=\"twitter:data1\" content=\"Nicolas Otto\" \/>\n\t<meta name=\"twitter:label2\" content=\"Est. tempo de leitura\" \/>\n\t<meta name=\"twitter:data2\" content=\"4 minutos\" \/>\n<!-- \/ Yoast SEO plugin. -->","yoast_head_json":{"title":"Os 2 cortes de cabelo curto pr\u00e1ticos que est\u00e3o em alta agora e facilitam a rotina no dia a dia - Correio Braziliense - Radar","description":"Os cortes de cabelo m\u00e9dio que s\u00e3o tend\u00eancia em 2026 e saiba como escolher o estilo ideal para seu tipo de fio","robots":{"index":"index","follow":"follow","max-snippet":"max-snippet:-1","max-image-preview":"max-image-preview:large","max-video-preview":"max-video-preview:-1"},"canonical":"https:\/\/www.correiobraziliense.com.br\/cbradar\/os-2-cortes-de-cabelo-curto-praticos-que-estao-em-alta-agora-e-facilitam-a-rotina-no-dia-a-dia\/","og_locale":"pt_BR","og_type":"article","og_title":"Os 2 cortes de cabelo curto pr\u00e1ticos que est\u00e3o em alta agora e facilitam a rotina no dia a dia - Correio Braziliense - Radar","og_description":"Os cortes de cabelo m\u00e9dio que s\u00e3o tend\u00eancia em 2026 e saiba como escolher o estilo ideal para seu tipo de fio","og_url":"https:\/\/www.correiobraziliense.com.br\/cbradar\/os-2-cortes-de-cabelo-curto-praticos-que-estao-em-alta-agora-e-facilitam-a-rotina-no-dia-a-dia\/","og_site_name":"Correio Braziliense - Radar","article_published_time":"2026-04-27T16:25:00+00:00","og_image":[{"width":1280,"height":698,"url":"https:\/\/www.correiobraziliense.com.br\/cbradar\/wp-content\/uploads\/2026\/04\/Gemini_Generated_Image_gvc3bugvc3bugvc3-1-1280x698.png","type":"image\/png"}],"author":"Nicolas Otto","twitter_card":"summary_large_image","twitter_misc":{"Escrito por":"Nicolas Otto","Est. tempo de leitura":"4 minutos"},"schema":{"@context":"https:\/\/schema.org","@graph":[{"@type":"WebPage","@id":"https:\/\/www.correiobraziliense.com.br\/cbradar\/os-2-cortes-de-cabelo-curto-praticos-que-estao-em-alta-agora-e-facilitam-a-rotina-no-dia-a-dia\/","url":"https:\/\/www.correiobraziliense.com.br\/cbradar\/os-2-cortes-de-cabelo-curto-praticos-que-estao-em-alta-agora-e-facilitam-a-rotina-no-dia-a-dia\/","name":"Os 2 cortes de cabelo curto pr\u00e1ticos que est\u00e3o em alta agora e facilitam a rotina no dia a dia - Correio Braziliense - Radar","isPartOf":{"@id":"https:\/\/www.correiobraziliense.com.br\/cbradar\/#website"},"primaryImageOfPage":{"@id":"https:\/\/www.correiobraziliense.com.br\/cbradar\/os-2-cortes-de-cabelo-curto-praticos-que-estao-em-alta-agora-e-facilitam-a-rotina-no-dia-a-dia\/#primaryimage"},"image":{"@id":"https:\/\/www.correiobraziliense.com.br\/cbradar\/os-2-cortes-de-cabelo-curto-praticos-que-estao-em-alta-agora-e-facilitam-a-rotina-no-dia-a-dia\/#primaryimage"},"thumbnailUrl":"https:\/\/www.correiobraziliense.com.br\/cbradar\/wp-content\/uploads\/2026\/04\/Gemini_Generated_Image_gvc3bugvc3bugvc3-1-e1776794198938.png","datePublished":"2026-04-27T16:25:00+00:00","author":{"@id":"https:\/\/www.correiobraziliense.com.br\/cbradar\/#\/schema\/person\/3221b250518e74ac52c442d1c1236aaa"},"description":"Os cortes de cabelo m\u00e9dio que s\u00e3o tend\u00eancia em 2026 e saiba como escolher o estilo ideal para seu tipo de fio","breadcrumb":{"@id":"https:\/\/www.correiobraziliense.com.br\/cbradar\/os-2-cortes-de-cabelo-curto-praticos-que-estao-em-alta-agora-e-facilitam-a-rotina-no-dia-a-dia\/#breadcrumb"},"inLanguage":"pt-BR","potentialAction":[{"@type":"ReadAction","target":["https:\/\/www.correiobraziliense.com.br\/cbradar\/os-2-cortes-de-cabelo-curto-praticos-que-estao-em-alta-agora-e-facilitam-a-rotina-no-dia-a-dia\/"]}]},{"@type":"ImageObject","inLanguage":"pt-BR","@id":"https:\/\/www.correiobraziliense.com.br\/cbradar\/os-2-cortes-de-cabelo-curto-praticos-que-estao-em-alta-agora-e-facilitam-a-rotina-no-dia-a-dia\/#primaryimage","url":"https:\/\/www.correiobraziliense.com.br\/cbradar\/wp-content\/uploads\/2026\/04\/Gemini_Generated_Image_gvc3bugvc3bugvc3-1-e1776794198938.png","contentUrl":"https:\/\/www.correiobraziliense.com.br\/cbradar\/wp-content\/uploads\/2026\/04\/Gemini_Generated_Image_gvc3bugvc3bugvc3-1-e1776794198938.png","width":1280,"height":720,"caption":"Cortes de cabelo m\u00e9dio feminino: ideias vers\u00e1teis para 2026"},{"@type":"BreadcrumbList","@id":"https:\/\/www.correiobraziliense.com.br\/cbradar\/os-2-cortes-de-cabelo-curto-praticos-que-estao-em-alta-agora-e-facilitam-a-rotina-no-dia-a-dia\/#breadcrumb","itemListElement":[{"@type":"ListItem","position":1,"name":"In\u00edcio","item":"https:\/\/www.correiobraziliense.com.br\/cbradar\/"},{"@type":"ListItem","position":2,"name":"Os 2 cortes de cabelo curto pr\u00e1ticos que est\u00e3o em alta agora e facilitam a rotina no dia a dia"}]},{"@type":"WebSite","@id":"https:\/\/www.correiobraziliense.com.br\/cbradar\/#website","url":"https:\/\/www.correiobraziliense.com.br\/cbradar\/","name":"Correio Braziliense - Radar","description":"Acompanhe as \u00faltimas not\u00edcias e fique bem informado sobre tudo o que acontece no Brasil e no mundo.","potentialAction":[{"@type":"SearchAction","target":{"@type":"EntryPoint","urlTemplate":"https:\/\/www.correiobraziliense.com.br\/cbradar\/?s={search_term_string}"},"query-input":{"@type":"PropertyValueSpecification","valueRequired":true,"valueName":"search_term_string"}}],"inLanguage":"pt-BR"},{"@type":"Person","@id":"https:\/\/www.correiobraziliense.com.br\/cbradar\/#\/schema\/person\/3221b250518e74ac52c442d1c1236aaa","name":"Nicolas Otto","image":{"@type":"ImageObject","inLanguage":"pt-BR","@id":"https:\/\/www.correiobraziliense.com.br\/cbradar\/#\/schema\/person\/image\/","url":"https:\/\/secure.gravatar.com\/avatar\/05925f730d72f0ea0df144f236adfb18?s=96&d=mm&r=g","contentUrl":"https:\/\/secure.gravatar.com\/avatar\/05925f730d72f0ea0df144f236adfb18?s=96&d=mm&r=g","caption":"Nicolas Otto"},"sameAs":["https:\/\/www.correiobraziliense.com.br\/cbradar\/"],"url":"https:\/\/www.correiobraziliense.com.br\/cbradar\/author\/nicolas-otto\/"}]}},"_links":{"self":[{"href":"https:\/\/www.correiobraziliense.com.br\/cbradar\/wp-json\/wp\/v2\/posts\/229564","targetHints":{"allow":["GET"]}}],"collection":[{"href":"https:\/\/www.correiobraziliense.com.br\/cbradar\/wp-json\/wp\/v2\/posts"}],"about":[{"href":"https:\/\/www.correiobraziliense.com.br\/cbradar\/wp-json\/wp\/v2\/types\/post"}],"author":[{"embeddable":true,"href":"https:\/\/www.correiobraziliense.com.br\/cbradar\/wp-json\/wp\/v2\/users\/23"}],"replies":[{"embeddable":true,"href":"https:\/\/www.correiobraziliense.com.br\/cbradar\/wp-json\/wp\/v2\/comments?post=229564"}],"version-history":[{"count":1,"href":"https:\/\/www.correiobraziliense.com.br\/cbradar\/wp-json\/wp\/v2\/posts\/229564\/revisions"}],"predecessor-version":[{"id":229574,"href":"https:\/\/www.correiobraziliense.com.br\/cbradar\/wp-json\/wp\/v2\/posts\/229564\/revisions\/229574"}],"wp:featuredmedia":[{"embeddable":true,"href":"https:\/\/www.correiobraziliense.com.br\/cbradar\/wp-json\/wp\/v2\/media\/229565"}],"wp:attachment":[{"href":"https:\/\/www.correiobraziliense.com.br\/cbradar\/wp-json\/wp\/v2\/media?parent=229564"}],"wp:term":[{"taxonomy":"category","embeddable":true,"href":"https:\/\/www.correiobraziliense.com.br\/cbradar\/wp-json\/wp\/v2\/categories?post=229564"},{"taxonomy":"post_tag","embeddable":true,"href":"https:\/\/www.correiobraziliense.com.br\/cbradar\/wp-json\/wp\/v2\/post_tag?post=229564"}],"curies":[{"name":"wp","href":"https:\/\/api.w.org\/{rel}","templated":true}]}}