{"id":229579,"date":"2026-04-27T12:25:00","date_gmt":"2026-04-27T15:25:00","guid":{"rendered":"https:\/\/www.correiobraziliense.com.br\/cbradar\/?p=229579"},"modified":"2026-04-21T15:21:59","modified_gmt":"2026-04-21T18:21:59","slug":"4-cortes-de-cabelo-medio-que-valorizam-o-rosto-e-estao-entre-as-maiores-tendencias-do-momento","status":"publish","type":"post","link":"https:\/\/www.correiobraziliense.com.br\/cbradar\/4-cortes-de-cabelo-medio-que-valorizam-o-rosto-e-estao-entre-as-maiores-tendencias-do-momento\/","title":{"rendered":"4 cortes de cabelo m\u00e9dio que valorizam o rosto e est\u00e3o entre as maiores tend\u00eancias do momento"},"content":{"rendered":"\n<p>Entre as tend\u00eancias de beleza que mais chamam aten\u00e7\u00e3o em 2026, os&nbsp;<strong>cortes de cabelo m\u00e9dios<\/strong>&nbsp;seguem como escolha frequente para renovar o visual sem mudan\u00e7as radicais. Com comprimento entre o queixo e alguns dedos abaixo dos ombros, eles permitem diferentes finaliza\u00e7\u00f5es, valorizam diversos formatos de rosto e se adaptam bem a rotinas formais ou despojadas.<\/p>\n\n\n\n<h2 class=\"wp-block-heading\">Por que os cortes de cabelo m\u00e9dios est\u00e3o t\u00e3o em alta<\/h2>\n\n\n\n<p>Os\u00a0<strong>cortes de cabelo m\u00e9dios femininos<\/strong>\u00a0ganharam espa\u00e7o em<a href=\"https:\/\/www.correiobraziliense.com.br\/cbradar\/a-citacao-de-hoje-e-de-maquiavel-todos-veem-o-que-voce-parece-ser-poucos-sabem-o-que-voce-e-e-isso-explica-muita-coisa-nas-redes-sociais\/\" target=\"_blank\" rel=\"noreferrer noopener\"> redes sociais<\/a> e editoriais por unirem praticidade e apar\u00eancia sofisticada. O comprimento intermedi\u00e1rio facilita a secagem, reduz o<a href=\"https:\/\/www.harpersbazaar.com\/uk\/beauty\/hair\/a71047857\/mid-length-hairstyles\/\" target=\"_blank\" rel=\"noreferrer noopener\"> tempo de finaliza\u00e7\u00e3o<\/a> e ainda permite penteados como coques, rabos de cavalo e semi-presos.<\/p>\n\n\n\n<p>Outro ponto importante \u00e9 a capacidade de personaliza\u00e7\u00e3o, que vai de visuais discretos a propostas mais modernas com franjas, camadas marcadas ou pontas desconectadas. A escolha ideal considera textura natural, volume, densidade dos fios e o estilo de vida de cada pessoa.<\/p>\n\n\n\n<figure class=\"wp-block-image size-full\"><img decoding=\"async\" width=\"1279\" height=\"720\" src=\"https:\/\/www.correiobraziliense.com.br\/cbradar\/wp-content\/uploads\/2026\/04\/download-61-1-2.png\" alt=\"\" class=\"wp-image-229591\" srcset=\"https:\/\/www.correiobraziliense.com.br\/cbradar\/wp-content\/uploads\/2026\/04\/download-61-1-2.png 1279w, https:\/\/www.correiobraziliense.com.br\/cbradar\/wp-content\/uploads\/2026\/04\/download-61-1-2-300x169.png 300w, https:\/\/www.correiobraziliense.com.br\/cbradar\/wp-content\/uploads\/2026\/04\/download-61-1-2-768x432.png 768w, https:\/\/www.correiobraziliense.com.br\/cbradar\/wp-content\/uploads\/2026\/04\/download-61-1-2-750x422.png 750w, https:\/\/www.correiobraziliense.com.br\/cbradar\/wp-content\/uploads\/2026\/04\/download-61-1-2-1140x642.png 1140w\" sizes=\"(max-width: 1279px) 100vw, 1279px\" \/><figcaption class=\"wp-element-caption\">Os cortes de cabelo m\u00e9dio mais usados em 2026<\/figcaption><\/figure>\n\n\n\n<h2 class=\"wp-block-heading\">Quais s\u00e3o os cortes de cabelo m\u00e9dios mais usados atualmente<\/h2>\n\n\n\n<p>Entre os&nbsp;<strong>cortes m\u00e9dios em alta<\/strong>, alguns modelos se repetem em sal\u00f5es e perfis de cabeleireiros pela versatilidade e facilidade de styling. Eles transitam do visual cl\u00e1ssico ao moderno apenas com mudan\u00e7as na forma de finalizar os fios.<\/p>\n\n\n\n<p>Esses modelos podem ser adaptados a cabelos lisos, ondulados, cacheados ou crespos, com ajustes de camadas e desbastes conforme a espessura dos fios. Entre os principais cortes m\u00e9dios usados hoje, destacam-se:<\/p>\n\n\n\n<ul class=\"wp-block-list\">\n<li><strong>Long bob m\u00e9dio<\/strong>\u00a0\u2013 altura dos ombros ou um pouco abaixo, com base reta ou levemente alongada na frente, ajudando a alongar o rosto;<\/li>\n\n\n\n<li><strong>Shoulder cut em camadas<\/strong>\u00a0\u2013 repousa sobre os ombros, com camadas suaves ou marcadas para criar movimento e equilibrar volume;<\/li>\n\n\n\n<li><strong>Bob m\u00e9dio encorpado<\/strong>\u00a0\u2013 vers\u00e3o mais cheia do bob tradicional, com linhas estruturadas e visual elegante;<\/li>\n\n\n\n<li><strong>Wolf cut m\u00e9dio<\/strong>\u00a0\u2013 camadas desconectadas, topo volumoso e pontas leves, ideal para um estilo mais despojado.<\/li>\n<\/ul>\n\n\n\n<h2 class=\"wp-block-heading\">Como escolher o melhor corte de cabelo m\u00e9dio para cada rosto<\/h2>\n\n\n\n<p>A escolha do&nbsp;<strong>corte de cabelo m\u00e9dio ideal<\/strong>&nbsp;considera principalmente o formato do rosto e o comportamento natural dos fios. Em rostos arredondados, frentes alongadas, como no long bob, ajudam a criar um efeito mais vertical, enquanto rostos alongados se beneficiam de volume lateral e franjas mais cheias.<\/p>\n\n\n\n<p>Rostos ovais combinam com a maioria dos estilos m\u00e9dios, abrindo espa\u00e7o para franjas, desfiados e bases retas. J\u00e1 em rostos quadrados, contornos suaves, pontas repicadas e ondas ajudam a suavizar linhas marcadas, sempre com apoio profissional para alinhar expectativas e rotina.<\/p>\n\n\n\n<figure class=\"wp-block-embed is-type-video is-provider-youtube wp-block-embed-youtube wp-embed-aspect-16-9 wp-has-aspect-ratio\"><div class=\"wp-block-embed__wrapper\">\n<div class=\"jeg_video_container jeg_video_content\"><iframe loading=\"lazy\" title=\"VISAGISMO - Qual melhor corte de cabelo para seu formato de rosto.\" width=\"500\" height=\"281\" src=\"https:\/\/www.youtube.com\/embed\/-Fxtn3uEOtU?feature=oembed\" frameborder=\"0\" allow=\"accelerometer; autoplay; clipboard-write; encrypted-media; gyroscope; picture-in-picture; web-share\" referrerpolicy=\"strict-origin-when-cross-origin\" allowfullscreen><\/iframe><\/div>\n<\/div><\/figure>\n\n\n\n<h2 class=\"wp-block-heading\">Quais cuidados mant\u00eam os cortes m\u00e9dios modernos por mais tempo<\/h2>\n\n\n\n<p>Para que os&nbsp;<strong>cortes m\u00e9dios modernos<\/strong>&nbsp;mantenham caimento e defini\u00e7\u00e3o, \u00e9 fundamental manter uma rotina de cuidados simples e constante. A manuten\u00e7\u00e3o em sal\u00e3o, em intervalos de seis a dez semanas, preserva o desenho do corte, sobretudo em modelos com camadas e franjas.<\/p>\n\n\n\n<p>Al\u00e9m dos ajustes na tesoura, alguns h\u00e1bitos di\u00e1rios ajudam a evitar ressecamento, perda de forma e danos por calor. Entre as recomenda\u00e7\u00f5es mais citadas por profissionais, destacam-se:<\/p>\n\n\n\n<figure class=\"wp-block-image size-large\"><img decoding=\"async\" width=\"1135\" height=\"720\" src=\"https:\/\/www.correiobraziliense.com.br\/cbradar\/wp-content\/uploads\/2026\/04\/convertido-6-1-1135x720.jpg\" alt=\"4 cortes de cabelo m\u00e9dio que valorizam o rosto e est\u00e3o entre as maiores tend\u00eancias do momento\" class=\"wp-image-229590\" srcset=\"https:\/\/www.correiobraziliense.com.br\/cbradar\/wp-content\/uploads\/2026\/04\/convertido-6-1-1135x720.jpg 1135w, https:\/\/www.correiobraziliense.com.br\/cbradar\/wp-content\/uploads\/2026\/04\/convertido-6-1-300x190.jpg 300w, https:\/\/www.correiobraziliense.com.br\/cbradar\/wp-content\/uploads\/2026\/04\/convertido-6-1-768x487.jpg 768w, https:\/\/www.correiobraziliense.com.br\/cbradar\/wp-content\/uploads\/2026\/04\/convertido-6-1-750x476.jpg 750w, https:\/\/www.correiobraziliense.com.br\/cbradar\/wp-content\/uploads\/2026\/04\/convertido-6-1-1140x723.jpg 1140w, https:\/\/www.correiobraziliense.com.br\/cbradar\/wp-content\/uploads\/2026\/04\/convertido-6-1.jpg 1280w\" sizes=\"(max-width: 1135px) 100vw, 1135px\" \/><\/figure>\n\n\n\n<h2 class=\"wp-block-heading\">Por que o corte de cabelo m\u00e9dio continua sendo uma escolha pr\u00e1tica<\/h2>\n\n\n\n<p>Com a combina\u00e7\u00e3o de versatilidade, facilidade de finaliza\u00e7\u00e3o e possibilidade de personaliza\u00e7\u00e3o, o&nbsp;<strong>corte de cabelo m\u00e9dio<\/strong>&nbsp;se mant\u00e9m entre as principais refer\u00eancias de beleza. Ele oferece um visual atual sem abrir m\u00e3o de certa extens\u00e3o dos fios, o que agrada quem gosta de prender ou estilizar o cabelo.<\/p>\n\n\n\n<p>A variedade de modelos e ajustes permite encontrar uma vers\u00e3o alinhada ao formato de rosto, \u00e0 textura dos fios e \u00e0 rotina di\u00e1ria. Assim, os cortes m\u00e9dios seguem como op\u00e7\u00e3o segura para quem busca modernidade, praticidade e manuten\u00e7\u00e3o relativamente simples no dia a dia.<\/p>\n","protected":false},"excerpt":{"rendered":"<p>Os cabelos m\u00e9dios que unem praticidade e estilo. Confira dicas de cortes, cuidados e como adaptar ao seu rosto<\/p>\n","protected":false},"author":23,"featured_media":229594,"comment_status":"open","ping_status":"open","sticky":false,"template":"","format":"standard","meta":{"_yoast_wpseo_focuskw":"Cabelos m\u00e9dios","_yoast_wpseo_title":"","_yoast_wpseo_metadesc":"Os cabelos m\u00e9dios que unem praticidade e estilo. Confira dicas de cortes, cuidados e como adaptar ao seu rosto","jnews-multi-image_gallery":[],"jnews_single_post":{"format":"standard"},"jnews_primary_category":[],"jnews_social_meta":[],"jnews_override_counter":[],"footnotes":""},"categories":[124],"post_tag":[125,17917,4081],"class_list":["post-229579","post","type-post","status-publish","format-standard","has-post-thumbnail","hentry","category-beleza","tag-beleza","tag-cabelo-medio","tag-dicas-de-beleza"],"yoast_head":"<!-- This site is optimized with the Yoast SEO plugin v24.6 - https:\/\/yoast.com\/wordpress\/plugins\/seo\/ -->\n<title>4 cortes de cabelo m\u00e9dio que valorizam o rosto e est\u00e3o entre as maiores tend\u00eancias do momento - Correio Braziliense - Radar<\/title>\n<meta name=\"description\" content=\"Os cabelos m\u00e9dios que unem praticidade e estilo. Confira dicas de cortes, cuidados e como adaptar ao seu rosto\" \/>\n<meta name=\"robots\" content=\"index, follow, max-snippet:-1, max-image-preview:large, max-video-preview:-1\" \/>\n<link rel=\"canonical\" href=\"https:\/\/www.correiobraziliense.com.br\/cbradar\/4-cortes-de-cabelo-medio-que-valorizam-o-rosto-e-estao-entre-as-maiores-tendencias-do-momento\/\" \/>\n<meta property=\"og:locale\" content=\"pt_BR\" \/>\n<meta property=\"og:type\" content=\"article\" \/>\n<meta property=\"og:title\" content=\"4 cortes de cabelo m\u00e9dio que valorizam o rosto e est\u00e3o entre as maiores tend\u00eancias do momento - Correio Braziliense - Radar\" \/>\n<meta property=\"og:description\" content=\"Os cabelos m\u00e9dios que unem praticidade e estilo. Confira dicas de cortes, cuidados e como adaptar ao seu rosto\" \/>\n<meta property=\"og:url\" content=\"https:\/\/www.correiobraziliense.com.br\/cbradar\/4-cortes-de-cabelo-medio-que-valorizam-o-rosto-e-estao-entre-as-maiores-tendencias-do-momento\/\" \/>\n<meta property=\"og:site_name\" content=\"Correio Braziliense - Radar\" \/>\n<meta property=\"article:published_time\" content=\"2026-04-27T15:25:00+00:00\" \/>\n<meta property=\"og:image\" content=\"https:\/\/www.correiobraziliense.com.br\/cbradar\/wp-content\/uploads\/2026\/04\/download-62-1-2.png\" \/>\n\t<meta property=\"og:image:width\" content=\"1279\" \/>\n\t<meta property=\"og:image:height\" content=\"720\" \/>\n\t<meta property=\"og:image:type\" content=\"image\/png\" \/>\n<meta name=\"author\" content=\"Nicolas Otto\" \/>\n<meta name=\"twitter:card\" content=\"summary_large_image\" \/>\n<meta name=\"twitter:label1\" content=\"Escrito por\" \/>\n\t<meta name=\"twitter:data1\" content=\"Nicolas Otto\" \/>\n\t<meta name=\"twitter:label2\" content=\"Est. tempo de leitura\" \/>\n\t<meta name=\"twitter:data2\" content=\"4 minutos\" \/>\n<!-- \/ Yoast SEO plugin. -->","yoast_head_json":{"title":"4 cortes de cabelo m\u00e9dio que valorizam o rosto e est\u00e3o entre as maiores tend\u00eancias do momento - Correio Braziliense - Radar","description":"Os cabelos m\u00e9dios que unem praticidade e estilo. Confira dicas de cortes, cuidados e como adaptar ao seu rosto","robots":{"index":"index","follow":"follow","max-snippet":"max-snippet:-1","max-image-preview":"max-image-preview:large","max-video-preview":"max-video-preview:-1"},"canonical":"https:\/\/www.correiobraziliense.com.br\/cbradar\/4-cortes-de-cabelo-medio-que-valorizam-o-rosto-e-estao-entre-as-maiores-tendencias-do-momento\/","og_locale":"pt_BR","og_type":"article","og_title":"4 cortes de cabelo m\u00e9dio que valorizam o rosto e est\u00e3o entre as maiores tend\u00eancias do momento - Correio Braziliense - Radar","og_description":"Os cabelos m\u00e9dios que unem praticidade e estilo. Confira dicas de cortes, cuidados e como adaptar ao seu rosto","og_url":"https:\/\/www.correiobraziliense.com.br\/cbradar\/4-cortes-de-cabelo-medio-que-valorizam-o-rosto-e-estao-entre-as-maiores-tendencias-do-momento\/","og_site_name":"Correio Braziliense - Radar","article_published_time":"2026-04-27T15:25:00+00:00","og_image":[{"width":1279,"height":720,"url":"https:\/\/www.correiobraziliense.com.br\/cbradar\/wp-content\/uploads\/2026\/04\/download-62-1-2.png","type":"image\/png"}],"author":"Nicolas Otto","twitter_card":"summary_large_image","twitter_misc":{"Escrito por":"Nicolas Otto","Est. tempo de leitura":"4 minutos"},"schema":{"@context":"https:\/\/schema.org","@graph":[{"@type":"WebPage","@id":"https:\/\/www.correiobraziliense.com.br\/cbradar\/4-cortes-de-cabelo-medio-que-valorizam-o-rosto-e-estao-entre-as-maiores-tendencias-do-momento\/","url":"https:\/\/www.correiobraziliense.com.br\/cbradar\/4-cortes-de-cabelo-medio-que-valorizam-o-rosto-e-estao-entre-as-maiores-tendencias-do-momento\/","name":"4 cortes de cabelo m\u00e9dio que valorizam o rosto e est\u00e3o entre as maiores tend\u00eancias do momento - Correio Braziliense - Radar","isPartOf":{"@id":"https:\/\/www.correiobraziliense.com.br\/cbradar\/#website"},"primaryImageOfPage":{"@id":"https:\/\/www.correiobraziliense.com.br\/cbradar\/4-cortes-de-cabelo-medio-que-valorizam-o-rosto-e-estao-entre-as-maiores-tendencias-do-momento\/#primaryimage"},"image":{"@id":"https:\/\/www.correiobraziliense.com.br\/cbradar\/4-cortes-de-cabelo-medio-que-valorizam-o-rosto-e-estao-entre-as-maiores-tendencias-do-momento\/#primaryimage"},"thumbnailUrl":"https:\/\/www.correiobraziliense.com.br\/cbradar\/wp-content\/uploads\/2026\/04\/download-62-1-2.png","datePublished":"2026-04-27T15:25:00+00:00","author":{"@id":"https:\/\/www.correiobraziliense.com.br\/cbradar\/#\/schema\/person\/3221b250518e74ac52c442d1c1236aaa"},"description":"Os cabelos m\u00e9dios que unem praticidade e estilo. Confira dicas de cortes, cuidados e como adaptar ao seu rosto","breadcrumb":{"@id":"https:\/\/www.correiobraziliense.com.br\/cbradar\/4-cortes-de-cabelo-medio-que-valorizam-o-rosto-e-estao-entre-as-maiores-tendencias-do-momento\/#breadcrumb"},"inLanguage":"pt-BR","potentialAction":[{"@type":"ReadAction","target":["https:\/\/www.correiobraziliense.com.br\/cbradar\/4-cortes-de-cabelo-medio-que-valorizam-o-rosto-e-estao-entre-as-maiores-tendencias-do-momento\/"]}]},{"@type":"ImageObject","inLanguage":"pt-BR","@id":"https:\/\/www.correiobraziliense.com.br\/cbradar\/4-cortes-de-cabelo-medio-que-valorizam-o-rosto-e-estao-entre-as-maiores-tendencias-do-momento\/#primaryimage","url":"https:\/\/www.correiobraziliense.com.br\/cbradar\/wp-content\/uploads\/2026\/04\/download-62-1-2.png","contentUrl":"https:\/\/www.correiobraziliense.com.br\/cbradar\/wp-content\/uploads\/2026\/04\/download-62-1-2.png","width":1279,"height":720,"caption":"Os cortes de cabelo m\u00e9dio mais usados em 2026"},{"@type":"BreadcrumbList","@id":"https:\/\/www.correiobraziliense.com.br\/cbradar\/4-cortes-de-cabelo-medio-que-valorizam-o-rosto-e-estao-entre-as-maiores-tendencias-do-momento\/#breadcrumb","itemListElement":[{"@type":"ListItem","position":1,"name":"In\u00edcio","item":"https:\/\/www.correiobraziliense.com.br\/cbradar\/"},{"@type":"ListItem","position":2,"name":"4 cortes de cabelo m\u00e9dio que valorizam o rosto e est\u00e3o entre as maiores tend\u00eancias do momento"}]},{"@type":"WebSite","@id":"https:\/\/www.correiobraziliense.com.br\/cbradar\/#website","url":"https:\/\/www.correiobraziliense.com.br\/cbradar\/","name":"Correio Braziliense - Radar","description":"Acompanhe as \u00faltimas not\u00edcias e fique bem informado sobre tudo o que acontece no Brasil e no mundo.","potentialAction":[{"@type":"SearchAction","target":{"@type":"EntryPoint","urlTemplate":"https:\/\/www.correiobraziliense.com.br\/cbradar\/?s={search_term_string}"},"query-input":{"@type":"PropertyValueSpecification","valueRequired":true,"valueName":"search_term_string"}}],"inLanguage":"pt-BR"},{"@type":"Person","@id":"https:\/\/www.correiobraziliense.com.br\/cbradar\/#\/schema\/person\/3221b250518e74ac52c442d1c1236aaa","name":"Nicolas Otto","image":{"@type":"ImageObject","inLanguage":"pt-BR","@id":"https:\/\/www.correiobraziliense.com.br\/cbradar\/#\/schema\/person\/image\/","url":"https:\/\/secure.gravatar.com\/avatar\/05925f730d72f0ea0df144f236adfb18?s=96&d=mm&r=g","contentUrl":"https:\/\/secure.gravatar.com\/avatar\/05925f730d72f0ea0df144f236adfb18?s=96&d=mm&r=g","caption":"Nicolas Otto"},"sameAs":["https:\/\/www.correiobraziliense.com.br\/cbradar\/"],"url":"https:\/\/www.correiobraziliense.com.br\/cbradar\/author\/nicolas-otto\/"}]}},"_links":{"self":[{"href":"https:\/\/www.correiobraziliense.com.br\/cbradar\/wp-json\/wp\/v2\/posts\/229579","targetHints":{"allow":["GET"]}}],"collection":[{"href":"https:\/\/www.correiobraziliense.com.br\/cbradar\/wp-json\/wp\/v2\/posts"}],"about":[{"href":"https:\/\/www.correiobraziliense.com.br\/cbradar\/wp-json\/wp\/v2\/types\/post"}],"author":[{"embeddable":true,"href":"https:\/\/www.correiobraziliense.com.br\/cbradar\/wp-json\/wp\/v2\/users\/23"}],"replies":[{"embeddable":true,"href":"https:\/\/www.correiobraziliense.com.br\/cbradar\/wp-json\/wp\/v2\/comments?post=229579"}],"version-history":[{"count":1,"href":"https:\/\/www.correiobraziliense.com.br\/cbradar\/wp-json\/wp\/v2\/posts\/229579\/revisions"}],"predecessor-version":[{"id":229595,"href":"https:\/\/www.correiobraziliense.com.br\/cbradar\/wp-json\/wp\/v2\/posts\/229579\/revisions\/229595"}],"wp:featuredmedia":[{"embeddable":true,"href":"https:\/\/www.correiobraziliense.com.br\/cbradar\/wp-json\/wp\/v2\/media\/229594"}],"wp:attachment":[{"href":"https:\/\/www.correiobraziliense.com.br\/cbradar\/wp-json\/wp\/v2\/media?parent=229579"}],"wp:term":[{"taxonomy":"category","embeddable":true,"href":"https:\/\/www.correiobraziliense.com.br\/cbradar\/wp-json\/wp\/v2\/categories?post=229579"},{"taxonomy":"post_tag","embeddable":true,"href":"https:\/\/www.correiobraziliense.com.br\/cbradar\/wp-json\/wp\/v2\/post_tag?post=229579"}],"curies":[{"name":"wp","href":"https:\/\/api.w.org\/{rel}","templated":true}]}}