{"id":229622,"date":"2026-04-27T09:45:00","date_gmt":"2026-04-27T12:45:00","guid":{"rendered":"https:\/\/www.correiobraziliense.com.br\/cbradar\/?p=229622"},"modified":"2026-04-21T15:57:06","modified_gmt":"2026-04-21T18:57:06","slug":"a-psicologia-aponta-que-pessoas-que-sempre-dizem-tudo-bem-nao-sao-mais-compreensivas-elas-aprenderam-a-ignorar-as-proprias-necessidades","status":"publish","type":"post","link":"https:\/\/www.correiobraziliense.com.br\/cbradar\/a-psicologia-aponta-que-pessoas-que-sempre-dizem-tudo-bem-nao-sao-mais-compreensivas-elas-aprenderam-a-ignorar-as-proprias-necessidades\/","title":{"rendered":"A psicologia aponta que pessoas que sempre dizem \u201ctudo bem\u201d n\u00e3o s\u00e3o mais compreensivas, elas aprenderam a ignorar as pr\u00f3prias necessidades"},"content":{"rendered":"\n<p>Dizer \u201ctudo bem\u201d com frequ\u00eancia pode parecer sinal de maturidade emocional, mas a <strong>Psicologia<\/strong> prop\u00f5e uma leitura mais profunda. Em muitos casos, esse comportamento reflete um padr\u00e3o aprendido de evitar conflitos e priorizar o outro. Ao longo do tempo, isso pode levar \u00e0 desconex\u00e3o das pr\u00f3prias necessidades, afetando decis\u00f5es, rela\u00e7\u00f5es e o equil\u00edbrio emocional.<\/p>\n\n\n\n<h2 class=\"wp-block-heading\">Por que algumas pessoas dizem tudo bem o tempo todo?<\/h2>\n\n\n\n<p>Esse comportamento geralmente est\u00e1 ligado \u00e0 busca por aceita\u00e7\u00e3o e estabilidade nas rela\u00e7\u00f5es. Ao evitar discord\u00e2ncias, a pessoa reduz riscos de <a href=\"https:\/\/www.psychologytoday.com\/us\/blog\/your-emotional-meter\/202408\/the-complexity-of-people-pleasing\" target=\"_blank\" rel=\"noreferrer noopener\">rejei\u00e7\u00e3o <\/a>ou tens\u00e3o. Isso cria uma sensa\u00e7\u00e3o de <a href=\"https:\/\/www.correiobraziliense.com.br\/cbradar\/poucos-sabem-para-que-serve-o-botao-escondido-no-cinto-de-seguranca-do-carro\/\" target=\"_blank\" rel=\"noreferrer noopener\">seguran\u00e7a <\/a>social, mesmo que interna n\u00e3o exista o mesmo conforto emocional.<\/p>\n\n\n\n<p>Com o tempo, essa resposta autom\u00e1tica substitui a express\u00e3o aut\u00eantica. A pessoa passa a reagir de forma condicionada, sem avaliar o que realmente sente. Esse padr\u00e3o pode parecer funcional, mas limita a comunica\u00e7\u00e3o genu\u00edna.<\/p>\n\n\n\n<figure class=\"wp-block-image size-full\"><img decoding=\"async\" width=\"1279\" height=\"720\" src=\"https:\/\/www.correiobraziliense.com.br\/cbradar\/wp-content\/uploads\/2026\/04\/download-65-1-2.png\" alt=\"A psicologia aponta que pessoas que sempre dizem \u201ctudo bem\u201d n\u00e3o s\u00e3o mais compreensivas, elas aprenderam a ignorar as pr\u00f3prias necessidades\" class=\"wp-image-229642\" srcset=\"https:\/\/www.correiobraziliense.com.br\/cbradar\/wp-content\/uploads\/2026\/04\/download-65-1-2.png 1279w, https:\/\/www.correiobraziliense.com.br\/cbradar\/wp-content\/uploads\/2026\/04\/download-65-1-2-300x169.png 300w, https:\/\/www.correiobraziliense.com.br\/cbradar\/wp-content\/uploads\/2026\/04\/download-65-1-2-768x432.png 768w, https:\/\/www.correiobraziliense.com.br\/cbradar\/wp-content\/uploads\/2026\/04\/download-65-1-2-750x422.png 750w, https:\/\/www.correiobraziliense.com.br\/cbradar\/wp-content\/uploads\/2026\/04\/download-65-1-2-1140x642.png 1140w\" sizes=\"(max-width: 1279px) 100vw, 1279px\" \/><figcaption class=\"wp-element-caption\">O h\u00e1bito de dizer \u201ctudo bem\u201d e seus impactos emocionais<\/figcaption><\/figure>\n\n\n\n<h2 class=\"wp-block-heading\">Esse padr\u00e3o tem origem na inf\u00e2ncia?<\/h2>\n\n\n\n<p>Sim, muitos desses comportamentos se formam em ambientes onde expressar necessidades gerava conflito ou desaprova\u00e7\u00e3o. A crian\u00e7a aprende que manter a harmonia depende de ceder constantemente. Esse aprendizado se consolida como estrat\u00e9gia de conviv\u00eancia.<\/p>\n\n\n\n<p>Na vida adulta, o padr\u00e3o continua ativo mesmo quando n\u00e3o \u00e9 mais necess\u00e1rio. A pessoa mant\u00e9m a tend\u00eancia de se adaptar excessivamente, dificultando a constru\u00e7\u00e3o de rela\u00e7\u00f5es equilibradas e transparentes.<\/p>\n\n\n\n<h2 class=\"wp-block-heading\">Quais sinais indicam que algu\u00e9m ignora as pr\u00f3prias necessidades?<\/h2>\n\n\n\n<p>Esse padr\u00e3o pode ser identificado por atitudes recorrentes que priorizam o outro em excesso. Muitas vezes, a pessoa n\u00e3o percebe esse comportamento, pois ele se tornou autom\u00e1tico ao longo do tempo.<\/p>\n\n\n\n<p>Observe alguns sinais comuns:<\/p>\n\n\n\n<figure class=\"wp-block-image size-large\"><img decoding=\"async\" width=\"1176\" height=\"720\" src=\"https:\/\/www.correiobraziliense.com.br\/cbradar\/wp-content\/uploads\/2026\/04\/convertido-7-1-1176x720.jpg\" alt=\"A psicologia aponta que pessoas que sempre dizem \u201ctudo bem\u201d n\u00e3o s\u00e3o mais compreensivas, elas aprenderam a ignorar as pr\u00f3prias necessidades\" class=\"wp-image-229626\" srcset=\"https:\/\/www.correiobraziliense.com.br\/cbradar\/wp-content\/uploads\/2026\/04\/convertido-7-1-1176x720.jpg 1176w, https:\/\/www.correiobraziliense.com.br\/cbradar\/wp-content\/uploads\/2026\/04\/convertido-7-1-300x184.jpg 300w, https:\/\/www.correiobraziliense.com.br\/cbradar\/wp-content\/uploads\/2026\/04\/convertido-7-1-768x470.jpg 768w, https:\/\/www.correiobraziliense.com.br\/cbradar\/wp-content\/uploads\/2026\/04\/convertido-7-1-750x459.jpg 750w, https:\/\/www.correiobraziliense.com.br\/cbradar\/wp-content\/uploads\/2026\/04\/convertido-7-1-1140x698.jpg 1140w, https:\/\/www.correiobraziliense.com.br\/cbradar\/wp-content\/uploads\/2026\/04\/convertido-7-1.jpg 1280w\" sizes=\"(max-width: 1176px) 100vw, 1176px\" \/><\/figure>\n\n\n\n<h2 class=\"wp-block-heading\">Quais s\u00e3o os impactos desse comportamento na vida adulta?<\/h2>\n\n\n\n<p>Ignorar as pr\u00f3prias necessidades afeta diretamente o bem-estar emocional. A longo prazo, esse padr\u00e3o pode gerar frustra\u00e7\u00e3o, desgaste e sensa\u00e7\u00e3o de invisibilidade nas rela\u00e7\u00f5es. A pessoa pode sentir que est\u00e1 sempre cedendo sem receber o mesmo n\u00edvel de considera\u00e7\u00e3o.<\/p>\n\n\n\n<p>Al\u00e9m disso, a falta de posicionamento dificulta o estabelecimento de limites saud\u00e1veis. Isso pode levar a rela\u00e7\u00f5es desequilibradas, onde h\u00e1 excesso de responsabilidade emocional assumida por um lado.<\/p>\n\n\n\n<figure class=\"wp-block-image size-large\"><img decoding=\"async\" width=\"1280\" height=\"698\" src=\"https:\/\/www.correiobraziliense.com.br\/cbradar\/wp-content\/uploads\/2026\/04\/Gemini_Generated_Image_rrmnf4rrmnf4rrmn-1-1280x698.png\" alt=\"A psicologia aponta que pessoas que sempre dizem \u201ctudo bem\u201d n\u00e3o s\u00e3o mais compreensivas, elas aprenderam a ignorar as pr\u00f3prias necessidades\" class=\"wp-image-229641\"\/><figcaption class=\"wp-element-caption\">O h\u00e1bito de dizer \u201ctudo bem\u201d e seus impactos emocionais<\/figcaption><\/figure>\n\n\n\n<h2 class=\"wp-block-heading\">Como desenvolver uma comunica\u00e7\u00e3o mais aut\u00eantica?<\/h2>\n\n\n\n<p>O primeiro passo \u00e9 reconhecer que expressar necessidades n\u00e3o \u00e9 um problema, mas parte de rela\u00e7\u00f5es saud\u00e1veis. Desenvolver <strong>autoconsci\u00eancia<\/strong> ajuda a identificar momentos em que o \u201ctudo bem\u201d n\u00e3o representa a realidade interna.<\/p>\n\n\n\n<p>A pr\u00e1tica gradual de posicionamento fortalece a seguran\u00e7a emocional. Pequenas mudan\u00e7as, como expressar opini\u00f5es simples, j\u00e1 contribuem para esse processo. Com o tempo, torna-se poss\u00edvel equilibrar empatia e autenticidade sem comprometer o pr\u00f3prio bem-estar.<\/p>\n","protected":false},"excerpt":{"rendered":"<p>Entenda por que dizer \u201ctudo bem\u201d com frequ\u00eancia pode indicar dificuldade em expressar necessidades e evitar conflitos<\/p>\n","protected":false},"author":23,"featured_media":229633,"comment_status":"open","ping_status":"open","sticky":false,"template":"","format":"standard","meta":{"_yoast_wpseo_focuskw":"Pessoas que sempre dizem tudo bem","_yoast_wpseo_title":"","_yoast_wpseo_metadesc":"Entenda por que dizer \u201ctudo bem\u201d com frequ\u00eancia pode indicar dificuldade em expressar necessidades e evitar conflitos","jnews-multi-image_gallery":[],"jnews_single_post":{"format":"standard"},"jnews_primary_category":[],"jnews_social_meta":[],"jnews_override_counter":[],"footnotes":""},"categories":[112],"post_tag":[144,17923,404],"class_list":["post-229622","post","type-post","status-publish","format-standard","has-post-thumbnail","hentry","category-curiosidades","tag-curiosidades","tag-necessidades","tag-psicologia"],"yoast_head":"<!-- This site is optimized with the Yoast SEO plugin v24.6 - https:\/\/yoast.com\/wordpress\/plugins\/seo\/ -->\n<title>A psicologia aponta que pessoas que sempre dizem \u201ctudo bem\u201d n\u00e3o s\u00e3o mais compreensivas, elas aprenderam a ignorar as pr\u00f3prias necessidades - Correio Braziliense - Radar<\/title>\n<meta name=\"description\" content=\"Entenda por que dizer \u201ctudo bem\u201d com frequ\u00eancia pode indicar dificuldade em expressar necessidades e evitar conflitos\" \/>\n<meta name=\"robots\" content=\"index, follow, max-snippet:-1, max-image-preview:large, max-video-preview:-1\" \/>\n<link rel=\"canonical\" href=\"https:\/\/www.correiobraziliense.com.br\/cbradar\/a-psicologia-aponta-que-pessoas-que-sempre-dizem-tudo-bem-nao-sao-mais-compreensivas-elas-aprenderam-a-ignorar-as-proprias-necessidades\/\" \/>\n<meta property=\"og:locale\" content=\"pt_BR\" \/>\n<meta property=\"og:type\" content=\"article\" \/>\n<meta property=\"og:title\" content=\"A psicologia aponta que pessoas que sempre dizem \u201ctudo bem\u201d n\u00e3o s\u00e3o mais compreensivas, elas aprenderam a ignorar as pr\u00f3prias necessidades - Correio Braziliense - Radar\" \/>\n<meta property=\"og:description\" content=\"Entenda por que dizer \u201ctudo bem\u201d com frequ\u00eancia pode indicar dificuldade em expressar necessidades e evitar conflitos\" \/>\n<meta property=\"og:url\" content=\"https:\/\/www.correiobraziliense.com.br\/cbradar\/a-psicologia-aponta-que-pessoas-que-sempre-dizem-tudo-bem-nao-sao-mais-compreensivas-elas-aprenderam-a-ignorar-as-proprias-necessidades\/\" \/>\n<meta property=\"og:site_name\" content=\"Correio Braziliense - Radar\" \/>\n<meta property=\"article:published_time\" content=\"2026-04-27T12:45:00+00:00\" \/>\n<meta property=\"og:image\" content=\"https:\/\/www.correiobraziliense.com.br\/cbradar\/wp-content\/uploads\/2026\/04\/Gemini_Generated_Image_o17n5ao17n5ao17n-1-1280x698.png\" \/>\n\t<meta property=\"og:image:width\" content=\"1280\" \/>\n\t<meta property=\"og:image:height\" content=\"698\" \/>\n\t<meta property=\"og:image:type\" content=\"image\/png\" \/>\n<meta name=\"author\" content=\"Nicolas Otto\" \/>\n<meta name=\"twitter:card\" content=\"summary_large_image\" \/>\n<meta name=\"twitter:label1\" content=\"Escrito por\" \/>\n\t<meta name=\"twitter:data1\" content=\"Nicolas Otto\" \/>\n\t<meta name=\"twitter:label2\" content=\"Est. tempo de leitura\" \/>\n\t<meta name=\"twitter:data2\" content=\"4 minutos\" \/>\n<!-- \/ Yoast SEO plugin. -->","yoast_head_json":{"title":"A psicologia aponta que pessoas que sempre dizem \u201ctudo bem\u201d n\u00e3o s\u00e3o mais compreensivas, elas aprenderam a ignorar as pr\u00f3prias necessidades - Correio Braziliense - Radar","description":"Entenda por que dizer \u201ctudo bem\u201d com frequ\u00eancia pode indicar dificuldade em expressar necessidades e evitar conflitos","robots":{"index":"index","follow":"follow","max-snippet":"max-snippet:-1","max-image-preview":"max-image-preview:large","max-video-preview":"max-video-preview:-1"},"canonical":"https:\/\/www.correiobraziliense.com.br\/cbradar\/a-psicologia-aponta-que-pessoas-que-sempre-dizem-tudo-bem-nao-sao-mais-compreensivas-elas-aprenderam-a-ignorar-as-proprias-necessidades\/","og_locale":"pt_BR","og_type":"article","og_title":"A psicologia aponta que pessoas que sempre dizem \u201ctudo bem\u201d n\u00e3o s\u00e3o mais compreensivas, elas aprenderam a ignorar as pr\u00f3prias necessidades - Correio Braziliense - Radar","og_description":"Entenda por que dizer \u201ctudo bem\u201d com frequ\u00eancia pode indicar dificuldade em expressar necessidades e evitar conflitos","og_url":"https:\/\/www.correiobraziliense.com.br\/cbradar\/a-psicologia-aponta-que-pessoas-que-sempre-dizem-tudo-bem-nao-sao-mais-compreensivas-elas-aprenderam-a-ignorar-as-proprias-necessidades\/","og_site_name":"Correio Braziliense - Radar","article_published_time":"2026-04-27T12:45:00+00:00","og_image":[{"width":1280,"height":698,"url":"https:\/\/www.correiobraziliense.com.br\/cbradar\/wp-content\/uploads\/2026\/04\/Gemini_Generated_Image_o17n5ao17n5ao17n-1-1280x698.png","type":"image\/png"}],"author":"Nicolas Otto","twitter_card":"summary_large_image","twitter_misc":{"Escrito por":"Nicolas Otto","Est. tempo de leitura":"4 minutos"},"schema":{"@context":"https:\/\/schema.org","@graph":[{"@type":"WebPage","@id":"https:\/\/www.correiobraziliense.com.br\/cbradar\/a-psicologia-aponta-que-pessoas-que-sempre-dizem-tudo-bem-nao-sao-mais-compreensivas-elas-aprenderam-a-ignorar-as-proprias-necessidades\/","url":"https:\/\/www.correiobraziliense.com.br\/cbradar\/a-psicologia-aponta-que-pessoas-que-sempre-dizem-tudo-bem-nao-sao-mais-compreensivas-elas-aprenderam-a-ignorar-as-proprias-necessidades\/","name":"A psicologia aponta que pessoas que sempre dizem \u201ctudo bem\u201d n\u00e3o s\u00e3o mais compreensivas, elas aprenderam a ignorar as pr\u00f3prias necessidades - Correio Braziliense - Radar","isPartOf":{"@id":"https:\/\/www.correiobraziliense.com.br\/cbradar\/#website"},"primaryImageOfPage":{"@id":"https:\/\/www.correiobraziliense.com.br\/cbradar\/a-psicologia-aponta-que-pessoas-que-sempre-dizem-tudo-bem-nao-sao-mais-compreensivas-elas-aprenderam-a-ignorar-as-proprias-necessidades\/#primaryimage"},"image":{"@id":"https:\/\/www.correiobraziliense.com.br\/cbradar\/a-psicologia-aponta-que-pessoas-que-sempre-dizem-tudo-bem-nao-sao-mais-compreensivas-elas-aprenderam-a-ignorar-as-proprias-necessidades\/#primaryimage"},"thumbnailUrl":"https:\/\/www.correiobraziliense.com.br\/cbradar\/wp-content\/uploads\/2026\/04\/Gemini_Generated_Image_o17n5ao17n5ao17n-1-e1776797394323.png","datePublished":"2026-04-27T12:45:00+00:00","author":{"@id":"https:\/\/www.correiobraziliense.com.br\/cbradar\/#\/schema\/person\/3221b250518e74ac52c442d1c1236aaa"},"description":"Entenda por que dizer \u201ctudo bem\u201d com frequ\u00eancia pode indicar dificuldade em expressar necessidades e evitar conflitos","breadcrumb":{"@id":"https:\/\/www.correiobraziliense.com.br\/cbradar\/a-psicologia-aponta-que-pessoas-que-sempre-dizem-tudo-bem-nao-sao-mais-compreensivas-elas-aprenderam-a-ignorar-as-proprias-necessidades\/#breadcrumb"},"inLanguage":"pt-BR","potentialAction":[{"@type":"ReadAction","target":["https:\/\/www.correiobraziliense.com.br\/cbradar\/a-psicologia-aponta-que-pessoas-que-sempre-dizem-tudo-bem-nao-sao-mais-compreensivas-elas-aprenderam-a-ignorar-as-proprias-necessidades\/"]}]},{"@type":"ImageObject","inLanguage":"pt-BR","@id":"https:\/\/www.correiobraziliense.com.br\/cbradar\/a-psicologia-aponta-que-pessoas-que-sempre-dizem-tudo-bem-nao-sao-mais-compreensivas-elas-aprenderam-a-ignorar-as-proprias-necessidades\/#primaryimage","url":"https:\/\/www.correiobraziliense.com.br\/cbradar\/wp-content\/uploads\/2026\/04\/Gemini_Generated_Image_o17n5ao17n5ao17n-1-e1776797394323.png","contentUrl":"https:\/\/www.correiobraziliense.com.br\/cbradar\/wp-content\/uploads\/2026\/04\/Gemini_Generated_Image_o17n5ao17n5ao17n-1-e1776797394323.png","width":1280,"height":720,"caption":"O h\u00e1bito de dizer \u201ctudo bem\u201d e seus impactos emocionais"},{"@type":"BreadcrumbList","@id":"https:\/\/www.correiobraziliense.com.br\/cbradar\/a-psicologia-aponta-que-pessoas-que-sempre-dizem-tudo-bem-nao-sao-mais-compreensivas-elas-aprenderam-a-ignorar-as-proprias-necessidades\/#breadcrumb","itemListElement":[{"@type":"ListItem","position":1,"name":"In\u00edcio","item":"https:\/\/www.correiobraziliense.com.br\/cbradar\/"},{"@type":"ListItem","position":2,"name":"A psicologia aponta que pessoas que sempre dizem \u201ctudo bem\u201d n\u00e3o s\u00e3o mais compreensivas, elas aprenderam a ignorar as pr\u00f3prias necessidades"}]},{"@type":"WebSite","@id":"https:\/\/www.correiobraziliense.com.br\/cbradar\/#website","url":"https:\/\/www.correiobraziliense.com.br\/cbradar\/","name":"Correio Braziliense - Radar","description":"Acompanhe as \u00faltimas not\u00edcias e fique bem informado sobre tudo o que acontece no Brasil e no mundo.","potentialAction":[{"@type":"SearchAction","target":{"@type":"EntryPoint","urlTemplate":"https:\/\/www.correiobraziliense.com.br\/cbradar\/?s={search_term_string}"},"query-input":{"@type":"PropertyValueSpecification","valueRequired":true,"valueName":"search_term_string"}}],"inLanguage":"pt-BR"},{"@type":"Person","@id":"https:\/\/www.correiobraziliense.com.br\/cbradar\/#\/schema\/person\/3221b250518e74ac52c442d1c1236aaa","name":"Nicolas Otto","image":{"@type":"ImageObject","inLanguage":"pt-BR","@id":"https:\/\/www.correiobraziliense.com.br\/cbradar\/#\/schema\/person\/image\/","url":"https:\/\/secure.gravatar.com\/avatar\/05925f730d72f0ea0df144f236adfb18?s=96&d=mm&r=g","contentUrl":"https:\/\/secure.gravatar.com\/avatar\/05925f730d72f0ea0df144f236adfb18?s=96&d=mm&r=g","caption":"Nicolas Otto"},"sameAs":["https:\/\/www.correiobraziliense.com.br\/cbradar\/"],"url":"https:\/\/www.correiobraziliense.com.br\/cbradar\/author\/nicolas-otto\/"}]}},"_links":{"self":[{"href":"https:\/\/www.correiobraziliense.com.br\/cbradar\/wp-json\/wp\/v2\/posts\/229622","targetHints":{"allow":["GET"]}}],"collection":[{"href":"https:\/\/www.correiobraziliense.com.br\/cbradar\/wp-json\/wp\/v2\/posts"}],"about":[{"href":"https:\/\/www.correiobraziliense.com.br\/cbradar\/wp-json\/wp\/v2\/types\/post"}],"author":[{"embeddable":true,"href":"https:\/\/www.correiobraziliense.com.br\/cbradar\/wp-json\/wp\/v2\/users\/23"}],"replies":[{"embeddable":true,"href":"https:\/\/www.correiobraziliense.com.br\/cbradar\/wp-json\/wp\/v2\/comments?post=229622"}],"version-history":[{"count":1,"href":"https:\/\/www.correiobraziliense.com.br\/cbradar\/wp-json\/wp\/v2\/posts\/229622\/revisions"}],"predecessor-version":[{"id":229646,"href":"https:\/\/www.correiobraziliense.com.br\/cbradar\/wp-json\/wp\/v2\/posts\/229622\/revisions\/229646"}],"wp:featuredmedia":[{"embeddable":true,"href":"https:\/\/www.correiobraziliense.com.br\/cbradar\/wp-json\/wp\/v2\/media\/229633"}],"wp:attachment":[{"href":"https:\/\/www.correiobraziliense.com.br\/cbradar\/wp-json\/wp\/v2\/media?parent=229622"}],"wp:term":[{"taxonomy":"category","embeddable":true,"href":"https:\/\/www.correiobraziliense.com.br\/cbradar\/wp-json\/wp\/v2\/categories?post=229622"},{"taxonomy":"post_tag","embeddable":true,"href":"https:\/\/www.correiobraziliense.com.br\/cbradar\/wp-json\/wp\/v2\/post_tag?post=229622"}],"curies":[{"name":"wp","href":"https:\/\/api.w.org\/{rel}","templated":true}]}}