{"id":229751,"date":"2026-04-27T19:35:00","date_gmt":"2026-04-27T22:35:00","guid":{"rendered":"https:\/\/www.correiobraziliense.com.br\/cbradar\/?p=229751"},"modified":"2026-04-21T21:19:13","modified_gmt":"2026-04-22T00:19:13","slug":"proverbio-mexicano-do-dia-eles-tentaram-nos-enterrar-mas-nao-sabiam-que-eramos-sementes","status":"publish","type":"post","link":"https:\/\/www.correiobraziliense.com.br\/cbradar\/proverbio-mexicano-do-dia-eles-tentaram-nos-enterrar-mas-nao-sabiam-que-eramos-sementes\/","title":{"rendered":"Prov\u00e9rbio mexicano do dia: \u201cEles tentaram nos enterrar, mas n\u00e3o sabiam que \u00e9ramos sementes.\u201d"},"content":{"rendered":"\n<p>O prov\u00e9rbio mexicano \u201cEles tentaram nos enterrar, mas n\u00e3o sabiam que \u00e9ramos sementes\u201d carrega uma mensagem forte sobre resist\u00eancia e renascimento diante da adversidade. Sua origem est\u00e1 ligada \u00e0 cultura popular latino-americana e \u00e0 tradi\u00e7\u00e3o de transformar dor em for\u00e7a simb\u00f3lica. A met\u00e1fora da semente representa crescimento ap\u00f3s per\u00edodos de press\u00e3o, refor\u00e7ando a ideia de que dificuldades podem gerar transforma\u00e7\u00e3o.<\/p>\n\n\n\n<h2 class=\"wp-block-heading\">Qual \u00e9 o significado do prov\u00e9rbio mexicano sobre sementes?<\/h2>\n\n\n\n<p>O prov\u00e9rbio mexicano \u201cEles tentaram nos enterrar, mas n\u00e3o sabiam que \u00e9ramos sementes\u201d expressa a ideia de que tentativas de destrui\u00e7\u00e3o podem resultar em fortalecimento. A met\u00e1fora da semente simboliza potencial de crescimento mesmo em condi\u00e7\u00f5es adversas, refor\u00e7ando a capacidade humana de adapta\u00e7\u00e3o e <a href=\"https:\/\/www.correiobraziliense.com.br\/cbradar\/friedrich-nietzsche-filosofo-da-superacao-torne-se-quem-voce-e-mesmo-que-isso-assuste-o-mundo-ao-seu-redor\/\" target=\"_blank\" rel=\"noreferrer noopener\">supera\u00e7\u00e3o<\/a>.<\/p>\n\n\n\n<p>Esse tipo de express\u00e3o \u00e9 comum na <a href=\"https:\/\/hyperallergic.com\/on-the-origins-of-they-tried-to-bury-us-they-didnt-know-we-were-seeds\/\" target=\"_blank\" rel=\"noreferrer noopener\">cultura mexicana<\/a>, que valoriza a resist\u00eancia hist\u00f3rica e a transforma\u00e7\u00e3o de sofrimento em aprendizado. A semente representa um ciclo natural de morte simb\u00f3lica e renascimento, refletindo processos emocionais e sociais presentes na vida cotidiana.<\/p>\n\n\n\n<figure class=\"wp-block-image size-full\"><img decoding=\"async\" width=\"1280\" height=\"720\" src=\"https:\/\/www.correiobraziliense.com.br\/cbradar\/wp-content\/uploads\/2026\/04\/download-83-1.png\" alt=\"Prov\u00e9rbio mexicano do dia: \u201cEles tentaram nos enterrar, mas n\u00e3o sabiam que \u00e9ramos sementes.\u201d\" class=\"wp-image-229752\" srcset=\"https:\/\/www.correiobraziliense.com.br\/cbradar\/wp-content\/uploads\/2026\/04\/download-83-1.png 1280w, https:\/\/www.correiobraziliense.com.br\/cbradar\/wp-content\/uploads\/2026\/04\/download-83-1-300x169.png 300w, https:\/\/www.correiobraziliense.com.br\/cbradar\/wp-content\/uploads\/2026\/04\/download-83-1-768x432.png 768w, https:\/\/www.correiobraziliense.com.br\/cbradar\/wp-content\/uploads\/2026\/04\/download-83-1-750x422.png 750w, https:\/\/www.correiobraziliense.com.br\/cbradar\/wp-content\/uploads\/2026\/04\/download-83-1-1140x641.png 1140w\" sizes=\"(max-width: 1280px) 100vw, 1280px\" \/><figcaption class=\"wp-element-caption\">Eles tentaram nos enterrar mas \u00e9ramos sementes significado profundo<\/figcaption><\/figure>\n\n\n\n<h2 class=\"wp-block-heading\">Por que a met\u00e1fora da semente \u00e9 t\u00e3o poderosa?<\/h2>\n\n\n\n<p>A for\u00e7a dessa met\u00e1fora est\u00e1 na simplicidade com que traduz um processo complexo de transforma\u00e7\u00e3o. A semente precisa ser enterrada para germinar, o que transforma um ato de oculta\u00e7\u00e3o em condi\u00e7\u00e3o necess\u00e1ria para crescimento. Essa invers\u00e3o de sentido refor\u00e7a a ideia de que desafios podem ser estruturais para evolu\u00e7\u00e3o.<\/p>\n\n\n\n<p>Al\u00e9m disso, a imagem da semente conecta natureza e experi\u00eancia humana de forma direta. Ela transmite a no\u00e7\u00e3o de que o crescimento n\u00e3o acontece sem press\u00e3o, e que momentos de dificuldade podem ser parte essencial do desenvolvimento pessoal e coletivo.<\/p>\n\n\n\n<h2 class=\"wp-block-heading\">Em quais situa\u00e7\u00f5es esse prov\u00e9rbio pode ser aplicado na vida?<\/h2>\n\n\n\n<p>Esse prov\u00e9rbio \u00e9 frequentemente aplicado em contextos de supera\u00e7\u00e3o pessoal, resist\u00eancia social e enfrentamento de crises. Ele tamb\u00e9m aparece em discursos motivacionais e movimentos culturais que valorizam persist\u00eancia diante de adversidades estruturais. Sua mensagem funciona como refor\u00e7o simb\u00f3lico em momentos de instabilidade.<\/p>\n\n\n\n<p>Antes de aplicar o significado na pr\u00e1tica, \u00e9 importante observar os contextos mais comuns em que essa ideia aparece:<\/p>\n\n\n\n<ul class=\"wp-block-list\">\n<li>Supera\u00e7\u00e3o de perdas pessoais ou emocionais<\/li>\n\n\n\n<li>Enfrentamento de crises financeiras ou profissionais<\/li>\n\n\n\n<li>Resist\u00eancia em movimentos sociais e culturais<\/li>\n\n\n\n<li>Processos de recome\u00e7o ap\u00f3s mudan\u00e7as profundas<\/li>\n\n\n\n<li>Desenvolvimento pessoal em per\u00edodos de press\u00e3o<\/li>\n<\/ul>\n\n\n\n<p>Esses cen\u00e1rios mostram como a met\u00e1fora da semente se adapta a diferentes realidades:<\/p>\n\n\n\n<h2 class=\"wp-block-heading\">Como esse prov\u00e9rbio reflete a cultura mexicana?<\/h2>\n\n\n\n<p>A cultura mexicana possui forte liga\u00e7\u00e3o com s\u00edmbolos de resist\u00eancia e transforma\u00e7\u00e3o. O prov\u00e9rbio \u201cEles tentaram nos enterrar, mas n\u00e3o sabiam que \u00e9ramos sementes\u201d reflete essa caracter\u00edstica ao valorizar a capacidade de renascer diante de dificuldades hist\u00f3ricas e sociais. Essa vis\u00e3o est\u00e1 presente na literatura, na arte e no cotidiano.<\/p>\n\n\n\n<p>Essa express\u00e3o tamb\u00e9m dialoga com tradi\u00e7\u00f5es que enxergam a vida como um ciclo cont\u00ednuo de transforma\u00e7\u00e3o. O sofrimento n\u00e3o \u00e9 visto como ponto final, mas como parte de um processo maior de reconstru\u00e7\u00e3o. Isso refor\u00e7a uma identidade cultural baseada em resili\u00eancia e continuidade.<\/p>\n\n\n\n<figure class=\"wp-block-image size-full\"><img decoding=\"async\" width=\"1280\" height=\"720\" src=\"https:\/\/www.correiobraziliense.com.br\/cbradar\/wp-content\/uploads\/2026\/04\/mexico_1776816937322.jpg\" alt=\"Prov\u00e9rbio mexicano do dia: \u201cEles tentaram nos enterrar, mas n\u00e3o sabiam que \u00e9ramos sementes.\u201d\" class=\"wp-image-229753\" srcset=\"https:\/\/www.correiobraziliense.com.br\/cbradar\/wp-content\/uploads\/2026\/04\/mexico_1776816937322.jpg 1280w, https:\/\/www.correiobraziliense.com.br\/cbradar\/wp-content\/uploads\/2026\/04\/mexico_1776816937322-300x169.jpg 300w, https:\/\/www.correiobraziliense.com.br\/cbradar\/wp-content\/uploads\/2026\/04\/mexico_1776816937322-768x432.jpg 768w, https:\/\/www.correiobraziliense.com.br\/cbradar\/wp-content\/uploads\/2026\/04\/mexico_1776816937322-750x422.jpg 750w, https:\/\/www.correiobraziliense.com.br\/cbradar\/wp-content\/uploads\/2026\/04\/mexico_1776816937322-1140x641.jpg 1140w\" sizes=\"(max-width: 1280px) 100vw, 1280px\" \/><figcaption class=\"wp-element-caption\">O prov\u00e9rbio das sementes que inspira for\u00e7a em tempos dif\u00edceis &#8211; Cr\u00e9ditos: depositphotos.com \/ DmitryRukhlenko<\/figcaption><\/figure>\n\n\n\n<h2 class=\"wp-block-heading\">O que esse prov\u00e9rbio ensina sobre resili\u00eancia humana?<\/h2>\n\n\n\n<p>A mensagem central do prov\u00e9rbio est\u00e1 na ideia de que a resist\u00eancia n\u00e3o depende apenas de for\u00e7a, mas de capacidade de adapta\u00e7\u00e3o. Assim como a semente precisa de condi\u00e7\u00f5es adversas para crescer, o ser humano pode desenvolver habilidades e consci\u00eancia em momentos de press\u00e3o.<\/p>\n\n\n\n<p>Essa vis\u00e3o refor\u00e7a a import\u00e2ncia de interpretar dificuldades como etapas de desenvolvimento. Em vez de representar fim, os desafios podem funcionar como in\u00edcio de novas possibilidades. Essa mudan\u00e7a de perspectiva \u00e9 o que torna o prov\u00e9rbio t\u00e3o utilizado em contextos de motiva\u00e7\u00e3o e reflex\u00e3o pessoal.<\/p>\n","protected":false},"excerpt":{"rendered":"<p>Entenda o significado do prov\u00e9rbio mexicano sobre sementes e como ele simboliza resist\u00eancia, renascimento e supera\u00e7\u00e3o<\/p>\n","protected":false},"author":23,"featured_media":229755,"comment_status":"open","ping_status":"open","sticky":false,"template":"","format":"standard","meta":{"_yoast_wpseo_focuskw":"Prov\u00e9rbio mexicano","_yoast_wpseo_title":"","_yoast_wpseo_metadesc":"Entenda o significado do prov\u00e9rbio mexicano sobre sementes e como ele simboliza resist\u00eancia, renascimento e supera\u00e7\u00e3o","jnews-multi-image_gallery":[],"jnews_single_post":{"format":"standard"},"jnews_primary_category":[],"jnews_social_meta":[],"jnews_override_counter":[],"footnotes":""},"categories":[112],"post_tag":[144,847,12223],"class_list":["post-229751","post","type-post","status-publish","format-standard","has-post-thumbnail","hentry","category-curiosidades","tag-curiosidades","tag-mexico","tag-proverbio"],"yoast_head":"<!-- This site is optimized with the Yoast SEO plugin v24.6 - https:\/\/yoast.com\/wordpress\/plugins\/seo\/ -->\n<title>Prov\u00e9rbio mexicano do dia: \u201cEles tentaram nos enterrar, mas n\u00e3o sabiam que \u00e9ramos sementes.\u201d - Correio Braziliense - Radar<\/title>\n<meta name=\"description\" content=\"Entenda o significado do prov\u00e9rbio mexicano sobre sementes e como ele simboliza resist\u00eancia, renascimento e supera\u00e7\u00e3o\" \/>\n<meta name=\"robots\" content=\"index, follow, max-snippet:-1, max-image-preview:large, max-video-preview:-1\" \/>\n<link rel=\"canonical\" href=\"https:\/\/www.correiobraziliense.com.br\/cbradar\/proverbio-mexicano-do-dia-eles-tentaram-nos-enterrar-mas-nao-sabiam-que-eramos-sementes\/\" \/>\n<meta property=\"og:locale\" content=\"pt_BR\" \/>\n<meta property=\"og:type\" content=\"article\" \/>\n<meta property=\"og:title\" content=\"Prov\u00e9rbio mexicano do dia: \u201cEles tentaram nos enterrar, mas n\u00e3o sabiam que \u00e9ramos sementes.\u201d - Correio Braziliense - Radar\" \/>\n<meta property=\"og:description\" content=\"Entenda o significado do prov\u00e9rbio mexicano sobre sementes e como ele simboliza resist\u00eancia, renascimento e supera\u00e7\u00e3o\" \/>\n<meta property=\"og:url\" content=\"https:\/\/www.correiobraziliense.com.br\/cbradar\/proverbio-mexicano-do-dia-eles-tentaram-nos-enterrar-mas-nao-sabiam-que-eramos-sementes\/\" \/>\n<meta property=\"og:site_name\" content=\"Correio Braziliense - Radar\" \/>\n<meta property=\"article:published_time\" content=\"2026-04-27T22:35:00+00:00\" \/>\n<meta property=\"og:image\" content=\"https:\/\/www.correiobraziliense.com.br\/cbradar\/wp-content\/uploads\/2026\/04\/Gemini_Generated_Image_aqxv6jaqxv6jaqxv-1-1280x698.png\" \/>\n\t<meta property=\"og:image:width\" content=\"1280\" \/>\n\t<meta property=\"og:image:height\" content=\"698\" \/>\n\t<meta property=\"og:image:type\" content=\"image\/png\" \/>\n<meta name=\"author\" content=\"Nicolas Otto\" \/>\n<meta name=\"twitter:card\" content=\"summary_large_image\" \/>\n<meta name=\"twitter:label1\" content=\"Escrito por\" \/>\n\t<meta name=\"twitter:data1\" content=\"Nicolas Otto\" \/>\n\t<meta name=\"twitter:label2\" content=\"Est. tempo de leitura\" \/>\n\t<meta name=\"twitter:data2\" content=\"4 minutos\" \/>\n<!-- \/ Yoast SEO plugin. -->","yoast_head_json":{"title":"Prov\u00e9rbio mexicano do dia: \u201cEles tentaram nos enterrar, mas n\u00e3o sabiam que \u00e9ramos sementes.\u201d - Correio Braziliense - Radar","description":"Entenda o significado do prov\u00e9rbio mexicano sobre sementes e como ele simboliza resist\u00eancia, renascimento e supera\u00e7\u00e3o","robots":{"index":"index","follow":"follow","max-snippet":"max-snippet:-1","max-image-preview":"max-image-preview:large","max-video-preview":"max-video-preview:-1"},"canonical":"https:\/\/www.correiobraziliense.com.br\/cbradar\/proverbio-mexicano-do-dia-eles-tentaram-nos-enterrar-mas-nao-sabiam-que-eramos-sementes\/","og_locale":"pt_BR","og_type":"article","og_title":"Prov\u00e9rbio mexicano do dia: \u201cEles tentaram nos enterrar, mas n\u00e3o sabiam que \u00e9ramos sementes.\u201d - Correio Braziliense - Radar","og_description":"Entenda o significado do prov\u00e9rbio mexicano sobre sementes e como ele simboliza resist\u00eancia, renascimento e supera\u00e7\u00e3o","og_url":"https:\/\/www.correiobraziliense.com.br\/cbradar\/proverbio-mexicano-do-dia-eles-tentaram-nos-enterrar-mas-nao-sabiam-que-eramos-sementes\/","og_site_name":"Correio Braziliense - Radar","article_published_time":"2026-04-27T22:35:00+00:00","og_image":[{"width":1280,"height":698,"url":"https:\/\/www.correiobraziliense.com.br\/cbradar\/wp-content\/uploads\/2026\/04\/Gemini_Generated_Image_aqxv6jaqxv6jaqxv-1-1280x698.png","type":"image\/png"}],"author":"Nicolas Otto","twitter_card":"summary_large_image","twitter_misc":{"Escrito por":"Nicolas Otto","Est. tempo de leitura":"4 minutos"},"schema":{"@context":"https:\/\/schema.org","@graph":[{"@type":"WebPage","@id":"https:\/\/www.correiobraziliense.com.br\/cbradar\/proverbio-mexicano-do-dia-eles-tentaram-nos-enterrar-mas-nao-sabiam-que-eramos-sementes\/","url":"https:\/\/www.correiobraziliense.com.br\/cbradar\/proverbio-mexicano-do-dia-eles-tentaram-nos-enterrar-mas-nao-sabiam-que-eramos-sementes\/","name":"Prov\u00e9rbio mexicano do dia: \u201cEles tentaram nos enterrar, mas n\u00e3o sabiam que \u00e9ramos sementes.\u201d - Correio Braziliense - Radar","isPartOf":{"@id":"https:\/\/www.correiobraziliense.com.br\/cbradar\/#website"},"primaryImageOfPage":{"@id":"https:\/\/www.correiobraziliense.com.br\/cbradar\/proverbio-mexicano-do-dia-eles-tentaram-nos-enterrar-mas-nao-sabiam-que-eramos-sementes\/#primaryimage"},"image":{"@id":"https:\/\/www.correiobraziliense.com.br\/cbradar\/proverbio-mexicano-do-dia-eles-tentaram-nos-enterrar-mas-nao-sabiam-que-eramos-sementes\/#primaryimage"},"thumbnailUrl":"https:\/\/www.correiobraziliense.com.br\/cbradar\/wp-content\/uploads\/2026\/04\/Gemini_Generated_Image_aqxv6jaqxv6jaqxv-1-e1776817120494.png","datePublished":"2026-04-27T22:35:00+00:00","author":{"@id":"https:\/\/www.correiobraziliense.com.br\/cbradar\/#\/schema\/person\/3221b250518e74ac52c442d1c1236aaa"},"description":"Entenda o significado do prov\u00e9rbio mexicano sobre sementes e como ele simboliza resist\u00eancia, renascimento e supera\u00e7\u00e3o","breadcrumb":{"@id":"https:\/\/www.correiobraziliense.com.br\/cbradar\/proverbio-mexicano-do-dia-eles-tentaram-nos-enterrar-mas-nao-sabiam-que-eramos-sementes\/#breadcrumb"},"inLanguage":"pt-BR","potentialAction":[{"@type":"ReadAction","target":["https:\/\/www.correiobraziliense.com.br\/cbradar\/proverbio-mexicano-do-dia-eles-tentaram-nos-enterrar-mas-nao-sabiam-que-eramos-sementes\/"]}]},{"@type":"ImageObject","inLanguage":"pt-BR","@id":"https:\/\/www.correiobraziliense.com.br\/cbradar\/proverbio-mexicano-do-dia-eles-tentaram-nos-enterrar-mas-nao-sabiam-que-eramos-sementes\/#primaryimage","url":"https:\/\/www.correiobraziliense.com.br\/cbradar\/wp-content\/uploads\/2026\/04\/Gemini_Generated_Image_aqxv6jaqxv6jaqxv-1-e1776817120494.png","contentUrl":"https:\/\/www.correiobraziliense.com.br\/cbradar\/wp-content\/uploads\/2026\/04\/Gemini_Generated_Image_aqxv6jaqxv6jaqxv-1-e1776817120494.png","width":1280,"height":720,"caption":"O prov\u00e9rbio das sementes que inspira for\u00e7a em tempos dif\u00edceis"},{"@type":"BreadcrumbList","@id":"https:\/\/www.correiobraziliense.com.br\/cbradar\/proverbio-mexicano-do-dia-eles-tentaram-nos-enterrar-mas-nao-sabiam-que-eramos-sementes\/#breadcrumb","itemListElement":[{"@type":"ListItem","position":1,"name":"In\u00edcio","item":"https:\/\/www.correiobraziliense.com.br\/cbradar\/"},{"@type":"ListItem","position":2,"name":"Prov\u00e9rbio mexicano do dia: \u201cEles tentaram nos enterrar, mas n\u00e3o sabiam que \u00e9ramos sementes.\u201d"}]},{"@type":"WebSite","@id":"https:\/\/www.correiobraziliense.com.br\/cbradar\/#website","url":"https:\/\/www.correiobraziliense.com.br\/cbradar\/","name":"Correio Braziliense - Radar","description":"Acompanhe as \u00faltimas not\u00edcias e fique bem informado sobre tudo o que acontece no Brasil e no mundo.","potentialAction":[{"@type":"SearchAction","target":{"@type":"EntryPoint","urlTemplate":"https:\/\/www.correiobraziliense.com.br\/cbradar\/?s={search_term_string}"},"query-input":{"@type":"PropertyValueSpecification","valueRequired":true,"valueName":"search_term_string"}}],"inLanguage":"pt-BR"},{"@type":"Person","@id":"https:\/\/www.correiobraziliense.com.br\/cbradar\/#\/schema\/person\/3221b250518e74ac52c442d1c1236aaa","name":"Nicolas Otto","image":{"@type":"ImageObject","inLanguage":"pt-BR","@id":"https:\/\/www.correiobraziliense.com.br\/cbradar\/#\/schema\/person\/image\/","url":"https:\/\/secure.gravatar.com\/avatar\/05925f730d72f0ea0df144f236adfb18?s=96&d=mm&r=g","contentUrl":"https:\/\/secure.gravatar.com\/avatar\/05925f730d72f0ea0df144f236adfb18?s=96&d=mm&r=g","caption":"Nicolas Otto"},"sameAs":["https:\/\/www.correiobraziliense.com.br\/cbradar\/"],"url":"https:\/\/www.correiobraziliense.com.br\/cbradar\/author\/nicolas-otto\/"}]}},"_links":{"self":[{"href":"https:\/\/www.correiobraziliense.com.br\/cbradar\/wp-json\/wp\/v2\/posts\/229751","targetHints":{"allow":["GET"]}}],"collection":[{"href":"https:\/\/www.correiobraziliense.com.br\/cbradar\/wp-json\/wp\/v2\/posts"}],"about":[{"href":"https:\/\/www.correiobraziliense.com.br\/cbradar\/wp-json\/wp\/v2\/types\/post"}],"author":[{"embeddable":true,"href":"https:\/\/www.correiobraziliense.com.br\/cbradar\/wp-json\/wp\/v2\/users\/23"}],"replies":[{"embeddable":true,"href":"https:\/\/www.correiobraziliense.com.br\/cbradar\/wp-json\/wp\/v2\/comments?post=229751"}],"version-history":[{"count":1,"href":"https:\/\/www.correiobraziliense.com.br\/cbradar\/wp-json\/wp\/v2\/posts\/229751\/revisions"}],"predecessor-version":[{"id":229757,"href":"https:\/\/www.correiobraziliense.com.br\/cbradar\/wp-json\/wp\/v2\/posts\/229751\/revisions\/229757"}],"wp:featuredmedia":[{"embeddable":true,"href":"https:\/\/www.correiobraziliense.com.br\/cbradar\/wp-json\/wp\/v2\/media\/229755"}],"wp:attachment":[{"href":"https:\/\/www.correiobraziliense.com.br\/cbradar\/wp-json\/wp\/v2\/media?parent=229751"}],"wp:term":[{"taxonomy":"category","embeddable":true,"href":"https:\/\/www.correiobraziliense.com.br\/cbradar\/wp-json\/wp\/v2\/categories?post=229751"},{"taxonomy":"post_tag","embeddable":true,"href":"https:\/\/www.correiobraziliense.com.br\/cbradar\/wp-json\/wp\/v2\/post_tag?post=229751"}],"curies":[{"name":"wp","href":"https:\/\/api.w.org\/{rel}","templated":true}]}}