{"id":229758,"date":"2026-04-27T14:15:00","date_gmt":"2026-04-27T17:15:00","guid":{"rendered":"https:\/\/www.correiobraziliense.com.br\/cbradar\/?p=229758"},"modified":"2026-04-22T15:41:25","modified_gmt":"2026-04-22T18:41:25","slug":"proverbio-indiano-do-dia-a-mente-e-tudo-voce-se-torna-aquilo-que-pensa","status":"publish","type":"post","link":"https:\/\/www.correiobraziliense.com.br\/cbradar\/proverbio-indiano-do-dia-a-mente-e-tudo-voce-se-torna-aquilo-que-pensa\/","title":{"rendered":"Prov\u00e9rbio indiano do dia: \u201cA mente \u00e9 tudo. Voc\u00ea se torna aquilo que pensa.\u201d"},"content":{"rendered":"\n<p>O prov\u00e9rbio indiano \u201cA mente \u00e9 tudo. Voc\u00ea se torna aquilo que pensa\u201d reflete uma vis\u00e3o central da tradi\u00e7\u00e3o filos\u00f3fica da <strong>\u00cdndia<\/strong>, especialmente associada ao pensamento contemplativo e \u00e0s pr\u00e1ticas de autoconsci\u00eancia. Ele destaca a influ\u00eancia direta dos pensamentos na forma\u00e7\u00e3o de comportamentos, decis\u00f5es e resultados na vida cotidiana, refor\u00e7ando a rela\u00e7\u00e3o entre mente e realidade percebida.<\/p>\n\n\n\n<h2 class=\"wp-block-heading\">Qual \u00e9 o significado do prov\u00e9rbio indiano sobre a mente?<\/h2>\n\n\n\n<p>O prov\u00e9rbio \u201cA mente \u00e9 tudo. Voc\u00ea se torna aquilo que pensa\u201d afirma que os <a href=\"https:\/\/www.correiobraziliense.com.br\/cbradar\/a-psicologia-diz-que-pessoas-que-falam-sozinhas-nao-sao-estranhas-elas-estao-organizando-pensamentos-de-forma-mais-eficiente-do-que-a-maioria\/\" target=\"_blank\" rel=\"noreferrer noopener\">pensamentos <\/a>moldam a experi\u00eancia humana. Dentro dessa perspectiva, a mente n\u00e3o \u00e9 apenas um espa\u00e7o de reflex\u00e3o, mas um agente ativo na constru\u00e7\u00e3o da realidade individual. O que se sustenta mentalmente tende a influenciar <a href=\"https:\/\/www.buddhanet.net\/e-learning\/buddhism\/dp01\/\" target=\"_blank\" rel=\"noreferrer noopener\">a\u00e7\u00f5es e h\u00e1bitos<\/a>.<\/p>\n\n\n\n<p>Essa ideia est\u00e1 presente em diversas tradi\u00e7\u00f5es filos\u00f3ficas indianas, que valorizam a disciplina mental como base para equil\u00edbrio emocional. A repeti\u00e7\u00e3o de pensamentos fortalece padr\u00f5es internos, o que impacta diretamente a forma como cada pessoa interpreta e reage ao mundo ao redor.<\/p>\n\n\n\n<figure class=\"wp-block-image size-full\"><img decoding=\"async\" width=\"1280\" height=\"720\" src=\"https:\/\/www.correiobraziliense.com.br\/cbradar\/wp-content\/uploads\/2026\/04\/download-85-1.png\" alt=\"Prov\u00e9rbio indiano do dia: \u201cA mente \u00e9 tudo. Voc\u00ea se torna aquilo que pensa.\u201d\" class=\"wp-image-229763\" srcset=\"https:\/\/www.correiobraziliense.com.br\/cbradar\/wp-content\/uploads\/2026\/04\/download-85-1.png 1280w, https:\/\/www.correiobraziliense.com.br\/cbradar\/wp-content\/uploads\/2026\/04\/download-85-1-300x169.png 300w, https:\/\/www.correiobraziliense.com.br\/cbradar\/wp-content\/uploads\/2026\/04\/download-85-1-768x432.png 768w, https:\/\/www.correiobraziliense.com.br\/cbradar\/wp-content\/uploads\/2026\/04\/download-85-1-750x422.png 750w, https:\/\/www.correiobraziliense.com.br\/cbradar\/wp-content\/uploads\/2026\/04\/download-85-1-1140x641.png 1140w\" sizes=\"(max-width: 1280px) 100vw, 1280px\" \/><figcaption class=\"wp-element-caption\">A mente \u00e9 tudo significado do prov\u00e9rbio indiano profundo<\/figcaption><\/figure>\n\n\n\n<h2 class=\"wp-block-heading\">Como os pensamentos influenciam comportamentos e decis\u00f5es?<\/h2>\n\n\n\n<p>Os pensamentos funcionam como filtros que moldam percep\u00e7\u00f5es e escolhas. Quando um padr\u00e3o mental se repete, ele tende a se transformar em comportamento autom\u00e1tico. Esse processo explica por que cren\u00e7as internas podem limitar ou expandir possibilidades na vida pr\u00e1tica.<\/p>\n\n\n\n<p>A filosofia associada ao prov\u00e9rbio sugere que a mente cria tend\u00eancias comportamentais consistentes. Isso significa que cultivar pensamentos construtivos pode influenciar diretamente a qualidade das decis\u00f5es tomadas ao longo do tempo.<\/p>\n\n\n\n<h2 class=\"wp-block-heading\">Quais pr\u00e1ticas ajudam a fortalecer uma mente mais consciente?<\/h2>\n\n\n\n<p>O desenvolvimento de uma mente mais consciente envolve disciplina e observa\u00e7\u00e3o constante dos pr\u00f3prios pensamentos. A tradi\u00e7\u00e3o indiana valoriza pr\u00e1ticas que promovem clareza mental e redu\u00e7\u00e3o de impulsos autom\u00e1ticos, favorecendo maior controle interno e estabilidade emocional.<\/p>\n\n\n\n<p>Essas pr\u00e1ticas s\u00e3o frequentemente aplicadas como formas de reorganizar padr\u00f5es mentais:<\/p>\n\n\n\n<ul class=\"wp-block-list\">\n<li><strong>Medita\u00e7\u00e3o di\u00e1ria<\/strong> para observar pensamentos sem rea\u00e7\u00e3o imediata<\/li>\n\n\n\n<li><strong>Respira\u00e7\u00e3o consciente<\/strong> para reduzir impulsividade mental<\/li>\n\n\n\n<li><strong>Repeti\u00e7\u00e3o de afirma\u00e7\u00f5es positivas<\/strong> para refor\u00e7o cognitivo<\/li>\n\n\n\n<li><strong>Escrita reflexiva<\/strong> para organizar ideias e emo\u00e7\u00f5es<\/li>\n\n\n\n<li><strong>Sil\u00eancio intencional<\/strong> para diminuir est\u00edmulos externos<\/li>\n<\/ul>\n\n\n\n<h2 class=\"wp-block-heading\">Por que a filosofia indiana valoriza tanto o pensamento?<\/h2>\n\n\n\n<p>A filosofia indiana considera o pensamento como base da experi\u00eancia humana. Dentro dessa vis\u00e3o, a realidade externa \u00e9 profundamente influenciada pelo estado interno da mente. Isso torna o autoconhecimento uma ferramenta essencial para alcan\u00e7ar equil\u00edbrio e clareza nas a\u00e7\u00f5es.<\/p>\n\n\n\n<p>Essa perspectiva tamb\u00e9m est\u00e1 presente em tradi\u00e7\u00f5es como o <strong>Yoga<\/strong> e o <strong>Vedanta<\/strong>, que enfatizam a observa\u00e7\u00e3o mental como caminho para compreens\u00e3o mais profunda da exist\u00eancia. O controle dos pensamentos \u00e9 visto como parte essencial do desenvolvimento pessoal e espiritual.<\/p>\n\n\n\n<p><br>Se voc\u00ea quer entender como a filosofia indiana influenciou o pensamento no Ocidente, este v\u00eddeo do canal <strong>Conex\u00e3o Filos\u00f3fica<\/strong>, com mais de <strong>35,5 mil inscritos<\/strong>, foi escolhido especialmente para voc\u00ea. Ele apresenta essa conex\u00e3o de forma clara e direta, ajudando a enxergar ideias antigas sob uma nova perspectiva.<\/p>\n\n\n\n<figure class=\"wp-block-embed is-type-video is-provider-youtube wp-block-embed-youtube wp-embed-aspect-16-9 wp-has-aspect-ratio\"><div class=\"wp-block-embed__wrapper\">\n<div class=\"jeg_video_container jeg_video_content\"><iframe loading=\"lazy\" title=\"A filosofia indiana no Ocidente\" width=\"500\" height=\"281\" src=\"https:\/\/www.youtube.com\/embed\/opa5KWEonEI?feature=oembed\" frameborder=\"0\" allow=\"accelerometer; autoplay; clipboard-write; encrypted-media; gyroscope; picture-in-picture; web-share\" referrerpolicy=\"strict-origin-when-cross-origin\" allowfullscreen><\/iframe><\/div>\n<\/div><\/figure>\n\n\n\n<h2 class=\"wp-block-heading\">Como aplicar esse prov\u00e9rbio na vida cotidiana?<\/h2>\n\n\n\n<p>Aplicar o prov\u00e9rbio na vida cotidiana envolve aten\u00e7\u00e3o constante aos pr\u00f3prios padr\u00f5es mentais. Isso significa observar pensamentos repetitivos e avaliar como eles influenciam emo\u00e7\u00f5es e comportamentos. Pequenas mudan\u00e7as internas podem gerar impactos significativos ao longo do tempo.<\/p>\n\n\n\n<p>Ao direcionar a mente para ideias mais construtivas, \u00e9 poss\u00edvel alterar gradualmente a forma de agir e reagir. Essa pr\u00e1tica exige consist\u00eancia, pois o pensamento n\u00e3o muda de forma imediata, mas atrav\u00e9s de repeti\u00e7\u00e3o e consci\u00eancia cont\u00ednua das pr\u00f3prias escolhas mentais.<\/p>\n","protected":false},"excerpt":{"rendered":"<p>Entenda o prov\u00e9rbio indiano sobre a mente e como pensamentos influenciam comportamentos, decis\u00f5es e a realidade cotidiana<\/p>\n","protected":false},"author":23,"featured_media":229762,"comment_status":"open","ping_status":"open","sticky":false,"template":"","format":"standard","meta":{"_yoast_wpseo_focuskw":"Prov\u00e9rbio indiano","_yoast_wpseo_title":"","_yoast_wpseo_metadesc":"Entenda o prov\u00e9rbio indiano sobre a mente e como pensamentos influenciam comportamentos, decis\u00f5es e a realidade cotidiana","jnews-multi-image_gallery":[],"jnews_single_post":{"format":"standard"},"jnews_primary_category":[],"jnews_social_meta":[],"jnews_override_counter":[],"footnotes":""},"categories":[112],"post_tag":[144,5078,5726,12223],"class_list":["post-229758","post","type-post","status-publish","format-standard","has-post-thumbnail","hentry","category-curiosidades","tag-curiosidades","tag-filosofia","tag-india","tag-proverbio"],"yoast_head":"<!-- This site is optimized with the Yoast SEO plugin v24.6 - https:\/\/yoast.com\/wordpress\/plugins\/seo\/ -->\n<title>Prov\u00e9rbio indiano do dia: \u201cA mente \u00e9 tudo. Voc\u00ea se torna aquilo que pensa.\u201d - Correio Braziliense - Radar<\/title>\n<meta name=\"description\" content=\"Entenda o prov\u00e9rbio indiano sobre a mente e como pensamentos influenciam comportamentos, decis\u00f5es e a realidade cotidiana\" \/>\n<meta name=\"robots\" content=\"index, follow, max-snippet:-1, max-image-preview:large, max-video-preview:-1\" \/>\n<link rel=\"canonical\" href=\"https:\/\/www.correiobraziliense.com.br\/cbradar\/proverbio-indiano-do-dia-a-mente-e-tudo-voce-se-torna-aquilo-que-pensa\/\" \/>\n<meta property=\"og:locale\" content=\"pt_BR\" \/>\n<meta property=\"og:type\" content=\"article\" \/>\n<meta property=\"og:title\" content=\"Prov\u00e9rbio indiano do dia: \u201cA mente \u00e9 tudo. Voc\u00ea se torna aquilo que pensa.\u201d - Correio Braziliense - Radar\" \/>\n<meta property=\"og:description\" content=\"Entenda o prov\u00e9rbio indiano sobre a mente e como pensamentos influenciam comportamentos, decis\u00f5es e a realidade cotidiana\" \/>\n<meta property=\"og:url\" content=\"https:\/\/www.correiobraziliense.com.br\/cbradar\/proverbio-indiano-do-dia-a-mente-e-tudo-voce-se-torna-aquilo-que-pensa\/\" \/>\n<meta property=\"og:site_name\" content=\"Correio Braziliense - Radar\" \/>\n<meta property=\"article:published_time\" content=\"2026-04-27T17:15:00+00:00\" \/>\n<meta property=\"og:image\" content=\"https:\/\/www.correiobraziliense.com.br\/cbradar\/wp-content\/uploads\/2026\/04\/download-84-1.png\" \/>\n\t<meta property=\"og:image:width\" content=\"1280\" \/>\n\t<meta property=\"og:image:height\" content=\"720\" \/>\n\t<meta property=\"og:image:type\" content=\"image\/png\" \/>\n<meta name=\"author\" content=\"Nicolas Otto\" \/>\n<meta name=\"twitter:card\" content=\"summary_large_image\" \/>\n<meta name=\"twitter:label1\" content=\"Escrito por\" \/>\n\t<meta name=\"twitter:data1\" content=\"Nicolas Otto\" \/>\n\t<meta name=\"twitter:label2\" content=\"Est. tempo de leitura\" \/>\n\t<meta name=\"twitter:data2\" content=\"4 minutos\" \/>\n<!-- \/ Yoast SEO plugin. -->","yoast_head_json":{"title":"Prov\u00e9rbio indiano do dia: \u201cA mente \u00e9 tudo. Voc\u00ea se torna aquilo que pensa.\u201d - Correio Braziliense - Radar","description":"Entenda o prov\u00e9rbio indiano sobre a mente e como pensamentos influenciam comportamentos, decis\u00f5es e a realidade cotidiana","robots":{"index":"index","follow":"follow","max-snippet":"max-snippet:-1","max-image-preview":"max-image-preview:large","max-video-preview":"max-video-preview:-1"},"canonical":"https:\/\/www.correiobraziliense.com.br\/cbradar\/proverbio-indiano-do-dia-a-mente-e-tudo-voce-se-torna-aquilo-que-pensa\/","og_locale":"pt_BR","og_type":"article","og_title":"Prov\u00e9rbio indiano do dia: \u201cA mente \u00e9 tudo. Voc\u00ea se torna aquilo que pensa.\u201d - Correio Braziliense - Radar","og_description":"Entenda o prov\u00e9rbio indiano sobre a mente e como pensamentos influenciam comportamentos, decis\u00f5es e a realidade cotidiana","og_url":"https:\/\/www.correiobraziliense.com.br\/cbradar\/proverbio-indiano-do-dia-a-mente-e-tudo-voce-se-torna-aquilo-que-pensa\/","og_site_name":"Correio Braziliense - Radar","article_published_time":"2026-04-27T17:15:00+00:00","og_image":[{"width":1280,"height":720,"url":"https:\/\/www.correiobraziliense.com.br\/cbradar\/wp-content\/uploads\/2026\/04\/download-84-1.png","type":"image\/png"}],"author":"Nicolas Otto","twitter_card":"summary_large_image","twitter_misc":{"Escrito por":"Nicolas Otto","Est. tempo de leitura":"4 minutos"},"schema":{"@context":"https:\/\/schema.org","@graph":[{"@type":"WebPage","@id":"https:\/\/www.correiobraziliense.com.br\/cbradar\/proverbio-indiano-do-dia-a-mente-e-tudo-voce-se-torna-aquilo-que-pensa\/","url":"https:\/\/www.correiobraziliense.com.br\/cbradar\/proverbio-indiano-do-dia-a-mente-e-tudo-voce-se-torna-aquilo-que-pensa\/","name":"Prov\u00e9rbio indiano do dia: \u201cA mente \u00e9 tudo. Voc\u00ea se torna aquilo que pensa.\u201d - Correio Braziliense - Radar","isPartOf":{"@id":"https:\/\/www.correiobraziliense.com.br\/cbradar\/#website"},"primaryImageOfPage":{"@id":"https:\/\/www.correiobraziliense.com.br\/cbradar\/proverbio-indiano-do-dia-a-mente-e-tudo-voce-se-torna-aquilo-que-pensa\/#primaryimage"},"image":{"@id":"https:\/\/www.correiobraziliense.com.br\/cbradar\/proverbio-indiano-do-dia-a-mente-e-tudo-voce-se-torna-aquilo-que-pensa\/#primaryimage"},"thumbnailUrl":"https:\/\/www.correiobraziliense.com.br\/cbradar\/wp-content\/uploads\/2026\/04\/download-84-1.png","datePublished":"2026-04-27T17:15:00+00:00","author":{"@id":"https:\/\/www.correiobraziliense.com.br\/cbradar\/#\/schema\/person\/3221b250518e74ac52c442d1c1236aaa"},"description":"Entenda o prov\u00e9rbio indiano sobre a mente e como pensamentos influenciam comportamentos, decis\u00f5es e a realidade cotidiana","breadcrumb":{"@id":"https:\/\/www.correiobraziliense.com.br\/cbradar\/proverbio-indiano-do-dia-a-mente-e-tudo-voce-se-torna-aquilo-que-pensa\/#breadcrumb"},"inLanguage":"pt-BR","potentialAction":[{"@type":"ReadAction","target":["https:\/\/www.correiobraziliense.com.br\/cbradar\/proverbio-indiano-do-dia-a-mente-e-tudo-voce-se-torna-aquilo-que-pensa\/"]}]},{"@type":"ImageObject","inLanguage":"pt-BR","@id":"https:\/\/www.correiobraziliense.com.br\/cbradar\/proverbio-indiano-do-dia-a-mente-e-tudo-voce-se-torna-aquilo-que-pensa\/#primaryimage","url":"https:\/\/www.correiobraziliense.com.br\/cbradar\/wp-content\/uploads\/2026\/04\/download-84-1.png","contentUrl":"https:\/\/www.correiobraziliense.com.br\/cbradar\/wp-content\/uploads\/2026\/04\/download-84-1.png","width":1280,"height":720,"caption":"A mente \u00e9 tudo significado do prov\u00e9rbio indiano profundo"},{"@type":"BreadcrumbList","@id":"https:\/\/www.correiobraziliense.com.br\/cbradar\/proverbio-indiano-do-dia-a-mente-e-tudo-voce-se-torna-aquilo-que-pensa\/#breadcrumb","itemListElement":[{"@type":"ListItem","position":1,"name":"In\u00edcio","item":"https:\/\/www.correiobraziliense.com.br\/cbradar\/"},{"@type":"ListItem","position":2,"name":"Prov\u00e9rbio indiano do dia: \u201cA mente \u00e9 tudo. Voc\u00ea se torna aquilo que pensa.\u201d"}]},{"@type":"WebSite","@id":"https:\/\/www.correiobraziliense.com.br\/cbradar\/#website","url":"https:\/\/www.correiobraziliense.com.br\/cbradar\/","name":"Correio Braziliense - Radar","description":"Acompanhe as \u00faltimas not\u00edcias e fique bem informado sobre tudo o que acontece no Brasil e no mundo.","potentialAction":[{"@type":"SearchAction","target":{"@type":"EntryPoint","urlTemplate":"https:\/\/www.correiobraziliense.com.br\/cbradar\/?s={search_term_string}"},"query-input":{"@type":"PropertyValueSpecification","valueRequired":true,"valueName":"search_term_string"}}],"inLanguage":"pt-BR"},{"@type":"Person","@id":"https:\/\/www.correiobraziliense.com.br\/cbradar\/#\/schema\/person\/3221b250518e74ac52c442d1c1236aaa","name":"Nicolas Otto","image":{"@type":"ImageObject","inLanguage":"pt-BR","@id":"https:\/\/www.correiobraziliense.com.br\/cbradar\/#\/schema\/person\/image\/","url":"https:\/\/secure.gravatar.com\/avatar\/05925f730d72f0ea0df144f236adfb18?s=96&d=mm&r=g","contentUrl":"https:\/\/secure.gravatar.com\/avatar\/05925f730d72f0ea0df144f236adfb18?s=96&d=mm&r=g","caption":"Nicolas Otto"},"sameAs":["https:\/\/www.correiobraziliense.com.br\/cbradar\/"],"url":"https:\/\/www.correiobraziliense.com.br\/cbradar\/author\/nicolas-otto\/"}]}},"_links":{"self":[{"href":"https:\/\/www.correiobraziliense.com.br\/cbradar\/wp-json\/wp\/v2\/posts\/229758","targetHints":{"allow":["GET"]}}],"collection":[{"href":"https:\/\/www.correiobraziliense.com.br\/cbradar\/wp-json\/wp\/v2\/posts"}],"about":[{"href":"https:\/\/www.correiobraziliense.com.br\/cbradar\/wp-json\/wp\/v2\/types\/post"}],"author":[{"embeddable":true,"href":"https:\/\/www.correiobraziliense.com.br\/cbradar\/wp-json\/wp\/v2\/users\/23"}],"replies":[{"embeddable":true,"href":"https:\/\/www.correiobraziliense.com.br\/cbradar\/wp-json\/wp\/v2\/comments?post=229758"}],"version-history":[{"count":2,"href":"https:\/\/www.correiobraziliense.com.br\/cbradar\/wp-json\/wp\/v2\/posts\/229758\/revisions"}],"predecessor-version":[{"id":230250,"href":"https:\/\/www.correiobraziliense.com.br\/cbradar\/wp-json\/wp\/v2\/posts\/229758\/revisions\/230250"}],"wp:featuredmedia":[{"embeddable":true,"href":"https:\/\/www.correiobraziliense.com.br\/cbradar\/wp-json\/wp\/v2\/media\/229762"}],"wp:attachment":[{"href":"https:\/\/www.correiobraziliense.com.br\/cbradar\/wp-json\/wp\/v2\/media?parent=229758"}],"wp:term":[{"taxonomy":"category","embeddable":true,"href":"https:\/\/www.correiobraziliense.com.br\/cbradar\/wp-json\/wp\/v2\/categories?post=229758"},{"taxonomy":"post_tag","embeddable":true,"href":"https:\/\/www.correiobraziliense.com.br\/cbradar\/wp-json\/wp\/v2\/post_tag?post=229758"}],"curies":[{"name":"wp","href":"https:\/\/api.w.org\/{rel}","templated":true}]}}