{"id":229791,"date":"2026-04-27T07:25:00","date_gmt":"2026-04-27T10:25:00","guid":{"rendered":"https:\/\/www.correiobraziliense.com.br\/cbradar\/?p=229791"},"modified":"2026-04-21T22:27:11","modified_gmt":"2026-04-22T01:27:11","slug":"entenda-os-riscos-que-o-banho-quente-traz-para-sua-pele-e-como-evita-los","status":"publish","type":"post","link":"https:\/\/www.correiobraziliense.com.br\/cbradar\/entenda-os-riscos-que-o-banho-quente-traz-para-sua-pele-e-como-evita-los\/","title":{"rendered":"Entenda os riscos que o banho quente traz para sua pele e como evit\u00e1-los"},"content":{"rendered":"\n<p>A rela\u00e7\u00e3o entre a temperatura da \u00e1gua e a hidrata\u00e7\u00e3o da pele ganha destaque especialmente nas \u00e9pocas mais frias do ano. Em dias de outono e inverno, banhos mais quentes costumam ser vistos como um al\u00edvio, mas esse h\u00e1bito pode interferir no equil\u00edbrio cut\u00e2neo e aumentar o ressecamento, a sensibilidade e o desconforto, tornando essencial ajustar a rotina de cuidados.<\/p>\n\n\n\n<h2 class=\"wp-block-heading\">Como a temperatura da \u00e1gua afeta a hidrata\u00e7\u00e3o da pele<\/h2>\n\n\n\n<p>A <a href=\"https:\/\/www.correiobraziliense.com.br\/cbradar\/os-4-produtos-da-la-roche-posay-que-dermatologistas-recomendam-para-a-pele\/\" target=\"_blank\" rel=\"noreferrer noopener\">pele <\/a>atua como barreira de prote\u00e7\u00e3o, formada por c\u00e9lulas e por uma camada de lip\u00eddios que ajudam a manter a umidade natural. A \u00e1gua muito quente dissolve parte desse <a href=\"https:\/\/www.aad.org\/public\/everyday-care\/skin-care-basics\/dry\/dermatologists-tips-relieve-dry-skin\" target=\"_blank\" rel=\"noreferrer noopener\">manto hidrolip\u00eddico<\/a>, facilitando a perda de \u00e1gua para o ambiente e favorecendo sinais como descama\u00e7\u00e3o, coceira e sensa\u00e7\u00e3o de repuxamento.<\/p>\n\n\n\n<p>Esse efeito se intensifica com banhos longos e frequentes em alta temperatura, sobretudo no frio e em ambientes com baixa umidade. Em pessoas com pele sens\u00edvel, ros\u00e1cea ou dermatites, a vasodilata\u00e7\u00e3o provocada pela \u00e1gua quente pode piorar a vermelhid\u00e3o e desencadear crises, tornando a \u00e1gua morna a op\u00e7\u00e3o mais indicada.<\/p>\n\n\n\n<figure class=\"wp-block-image size-full\"><img decoding=\"async\" width=\"1280\" height=\"720\" src=\"https:\/\/www.correiobraziliense.com.br\/cbradar\/wp-content\/uploads\/2026\/04\/download-93-1.png\" alt=\"\" class=\"wp-image-229798\" srcset=\"https:\/\/www.correiobraziliense.com.br\/cbradar\/wp-content\/uploads\/2026\/04\/download-93-1.png 1280w, https:\/\/www.correiobraziliense.com.br\/cbradar\/wp-content\/uploads\/2026\/04\/download-93-1-300x169.png 300w, https:\/\/www.correiobraziliense.com.br\/cbradar\/wp-content\/uploads\/2026\/04\/download-93-1-768x432.png 768w, https:\/\/www.correiobraziliense.com.br\/cbradar\/wp-content\/uploads\/2026\/04\/download-93-1-750x422.png 750w, https:\/\/www.correiobraziliense.com.br\/cbradar\/wp-content\/uploads\/2026\/04\/download-93-1-1140x641.png 1140w\" sizes=\"(max-width: 1280px) 100vw, 1280px\" \/><figcaption class=\"wp-element-caption\">O h\u00e1bito no banho que mais causa ressecamento da pele no inverno<\/figcaption><\/figure>\n\n\n\n<h2 class=\"wp-block-heading\">Como ajustar o banho para proteger o equil\u00edbrio cut\u00e2neo<\/h2>\n\n\n\n<p>Adaptar a forma de tomar banho \u00e9 uma estrat\u00e9gia simples e eficaz para preservar a hidrata\u00e7\u00e3o da pele. A \u00e1gua morna limpa sem agredir tanto, e a redu\u00e7\u00e3o do tempo de banho diminui a remo\u00e7\u00e3o da camada protetora, especialmente em dias frios e secos.<\/p>\n\n\n\n<p>Os produtos usados durante o banho tamb\u00e9m influenciam bastante o equil\u00edbrio cut\u00e2neo. Para facilitar escolhas di\u00e1rias mais adequadas, vale seguir algumas recomenda\u00e7\u00f5es pr\u00e1ticas para minimizar o ressecamento e a irrita\u00e7\u00e3o da pele:<\/p>\n\n\n\n<figure class=\"wp-block-image size-large\"><img decoding=\"async\" width=\"1176\" height=\"720\" src=\"https:\/\/www.correiobraziliense.com.br\/cbradar\/wp-content\/uploads\/2026\/04\/convertido-9-2-1176x720.jpg\" alt=\"\" class=\"wp-image-229794\" srcset=\"https:\/\/www.correiobraziliense.com.br\/cbradar\/wp-content\/uploads\/2026\/04\/convertido-9-2-1176x720.jpg 1176w, https:\/\/www.correiobraziliense.com.br\/cbradar\/wp-content\/uploads\/2026\/04\/convertido-9-2-300x184.jpg 300w, https:\/\/www.correiobraziliense.com.br\/cbradar\/wp-content\/uploads\/2026\/04\/convertido-9-2-768x470.jpg 768w, https:\/\/www.correiobraziliense.com.br\/cbradar\/wp-content\/uploads\/2026\/04\/convertido-9-2-750x459.jpg 750w, https:\/\/www.correiobraziliense.com.br\/cbradar\/wp-content\/uploads\/2026\/04\/convertido-9-2-1140x698.jpg 1140w, https:\/\/www.correiobraziliense.com.br\/cbradar\/wp-content\/uploads\/2026\/04\/convertido-9-2.jpg 1280w\" sizes=\"(max-width: 1176px) 100vw, 1176px\" \/><\/figure>\n\n\n\n<h2 class=\"wp-block-heading\">Por que hidratar a pele logo ap\u00f3s o banho<\/h2>\n\n\n\n<p>Ap\u00f3s o banho, a pele ainda est\u00e1 \u00famida e mais receptiva \u00e0 penetra\u00e7\u00e3o de ativos, o que torna esse momento ideal para aplica\u00e7\u00e3o de hidratantes. Espalhar cremes, lo\u00e7\u00f5es ou s\u00e9runs corporais em at\u00e9 tr\u00eas minutos ap\u00f3s sair do chuveiro ajuda a repor \u00e1gua, refor\u00e7ar a barreira cut\u00e2nea e reduzir o aspecto \u00e1spero.<\/p>\n\n\n\n<p>F\u00f3rmulas com \u00e1cido hialur\u00f4nico, ceramidas, ureia em concentra\u00e7\u00f5es adequadas, \u00f3leos vegetais e niacinamida favorecem a reten\u00e7\u00e3o de \u00e1gua e melhoram a elasticidade. Em regi\u00f5es que racham com facilidade, como p\u00e9s, joelhos e cotovelos, cremes mais densos e o uso consistente ao longo dos dias s\u00e3o especialmente importantes.<\/p>\n\n\n\n<p><br>Se voc\u00ea quer aprender a hidratar a pele do jeito certo sem complicar, este v\u00eddeo do canal <strong>Voc\u00ea Bonita<\/strong>, com mais de <strong>2,93 milh\u00f5es de inscritos<\/strong>, foi praticamente escolhido para voc\u00ea. Ele explica de forma clara os cuidados essenciais que fazem diferen\u00e7a real na sa\u00fade e na apar\u00eancia da pele no dia a dia.<\/p>\n\n\n\n<figure class=\"wp-block-embed is-type-video is-provider-youtube wp-block-embed-youtube wp-embed-aspect-16-9 wp-has-aspect-ratio\"><div class=\"wp-block-embed__wrapper\">\n<div class=\"jeg_video_container jeg_video_content\"><iframe loading=\"lazy\" title=\"Aprenda a HIDRATAR A PELE corretamente - Voc\u00ea Bonita (28\/06\/2024)\" width=\"500\" height=\"281\" src=\"https:\/\/www.youtube.com\/embed\/0awqpPZMaME?feature=oembed\" frameborder=\"0\" allow=\"accelerometer; autoplay; clipboard-write; encrypted-media; gyroscope; picture-in-picture; web-share\" referrerpolicy=\"strict-origin-when-cross-origin\" allowfullscreen><\/iframe><\/div>\n<\/div><\/figure>\n\n\n\n<h2 class=\"wp-block-heading\">Quais h\u00e1bitos internos ajudam na hidrata\u00e7\u00e3o da pele<\/h2>\n\n\n\n<p>A hidrata\u00e7\u00e3o cut\u00e2nea n\u00e3o depende apenas de cremes; o consumo adequado de \u00e1gua ao longo do dia \u00e9 essencial para o equil\u00edbrio dos tecidos. No frio, muitas pessoas bebem menos l\u00edquidos, o que pode favorecer o ressecamento geral da pele e a sensa\u00e7\u00e3o de aspereza.<\/p>\n\n\n\n<p>A umidade do ar e o estilo de vida tamb\u00e9m interferem nesse processo. Para complementar os cuidados t\u00f3picos, alguns h\u00e1bitos internos contribuem para uma hidrata\u00e7\u00e3o mais completa e duradoura:<\/p>\n\n\n\n<ul class=\"wp-block-list\">\n<li><strong>Manter ingest\u00e3o regular de \u00e1gua<\/strong>, mesmo sem sentir tanta sede;<\/li>\n\n\n\n<li><strong>Priorizar alimenta\u00e7\u00e3o equilibrada<\/strong>, com frutas, verduras e gorduras boas;<\/li>\n\n\n\n<li><strong>Usar protetor solar diariamente<\/strong>, inclusive em dias nublados e frios;<\/li>\n\n\n\n<li><strong>Evitar excesso de \u00e1lcool e cigarro<\/strong>, que prejudicam a qualidade da pele.<\/li>\n<\/ul>\n\n\n\n<h2 class=\"wp-block-heading\">Como montar uma rotina equilibrada de cuidados com a pele no frio<\/h2>\n\n\n\n<p>Construir uma rotina equilibrada de hidrata\u00e7\u00e3o no frio envolve conciliar conforto e prote\u00e7\u00e3o: banhos r\u00e1pidos e mornos, limpeza suave, hidrata\u00e7\u00e3o imediata ap\u00f3s o banho e aten\u00e7\u00e3o \u00e0 ingest\u00e3o de l\u00edquidos. Em ambientes muito secos, o uso de umidificadores ou recipientes com \u00e1gua pode ajudar a reduzir a evapora\u00e7\u00e3o da \u00e1gua da pele.<\/p>\n\n\n\n<p>Diante de sinais persistentes, como coceira intensa, rachaduras, manchas ou dor, \u00e9 importante buscar avalia\u00e7\u00e3o de um dermatologista. A orienta\u00e7\u00e3o profissional permite personalizar ativos, texturas e frequ\u00eancia de uso, transformando o momento do banho em parte de um plano cont\u00ednuo de cuidado com a sa\u00fade e a integridade da pele ao longo de todo o ano.<\/p>\n","protected":false},"excerpt":{"rendered":"<p>Veja os nomes de flores raras mais bonitos e entenda como eles representam identidade \u00fanica e express\u00e3o pessoal<\/p>\n","protected":false},"author":23,"featured_media":229797,"comment_status":"open","ping_status":"open","sticky":false,"template":"","format":"standard","meta":{"_yoast_wpseo_focuskw":"Dormir com maquiagem","_yoast_wpseo_title":"","_yoast_wpseo_metadesc":"Veja os nomes de flores raras mais bonitos e entenda como eles representam identidade \u00fanica e express\u00e3o pessoal","jnews-multi-image_gallery":[],"jnews_single_post":{"format":"standard"},"jnews_primary_category":[],"jnews_social_meta":[],"jnews_override_counter":[],"footnotes":""},"categories":[124],"post_tag":[125,144,3370],"class_list":["post-229791","post","type-post","status-publish","format-standard","has-post-thumbnail","hentry","category-beleza","tag-beleza","tag-curiosidades","tag-maquiagem"],"yoast_head":"<!-- This site is optimized with the Yoast SEO plugin v24.6 - https:\/\/yoast.com\/wordpress\/plugins\/seo\/ -->\n<title>Entenda os riscos que o banho quente traz para sua pele e como evit\u00e1-los - Correio Braziliense - Radar<\/title>\n<meta name=\"description\" content=\"Veja os nomes de flores raras mais bonitos e entenda como eles representam identidade \u00fanica e express\u00e3o pessoal\" \/>\n<meta name=\"robots\" content=\"index, follow, max-snippet:-1, max-image-preview:large, max-video-preview:-1\" \/>\n<link rel=\"canonical\" href=\"https:\/\/www.correiobraziliense.com.br\/cbradar\/entenda-os-riscos-que-o-banho-quente-traz-para-sua-pele-e-como-evita-los\/\" \/>\n<meta property=\"og:locale\" content=\"pt_BR\" \/>\n<meta property=\"og:type\" content=\"article\" \/>\n<meta property=\"og:title\" content=\"Entenda os riscos que o banho quente traz para sua pele e como evit\u00e1-los - Correio Braziliense - Radar\" \/>\n<meta property=\"og:description\" content=\"Veja os nomes de flores raras mais bonitos e entenda como eles representam identidade \u00fanica e express\u00e3o pessoal\" \/>\n<meta property=\"og:url\" content=\"https:\/\/www.correiobraziliense.com.br\/cbradar\/entenda-os-riscos-que-o-banho-quente-traz-para-sua-pele-e-como-evita-los\/\" \/>\n<meta property=\"og:site_name\" content=\"Correio Braziliense - Radar\" \/>\n<meta property=\"article:published_time\" content=\"2026-04-27T10:25:00+00:00\" \/>\n<meta property=\"og:image\" content=\"https:\/\/www.correiobraziliense.com.br\/cbradar\/wp-content\/uploads\/2026\/04\/download-92-1.png\" \/>\n\t<meta property=\"og:image:width\" content=\"1280\" \/>\n\t<meta property=\"og:image:height\" content=\"720\" \/>\n\t<meta property=\"og:image:type\" content=\"image\/png\" \/>\n<meta name=\"author\" content=\"Nicolas Otto\" \/>\n<meta name=\"twitter:card\" content=\"summary_large_image\" \/>\n<meta name=\"twitter:label1\" content=\"Escrito por\" \/>\n\t<meta name=\"twitter:data1\" content=\"Nicolas Otto\" \/>\n\t<meta name=\"twitter:label2\" content=\"Est. tempo de leitura\" \/>\n\t<meta name=\"twitter:data2\" content=\"5 minutos\" \/>\n<!-- \/ Yoast SEO plugin. -->","yoast_head_json":{"title":"Entenda os riscos que o banho quente traz para sua pele e como evit\u00e1-los - Correio Braziliense - Radar","description":"Veja os nomes de flores raras mais bonitos e entenda como eles representam identidade \u00fanica e express\u00e3o pessoal","robots":{"index":"index","follow":"follow","max-snippet":"max-snippet:-1","max-image-preview":"max-image-preview:large","max-video-preview":"max-video-preview:-1"},"canonical":"https:\/\/www.correiobraziliense.com.br\/cbradar\/entenda-os-riscos-que-o-banho-quente-traz-para-sua-pele-e-como-evita-los\/","og_locale":"pt_BR","og_type":"article","og_title":"Entenda os riscos que o banho quente traz para sua pele e como evit\u00e1-los - Correio Braziliense - Radar","og_description":"Veja os nomes de flores raras mais bonitos e entenda como eles representam identidade \u00fanica e express\u00e3o pessoal","og_url":"https:\/\/www.correiobraziliense.com.br\/cbradar\/entenda-os-riscos-que-o-banho-quente-traz-para-sua-pele-e-como-evita-los\/","og_site_name":"Correio Braziliense - Radar","article_published_time":"2026-04-27T10:25:00+00:00","og_image":[{"width":1280,"height":720,"url":"https:\/\/www.correiobraziliense.com.br\/cbradar\/wp-content\/uploads\/2026\/04\/download-92-1.png","type":"image\/png"}],"author":"Nicolas Otto","twitter_card":"summary_large_image","twitter_misc":{"Escrito por":"Nicolas Otto","Est. tempo de leitura":"5 minutos"},"schema":{"@context":"https:\/\/schema.org","@graph":[{"@type":"WebPage","@id":"https:\/\/www.correiobraziliense.com.br\/cbradar\/entenda-os-riscos-que-o-banho-quente-traz-para-sua-pele-e-como-evita-los\/","url":"https:\/\/www.correiobraziliense.com.br\/cbradar\/entenda-os-riscos-que-o-banho-quente-traz-para-sua-pele-e-como-evita-los\/","name":"Entenda os riscos que o banho quente traz para sua pele e como evit\u00e1-los - Correio Braziliense - Radar","isPartOf":{"@id":"https:\/\/www.correiobraziliense.com.br\/cbradar\/#website"},"primaryImageOfPage":{"@id":"https:\/\/www.correiobraziliense.com.br\/cbradar\/entenda-os-riscos-que-o-banho-quente-traz-para-sua-pele-e-como-evita-los\/#primaryimage"},"image":{"@id":"https:\/\/www.correiobraziliense.com.br\/cbradar\/entenda-os-riscos-que-o-banho-quente-traz-para-sua-pele-e-como-evita-los\/#primaryimage"},"thumbnailUrl":"https:\/\/www.correiobraziliense.com.br\/cbradar\/wp-content\/uploads\/2026\/04\/download-92-1.png","datePublished":"2026-04-27T10:25:00+00:00","author":{"@id":"https:\/\/www.correiobraziliense.com.br\/cbradar\/#\/schema\/person\/3221b250518e74ac52c442d1c1236aaa"},"description":"Veja os nomes de flores raras mais bonitos e entenda como eles representam identidade \u00fanica e express\u00e3o pessoal","breadcrumb":{"@id":"https:\/\/www.correiobraziliense.com.br\/cbradar\/entenda-os-riscos-que-o-banho-quente-traz-para-sua-pele-e-como-evita-los\/#breadcrumb"},"inLanguage":"pt-BR","potentialAction":[{"@type":"ReadAction","target":["https:\/\/www.correiobraziliense.com.br\/cbradar\/entenda-os-riscos-que-o-banho-quente-traz-para-sua-pele-e-como-evita-los\/"]}]},{"@type":"ImageObject","inLanguage":"pt-BR","@id":"https:\/\/www.correiobraziliense.com.br\/cbradar\/entenda-os-riscos-que-o-banho-quente-traz-para-sua-pele-e-como-evita-los\/#primaryimage","url":"https:\/\/www.correiobraziliense.com.br\/cbradar\/wp-content\/uploads\/2026\/04\/download-92-1.png","contentUrl":"https:\/\/www.correiobraziliense.com.br\/cbradar\/wp-content\/uploads\/2026\/04\/download-92-1.png","width":1280,"height":720,"caption":"O h\u00e1bito no banho que mais causa ressecamento da pele no inverno"},{"@type":"BreadcrumbList","@id":"https:\/\/www.correiobraziliense.com.br\/cbradar\/entenda-os-riscos-que-o-banho-quente-traz-para-sua-pele-e-como-evita-los\/#breadcrumb","itemListElement":[{"@type":"ListItem","position":1,"name":"In\u00edcio","item":"https:\/\/www.correiobraziliense.com.br\/cbradar\/"},{"@type":"ListItem","position":2,"name":"Entenda os riscos que o banho quente traz para sua pele e como evit\u00e1-los"}]},{"@type":"WebSite","@id":"https:\/\/www.correiobraziliense.com.br\/cbradar\/#website","url":"https:\/\/www.correiobraziliense.com.br\/cbradar\/","name":"Correio Braziliense - Radar","description":"Acompanhe as \u00faltimas not\u00edcias e fique bem informado sobre tudo o que acontece no Brasil e no mundo.","potentialAction":[{"@type":"SearchAction","target":{"@type":"EntryPoint","urlTemplate":"https:\/\/www.correiobraziliense.com.br\/cbradar\/?s={search_term_string}"},"query-input":{"@type":"PropertyValueSpecification","valueRequired":true,"valueName":"search_term_string"}}],"inLanguage":"pt-BR"},{"@type":"Person","@id":"https:\/\/www.correiobraziliense.com.br\/cbradar\/#\/schema\/person\/3221b250518e74ac52c442d1c1236aaa","name":"Nicolas Otto","image":{"@type":"ImageObject","inLanguage":"pt-BR","@id":"https:\/\/www.correiobraziliense.com.br\/cbradar\/#\/schema\/person\/image\/","url":"https:\/\/secure.gravatar.com\/avatar\/05925f730d72f0ea0df144f236adfb18?s=96&d=mm&r=g","contentUrl":"https:\/\/secure.gravatar.com\/avatar\/05925f730d72f0ea0df144f236adfb18?s=96&d=mm&r=g","caption":"Nicolas Otto"},"sameAs":["https:\/\/www.correiobraziliense.com.br\/cbradar\/"],"url":"https:\/\/www.correiobraziliense.com.br\/cbradar\/author\/nicolas-otto\/"}]}},"_links":{"self":[{"href":"https:\/\/www.correiobraziliense.com.br\/cbradar\/wp-json\/wp\/v2\/posts\/229791","targetHints":{"allow":["GET"]}}],"collection":[{"href":"https:\/\/www.correiobraziliense.com.br\/cbradar\/wp-json\/wp\/v2\/posts"}],"about":[{"href":"https:\/\/www.correiobraziliense.com.br\/cbradar\/wp-json\/wp\/v2\/types\/post"}],"author":[{"embeddable":true,"href":"https:\/\/www.correiobraziliense.com.br\/cbradar\/wp-json\/wp\/v2\/users\/23"}],"replies":[{"embeddable":true,"href":"https:\/\/www.correiobraziliense.com.br\/cbradar\/wp-json\/wp\/v2\/comments?post=229791"}],"version-history":[{"count":1,"href":"https:\/\/www.correiobraziliense.com.br\/cbradar\/wp-json\/wp\/v2\/posts\/229791\/revisions"}],"predecessor-version":[{"id":229799,"href":"https:\/\/www.correiobraziliense.com.br\/cbradar\/wp-json\/wp\/v2\/posts\/229791\/revisions\/229799"}],"wp:featuredmedia":[{"embeddable":true,"href":"https:\/\/www.correiobraziliense.com.br\/cbradar\/wp-json\/wp\/v2\/media\/229797"}],"wp:attachment":[{"href":"https:\/\/www.correiobraziliense.com.br\/cbradar\/wp-json\/wp\/v2\/media?parent=229791"}],"wp:term":[{"taxonomy":"category","embeddable":true,"href":"https:\/\/www.correiobraziliense.com.br\/cbradar\/wp-json\/wp\/v2\/categories?post=229791"},{"taxonomy":"post_tag","embeddable":true,"href":"https:\/\/www.correiobraziliense.com.br\/cbradar\/wp-json\/wp\/v2\/post_tag?post=229791"}],"curies":[{"name":"wp","href":"https:\/\/api.w.org\/{rel}","templated":true}]}}