{"id":229801,"date":"2026-04-27T06:45:00","date_gmt":"2026-04-27T09:45:00","guid":{"rendered":"https:\/\/www.correiobraziliense.com.br\/cbradar\/?p=229801"},"modified":"2026-04-22T15:44:44","modified_gmt":"2026-04-22T18:44:44","slug":"proverbio-alemao-do-dia-quem-nao-trabalha-nao-deve-comer","status":"publish","type":"post","link":"https:\/\/www.correiobraziliense.com.br\/cbradar\/proverbio-alemao-do-dia-quem-nao-trabalha-nao-deve-comer\/","title":{"rendered":"Prov\u00e9rbio alem\u00e3o do dia: \u201cQuem n\u00e3o trabalha, n\u00e3o deve comer.\u201d"},"content":{"rendered":"\n<p>O prov\u00e9rbio alem\u00e3o \u201cQuem n\u00e3o trabalha, n\u00e3o deve comer\u201d reflete uma vis\u00e3o tradicional de responsabilidade individual e rela\u00e7\u00e3o direta entre esfor\u00e7o e recompensa. Essa frase, associada \u00e0 cultura moral do trabalho na <strong>Alemanha<\/strong>, expressa a ideia de que a produ\u00e7\u00e3o e o esfor\u00e7o s\u00e3o condi\u00e7\u00f5es fundamentais para o sustento. Seu uso atravessa contextos sociais, econ\u00f4micos e educacionais.<\/p>\n\n\n\n<h2 class=\"wp-block-heading\">Qual \u00e9 o significado do prov\u00e9rbio alem\u00e3o sobre trabalho e recompensa?<\/h2>\n\n\n\n<p>O prov\u00e9rbio \u201cQuem n\u00e3o trabalha, n\u00e3o deve comer\u201d estabelece uma rela\u00e7\u00e3o direta entre esfor\u00e7o e sobreviv\u00eancia. Ele refor\u00e7a a ideia de que o <a href=\"https:\/\/www.correiobraziliense.com.br\/cbradar\/steve-jobs-cofundador-da-apple-refletiu-seu-trabalho-vai-preencher-uma-parte-significativa-da-sua-vida-e-a-unica-maneira-de-ficar-realmente-satisfeito-e-fazer-o-que-voce-acredita-ser-um-t\/\" target=\"_blank\" rel=\"noreferrer noopener\">trabalho <\/a>\u00e9 base para a obten\u00e7\u00e3o de recursos e sustento. Essa vis\u00e3o est\u00e1 ligada a <a href=\"https:\/\/www.euruni.edu\/blog\/the-german-work-ethic-origins-influence-and-global-relevance\/\" target=\"_blank\" rel=\"noreferrer noopener\">valores de disciplina<\/a> e responsabilidade individual presentes em diversas culturas europeias.<\/p>\n\n\n\n<p>Na pr\u00e1tica, o prov\u00e9rbio tamb\u00e9m funciona como uma forma de refor\u00e7o moral. Ele sugere que a aus\u00eancia de esfor\u00e7o n\u00e3o deve gerar recompensa equivalente, destacando a import\u00e2ncia da contribui\u00e7\u00e3o ativa dentro da sociedade.<\/p>\n\n\n\n<figure class=\"wp-block-image size-full\"><img decoding=\"async\" width=\"1280\" height=\"720\" src=\"https:\/\/www.correiobraziliense.com.br\/cbradar\/wp-content\/uploads\/2026\/04\/download-96-1.png\" alt=\"\" class=\"wp-image-229805\" srcset=\"https:\/\/www.correiobraziliense.com.br\/cbradar\/wp-content\/uploads\/2026\/04\/download-96-1.png 1280w, https:\/\/www.correiobraziliense.com.br\/cbradar\/wp-content\/uploads\/2026\/04\/download-96-1-300x169.png 300w, https:\/\/www.correiobraziliense.com.br\/cbradar\/wp-content\/uploads\/2026\/04\/download-96-1-768x432.png 768w, https:\/\/www.correiobraziliense.com.br\/cbradar\/wp-content\/uploads\/2026\/04\/download-96-1-750x422.png 750w, https:\/\/www.correiobraziliense.com.br\/cbradar\/wp-content\/uploads\/2026\/04\/download-96-1-1140x641.png 1140w\" sizes=\"(max-width: 1280px) 100vw, 1280px\" \/><figcaption class=\"wp-element-caption\">Quem n\u00e3o trabalha n\u00e3o deve comer o significado real do prov\u00e9rbio alem\u00e3o<\/figcaption><\/figure>\n\n\n\n<h2 class=\"wp-block-heading\">Como esse prov\u00e9rbio reflete valores culturais alem\u00e3es?<\/h2>\n\n\n\n<p>A cultura alem\u00e3 valoriza fortemente a disciplina, a pontualidade e a efici\u00eancia. Esse prov\u00e9rbio se encaixa nesse contexto ao refor\u00e7ar a conex\u00e3o entre esfor\u00e7o pessoal e resultado. Ele reflete uma mentalidade hist\u00f3rica ligada ao trabalho como elemento estruturante da vida social e econ\u00f4mica.<\/p>\n\n\n\n<p>Essa vis\u00e3o tamb\u00e9m est\u00e1 presente em sistemas educacionais e profissionais, onde a responsabilidade individual \u00e9 incentivada desde cedo. O prov\u00e9rbio funciona como express\u00e3o condensada desses valores culturais.<\/p>\n\n\n\n<h2 class=\"wp-block-heading\">Em quais situa\u00e7\u00f5es o prov\u00e9rbio pode ser aplicado na vida pr\u00e1tica?<\/h2>\n\n\n\n<p>O prov\u00e9rbio \u00e9 frequentemente utilizado em contextos que envolvem responsabilidade, esfor\u00e7o e consequ\u00eancias. Ele pode ser aplicado tanto em ambientes profissionais quanto em situa\u00e7\u00f5es educacionais ou familiares, refor\u00e7ando a import\u00e2ncia da contribui\u00e7\u00e3o individual.<\/p>\n\n\n\n<p>Antes da lista, \u00e9 importante observar os contextos mais comuns de aplica\u00e7\u00e3o desse princ\u00edpio:<\/p>\n\n\n\n<ul class=\"wp-block-list\">\n<li>Ambientes de trabalho com foco em produtividade e desempenho<\/li>\n\n\n\n<li>Situa\u00e7\u00f5es educacionais que exigem dedica\u00e7\u00e3o cont\u00ednua<\/li>\n\n\n\n<li>Discuss\u00f5es sobre responsabilidade financeira pessoal<\/li>\n\n\n\n<li>Contextos familiares que valorizam contribui\u00e7\u00e3o coletiva<\/li>\n\n\n\n<li>Debates sobre meritocracia e esfor\u00e7o individual<\/li>\n<\/ul>\n\n\n\n<h2 class=\"wp-block-heading\">Quais cr\u00edticas podem ser feitas a esse prov\u00e9rbio?<\/h2>\n\n\n\n<p>Apesar de sua mensagem clara, o prov\u00e9rbio tamb\u00e9m recebe cr\u00edticas por sua interpreta\u00e7\u00e3o r\u00edgida. Em algumas situa\u00e7\u00f5es, ele pode ignorar contextos de vulnerabilidade social ou dificuldades estruturais que impedem o acesso ao trabalho. Isso gera debates sobre justi\u00e7a social e equil\u00edbrio de oportunidades.<\/p>\n\n\n\n<p>Al\u00e9m disso, h\u00e1 discuss\u00f5es sobre a aplica\u00e7\u00e3o desse tipo de pensamento em sociedades modernas. A complexidade econ\u00f4mica atual exige an\u00e1lises mais amplas sobre trabalho, inclus\u00e3o e distribui\u00e7\u00e3o de recursos, indo al\u00e9m de interpreta\u00e7\u00f5es absolutas.<\/p>\n\n\n\n<figure class=\"wp-block-image size-full\"><img decoding=\"async\" width=\"1280\" height=\"720\" src=\"https:\/\/www.correiobraziliense.com.br\/cbradar\/wp-content\/uploads\/2026\/04\/download-94-1.png\" alt=\"Prov\u00e9rbio alem\u00e3o do dia: \u201cQuem n\u00e3o trabalha, n\u00e3o deve comer.\u201d\" class=\"wp-image-229803\" srcset=\"https:\/\/www.correiobraziliense.com.br\/cbradar\/wp-content\/uploads\/2026\/04\/download-94-1.png 1280w, https:\/\/www.correiobraziliense.com.br\/cbradar\/wp-content\/uploads\/2026\/04\/download-94-1-300x169.png 300w, https:\/\/www.correiobraziliense.com.br\/cbradar\/wp-content\/uploads\/2026\/04\/download-94-1-768x432.png 768w, https:\/\/www.correiobraziliense.com.br\/cbradar\/wp-content\/uploads\/2026\/04\/download-94-1-750x422.png 750w, https:\/\/www.correiobraziliense.com.br\/cbradar\/wp-content\/uploads\/2026\/04\/download-94-1-1140x641.png 1140w\" sizes=\"(max-width: 1280px) 100vw, 1280px\" \/><figcaption class=\"wp-element-caption\">Quem n\u00e3o trabalha n\u00e3o deve comer o significado real do prov\u00e9rbio alem\u00e3o<\/figcaption><\/figure>\n\n\n\n<h2 class=\"wp-block-heading\">Como o prov\u00e9rbio influencia a vis\u00e3o sobre esfor\u00e7o e m\u00e9rito?<\/h2>\n\n\n\n<p>O prov\u00e9rbio influencia diretamente a forma como o esfor\u00e7o \u00e9 percebido em rela\u00e7\u00e3o ao m\u00e9rito. Ele refor\u00e7a a ideia de que resultados est\u00e3o ligados \u00e0 dedica\u00e7\u00e3o individual, criando uma associa\u00e7\u00e3o direta entre a\u00e7\u00e3o e recompensa. Essa perspectiva impacta decis\u00f5es pessoais e sociais.<\/p>\n\n\n\n<p>Ao mesmo tempo, essa vis\u00e3o pode estimular responsabilidade e disciplina. Quando aplicada com equil\u00edbrio, contribui para uma cultura de comprometimento, onde o esfor\u00e7o \u00e9 valorizado como parte essencial do desenvolvimento pessoal e coletivo.<\/p>\n","protected":false},"excerpt":{"rendered":"<p>Entenda o significado do prov\u00e9rbio alem\u00e3o quem n\u00e3o trabalha n\u00e3o deve comer e como ele relaciona esfor\u00e7o, disciplina e recompensa<\/p>\n","protected":false},"author":23,"featured_media":229804,"comment_status":"open","ping_status":"open","sticky":false,"template":"","format":"standard","meta":{"_yoast_wpseo_focuskw":"Prov\u00e9rbio alem\u00e3o","_yoast_wpseo_title":"","_yoast_wpseo_metadesc":"Entenda o significado do prov\u00e9rbio alem\u00e3o quem n\u00e3o trabalha n\u00e3o deve comer e como ele relaciona esfor\u00e7o, disciplina e recompensa","jnews-multi-image_gallery":[],"jnews_single_post":{"format":"standard"},"jnews_primary_category":[],"jnews_social_meta":[],"jnews_override_counter":[],"footnotes":""},"categories":[112],"post_tag":[144,5078,12223],"class_list":["post-229801","post","type-post","status-publish","format-standard","has-post-thumbnail","hentry","category-curiosidades","tag-curiosidades","tag-filosofia","tag-proverbio"],"yoast_head":"<!-- This site is optimized with the Yoast SEO plugin v24.6 - https:\/\/yoast.com\/wordpress\/plugins\/seo\/ -->\n<title>Prov\u00e9rbio alem\u00e3o do dia: \u201cQuem n\u00e3o trabalha, n\u00e3o deve comer.\u201d - Correio Braziliense - Radar<\/title>\n<meta name=\"description\" content=\"Entenda o significado do prov\u00e9rbio alem\u00e3o quem n\u00e3o trabalha n\u00e3o deve comer e como ele relaciona esfor\u00e7o, disciplina e recompensa\" \/>\n<meta name=\"robots\" content=\"index, follow, max-snippet:-1, max-image-preview:large, max-video-preview:-1\" \/>\n<link rel=\"canonical\" href=\"https:\/\/www.correiobraziliense.com.br\/cbradar\/proverbio-alemao-do-dia-quem-nao-trabalha-nao-deve-comer\/\" \/>\n<meta property=\"og:locale\" content=\"pt_BR\" \/>\n<meta property=\"og:type\" content=\"article\" \/>\n<meta property=\"og:title\" content=\"Prov\u00e9rbio alem\u00e3o do dia: \u201cQuem n\u00e3o trabalha, n\u00e3o deve comer.\u201d - Correio Braziliense - Radar\" \/>\n<meta property=\"og:description\" content=\"Entenda o significado do prov\u00e9rbio alem\u00e3o quem n\u00e3o trabalha n\u00e3o deve comer e como ele relaciona esfor\u00e7o, disciplina e recompensa\" \/>\n<meta property=\"og:url\" content=\"https:\/\/www.correiobraziliense.com.br\/cbradar\/proverbio-alemao-do-dia-quem-nao-trabalha-nao-deve-comer\/\" \/>\n<meta property=\"og:site_name\" content=\"Correio Braziliense - Radar\" \/>\n<meta property=\"article:published_time\" content=\"2026-04-27T09:45:00+00:00\" \/>\n<meta property=\"og:image\" content=\"https:\/\/www.correiobraziliense.com.br\/cbradar\/wp-content\/uploads\/2026\/04\/download-95-1.png\" \/>\n\t<meta property=\"og:image:width\" content=\"1280\" \/>\n\t<meta property=\"og:image:height\" content=\"720\" \/>\n\t<meta property=\"og:image:type\" content=\"image\/png\" \/>\n<meta name=\"author\" content=\"Nicolas Otto\" \/>\n<meta name=\"twitter:card\" content=\"summary_large_image\" \/>\n<meta name=\"twitter:label1\" content=\"Escrito por\" \/>\n\t<meta name=\"twitter:data1\" content=\"Nicolas Otto\" \/>\n\t<meta name=\"twitter:label2\" content=\"Est. tempo de leitura\" \/>\n\t<meta name=\"twitter:data2\" content=\"4 minutos\" \/>\n<!-- \/ Yoast SEO plugin. -->","yoast_head_json":{"title":"Prov\u00e9rbio alem\u00e3o do dia: \u201cQuem n\u00e3o trabalha, n\u00e3o deve comer.\u201d - Correio Braziliense - Radar","description":"Entenda o significado do prov\u00e9rbio alem\u00e3o quem n\u00e3o trabalha n\u00e3o deve comer e como ele relaciona esfor\u00e7o, disciplina e recompensa","robots":{"index":"index","follow":"follow","max-snippet":"max-snippet:-1","max-image-preview":"max-image-preview:large","max-video-preview":"max-video-preview:-1"},"canonical":"https:\/\/www.correiobraziliense.com.br\/cbradar\/proverbio-alemao-do-dia-quem-nao-trabalha-nao-deve-comer\/","og_locale":"pt_BR","og_type":"article","og_title":"Prov\u00e9rbio alem\u00e3o do dia: \u201cQuem n\u00e3o trabalha, n\u00e3o deve comer.\u201d - Correio Braziliense - Radar","og_description":"Entenda o significado do prov\u00e9rbio alem\u00e3o quem n\u00e3o trabalha n\u00e3o deve comer e como ele relaciona esfor\u00e7o, disciplina e recompensa","og_url":"https:\/\/www.correiobraziliense.com.br\/cbradar\/proverbio-alemao-do-dia-quem-nao-trabalha-nao-deve-comer\/","og_site_name":"Correio Braziliense - Radar","article_published_time":"2026-04-27T09:45:00+00:00","og_image":[{"width":1280,"height":720,"url":"https:\/\/www.correiobraziliense.com.br\/cbradar\/wp-content\/uploads\/2026\/04\/download-95-1.png","type":"image\/png"}],"author":"Nicolas Otto","twitter_card":"summary_large_image","twitter_misc":{"Escrito por":"Nicolas Otto","Est. tempo de leitura":"4 minutos"},"schema":{"@context":"https:\/\/schema.org","@graph":[{"@type":"WebPage","@id":"https:\/\/www.correiobraziliense.com.br\/cbradar\/proverbio-alemao-do-dia-quem-nao-trabalha-nao-deve-comer\/","url":"https:\/\/www.correiobraziliense.com.br\/cbradar\/proverbio-alemao-do-dia-quem-nao-trabalha-nao-deve-comer\/","name":"Prov\u00e9rbio alem\u00e3o do dia: \u201cQuem n\u00e3o trabalha, n\u00e3o deve comer.\u201d - Correio Braziliense - Radar","isPartOf":{"@id":"https:\/\/www.correiobraziliense.com.br\/cbradar\/#website"},"primaryImageOfPage":{"@id":"https:\/\/www.correiobraziliense.com.br\/cbradar\/proverbio-alemao-do-dia-quem-nao-trabalha-nao-deve-comer\/#primaryimage"},"image":{"@id":"https:\/\/www.correiobraziliense.com.br\/cbradar\/proverbio-alemao-do-dia-quem-nao-trabalha-nao-deve-comer\/#primaryimage"},"thumbnailUrl":"https:\/\/www.correiobraziliense.com.br\/cbradar\/wp-content\/uploads\/2026\/04\/download-95-1.png","datePublished":"2026-04-27T09:45:00+00:00","author":{"@id":"https:\/\/www.correiobraziliense.com.br\/cbradar\/#\/schema\/person\/3221b250518e74ac52c442d1c1236aaa"},"description":"Entenda o significado do prov\u00e9rbio alem\u00e3o quem n\u00e3o trabalha n\u00e3o deve comer e como ele relaciona esfor\u00e7o, disciplina e recompensa","breadcrumb":{"@id":"https:\/\/www.correiobraziliense.com.br\/cbradar\/proverbio-alemao-do-dia-quem-nao-trabalha-nao-deve-comer\/#breadcrumb"},"inLanguage":"pt-BR","potentialAction":[{"@type":"ReadAction","target":["https:\/\/www.correiobraziliense.com.br\/cbradar\/proverbio-alemao-do-dia-quem-nao-trabalha-nao-deve-comer\/"]}]},{"@type":"ImageObject","inLanguage":"pt-BR","@id":"https:\/\/www.correiobraziliense.com.br\/cbradar\/proverbio-alemao-do-dia-quem-nao-trabalha-nao-deve-comer\/#primaryimage","url":"https:\/\/www.correiobraziliense.com.br\/cbradar\/wp-content\/uploads\/2026\/04\/download-95-1.png","contentUrl":"https:\/\/www.correiobraziliense.com.br\/cbradar\/wp-content\/uploads\/2026\/04\/download-95-1.png","width":1280,"height":720,"caption":"Quem n\u00e3o trabalha n\u00e3o deve comer o significado real do prov\u00e9rbio alem\u00e3o"},{"@type":"BreadcrumbList","@id":"https:\/\/www.correiobraziliense.com.br\/cbradar\/proverbio-alemao-do-dia-quem-nao-trabalha-nao-deve-comer\/#breadcrumb","itemListElement":[{"@type":"ListItem","position":1,"name":"In\u00edcio","item":"https:\/\/www.correiobraziliense.com.br\/cbradar\/"},{"@type":"ListItem","position":2,"name":"Prov\u00e9rbio alem\u00e3o do dia: \u201cQuem n\u00e3o trabalha, n\u00e3o deve comer.\u201d"}]},{"@type":"WebSite","@id":"https:\/\/www.correiobraziliense.com.br\/cbradar\/#website","url":"https:\/\/www.correiobraziliense.com.br\/cbradar\/","name":"Correio Braziliense - Radar","description":"Acompanhe as \u00faltimas not\u00edcias e fique bem informado sobre tudo o que acontece no Brasil e no mundo.","potentialAction":[{"@type":"SearchAction","target":{"@type":"EntryPoint","urlTemplate":"https:\/\/www.correiobraziliense.com.br\/cbradar\/?s={search_term_string}"},"query-input":{"@type":"PropertyValueSpecification","valueRequired":true,"valueName":"search_term_string"}}],"inLanguage":"pt-BR"},{"@type":"Person","@id":"https:\/\/www.correiobraziliense.com.br\/cbradar\/#\/schema\/person\/3221b250518e74ac52c442d1c1236aaa","name":"Nicolas Otto","image":{"@type":"ImageObject","inLanguage":"pt-BR","@id":"https:\/\/www.correiobraziliense.com.br\/cbradar\/#\/schema\/person\/image\/","url":"https:\/\/secure.gravatar.com\/avatar\/05925f730d72f0ea0df144f236adfb18?s=96&d=mm&r=g","contentUrl":"https:\/\/secure.gravatar.com\/avatar\/05925f730d72f0ea0df144f236adfb18?s=96&d=mm&r=g","caption":"Nicolas Otto"},"sameAs":["https:\/\/www.correiobraziliense.com.br\/cbradar\/"],"url":"https:\/\/www.correiobraziliense.com.br\/cbradar\/author\/nicolas-otto\/"}]}},"_links":{"self":[{"href":"https:\/\/www.correiobraziliense.com.br\/cbradar\/wp-json\/wp\/v2\/posts\/229801","targetHints":{"allow":["GET"]}}],"collection":[{"href":"https:\/\/www.correiobraziliense.com.br\/cbradar\/wp-json\/wp\/v2\/posts"}],"about":[{"href":"https:\/\/www.correiobraziliense.com.br\/cbradar\/wp-json\/wp\/v2\/types\/post"}],"author":[{"embeddable":true,"href":"https:\/\/www.correiobraziliense.com.br\/cbradar\/wp-json\/wp\/v2\/users\/23"}],"replies":[{"embeddable":true,"href":"https:\/\/www.correiobraziliense.com.br\/cbradar\/wp-json\/wp\/v2\/comments?post=229801"}],"version-history":[{"count":2,"href":"https:\/\/www.correiobraziliense.com.br\/cbradar\/wp-json\/wp\/v2\/posts\/229801\/revisions"}],"predecessor-version":[{"id":230256,"href":"https:\/\/www.correiobraziliense.com.br\/cbradar\/wp-json\/wp\/v2\/posts\/229801\/revisions\/230256"}],"wp:featuredmedia":[{"embeddable":true,"href":"https:\/\/www.correiobraziliense.com.br\/cbradar\/wp-json\/wp\/v2\/media\/229804"}],"wp:attachment":[{"href":"https:\/\/www.correiobraziliense.com.br\/cbradar\/wp-json\/wp\/v2\/media?parent=229801"}],"wp:term":[{"taxonomy":"category","embeddable":true,"href":"https:\/\/www.correiobraziliense.com.br\/cbradar\/wp-json\/wp\/v2\/categories?post=229801"},{"taxonomy":"post_tag","embeddable":true,"href":"https:\/\/www.correiobraziliense.com.br\/cbradar\/wp-json\/wp\/v2\/post_tag?post=229801"}],"curies":[{"name":"wp","href":"https:\/\/api.w.org\/{rel}","templated":true}]}}