{"id":229807,"date":"2026-04-27T09:05:00","date_gmt":"2026-04-27T12:05:00","guid":{"rendered":"https:\/\/www.correiobraziliense.com.br\/cbradar\/?p=229807"},"modified":"2026-04-21T22:49:55","modified_gmt":"2026-04-22T01:49:55","slug":"5-perfumes-com-notas-florais-para-conhecer-agora-que-passam-uma-imagem-delicada-e-sofisticada","status":"publish","type":"post","link":"https:\/\/www.correiobraziliense.com.br\/cbradar\/5-perfumes-com-notas-florais-para-conhecer-agora-que-passam-uma-imagem-delicada-e-sofisticada\/","title":{"rendered":"5 perfumes com notas florais para conhecer agora que passam uma imagem delicada e sofisticada"},"content":{"rendered":"\n<p>Entre as muitas notas que ganharam espa\u00e7o na perfumaria contempor\u00e2nea, o&nbsp;<strong>perfume de figo<\/strong>&nbsp;passou de coadjuvante a protagonista em cria\u00e7\u00f5es nacionais e internacionais, surgindo como alternativa a florais cl\u00e1ssicos e gourmands a\u00e7ucarados gra\u00e7as \u00e0 mistura particular de facetas verdes, cremosas e levemente secas, presente em fragr\u00e2ncias como&nbsp;<strong>Philosykos de Diptyque<\/strong>,&nbsp;<strong>Premier Figuier de L\u2019Artisan Parfumeur<\/strong>,&nbsp;<strong>Fico di Amalfi de Acqua di Parma<\/strong>,&nbsp;<strong>Figue Blanche de Versace<\/strong>&nbsp;e&nbsp;<strong>Herba Fresca Figuier<\/strong>, que ajudaram a consolidar o figo como um novo \u201ccl\u00e1ssico\u201d da perfumaria.<\/p>\n\n\n\n<h2 class=\"wp-block-heading\">O que \u00e9 a nota olfativa de figo na perfumaria<\/h2>\n\n\n\n<p>Na perfumaria, a chamada \u201c<a href=\"https:\/\/perfumesociety.org\/ingredients-post\/fig\/\" target=\"_blank\" rel=\"noreferrer noopener\">nota de figo<\/a>\u201d n\u00e3o se limita ao cheiro da <a href=\"https:\/\/www.correiobraziliense.com.br\/cbradar\/a-fruta-comum-de-quintal-que-e-segura-para-caes-e-ajuda-a-melhorar-a-digestao-e-a-saude-intestinal\/\" target=\"_blank\" rel=\"noreferrer noopener\">fruta <\/a>madura, mas evoca todo o conjunto da planta: folhas, caule, l\u00e1tex leitoso e a ideia de um ambiente ensolarado. Em uma \u00fanica composi\u00e7\u00e3o, ela pode sugerir folhas verdes, polpa cremosa e um aspecto mais seco, quase amadeirado.<\/p>\n\n\n\n<p>Para alcan\u00e7ar esse efeito, combinam-se mat\u00e9rias-primas naturais e mol\u00e9culas sint\u00e9ticas, buscando reproduzir a sensa\u00e7\u00e3o de estar pr\u00f3ximo a um p\u00e9 de figo em um dia quente. O&nbsp;<strong>aroma de figo<\/strong>&nbsp;costuma transmitir calor suave, frescor moderado e certa cremosidade, dialogando bem com notas c\u00edtricas, florais brancas, madeiras e musks, como se percebe em&nbsp;<strong>Philosykos<\/strong>,&nbsp;<strong>Premier Figuier<\/strong>&nbsp;e vers\u00f5es mais solares como&nbsp;<strong>Fico di Amalfi<\/strong>.<\/p>\n\n\n\n<figure class=\"wp-block-image size-full\"><img decoding=\"async\" width=\"1280\" height=\"720\" src=\"https:\/\/www.correiobraziliense.com.br\/cbradar\/wp-content\/uploads\/2026\/04\/download-98-1.png\" alt=\"5 perfumes com notas florais para conhecer agora que passam uma imagem delicada e sofisticada\" class=\"wp-image-229811\" srcset=\"https:\/\/www.correiobraziliense.com.br\/cbradar\/wp-content\/uploads\/2026\/04\/download-98-1.png 1280w, https:\/\/www.correiobraziliense.com.br\/cbradar\/wp-content\/uploads\/2026\/04\/download-98-1-300x169.png 300w, https:\/\/www.correiobraziliense.com.br\/cbradar\/wp-content\/uploads\/2026\/04\/download-98-1-768x432.png 768w, https:\/\/www.correiobraziliense.com.br\/cbradar\/wp-content\/uploads\/2026\/04\/download-98-1-750x422.png 750w, https:\/\/www.correiobraziliense.com.br\/cbradar\/wp-content\/uploads\/2026\/04\/download-98-1-1140x641.png 1140w\" sizes=\"(max-width: 1280px) 100vw, 1280px\" \/><figcaption class=\"wp-element-caption\">A nota de figo mais sofisticada que virou tend\u00eancia mundial hoje<\/figcaption><\/figure>\n\n\n\n<h2 class=\"wp-block-heading\">Por que o perfume de figo se tornou tend\u00eancia recente<\/h2>\n\n\n\n<p>O interesse crescente pelo&nbsp;<strong>perfume de figo<\/strong>&nbsp;acompanha a busca por cheiros que fujam dos extremos, evitando tanto o excesso de do\u00e7ura quanto o frescor muito agressivo. O figo surge como meio-termo: discreto, confort\u00e1vel e com assinatura facilmente reconhec\u00edvel na pele, sendo muito explorado em perfumes de nicho e em linhas mais acess\u00edveis.<\/p>\n\n\n\n<p>Essa popularidade se explica pela capacidade da nota de transitar entre diferentes fam\u00edlias olfativas, mantendo um ar de \u201cconforto chique\u201d. Lan\u00e7amentos e relan\u00e7amentos de fragr\u00e2ncias como\u00a0<strong>Philosykos<\/strong>,\u00a0<strong>Premier Figuier<\/strong>,\u00a0<strong>Figue Blanche<\/strong>,\u00a0<strong>Fico di Amalfi<\/strong>\u00a0e\u00a0<strong>Herba Fresca Figuier<\/strong>\u00a0ajudaram o consumidor a identificar o figo como assinatura moderna e vers\u00e1til.<\/p>\n\n\n\n<h2 class=\"wp-block-heading\">Como escolher um perfume de figo para o dia a dia<\/h2>\n\n\n\n<p>Ao testar um&nbsp;<strong>perfume com figo<\/strong>, vale observar a intensidade da nota verde, o grau de do\u00e7ura e o tipo de base em que ela se apoia, relacionando isso ao uso pretendido. Perfumes diurnos tendem a real\u00e7ar o lado fresco e ensolarado, enquanto cria\u00e7\u00f5es para ocasi\u00f5es especiais destacam a cremosidade e o suporte amadeirado.<\/p>\n\n\n\n<p>Para facilitar a escolha, \u00e9 \u00fatil considerar alguns crit\u00e9rios pr\u00e1ticos que aproximam o perfil da fragr\u00e2ncia da rotina de cada pessoa, criando uma rela\u00e7\u00e3o clara entre estilo de figo e contexto de uso:<\/p>\n\n\n\n<ul class=\"wp-block-list\">\n<li>Para trabalho e uso cotidiano: prefira figos claros e luminosos, na linha de\u00a0<strong>Fico di Amalfi<\/strong>\u00a0ou de um figo mais verde como em\u00a0<strong>Herba Fresca Figuier<\/strong>.<\/li>\n\n\n\n<li>Para ocasi\u00f5es especiais: opte por figos mais cremosos e amadeirados, em estilos pr\u00f3ximos a\u00a0<strong>Philosykos<\/strong>,\u00a0<strong>Premier Figuier<\/strong>\u00a0e\u00a0<strong>Figue Blanche<\/strong>.<\/li>\n\n\n\n<li>Para quem est\u00e1 come\u00e7ando na nota: teste vers\u00f5es moderadas em dul\u00e7or, com equil\u00edbrio entre frescor, l\u00e1cteos e madeiras suaves.<\/li>\n<\/ul>\n\n\n\n<h2 class=\"wp-block-heading\">Quem costuma gostar de perfumes com figo<\/h2>\n\n\n\n<p>Perfumes com figo atraem quem deseja sair do circuito tradicional sem partir para algo radical, valorizando aromas que pare\u00e7am naturais, envolventes e f\u00e1ceis de usar. Ao reunir nuances frutadas, cremosas e levemente amadeiradas, essa nota agrada tanto a f\u00e3s de perfumes delicados quanto a quem busca algo um pouco mais marcante no cotidiano.<\/p>\n\n\n\n<p>Essa versatilidade tamb\u00e9m favorece fragr\u00e2ncias compartilh\u00e1veis, em que o foco est\u00e1 mais na sensa\u00e7\u00e3o de conforto, limpeza e calor suave do que em g\u00eanero. Assim, cria\u00e7\u00f5es como&nbsp;<strong>Philosykos<\/strong>,&nbsp;<strong>Fico di Amalfi<\/strong>,&nbsp;<strong>Premier Figuier<\/strong>,&nbsp;<strong>Figue Blanche<\/strong>&nbsp;e&nbsp;<strong>Herba Fresca Figuier<\/strong>&nbsp;aparecem com frequ\u00eancia em listas de perfumes unissex, ideais para uso individual ou em casal.<\/p>\n\n\n\n<p><br>Se voc\u00ea gosta de descobrir fragr\u00e2ncias marcantes e diferentes, este v\u00eddeo do canal <strong>Felipe Leal<\/strong>, com mais de <strong>24,9 mil inscritos<\/strong>, foi praticamente escolhido para voc\u00ea. Ele apresenta perfumes com nota de figo que fogem do comum e ajudam a entender por que esse aroma \u00e9 associado a sofistica\u00e7\u00e3o e eleg\u00e2ncia.<\/p>\n\n\n\n<figure class=\"wp-block-embed is-type-video is-provider-youtube wp-block-embed-youtube wp-embed-aspect-16-9 wp-has-aspect-ratio\"><div class=\"wp-block-embed__wrapper\">\n<div class=\"jeg_video_container jeg_video_content\"><iframe loading=\"lazy\" title=\"3 Perfumes Fant\u00e1sticos com a Nota de Figo. O Cheiro da Realeza!\" width=\"500\" height=\"281\" src=\"https:\/\/www.youtube.com\/embed\/MQa0wFCgNd4?feature=oembed\" frameborder=\"0\" allow=\"accelerometer; autoplay; clipboard-write; encrypted-media; gyroscope; picture-in-picture; web-share\" referrerpolicy=\"strict-origin-when-cross-origin\" allowfullscreen><\/iframe><\/div>\n<\/div><\/figure>\n\n\n\n<h2 class=\"wp-block-heading\">Como o aroma de figo \u00e9 usado nas fam\u00edlias olfativas<\/h2>\n\n\n\n<p>Em perfumes solares ou inspirados em dias quentes, o figo aparece ligado a notas c\u00edtricas, flores transparentes e bases de musk, atuando como ponte entre o frescor inicial e a cremosidade do corpo da fragr\u00e2ncia. O resultado \u00e9 um efeito luminoso e f\u00e1cil de usar, como em&nbsp;<strong>Fico di Amalfi<\/strong>&nbsp;e em interpreta\u00e7\u00f5es mais leves pr\u00f3ximas a&nbsp;<strong>Herba Fresca Figuier<\/strong>.<\/p>\n\n\n\n<p>J\u00e1 em composi\u00e7\u00f5es mais encorpadas, o&nbsp;<em>acorde de figo<\/em>&nbsp;surge ao lado de madeiras como s\u00e2ndalo e cedro, resinas e notas bals\u00e2micas, suavizando o aspecto seco e criando perfumes confort\u00e1veis e elegantes.&nbsp;<strong>Philosykos<\/strong>, com seu tom amadeirado-cremoso,&nbsp;<strong>Premier Figuier<\/strong>, mais leitoso, e&nbsp;<strong>Figue Blanche<\/strong>, de pegada luminosa e amadeirada, s\u00e3o refer\u00eancias nesse uso.<\/p>\n","protected":false},"excerpt":{"rendered":"<p>Entenda o que torna o perfume de figo t\u00e3o especial e por que ele aparece em fragr\u00e2ncias ic\u00f4nicas de marcas internacionais<\/p>\n","protected":false},"author":23,"featured_media":229810,"comment_status":"open","ping_status":"open","sticky":false,"template":"","format":"standard","meta":{"_yoast_wpseo_focuskw":"Perfumes com notas florais","_yoast_wpseo_title":"","_yoast_wpseo_metadesc":"Entenda o que torna o perfume de figo t\u00e3o especial e por que ele aparece em fragr\u00e2ncias ic\u00f4nicas de marcas internacionais","jnews-multi-image_gallery":[],"jnews_single_post":{"format":"standard"},"jnews_primary_category":[],"jnews_social_meta":[],"jnews_override_counter":[],"footnotes":""},"categories":[124],"post_tag":[125,17944,747],"class_list":["post-229807","post","type-post","status-publish","format-standard","has-post-thumbnail","hentry","category-beleza","tag-beleza","tag-notas-florais","tag-perfumes"],"yoast_head":"<!-- This site is optimized with the Yoast SEO plugin v24.6 - https:\/\/yoast.com\/wordpress\/plugins\/seo\/ -->\n<title>5 perfumes com notas florais para conhecer agora que passam uma imagem delicada e sofisticada - Correio Braziliense - Radar<\/title>\n<meta name=\"description\" content=\"Entenda o que torna o perfume de figo t\u00e3o especial e por que ele aparece em fragr\u00e2ncias ic\u00f4nicas de marcas internacionais\" \/>\n<meta name=\"robots\" content=\"index, follow, max-snippet:-1, max-image-preview:large, max-video-preview:-1\" \/>\n<link rel=\"canonical\" href=\"https:\/\/www.correiobraziliense.com.br\/cbradar\/5-perfumes-com-notas-florais-para-conhecer-agora-que-passam-uma-imagem-delicada-e-sofisticada\/\" \/>\n<meta property=\"og:locale\" content=\"pt_BR\" \/>\n<meta property=\"og:type\" content=\"article\" \/>\n<meta property=\"og:title\" content=\"5 perfumes com notas florais para conhecer agora que passam uma imagem delicada e sofisticada - Correio Braziliense - Radar\" \/>\n<meta property=\"og:description\" content=\"Entenda o que torna o perfume de figo t\u00e3o especial e por que ele aparece em fragr\u00e2ncias ic\u00f4nicas de marcas internacionais\" \/>\n<meta property=\"og:url\" content=\"https:\/\/www.correiobraziliense.com.br\/cbradar\/5-perfumes-com-notas-florais-para-conhecer-agora-que-passam-uma-imagem-delicada-e-sofisticada\/\" \/>\n<meta property=\"og:site_name\" content=\"Correio Braziliense - Radar\" \/>\n<meta property=\"article:published_time\" content=\"2026-04-27T12:05:00+00:00\" \/>\n<meta property=\"og:image\" content=\"https:\/\/www.correiobraziliense.com.br\/cbradar\/wp-content\/uploads\/2026\/04\/download-97-1.png\" \/>\n\t<meta property=\"og:image:width\" content=\"1280\" \/>\n\t<meta property=\"og:image:height\" content=\"720\" \/>\n\t<meta property=\"og:image:type\" content=\"image\/png\" \/>\n<meta name=\"author\" content=\"Nicolas Otto\" \/>\n<meta name=\"twitter:card\" content=\"summary_large_image\" \/>\n<meta name=\"twitter:label1\" content=\"Escrito por\" \/>\n\t<meta name=\"twitter:data1\" content=\"Nicolas Otto\" \/>\n\t<meta name=\"twitter:label2\" content=\"Est. tempo de leitura\" \/>\n\t<meta name=\"twitter:data2\" content=\"5 minutos\" \/>\n<!-- \/ Yoast SEO plugin. -->","yoast_head_json":{"title":"5 perfumes com notas florais para conhecer agora que passam uma imagem delicada e sofisticada - Correio Braziliense - Radar","description":"Entenda o que torna o perfume de figo t\u00e3o especial e por que ele aparece em fragr\u00e2ncias ic\u00f4nicas de marcas internacionais","robots":{"index":"index","follow":"follow","max-snippet":"max-snippet:-1","max-image-preview":"max-image-preview:large","max-video-preview":"max-video-preview:-1"},"canonical":"https:\/\/www.correiobraziliense.com.br\/cbradar\/5-perfumes-com-notas-florais-para-conhecer-agora-que-passam-uma-imagem-delicada-e-sofisticada\/","og_locale":"pt_BR","og_type":"article","og_title":"5 perfumes com notas florais para conhecer agora que passam uma imagem delicada e sofisticada - Correio Braziliense - Radar","og_description":"Entenda o que torna o perfume de figo t\u00e3o especial e por que ele aparece em fragr\u00e2ncias ic\u00f4nicas de marcas internacionais","og_url":"https:\/\/www.correiobraziliense.com.br\/cbradar\/5-perfumes-com-notas-florais-para-conhecer-agora-que-passam-uma-imagem-delicada-e-sofisticada\/","og_site_name":"Correio Braziliense - Radar","article_published_time":"2026-04-27T12:05:00+00:00","og_image":[{"width":1280,"height":720,"url":"https:\/\/www.correiobraziliense.com.br\/cbradar\/wp-content\/uploads\/2026\/04\/download-97-1.png","type":"image\/png"}],"author":"Nicolas Otto","twitter_card":"summary_large_image","twitter_misc":{"Escrito por":"Nicolas Otto","Est. tempo de leitura":"5 minutos"},"schema":{"@context":"https:\/\/schema.org","@graph":[{"@type":"WebPage","@id":"https:\/\/www.correiobraziliense.com.br\/cbradar\/5-perfumes-com-notas-florais-para-conhecer-agora-que-passam-uma-imagem-delicada-e-sofisticada\/","url":"https:\/\/www.correiobraziliense.com.br\/cbradar\/5-perfumes-com-notas-florais-para-conhecer-agora-que-passam-uma-imagem-delicada-e-sofisticada\/","name":"5 perfumes com notas florais para conhecer agora que passam uma imagem delicada e sofisticada - Correio Braziliense - Radar","isPartOf":{"@id":"https:\/\/www.correiobraziliense.com.br\/cbradar\/#website"},"primaryImageOfPage":{"@id":"https:\/\/www.correiobraziliense.com.br\/cbradar\/5-perfumes-com-notas-florais-para-conhecer-agora-que-passam-uma-imagem-delicada-e-sofisticada\/#primaryimage"},"image":{"@id":"https:\/\/www.correiobraziliense.com.br\/cbradar\/5-perfumes-com-notas-florais-para-conhecer-agora-que-passam-uma-imagem-delicada-e-sofisticada\/#primaryimage"},"thumbnailUrl":"https:\/\/www.correiobraziliense.com.br\/cbradar\/wp-content\/uploads\/2026\/04\/download-97-1.png","datePublished":"2026-04-27T12:05:00+00:00","author":{"@id":"https:\/\/www.correiobraziliense.com.br\/cbradar\/#\/schema\/person\/3221b250518e74ac52c442d1c1236aaa"},"description":"Entenda o que torna o perfume de figo t\u00e3o especial e por que ele aparece em fragr\u00e2ncias ic\u00f4nicas de marcas internacionais","breadcrumb":{"@id":"https:\/\/www.correiobraziliense.com.br\/cbradar\/5-perfumes-com-notas-florais-para-conhecer-agora-que-passam-uma-imagem-delicada-e-sofisticada\/#breadcrumb"},"inLanguage":"pt-BR","potentialAction":[{"@type":"ReadAction","target":["https:\/\/www.correiobraziliense.com.br\/cbradar\/5-perfumes-com-notas-florais-para-conhecer-agora-que-passam-uma-imagem-delicada-e-sofisticada\/"]}]},{"@type":"ImageObject","inLanguage":"pt-BR","@id":"https:\/\/www.correiobraziliense.com.br\/cbradar\/5-perfumes-com-notas-florais-para-conhecer-agora-que-passam-uma-imagem-delicada-e-sofisticada\/#primaryimage","url":"https:\/\/www.correiobraziliense.com.br\/cbradar\/wp-content\/uploads\/2026\/04\/download-97-1.png","contentUrl":"https:\/\/www.correiobraziliense.com.br\/cbradar\/wp-content\/uploads\/2026\/04\/download-97-1.png","width":1280,"height":720,"caption":"A nota de figo mais sofisticada que virou tend\u00eancia mundial hoje"},{"@type":"BreadcrumbList","@id":"https:\/\/www.correiobraziliense.com.br\/cbradar\/5-perfumes-com-notas-florais-para-conhecer-agora-que-passam-uma-imagem-delicada-e-sofisticada\/#breadcrumb","itemListElement":[{"@type":"ListItem","position":1,"name":"In\u00edcio","item":"https:\/\/www.correiobraziliense.com.br\/cbradar\/"},{"@type":"ListItem","position":2,"name":"5 perfumes com notas florais para conhecer agora que passam uma imagem delicada e sofisticada"}]},{"@type":"WebSite","@id":"https:\/\/www.correiobraziliense.com.br\/cbradar\/#website","url":"https:\/\/www.correiobraziliense.com.br\/cbradar\/","name":"Correio Braziliense - Radar","description":"Acompanhe as \u00faltimas not\u00edcias e fique bem informado sobre tudo o que acontece no Brasil e no mundo.","potentialAction":[{"@type":"SearchAction","target":{"@type":"EntryPoint","urlTemplate":"https:\/\/www.correiobraziliense.com.br\/cbradar\/?s={search_term_string}"},"query-input":{"@type":"PropertyValueSpecification","valueRequired":true,"valueName":"search_term_string"}}],"inLanguage":"pt-BR"},{"@type":"Person","@id":"https:\/\/www.correiobraziliense.com.br\/cbradar\/#\/schema\/person\/3221b250518e74ac52c442d1c1236aaa","name":"Nicolas Otto","image":{"@type":"ImageObject","inLanguage":"pt-BR","@id":"https:\/\/www.correiobraziliense.com.br\/cbradar\/#\/schema\/person\/image\/","url":"https:\/\/secure.gravatar.com\/avatar\/05925f730d72f0ea0df144f236adfb18?s=96&d=mm&r=g","contentUrl":"https:\/\/secure.gravatar.com\/avatar\/05925f730d72f0ea0df144f236adfb18?s=96&d=mm&r=g","caption":"Nicolas Otto"},"sameAs":["https:\/\/www.correiobraziliense.com.br\/cbradar\/"],"url":"https:\/\/www.correiobraziliense.com.br\/cbradar\/author\/nicolas-otto\/"}]}},"_links":{"self":[{"href":"https:\/\/www.correiobraziliense.com.br\/cbradar\/wp-json\/wp\/v2\/posts\/229807","targetHints":{"allow":["GET"]}}],"collection":[{"href":"https:\/\/www.correiobraziliense.com.br\/cbradar\/wp-json\/wp\/v2\/posts"}],"about":[{"href":"https:\/\/www.correiobraziliense.com.br\/cbradar\/wp-json\/wp\/v2\/types\/post"}],"author":[{"embeddable":true,"href":"https:\/\/www.correiobraziliense.com.br\/cbradar\/wp-json\/wp\/v2\/users\/23"}],"replies":[{"embeddable":true,"href":"https:\/\/www.correiobraziliense.com.br\/cbradar\/wp-json\/wp\/v2\/comments?post=229807"}],"version-history":[{"count":3,"href":"https:\/\/www.correiobraziliense.com.br\/cbradar\/wp-json\/wp\/v2\/posts\/229807\/revisions"}],"predecessor-version":[{"id":229817,"href":"https:\/\/www.correiobraziliense.com.br\/cbradar\/wp-json\/wp\/v2\/posts\/229807\/revisions\/229817"}],"wp:featuredmedia":[{"embeddable":true,"href":"https:\/\/www.correiobraziliense.com.br\/cbradar\/wp-json\/wp\/v2\/media\/229810"}],"wp:attachment":[{"href":"https:\/\/www.correiobraziliense.com.br\/cbradar\/wp-json\/wp\/v2\/media?parent=229807"}],"wp:term":[{"taxonomy":"category","embeddable":true,"href":"https:\/\/www.correiobraziliense.com.br\/cbradar\/wp-json\/wp\/v2\/categories?post=229807"},{"taxonomy":"post_tag","embeddable":true,"href":"https:\/\/www.correiobraziliense.com.br\/cbradar\/wp-json\/wp\/v2\/post_tag?post=229807"}],"curies":[{"name":"wp","href":"https:\/\/api.w.org\/{rel}","templated":true}]}}