{"id":230109,"date":"2026-04-24T22:55:00","date_gmt":"2026-04-25T01:55:00","guid":{"rendered":"https:\/\/www.correiobraziliense.com.br\/cbradar\/?p=230109"},"modified":"2026-04-22T16:41:12","modified_gmt":"2026-04-22T19:41:12","slug":"projeto-de-interiores-transforma-casa-antiga-em-um-espaco-moderno-e-cheio-de-personalidade","status":"publish","type":"post","link":"https:\/\/www.correiobraziliense.com.br\/cbradar\/projeto-de-interiores-transforma-casa-antiga-em-um-espaco-moderno-e-cheio-de-personalidade\/","title":{"rendered":"Projeto de interiores transforma casa antiga em um espa\u00e7o moderno e cheio de personalidade"},"content":{"rendered":"\n<p>Por que tanta gente olha para uma <strong>casa antiga<\/strong> e s\u00f3 enxerga p\u00f3, enquanto outras veem um diamante bruto? A resposta est\u00e1 no olhar treinado de quem entende que paredes centen\u00e1rias n\u00e3o s\u00e3o um problema, mas o ponto de partida para um lar \u00fanico. Um <strong>projeto de interiores<\/strong> bem executado resgata a alma da edifica\u00e7\u00e3o e a veste com a praticidade que a vida atual exige.<\/p>\n\n\n\n<h2 class=\"wp-block-heading\">Por que um projeto de interiores \u00e9 essencial para reformar uma casa antiga?<\/h2>\n\n\n\n<p>Reformar sem planejamento profissional \u00e9 navegar sem b\u00fassola. A emo\u00e7\u00e3o do &#8220;fa\u00e7a voc\u00ea mesmo&#8221; vira frustra\u00e7\u00e3o com custos e prazos estourados. O profissional de <a href=\"https:\/\/www.wikiwand.com\/pt\/articles\/Decorador\" target=\"_blank\" rel=\"noreferrer noopener\">design de interiores<\/a> orquestra as necessidades t\u00e9cnicas com os desejos est\u00e9ticos dos moradores.<\/p>\n\n\n\n<p>Ele l\u00ea a estrutura existente, identifica potenciais e cria solu\u00e7\u00f5es para integrar o novo sem brigar com o antigo. O resultado \u00e9 um espa\u00e7o funcional que conta uma hist\u00f3ria atrav\u00e9s dos seus detalhes preservados.<\/p>\n\n\n<div class=\"wp-block-image\">\n<figure class=\"aligncenter size-full\"><img decoding=\"async\" width=\"1280\" height=\"720\" src=\"https:\/\/www.correiobraziliense.com.br\/cbradar\/wp-content\/uploads\/2026\/04\/IMAGEM_720p_1776878083504.jpg\" alt=\"Projeto de interiores transforma casa antiga em um espa\u00e7o moderno\" class=\"wp-image-230127\" srcset=\"https:\/\/www.correiobraziliense.com.br\/cbradar\/wp-content\/uploads\/2026\/04\/IMAGEM_720p_1776878083504.jpg 1280w, https:\/\/www.correiobraziliense.com.br\/cbradar\/wp-content\/uploads\/2026\/04\/IMAGEM_720p_1776878083504-300x169.jpg 300w, https:\/\/www.correiobraziliense.com.br\/cbradar\/wp-content\/uploads\/2026\/04\/IMAGEM_720p_1776878083504-768x432.jpg 768w, https:\/\/www.correiobraziliense.com.br\/cbradar\/wp-content\/uploads\/2026\/04\/IMAGEM_720p_1776878083504-750x422.jpg 750w, https:\/\/www.correiobraziliense.com.br\/cbradar\/wp-content\/uploads\/2026\/04\/IMAGEM_720p_1776878083504-1140x641.jpg 1140w\" sizes=\"(max-width: 1280px) 100vw, 1280px\" \/><figcaption class=\"wp-element-caption\">Projeto de interiores transforma casa antiga em um espa\u00e7o moderno<\/figcaption><\/figure><\/div>\n\n\n<h2 class=\"wp-block-heading\">O que realmente vale a pena preservar em uma constru\u00e7\u00e3o antiga?<\/h2>\n\n\n\n<p>A decis\u00e3o sobre o que fica e o que sai \u00e9 o cora\u00e7\u00e3o do projeto. Piso de taco, portas de madeira maci\u00e7a ou vitr\u00f4s coloridos s\u00e3o tesouros que carregam a mem\u00f3ria do lugar.<\/p>\n\n\n\n<p>Manter esses detalhes ao lado de uma cozinha planejada cria uma tens\u00e3o visual fascinante. \u00c9 essa justaposi\u00e7\u00e3o que confere a desejada <strong>personalidade<\/strong>. O segredo est\u00e1 em restaurar o que tem valor e remover apenas o que compromete a funcionalidade.<\/p>\n\n\n\n<p>Leia tamb\u00e9m: <a href=\"https:\/\/www.correiobraziliense.com.br\/cbradar\/a-psicologia-aponta-que-adultos-que-evitam-conflitos-nao-sao-mais-maduros-mas-aprenderam-na-infancia-que-expressar-emocoes-gerava-punicao\/\" target=\"_blank\" rel=\"noreferrer noopener\">A psicologia aponta que adultos que evitam conflitos n\u00e3o s\u00e3o mais maduros, mas aprenderam na inf\u00e2ncia que expressar emo\u00e7\u00f5es gerava puni\u00e7\u00e3o<\/a><\/p>\n\n\n\n<h2 class=\"wp-block-heading\">Como misturar elementos modernos sem descaracterizar a alma da casa?<\/h2>\n\n\n\n<p>O contraste respeitoso \u00e9 a chave. Uma paleta neutra de <strong>off-white<\/strong> e texturas naturais real\u00e7a a madeira escura ou os tijolos aparentes. Isso cria uma base serena para a entrada de m\u00f3veis atuais.<\/p>\n\n\n\n<p>Pe\u00e7as de design com linhas retas funcionam como \u00e2ncora no presente. Enquanto isso, um tapete \u00e9tnico ou uma poltrona vintage costuram a rela\u00e7\u00e3o temporal. A ilumina\u00e7\u00e3o valoriza o patrim\u00f4nio, destacando uma viga centen\u00e1ria.<\/p>\n\n\n\n<h2 class=\"wp-block-heading\">Quais s\u00e3o os desafios escondidos atr\u00e1s das paredes de uma casa antiga?<\/h2>\n\n\n\n<p>A beleza r\u00fastica esconde vil\u00f5es como instala\u00e7\u00f5es el\u00e9tricas subdimensionadas e encanamentos antigos. Ignorar isso em nome da est\u00e9tica \u00e9 um erro cl\u00e1ssico.<\/p>\n\n\n\n<p>Um bom projeto prev\u00ea a moderniza\u00e7\u00e3o completa desses sistemas antes de pensar em cores de sof\u00e1. Assim, a casa se torna segura e confort\u00e1vel para os pr\u00f3ximos cinquenta anos.<\/p>\n\n\n\n<h3 class=\"wp-block-heading\">Como lidar com o imprevisto durante a obra?<\/h3>\n\n\n\n<p>Abrir uma parede pode revelar cupins ou uma viga comprometida. Reserva financeira e cronograma flex\u00edvel s\u00e3o itens de sobreviv\u00eancia nessa hora.<\/p>\n\n\n\n<p>Um arquiteto experiente contorna o problema sem perder a ess\u00eancia do conceito original.<\/p>\n\n\n<div class=\"wp-block-image\">\n<figure class=\"aligncenter size-full\"><img decoding=\"async\" width=\"1280\" height=\"720\" src=\"https:\/\/www.correiobraziliense.com.br\/cbradar\/wp-content\/uploads\/2026\/04\/IMAGEM_720p_1776878077221.jpg\" alt=\"Projeto de interiores transforma casa antiga em um espa\u00e7o moderno\" class=\"wp-image-230128\" srcset=\"https:\/\/www.correiobraziliense.com.br\/cbradar\/wp-content\/uploads\/2026\/04\/IMAGEM_720p_1776878077221.jpg 1280w, https:\/\/www.correiobraziliense.com.br\/cbradar\/wp-content\/uploads\/2026\/04\/IMAGEM_720p_1776878077221-300x169.jpg 300w, https:\/\/www.correiobraziliense.com.br\/cbradar\/wp-content\/uploads\/2026\/04\/IMAGEM_720p_1776878077221-768x432.jpg 768w, https:\/\/www.correiobraziliense.com.br\/cbradar\/wp-content\/uploads\/2026\/04\/IMAGEM_720p_1776878077221-750x422.jpg 750w, https:\/\/www.correiobraziliense.com.br\/cbradar\/wp-content\/uploads\/2026\/04\/IMAGEM_720p_1776878077221-1140x641.jpg 1140w\" sizes=\"(max-width: 1280px) 100vw, 1280px\" \/><figcaption class=\"wp-element-caption\">Projeto de interiores transforma casa antiga em um espa\u00e7o moderno<\/figcaption><\/figure><\/div>\n\n\n<h2 class=\"wp-block-heading\">Como um projeto profissional valoriza o im\u00f3vel a longo prazo?<\/h2>\n\n\n\n<p>Al\u00e9m do conforto imediato, uma reforma guiada por um <strong>projeto de interiores<\/strong> agrega valor ao patrim\u00f4nio. N\u00e3o \u00e9 apenas gasto, mas investimento inteligente.<\/p>\n\n\n\n<p>Um im\u00f3vel atualizado com marcenaria inteligente e caracter\u00edsticas originais preservadas se torna um ativo desejado. A personalidade impressa diferencia uma casa comum de uma propriedade cobi\u00e7ada, como exemplificam projetos que transformam estruturas rurais em <a href=\"https:\/\/casavogue.globo.com\/arquitetura\/casas\/noticia\/2025\/03\/construcao-rural-vira-casa-de-campo-com-referencias-multiculturais.ghtml\" target=\"_blank\" rel=\"noreferrer noopener\">resid\u00eancias cheias de estilo<\/a>. No fim, o sucesso est\u00e1 na sensa\u00e7\u00e3o de pertencimento que o espa\u00e7o desperta.<\/p>\n","protected":false},"excerpt":{"rendered":"<p>Por que tanta gente olha para uma casa antiga e s\u00f3 enxerga p\u00f3, enquanto outras veem um diamante bruto? A resposta est\u00e1 no olhar treinado de quem entende que paredes centen\u00e1rias n\u00e3o s\u00e3o um problema, mas o ponto de partida para um lar \u00fanico. Um projeto de interiores bem executado resgata a alma da edifica\u00e7\u00e3o [&hellip;]<\/p>\n","protected":false},"author":11,"featured_media":230273,"comment_status":"open","ping_status":"open","sticky":false,"template":"","format":"standard","meta":{"jnews-multi-image_gallery":[],"jnews_single_post":{"format":"standard"},"jnews_primary_category":[],"jnews_social_meta":[],"jnews_override_counter":[],"footnotes":""},"categories":[143],"post_tag":[917,4809,4400,1050],"class_list":["post-230109","post","type-post","status-publish","format-standard","has-post-thumbnail","hentry","category-casa-e-decoracao","tag-decoracao","tag-design-de-interiores","tag-personalidade","tag-reforma"],"yoast_head":"<!-- This site is optimized with the Yoast SEO plugin v24.6 - https:\/\/yoast.com\/wordpress\/plugins\/seo\/ -->\n<title>Projeto de interiores transforma casa antiga em um espa\u00e7o moderno e cheio de personalidade - Correio Braziliense - Radar<\/title>\n<meta name=\"description\" content=\"Uma casa antiga pode ganhar ares de revista sem perder sua alma? Veja como um bom projeto de interiores equilibra passado e presente para criar um lar \u00fanico.\" \/>\n<meta name=\"robots\" content=\"index, follow, max-snippet:-1, max-image-preview:large, max-video-preview:-1\" \/>\n<link rel=\"canonical\" href=\"https:\/\/www.correiobraziliense.com.br\/cbradar\/projeto-de-interiores-transforma-casa-antiga-em-um-espaco-moderno-e-cheio-de-personalidade\/\" \/>\n<meta property=\"og:locale\" content=\"pt_BR\" \/>\n<meta property=\"og:type\" content=\"article\" \/>\n<meta property=\"og:title\" content=\"Projeto de interiores transforma casa antiga em um espa\u00e7o moderno e cheio de personalidade - Correio Braziliense - Radar\" \/>\n<meta property=\"og:description\" content=\"Uma casa antiga pode ganhar ares de revista sem perder sua alma? Veja como um bom projeto de interiores equilibra passado e presente para criar um lar \u00fanico.\" \/>\n<meta property=\"og:url\" content=\"https:\/\/www.correiobraziliense.com.br\/cbradar\/projeto-de-interiores-transforma-casa-antiga-em-um-espaco-moderno-e-cheio-de-personalidade\/\" \/>\n<meta property=\"og:site_name\" content=\"Correio Braziliense - Radar\" \/>\n<meta property=\"article:published_time\" content=\"2026-04-25T01:55:00+00:00\" \/>\n<meta property=\"og:image\" content=\"https:\/\/www.correiobraziliense.com.br\/cbradar\/wp-content\/uploads\/2026\/04\/Interior_casa_antiga_202604221636.jpeg\" \/>\n\t<meta property=\"og:image:width\" content=\"1280\" \/>\n\t<meta property=\"og:image:height\" content=\"720\" \/>\n\t<meta property=\"og:image:type\" content=\"image\/jpeg\" \/>\n<meta name=\"author\" content=\"Paulo Custodio\" \/>\n<meta name=\"twitter:card\" content=\"summary_large_image\" \/>\n<meta name=\"twitter:label1\" content=\"Escrito por\" \/>\n\t<meta name=\"twitter:data1\" content=\"Paulo Custodio\" \/>\n\t<meta name=\"twitter:label2\" content=\"Est. tempo de leitura\" \/>\n\t<meta name=\"twitter:data2\" content=\"4 minutos\" \/>\n<!-- \/ Yoast SEO plugin. -->","yoast_head_json":{"title":"Projeto de interiores transforma casa antiga em um espa\u00e7o moderno e cheio de personalidade - Correio Braziliense - Radar","description":"Uma casa antiga pode ganhar ares de revista sem perder sua alma? Veja como um bom projeto de interiores equilibra passado e presente para criar um lar \u00fanico.","robots":{"index":"index","follow":"follow","max-snippet":"max-snippet:-1","max-image-preview":"max-image-preview:large","max-video-preview":"max-video-preview:-1"},"canonical":"https:\/\/www.correiobraziliense.com.br\/cbradar\/projeto-de-interiores-transforma-casa-antiga-em-um-espaco-moderno-e-cheio-de-personalidade\/","og_locale":"pt_BR","og_type":"article","og_title":"Projeto de interiores transforma casa antiga em um espa\u00e7o moderno e cheio de personalidade - Correio Braziliense - Radar","og_description":"Uma casa antiga pode ganhar ares de revista sem perder sua alma? Veja como um bom projeto de interiores equilibra passado e presente para criar um lar \u00fanico.","og_url":"https:\/\/www.correiobraziliense.com.br\/cbradar\/projeto-de-interiores-transforma-casa-antiga-em-um-espaco-moderno-e-cheio-de-personalidade\/","og_site_name":"Correio Braziliense - Radar","article_published_time":"2026-04-25T01:55:00+00:00","og_image":[{"width":1280,"height":720,"url":"https:\/\/www.correiobraziliense.com.br\/cbradar\/wp-content\/uploads\/2026\/04\/Interior_casa_antiga_202604221636.jpeg","type":"image\/jpeg"}],"author":"Paulo Custodio","twitter_card":"summary_large_image","twitter_misc":{"Escrito por":"Paulo Custodio","Est. tempo de leitura":"4 minutos"},"schema":{"@context":"https:\/\/schema.org","@graph":[{"@type":"WebPage","@id":"https:\/\/www.correiobraziliense.com.br\/cbradar\/projeto-de-interiores-transforma-casa-antiga-em-um-espaco-moderno-e-cheio-de-personalidade\/","url":"https:\/\/www.correiobraziliense.com.br\/cbradar\/projeto-de-interiores-transforma-casa-antiga-em-um-espaco-moderno-e-cheio-de-personalidade\/","name":"Projeto de interiores transforma casa antiga em um espa\u00e7o moderno e cheio de personalidade - Correio Braziliense - Radar","isPartOf":{"@id":"https:\/\/www.correiobraziliense.com.br\/cbradar\/#website"},"primaryImageOfPage":{"@id":"https:\/\/www.correiobraziliense.com.br\/cbradar\/projeto-de-interiores-transforma-casa-antiga-em-um-espaco-moderno-e-cheio-de-personalidade\/#primaryimage"},"image":{"@id":"https:\/\/www.correiobraziliense.com.br\/cbradar\/projeto-de-interiores-transforma-casa-antiga-em-um-espaco-moderno-e-cheio-de-personalidade\/#primaryimage"},"thumbnailUrl":"https:\/\/www.correiobraziliense.com.br\/cbradar\/wp-content\/uploads\/2026\/04\/Interior_casa_antiga_202604221636.jpeg","datePublished":"2026-04-25T01:55:00+00:00","author":{"@id":"https:\/\/www.correiobraziliense.com.br\/cbradar\/#\/schema\/person\/4cec7857301a9a1a2ef249893cd908d3"},"description":"Uma casa antiga pode ganhar ares de revista sem perder sua alma? Veja como um bom projeto de interiores equilibra passado e presente para criar um lar \u00fanico.","breadcrumb":{"@id":"https:\/\/www.correiobraziliense.com.br\/cbradar\/projeto-de-interiores-transforma-casa-antiga-em-um-espaco-moderno-e-cheio-de-personalidade\/#breadcrumb"},"inLanguage":"pt-BR","potentialAction":[{"@type":"ReadAction","target":["https:\/\/www.correiobraziliense.com.br\/cbradar\/projeto-de-interiores-transforma-casa-antiga-em-um-espaco-moderno-e-cheio-de-personalidade\/"]}]},{"@type":"ImageObject","inLanguage":"pt-BR","@id":"https:\/\/www.correiobraziliense.com.br\/cbradar\/projeto-de-interiores-transforma-casa-antiga-em-um-espaco-moderno-e-cheio-de-personalidade\/#primaryimage","url":"https:\/\/www.correiobraziliense.com.br\/cbradar\/wp-content\/uploads\/2026\/04\/Interior_casa_antiga_202604221636.jpeg","contentUrl":"https:\/\/www.correiobraziliense.com.br\/cbradar\/wp-content\/uploads\/2026\/04\/Interior_casa_antiga_202604221636.jpeg","width":1280,"height":720,"caption":"Reformas podem valorizar significativamente im\u00f3veis antigos"},{"@type":"BreadcrumbList","@id":"https:\/\/www.correiobraziliense.com.br\/cbradar\/projeto-de-interiores-transforma-casa-antiga-em-um-espaco-moderno-e-cheio-de-personalidade\/#breadcrumb","itemListElement":[{"@type":"ListItem","position":1,"name":"In\u00edcio","item":"https:\/\/www.correiobraziliense.com.br\/cbradar\/"},{"@type":"ListItem","position":2,"name":"Projeto de interiores transforma casa antiga em um espa\u00e7o moderno e cheio de personalidade"}]},{"@type":"WebSite","@id":"https:\/\/www.correiobraziliense.com.br\/cbradar\/#website","url":"https:\/\/www.correiobraziliense.com.br\/cbradar\/","name":"Correio Braziliense - Radar","description":"Acompanhe as \u00faltimas not\u00edcias e fique bem informado sobre tudo o que acontece no Brasil e no mundo.","potentialAction":[{"@type":"SearchAction","target":{"@type":"EntryPoint","urlTemplate":"https:\/\/www.correiobraziliense.com.br\/cbradar\/?s={search_term_string}"},"query-input":{"@type":"PropertyValueSpecification","valueRequired":true,"valueName":"search_term_string"}}],"inLanguage":"pt-BR"},{"@type":"Person","@id":"https:\/\/www.correiobraziliense.com.br\/cbradar\/#\/schema\/person\/4cec7857301a9a1a2ef249893cd908d3","name":"Paulo Custodio","image":{"@type":"ImageObject","inLanguage":"pt-BR","@id":"https:\/\/www.correiobraziliense.com.br\/cbradar\/#\/schema\/person\/image\/","url":"https:\/\/secure.gravatar.com\/avatar\/bcd67168d1534e8fcf4f45c726a87cea?s=96&d=mm&r=g","contentUrl":"https:\/\/secure.gravatar.com\/avatar\/bcd67168d1534e8fcf4f45c726a87cea?s=96&d=mm&r=g","caption":"Paulo Custodio"},"sameAs":["https:\/\/www.correiobraziliense.com.br\/cbradar"],"url":"https:\/\/www.correiobraziliense.com.br\/cbradar\/author\/paulomyth\/"}]}},"_links":{"self":[{"href":"https:\/\/www.correiobraziliense.com.br\/cbradar\/wp-json\/wp\/v2\/posts\/230109","targetHints":{"allow":["GET"]}}],"collection":[{"href":"https:\/\/www.correiobraziliense.com.br\/cbradar\/wp-json\/wp\/v2\/posts"}],"about":[{"href":"https:\/\/www.correiobraziliense.com.br\/cbradar\/wp-json\/wp\/v2\/types\/post"}],"author":[{"embeddable":true,"href":"https:\/\/www.correiobraziliense.com.br\/cbradar\/wp-json\/wp\/v2\/users\/11"}],"replies":[{"embeddable":true,"href":"https:\/\/www.correiobraziliense.com.br\/cbradar\/wp-json\/wp\/v2\/comments?post=230109"}],"version-history":[{"count":1,"href":"https:\/\/www.correiobraziliense.com.br\/cbradar\/wp-json\/wp\/v2\/posts\/230109\/revisions"}],"predecessor-version":[{"id":230151,"href":"https:\/\/www.correiobraziliense.com.br\/cbradar\/wp-json\/wp\/v2\/posts\/230109\/revisions\/230151"}],"wp:featuredmedia":[{"embeddable":true,"href":"https:\/\/www.correiobraziliense.com.br\/cbradar\/wp-json\/wp\/v2\/media\/230273"}],"wp:attachment":[{"href":"https:\/\/www.correiobraziliense.com.br\/cbradar\/wp-json\/wp\/v2\/media?parent=230109"}],"wp:term":[{"taxonomy":"category","embeddable":true,"href":"https:\/\/www.correiobraziliense.com.br\/cbradar\/wp-json\/wp\/v2\/categories?post=230109"},{"taxonomy":"post_tag","embeddable":true,"href":"https:\/\/www.correiobraziliense.com.br\/cbradar\/wp-json\/wp\/v2\/post_tag?post=230109"}],"curies":[{"name":"wp","href":"https:\/\/api.w.org\/{rel}","templated":true}]}}