{"id":230316,"date":"2026-04-27T20:35:00","date_gmt":"2026-04-27T23:35:00","guid":{"rendered":"https:\/\/www.correiobraziliense.com.br\/cbradar\/?p=230316"},"modified":"2026-04-22T20:53:53","modified_gmt":"2026-04-22T23:53:53","slug":"quando-usar-mas-e-mais-no-dia-a-dia-sem-errar","status":"publish","type":"post","link":"https:\/\/www.correiobraziliense.com.br\/cbradar\/quando-usar-mas-e-mais-no-dia-a-dia-sem-errar\/","title":{"rendered":"Quando usar \u201cmas\u201d e \u201cmais\u201d no dia a dia sem errar"},"content":{"rendered":"\n<p>Erros entre <strong>mas<\/strong> e <strong>mais<\/strong> s\u00e3o comuns na escrita cotidiana, principalmente por causa da semelhan\u00e7a sonora entre as palavras. Apesar disso, cada uma possui fun\u00e7\u00e3o espec\u00edfica na l\u00edngua portuguesa. Compreender essas diferen\u00e7as ajuda a evitar ambiguidades e melhora a clareza da comunica\u00e7\u00e3o, tanto em textos formais quanto em intera\u00e7\u00f5es do dia a dia.<\/p>\n\n\n\n<h2 class=\"wp-block-heading\">Qual \u00e9 a diferen\u00e7a entre mas e mais?<\/h2>\n\n\n\n<p>A palavra <strong>mas<\/strong> \u00e9 uma <a href=\"https:\/\/www.englishgrammar.org\/kinds-conjunctions\/\" target=\"_blank\" rel=\"noreferrer noopener\">conjun\u00e7\u00e3o adversativa<\/a>, utilizada para indicar contraste ou oposi\u00e7\u00e3o entre ideias. Ela pode ser substitu\u00edda por termos como \u201cpor\u00e9m\u201d ou \u201ctodavia\u201d sem alterar o sentido da <a href=\"https:\/\/www.correiobraziliense.com.br\/cbradar\/5-frases-simples-que-fortalecem-o-vinculo-entre-pais-e-filhos-segundo-especialistas-em-desenvolvimento-infantil\/\" target=\"_blank\" rel=\"noreferrer noopener\">frase<\/a>.<\/p>\n\n\n\n<p>J\u00e1 <strong>mais<\/strong> \u00e9 um adv\u00e9rbio de intensidade ou quantidade, relacionado a aumento ou compara\u00e7\u00e3o. Seu uso est\u00e1 associado a ideias de soma, refor\u00e7o ou superioridade, sendo comum em express\u00f5es comparativas.<\/p>\n\n\n\n<figure class=\"wp-block-image size-full\"><img decoding=\"async\" width=\"1280\" height=\"720\" src=\"https:\/\/www.correiobraziliense.com.br\/cbradar\/wp-content\/uploads\/2026\/04\/download-2026-04-22T205005.529-1-1.png\" alt=\"Quando usar \u201cmas\u201d e \u201cmais\u201d no dia a dia sem errar\" class=\"wp-image-230317\" srcset=\"https:\/\/www.correiobraziliense.com.br\/cbradar\/wp-content\/uploads\/2026\/04\/download-2026-04-22T205005.529-1-1.png 1280w, https:\/\/www.correiobraziliense.com.br\/cbradar\/wp-content\/uploads\/2026\/04\/download-2026-04-22T205005.529-1-1-300x169.png 300w, https:\/\/www.correiobraziliense.com.br\/cbradar\/wp-content\/uploads\/2026\/04\/download-2026-04-22T205005.529-1-1-768x432.png 768w, https:\/\/www.correiobraziliense.com.br\/cbradar\/wp-content\/uploads\/2026\/04\/download-2026-04-22T205005.529-1-1-750x422.png 750w, https:\/\/www.correiobraziliense.com.br\/cbradar\/wp-content\/uploads\/2026\/04\/download-2026-04-22T205005.529-1-1-1140x641.png 1140w\" sizes=\"(max-width: 1280px) 100vw, 1280px\" \/><figcaption class=\"wp-element-caption\">O erro mais comum com mas e mais revelado<\/figcaption><\/figure>\n\n\n\n<h2 class=\"wp-block-heading\">Quando usar mas corretamente em frases?<\/h2>\n\n\n\n<p>O uso de <strong>mas<\/strong> ocorre quando h\u00e1 necessidade de estabelecer oposi\u00e7\u00e3o entre duas informa\u00e7\u00f5es. Ele conecta ideias que apresentam contraste, ajudando a estruturar melhor o racioc\u00ednio dentro da frase.<\/p>\n\n\n\n<p>Por exemplo, ao afirmar algo positivo seguido de uma limita\u00e7\u00e3o, o uso de <strong>mas<\/strong> se torna adequado. Essa constru\u00e7\u00e3o \u00e9 frequente na comunica\u00e7\u00e3o escrita e oral, especialmente em contextos argumentativos.<\/p>\n\n\n\n<h2 class=\"wp-block-heading\">Como identificar rapidamente qual palavra usar?<\/h2>\n\n\n\n<p>Uma forma pr\u00e1tica de evitar erros \u00e9 aplicar testes simples durante a escrita. Substituir mentalmente a palavra pode ajudar a verificar se o uso est\u00e1 correto dentro do contexto apresentado.<\/p>\n\n\n\n<p>Algumas estrat\u00e9gias \u00fateis incluem:<\/p>\n\n\n\n<ul class=\"wp-block-list\">\n<li>Substituir por <strong>por\u00e9m<\/strong> ou <strong>todavia<\/strong> para testar o uso de <strong>mas<\/strong><\/li>\n\n\n\n<li>Verificar se h\u00e1 ideia de quantidade para confirmar <strong>mais<\/strong><\/li>\n\n\n\n<li>Observar se existe contraste entre as frases<\/li>\n\n\n\n<li>Identificar compara\u00e7\u00f5es que indicam intensidade<\/li>\n\n\n\n<li>Analisar o sentido geral da frase antes de decidir<\/li>\n<\/ul>\n\n\n\n<h2 class=\"wp-block-heading\">Por que essas palavras geram tanta confus\u00e3o?<\/h2>\n\n\n\n<p>A principal causa da confus\u00e3o est\u00e1 na semelhan\u00e7a sonora entre <strong>mas<\/strong> e <strong>mais<\/strong>, especialmente na fala informal. Como a pron\u00fancia pode variar, muitas pessoas acabam transferindo esse erro para a escrita.<\/p>\n\n\n\n<p>Al\u00e9m disso, o uso frequente em contextos diferentes exige aten\u00e7\u00e3o ao sentido da frase. Sem essa an\u00e1lise, a escolha da palavra pode comprometer a clareza da mensagem transmitida.<\/p>\n\n\n\n<p>Se voc\u00ea ainda confunde \u201cmas\u201d e \u201cmais\u201d na hora de escrever, este v\u00eddeo do canal <strong>Portugu\u00eas sem Enrola\u00e7\u00e3o &#8211; Professora Lis<\/strong>, com mais de <strong>1,73 milh\u00e3o de inscritos<\/strong>, foi praticamente escolhido para voc\u00ea. Ele explica de forma simples quando usar cada um e evita erros que passam despercebidos no dia a dia.<\/p>\n\n\n\n<figure class=\"wp-block-embed is-type-video is-provider-youtube wp-block-embed-youtube wp-embed-aspect-16-9 wp-has-aspect-ratio\"><div class=\"wp-block-embed__wrapper\">\n<div class=\"jeg_video_container jeg_video_content\"><iframe loading=\"lazy\" title=\"MAS E MAIS: Qual \u00e9 a Diferen\u00e7a? Quando Usar?\" width=\"500\" height=\"281\" src=\"https:\/\/www.youtube.com\/embed\/t-fZxFIm2pw?feature=oembed\" frameborder=\"0\" allow=\"accelerometer; autoplay; clipboard-write; encrypted-media; gyroscope; picture-in-picture; web-share\" referrerpolicy=\"strict-origin-when-cross-origin\" allowfullscreen><\/iframe><\/div>\n<\/div><\/figure>\n\n\n\n<h2 class=\"wp-block-heading\">Como evitar erros no uso de mas e mais?<\/h2>\n\n\n\n<p>A pr\u00e1tica constante de leitura e escrita contribui para fixar o uso correto dessas palavras. Com o tempo, a identifica\u00e7\u00e3o do contexto se torna mais intuitiva e natural.<\/p>\n\n\n\n<p>Revisar textos antes de finalizar tamb\u00e9m ajuda a identificar poss\u00edveis trocas. Esse cuidado simples reduz erros e melhora a qualidade da comunica\u00e7\u00e3o em diferentes situa\u00e7\u00f5es.<\/p>\n","protected":false},"excerpt":{"rendered":"<p>Existe um truque f\u00e1cil para usar mas e mais corretamente. Veja como evitar erros comuns e melhorar sua escrita agora<\/p>\n","protected":false},"author":23,"featured_media":230319,"comment_status":"open","ping_status":"open","sticky":false,"template":"","format":"standard","meta":{"_yoast_wpseo_focuskw":"Usar mas e mais","_yoast_wpseo_title":"","_yoast_wpseo_metadesc":"Existe um truque f\u00e1cil para usar mas e mais corretamente. Veja como evitar erros comuns e melhorar sua escrita agora","jnews-multi-image_gallery":[],"jnews_single_post":{"format":"standard"},"jnews_primary_category":[],"jnews_social_meta":[],"jnews_override_counter":[],"footnotes":""},"categories":[112],"post_tag":[144,11254,15072],"class_list":["post-230316","post","type-post","status-publish","format-standard","has-post-thumbnail","hentry","category-curiosidades","tag-curiosidades","tag-lingua-2","tag-mas-e-mais"],"yoast_head":"<!-- This site is optimized with the Yoast SEO plugin v24.6 - https:\/\/yoast.com\/wordpress\/plugins\/seo\/ -->\n<title>Quando usar \u201cmas\u201d e \u201cmais\u201d no dia a dia sem errar - Correio Braziliense - Radar<\/title>\n<meta name=\"description\" content=\"Existe um truque f\u00e1cil para usar mas e mais corretamente. Veja como evitar erros comuns e melhorar sua escrita agora\" \/>\n<meta name=\"robots\" content=\"index, follow, max-snippet:-1, max-image-preview:large, max-video-preview:-1\" \/>\n<link rel=\"canonical\" href=\"https:\/\/www.correiobraziliense.com.br\/cbradar\/quando-usar-mas-e-mais-no-dia-a-dia-sem-errar\/\" \/>\n<meta property=\"og:locale\" content=\"pt_BR\" \/>\n<meta property=\"og:type\" content=\"article\" \/>\n<meta property=\"og:title\" content=\"Quando usar \u201cmas\u201d e \u201cmais\u201d no dia a dia sem errar - Correio Braziliense - Radar\" \/>\n<meta property=\"og:description\" content=\"Existe um truque f\u00e1cil para usar mas e mais corretamente. Veja como evitar erros comuns e melhorar sua escrita agora\" \/>\n<meta property=\"og:url\" content=\"https:\/\/www.correiobraziliense.com.br\/cbradar\/quando-usar-mas-e-mais-no-dia-a-dia-sem-errar\/\" \/>\n<meta property=\"og:site_name\" content=\"Correio Braziliense - Radar\" \/>\n<meta property=\"article:published_time\" content=\"2026-04-27T23:35:00+00:00\" \/>\n<meta property=\"og:image\" content=\"https:\/\/www.correiobraziliense.com.br\/cbradar\/wp-content\/uploads\/2026\/04\/download-2026-04-22T205202.149-2-1.png\" \/>\n\t<meta property=\"og:image:width\" content=\"1280\" \/>\n\t<meta property=\"og:image:height\" content=\"720\" \/>\n\t<meta property=\"og:image:type\" content=\"image\/png\" \/>\n<meta name=\"author\" content=\"Nicolas Otto\" \/>\n<meta name=\"twitter:card\" content=\"summary_large_image\" \/>\n<meta name=\"twitter:label1\" content=\"Escrito por\" \/>\n\t<meta name=\"twitter:data1\" content=\"Nicolas Otto\" \/>\n\t<meta name=\"twitter:label2\" content=\"Est. tempo de leitura\" \/>\n\t<meta name=\"twitter:data2\" content=\"3 minutos\" \/>\n<!-- \/ Yoast SEO plugin. -->","yoast_head_json":{"title":"Quando usar \u201cmas\u201d e \u201cmais\u201d no dia a dia sem errar - Correio Braziliense - Radar","description":"Existe um truque f\u00e1cil para usar mas e mais corretamente. Veja como evitar erros comuns e melhorar sua escrita agora","robots":{"index":"index","follow":"follow","max-snippet":"max-snippet:-1","max-image-preview":"max-image-preview:large","max-video-preview":"max-video-preview:-1"},"canonical":"https:\/\/www.correiobraziliense.com.br\/cbradar\/quando-usar-mas-e-mais-no-dia-a-dia-sem-errar\/","og_locale":"pt_BR","og_type":"article","og_title":"Quando usar \u201cmas\u201d e \u201cmais\u201d no dia a dia sem errar - Correio Braziliense - Radar","og_description":"Existe um truque f\u00e1cil para usar mas e mais corretamente. Veja como evitar erros comuns e melhorar sua escrita agora","og_url":"https:\/\/www.correiobraziliense.com.br\/cbradar\/quando-usar-mas-e-mais-no-dia-a-dia-sem-errar\/","og_site_name":"Correio Braziliense - Radar","article_published_time":"2026-04-27T23:35:00+00:00","og_image":[{"width":1280,"height":720,"url":"https:\/\/www.correiobraziliense.com.br\/cbradar\/wp-content\/uploads\/2026\/04\/download-2026-04-22T205202.149-2-1.png","type":"image\/png"}],"author":"Nicolas Otto","twitter_card":"summary_large_image","twitter_misc":{"Escrito por":"Nicolas Otto","Est. tempo de leitura":"3 minutos"},"schema":{"@context":"https:\/\/schema.org","@graph":[{"@type":"WebPage","@id":"https:\/\/www.correiobraziliense.com.br\/cbradar\/quando-usar-mas-e-mais-no-dia-a-dia-sem-errar\/","url":"https:\/\/www.correiobraziliense.com.br\/cbradar\/quando-usar-mas-e-mais-no-dia-a-dia-sem-errar\/","name":"Quando usar \u201cmas\u201d e \u201cmais\u201d no dia a dia sem errar - Correio Braziliense - Radar","isPartOf":{"@id":"https:\/\/www.correiobraziliense.com.br\/cbradar\/#website"},"primaryImageOfPage":{"@id":"https:\/\/www.correiobraziliense.com.br\/cbradar\/quando-usar-mas-e-mais-no-dia-a-dia-sem-errar\/#primaryimage"},"image":{"@id":"https:\/\/www.correiobraziliense.com.br\/cbradar\/quando-usar-mas-e-mais-no-dia-a-dia-sem-errar\/#primaryimage"},"thumbnailUrl":"https:\/\/www.correiobraziliense.com.br\/cbradar\/wp-content\/uploads\/2026\/04\/download-2026-04-22T205202.149-2-1.png","datePublished":"2026-04-27T23:35:00+00:00","author":{"@id":"https:\/\/www.correiobraziliense.com.br\/cbradar\/#\/schema\/person\/3221b250518e74ac52c442d1c1236aaa"},"description":"Existe um truque f\u00e1cil para usar mas e mais corretamente. Veja como evitar erros comuns e melhorar sua escrita agora","breadcrumb":{"@id":"https:\/\/www.correiobraziliense.com.br\/cbradar\/quando-usar-mas-e-mais-no-dia-a-dia-sem-errar\/#breadcrumb"},"inLanguage":"pt-BR","potentialAction":[{"@type":"ReadAction","target":["https:\/\/www.correiobraziliense.com.br\/cbradar\/quando-usar-mas-e-mais-no-dia-a-dia-sem-errar\/"]}]},{"@type":"ImageObject","inLanguage":"pt-BR","@id":"https:\/\/www.correiobraziliense.com.br\/cbradar\/quando-usar-mas-e-mais-no-dia-a-dia-sem-errar\/#primaryimage","url":"https:\/\/www.correiobraziliense.com.br\/cbradar\/wp-content\/uploads\/2026\/04\/download-2026-04-22T205202.149-2-1.png","contentUrl":"https:\/\/www.correiobraziliense.com.br\/cbradar\/wp-content\/uploads\/2026\/04\/download-2026-04-22T205202.149-2-1.png","width":1280,"height":720,"caption":"O erro mais comum com mas e mais revelado"},{"@type":"BreadcrumbList","@id":"https:\/\/www.correiobraziliense.com.br\/cbradar\/quando-usar-mas-e-mais-no-dia-a-dia-sem-errar\/#breadcrumb","itemListElement":[{"@type":"ListItem","position":1,"name":"In\u00edcio","item":"https:\/\/www.correiobraziliense.com.br\/cbradar\/"},{"@type":"ListItem","position":2,"name":"Quando usar \u201cmas\u201d e \u201cmais\u201d no dia a dia sem errar"}]},{"@type":"WebSite","@id":"https:\/\/www.correiobraziliense.com.br\/cbradar\/#website","url":"https:\/\/www.correiobraziliense.com.br\/cbradar\/","name":"Correio Braziliense - Radar","description":"Acompanhe as \u00faltimas not\u00edcias e fique bem informado sobre tudo o que acontece no Brasil e no mundo.","potentialAction":[{"@type":"SearchAction","target":{"@type":"EntryPoint","urlTemplate":"https:\/\/www.correiobraziliense.com.br\/cbradar\/?s={search_term_string}"},"query-input":{"@type":"PropertyValueSpecification","valueRequired":true,"valueName":"search_term_string"}}],"inLanguage":"pt-BR"},{"@type":"Person","@id":"https:\/\/www.correiobraziliense.com.br\/cbradar\/#\/schema\/person\/3221b250518e74ac52c442d1c1236aaa","name":"Nicolas Otto","image":{"@type":"ImageObject","inLanguage":"pt-BR","@id":"https:\/\/www.correiobraziliense.com.br\/cbradar\/#\/schema\/person\/image\/","url":"https:\/\/secure.gravatar.com\/avatar\/05925f730d72f0ea0df144f236adfb18?s=96&d=mm&r=g","contentUrl":"https:\/\/secure.gravatar.com\/avatar\/05925f730d72f0ea0df144f236adfb18?s=96&d=mm&r=g","caption":"Nicolas Otto"},"sameAs":["https:\/\/www.correiobraziliense.com.br\/cbradar\/"],"url":"https:\/\/www.correiobraziliense.com.br\/cbradar\/author\/nicolas-otto\/"}]}},"_links":{"self":[{"href":"https:\/\/www.correiobraziliense.com.br\/cbradar\/wp-json\/wp\/v2\/posts\/230316","targetHints":{"allow":["GET"]}}],"collection":[{"href":"https:\/\/www.correiobraziliense.com.br\/cbradar\/wp-json\/wp\/v2\/posts"}],"about":[{"href":"https:\/\/www.correiobraziliense.com.br\/cbradar\/wp-json\/wp\/v2\/types\/post"}],"author":[{"embeddable":true,"href":"https:\/\/www.correiobraziliense.com.br\/cbradar\/wp-json\/wp\/v2\/users\/23"}],"replies":[{"embeddable":true,"href":"https:\/\/www.correiobraziliense.com.br\/cbradar\/wp-json\/wp\/v2\/comments?post=230316"}],"version-history":[{"count":1,"href":"https:\/\/www.correiobraziliense.com.br\/cbradar\/wp-json\/wp\/v2\/posts\/230316\/revisions"}],"predecessor-version":[{"id":230320,"href":"https:\/\/www.correiobraziliense.com.br\/cbradar\/wp-json\/wp\/v2\/posts\/230316\/revisions\/230320"}],"wp:featuredmedia":[{"embeddable":true,"href":"https:\/\/www.correiobraziliense.com.br\/cbradar\/wp-json\/wp\/v2\/media\/230319"}],"wp:attachment":[{"href":"https:\/\/www.correiobraziliense.com.br\/cbradar\/wp-json\/wp\/v2\/media?parent=230316"}],"wp:term":[{"taxonomy":"category","embeddable":true,"href":"https:\/\/www.correiobraziliense.com.br\/cbradar\/wp-json\/wp\/v2\/categories?post=230316"},{"taxonomy":"post_tag","embeddable":true,"href":"https:\/\/www.correiobraziliense.com.br\/cbradar\/wp-json\/wp\/v2\/post_tag?post=230316"}],"curies":[{"name":"wp","href":"https:\/\/api.w.org\/{rel}","templated":true}]}}