{"id":230321,"date":"2026-04-27T20:15:00","date_gmt":"2026-04-27T23:15:00","guid":{"rendered":"https:\/\/www.correiobraziliense.com.br\/cbradar\/?p=230321"},"modified":"2026-04-22T21:03:28","modified_gmt":"2026-04-23T00:03:28","slug":"o-beneficio-surpreendente-da-banana-que-poucos-conhecem-segundo-a-ciencia","status":"publish","type":"post","link":"https:\/\/www.correiobraziliense.com.br\/cbradar\/o-beneficio-surpreendente-da-banana-que-poucos-conhecem-segundo-a-ciencia\/","title":{"rendered":"O benef\u00edcio surpreendente da banana que poucos conhecem, segundo a ci\u00eancia"},"content":{"rendered":"\n<p>A banana \u00e9 uma das frutas mais consumidas no mundo, conhecida pelo sabor e praticidade. Al\u00e9m de fornecer energia r\u00e1pida, ela apresenta compostos que v\u00e3o al\u00e9m do b\u00e1sico nutricional. Estudos em \u00e1reas como <strong>Nutri\u00e7\u00e3o<\/strong> e <strong>Neuroci\u00eancia<\/strong> indicam que seus efeitos no organismo podem impactar o humor, o intestino e at\u00e9 a qualidade do sono.<\/p>\n\n\n\n<h2 class=\"wp-block-heading\">Qual \u00e9 o benef\u00edcio menos conhecido da banana?<\/h2>\n\n\n\n<p>Entre os efeitos menos comentados, destaca-se a influ\u00eancia da banana na produ\u00e7\u00e3o de subst\u00e2ncias relacionadas ao <a href=\"https:\/\/www.correiobraziliense.com.br\/cbradar\/no-interior-de-sao-paulo-essa-cidade-gabaritou-nota-maxima-e-se-destaca-pelo-alto-padrao-de-qualidade-de-vida-e-bem-estar\/\" target=\"_blank\" rel=\"noreferrer noopener\">bem-estar<\/a>. Isso ocorre devido \u00e0 presen\u00e7a de compostos que participam da regula\u00e7\u00e3o de neurotransmissores importantes no organismo.<\/p>\n\n\n\n<p>A fruta cont\u00e9m nutrientes que auxiliam na s\u00edntese de <strong>Serotonina<\/strong>, subst\u00e2ncia associada ao humor e \u00e0 sensa\u00e7\u00e3o de relaxamento. Esse processo contribui para equil\u00edbrio emocional e pode impactar positivamente a rotina.<\/p>\n\n\n\n<figure class=\"wp-block-image size-full\"><img decoding=\"async\" width=\"1280\" height=\"720\" src=\"https:\/\/www.correiobraziliense.com.br\/cbradar\/wp-content\/uploads\/2026\/04\/banana_1776902547777.jpg\" alt=\"\" class=\"wp-image-230323\" srcset=\"https:\/\/www.correiobraziliense.com.br\/cbradar\/wp-content\/uploads\/2026\/04\/banana_1776902547777.jpg 1280w, https:\/\/www.correiobraziliense.com.br\/cbradar\/wp-content\/uploads\/2026\/04\/banana_1776902547777-300x169.jpg 300w, https:\/\/www.correiobraziliense.com.br\/cbradar\/wp-content\/uploads\/2026\/04\/banana_1776902547777-768x432.jpg 768w, https:\/\/www.correiobraziliense.com.br\/cbradar\/wp-content\/uploads\/2026\/04\/banana_1776902547777-750x422.jpg 750w, https:\/\/www.correiobraziliense.com.br\/cbradar\/wp-content\/uploads\/2026\/04\/banana_1776902547777-1140x641.jpg 1140w\" sizes=\"(max-width: 1280px) 100vw, 1280px\" \/><figcaption class=\"wp-element-caption\">O segredo mais poderoso da banana revelado &#8211; Cr\u00e9ditos: depositphotos.com \/ VadimVasenin<\/figcaption><\/figure>\n\n\n\n<h2 class=\"wp-block-heading\">Como a banana influencia o funcionamento do c\u00e9rebro?<\/h2>\n\n\n\n<p>A <a href=\"https:\/\/www.tuasaude.com\/beneficios-da-banana\/\" target=\"_blank\" rel=\"noreferrer noopener\">banana <\/a>possui <strong>Triptofano<\/strong>, um amino\u00e1cido essencial que atua como precursor da <strong>Serotonina<\/strong>. Esse nutriente depende de outros fatores para ser convertido, mas sua presen\u00e7a j\u00e1 favorece o processo natural do corpo.<\/p>\n\n\n\n<p>Al\u00e9m disso, vitaminas do complexo B presentes na fruta ajudam na fun\u00e7\u00e3o cerebral. Esse conjunto de nutrientes atua de forma integrada, favorecendo estabilidade emocional e melhor resposta a est\u00edmulos do dia a dia.<\/p>\n\n\n\n<h2 class=\"wp-block-heading\">Quais compostos da banana geram esse efeito?<\/h2>\n\n\n\n<p>A a\u00e7\u00e3o da banana no organismo est\u00e1 relacionada \u00e0 combina\u00e7\u00e3o de nutrientes que trabalham de forma complementar. Esses elementos atuam tanto no sistema nervoso quanto em processos digestivos, ampliando seus efeitos no corpo.<\/p>\n\n\n\n<p>Entre os principais compostos presentes na banana, destacam-se:<\/p>\n\n\n\n<ul class=\"wp-block-list\">\n<li><strong>Triptofano<\/strong>, associado \u00e0 produ\u00e7\u00e3o de serotonina<\/li>\n\n\n\n<li><strong>Vitamina B6<\/strong>, que auxilia na fun\u00e7\u00e3o cerebral<\/li>\n\n\n\n<li><strong>Magn\u00e9sio<\/strong>, ligado ao relaxamento muscular<\/li>\n\n\n\n<li><strong>Fibras<\/strong>, que contribuem para o equil\u00edbrio intestinal<\/li>\n\n\n\n<li><strong>Carboidratos naturais<\/strong>, que fornecem energia est\u00e1vel<\/li>\n<\/ul>\n\n\n\n<h2 class=\"wp-block-heading\">Esse efeito pode impactar o sono e o humor?<\/h2>\n\n\n\n<p>A rela\u00e7\u00e3o entre alimenta\u00e7\u00e3o e humor \u00e9 amplamente estudada em \u00e1reas como <strong>Neuroci\u00eancia<\/strong>. Nutrientes presentes na banana contribuem para processos que regulam o estado emocional e a sensa\u00e7\u00e3o de bem-estar.<\/p>\n\n\n\n<p>Al\u00e9m disso, o consumo da fruta pode favorecer o relaxamento, influenciando indiretamente a qualidade do sono. Esse efeito ocorre pela atua\u00e7\u00e3o conjunta de minerais e amino\u00e1cidos envolvidos na regula\u00e7\u00e3o do organismo.<\/p>\n\n\n\n<p>Se voc\u00ea quer melhorar seu sono de forma natural, este v\u00eddeo do canal <strong>Sa\u00fade da Mente<\/strong>, com mais de <strong>3,19 milh\u00f5es de inscritos<\/strong>, foi praticamente escolhido para voc\u00ea. Ele mostra alimentos que podem ajudar a relaxar o corpo e facilitar o adormecer no dia a dia.<\/p>\n\n\n\n<figure class=\"wp-block-embed is-type-video is-provider-youtube wp-block-embed-youtube wp-embed-aspect-16-9 wp-has-aspect-ratio\"><div class=\"wp-block-embed__wrapper\">\n<div class=\"jeg_video_container jeg_video_content\"><iframe loading=\"lazy\" title=\"Alimentos que ajudam a DORMIR\" width=\"500\" height=\"281\" src=\"https:\/\/www.youtube.com\/embed\/kkpM-xLBxUA?feature=oembed\" frameborder=\"0\" allow=\"accelerometer; autoplay; clipboard-write; encrypted-media; gyroscope; picture-in-picture; web-share\" referrerpolicy=\"strict-origin-when-cross-origin\" allowfullscreen><\/iframe><\/div>\n<\/div><\/figure>\n\n\n\n<h2 class=\"wp-block-heading\">Como incluir a banana na rotina de forma estrat\u00e9gica?<\/h2>\n\n\n\n<p>Incluir a banana na alimenta\u00e7\u00e3o \u00e9 simples e pode ser feito em diferentes momentos do dia. Ela pode ser consumida pura, combinada com outros alimentos ou inserida em prepara\u00e7\u00f5es variadas.<\/p>\n\n\n\n<p>O consumo regular, aliado a uma dieta equilibrada, potencializa seus efeitos no organismo. Dessa forma, a fruta contribui para o funcionamento adequado do corpo sem exigir mudan\u00e7as complexas na rotina alimentar.<\/p>\n","protected":false},"excerpt":{"rendered":"<p>A banana esconde efeitos pouco conhecidos no corpo. Veja como seus nutrientes impactam c\u00e9rebro, intestino e qualidade do sono<\/p>\n","protected":false},"author":23,"featured_media":230322,"comment_status":"open","ping_status":"open","sticky":false,"template":"","format":"standard","meta":{"_yoast_wpseo_focuskw":"Benef\u00edcios da banana","_yoast_wpseo_title":"","_yoast_wpseo_metadesc":"A banana esconde efeitos pouco conhecidos no corpo. Veja como seus nutrientes impactam c\u00e9rebro, intestino e qualidade do sono","jnews-multi-image_gallery":[],"jnews_single_post":{"format":"standard"},"jnews_primary_category":[],"jnews_social_meta":[],"jnews_override_counter":[],"footnotes":""},"categories":[119],"post_tag":[877,120,1318],"class_list":["post-230321","post","type-post","status-publish","format-standard","has-post-thumbnail","hentry","category-bem-estar","tag-banana","tag-bem-estar","tag-saude-2"],"yoast_head":"<!-- This site is optimized with the Yoast SEO plugin v24.6 - https:\/\/yoast.com\/wordpress\/plugins\/seo\/ -->\n<title>O benef\u00edcio surpreendente da banana que poucos conhecem, segundo a ci\u00eancia - Correio Braziliense - Radar<\/title>\n<meta name=\"description\" content=\"A banana esconde efeitos pouco conhecidos no corpo. Veja como seus nutrientes impactam c\u00e9rebro, intestino e qualidade do sono\" \/>\n<meta name=\"robots\" content=\"index, follow, max-snippet:-1, max-image-preview:large, max-video-preview:-1\" \/>\n<link rel=\"canonical\" href=\"https:\/\/www.correiobraziliense.com.br\/cbradar\/o-beneficio-surpreendente-da-banana-que-poucos-conhecem-segundo-a-ciencia\/\" \/>\n<meta property=\"og:locale\" content=\"pt_BR\" \/>\n<meta property=\"og:type\" content=\"article\" \/>\n<meta property=\"og:title\" content=\"O benef\u00edcio surpreendente da banana que poucos conhecem, segundo a ci\u00eancia - Correio Braziliense - Radar\" \/>\n<meta property=\"og:description\" content=\"A banana esconde efeitos pouco conhecidos no corpo. Veja como seus nutrientes impactam c\u00e9rebro, intestino e qualidade do sono\" \/>\n<meta property=\"og:url\" content=\"https:\/\/www.correiobraziliense.com.br\/cbradar\/o-beneficio-surpreendente-da-banana-que-poucos-conhecem-segundo-a-ciencia\/\" \/>\n<meta property=\"og:site_name\" content=\"Correio Braziliense - Radar\" \/>\n<meta property=\"article:published_time\" content=\"2026-04-27T23:15:00+00:00\" \/>\n<meta property=\"og:image\" content=\"https:\/\/www.correiobraziliense.com.br\/cbradar\/wp-content\/uploads\/2026\/04\/download-2026-04-22T210100.731-1.png\" \/>\n\t<meta property=\"og:image:width\" content=\"1280\" \/>\n\t<meta property=\"og:image:height\" content=\"720\" \/>\n\t<meta property=\"og:image:type\" content=\"image\/png\" \/>\n<meta name=\"author\" content=\"Nicolas Otto\" \/>\n<meta name=\"twitter:card\" content=\"summary_large_image\" \/>\n<meta name=\"twitter:label1\" content=\"Escrito por\" \/>\n\t<meta name=\"twitter:data1\" content=\"Nicolas Otto\" \/>\n\t<meta name=\"twitter:label2\" content=\"Est. tempo de leitura\" \/>\n\t<meta name=\"twitter:data2\" content=\"4 minutos\" \/>\n<!-- \/ Yoast SEO plugin. -->","yoast_head_json":{"title":"O benef\u00edcio surpreendente da banana que poucos conhecem, segundo a ci\u00eancia - Correio Braziliense - Radar","description":"A banana esconde efeitos pouco conhecidos no corpo. Veja como seus nutrientes impactam c\u00e9rebro, intestino e qualidade do sono","robots":{"index":"index","follow":"follow","max-snippet":"max-snippet:-1","max-image-preview":"max-image-preview:large","max-video-preview":"max-video-preview:-1"},"canonical":"https:\/\/www.correiobraziliense.com.br\/cbradar\/o-beneficio-surpreendente-da-banana-que-poucos-conhecem-segundo-a-ciencia\/","og_locale":"pt_BR","og_type":"article","og_title":"O benef\u00edcio surpreendente da banana que poucos conhecem, segundo a ci\u00eancia - Correio Braziliense - Radar","og_description":"A banana esconde efeitos pouco conhecidos no corpo. Veja como seus nutrientes impactam c\u00e9rebro, intestino e qualidade do sono","og_url":"https:\/\/www.correiobraziliense.com.br\/cbradar\/o-beneficio-surpreendente-da-banana-que-poucos-conhecem-segundo-a-ciencia\/","og_site_name":"Correio Braziliense - Radar","article_published_time":"2026-04-27T23:15:00+00:00","og_image":[{"width":1280,"height":720,"url":"https:\/\/www.correiobraziliense.com.br\/cbradar\/wp-content\/uploads\/2026\/04\/download-2026-04-22T210100.731-1.png","type":"image\/png"}],"author":"Nicolas Otto","twitter_card":"summary_large_image","twitter_misc":{"Escrito por":"Nicolas Otto","Est. tempo de leitura":"4 minutos"},"schema":{"@context":"https:\/\/schema.org","@graph":[{"@type":"WebPage","@id":"https:\/\/www.correiobraziliense.com.br\/cbradar\/o-beneficio-surpreendente-da-banana-que-poucos-conhecem-segundo-a-ciencia\/","url":"https:\/\/www.correiobraziliense.com.br\/cbradar\/o-beneficio-surpreendente-da-banana-que-poucos-conhecem-segundo-a-ciencia\/","name":"O benef\u00edcio surpreendente da banana que poucos conhecem, segundo a ci\u00eancia - Correio Braziliense - Radar","isPartOf":{"@id":"https:\/\/www.correiobraziliense.com.br\/cbradar\/#website"},"primaryImageOfPage":{"@id":"https:\/\/www.correiobraziliense.com.br\/cbradar\/o-beneficio-surpreendente-da-banana-que-poucos-conhecem-segundo-a-ciencia\/#primaryimage"},"image":{"@id":"https:\/\/www.correiobraziliense.com.br\/cbradar\/o-beneficio-surpreendente-da-banana-que-poucos-conhecem-segundo-a-ciencia\/#primaryimage"},"thumbnailUrl":"https:\/\/www.correiobraziliense.com.br\/cbradar\/wp-content\/uploads\/2026\/04\/download-2026-04-22T210100.731-1.png","datePublished":"2026-04-27T23:15:00+00:00","author":{"@id":"https:\/\/www.correiobraziliense.com.br\/cbradar\/#\/schema\/person\/3221b250518e74ac52c442d1c1236aaa"},"description":"A banana esconde efeitos pouco conhecidos no corpo. Veja como seus nutrientes impactam c\u00e9rebro, intestino e qualidade do sono","breadcrumb":{"@id":"https:\/\/www.correiobraziliense.com.br\/cbradar\/o-beneficio-surpreendente-da-banana-que-poucos-conhecem-segundo-a-ciencia\/#breadcrumb"},"inLanguage":"pt-BR","potentialAction":[{"@type":"ReadAction","target":["https:\/\/www.correiobraziliense.com.br\/cbradar\/o-beneficio-surpreendente-da-banana-que-poucos-conhecem-segundo-a-ciencia\/"]}]},{"@type":"ImageObject","inLanguage":"pt-BR","@id":"https:\/\/www.correiobraziliense.com.br\/cbradar\/o-beneficio-surpreendente-da-banana-que-poucos-conhecem-segundo-a-ciencia\/#primaryimage","url":"https:\/\/www.correiobraziliense.com.br\/cbradar\/wp-content\/uploads\/2026\/04\/download-2026-04-22T210100.731-1.png","contentUrl":"https:\/\/www.correiobraziliense.com.br\/cbradar\/wp-content\/uploads\/2026\/04\/download-2026-04-22T210100.731-1.png","width":1280,"height":720,"caption":"O segredo mais poderoso da banana revelado"},{"@type":"BreadcrumbList","@id":"https:\/\/www.correiobraziliense.com.br\/cbradar\/o-beneficio-surpreendente-da-banana-que-poucos-conhecem-segundo-a-ciencia\/#breadcrumb","itemListElement":[{"@type":"ListItem","position":1,"name":"In\u00edcio","item":"https:\/\/www.correiobraziliense.com.br\/cbradar\/"},{"@type":"ListItem","position":2,"name":"O benef\u00edcio surpreendente da banana que poucos conhecem, segundo a ci\u00eancia"}]},{"@type":"WebSite","@id":"https:\/\/www.correiobraziliense.com.br\/cbradar\/#website","url":"https:\/\/www.correiobraziliense.com.br\/cbradar\/","name":"Correio Braziliense - Radar","description":"Acompanhe as \u00faltimas not\u00edcias e fique bem informado sobre tudo o que acontece no Brasil e no mundo.","potentialAction":[{"@type":"SearchAction","target":{"@type":"EntryPoint","urlTemplate":"https:\/\/www.correiobraziliense.com.br\/cbradar\/?s={search_term_string}"},"query-input":{"@type":"PropertyValueSpecification","valueRequired":true,"valueName":"search_term_string"}}],"inLanguage":"pt-BR"},{"@type":"Person","@id":"https:\/\/www.correiobraziliense.com.br\/cbradar\/#\/schema\/person\/3221b250518e74ac52c442d1c1236aaa","name":"Nicolas Otto","image":{"@type":"ImageObject","inLanguage":"pt-BR","@id":"https:\/\/www.correiobraziliense.com.br\/cbradar\/#\/schema\/person\/image\/","url":"https:\/\/secure.gravatar.com\/avatar\/05925f730d72f0ea0df144f236adfb18?s=96&d=mm&r=g","contentUrl":"https:\/\/secure.gravatar.com\/avatar\/05925f730d72f0ea0df144f236adfb18?s=96&d=mm&r=g","caption":"Nicolas Otto"},"sameAs":["https:\/\/www.correiobraziliense.com.br\/cbradar\/"],"url":"https:\/\/www.correiobraziliense.com.br\/cbradar\/author\/nicolas-otto\/"}]}},"_links":{"self":[{"href":"https:\/\/www.correiobraziliense.com.br\/cbradar\/wp-json\/wp\/v2\/posts\/230321","targetHints":{"allow":["GET"]}}],"collection":[{"href":"https:\/\/www.correiobraziliense.com.br\/cbradar\/wp-json\/wp\/v2\/posts"}],"about":[{"href":"https:\/\/www.correiobraziliense.com.br\/cbradar\/wp-json\/wp\/v2\/types\/post"}],"author":[{"embeddable":true,"href":"https:\/\/www.correiobraziliense.com.br\/cbradar\/wp-json\/wp\/v2\/users\/23"}],"replies":[{"embeddable":true,"href":"https:\/\/www.correiobraziliense.com.br\/cbradar\/wp-json\/wp\/v2\/comments?post=230321"}],"version-history":[{"count":1,"href":"https:\/\/www.correiobraziliense.com.br\/cbradar\/wp-json\/wp\/v2\/posts\/230321\/revisions"}],"predecessor-version":[{"id":230324,"href":"https:\/\/www.correiobraziliense.com.br\/cbradar\/wp-json\/wp\/v2\/posts\/230321\/revisions\/230324"}],"wp:featuredmedia":[{"embeddable":true,"href":"https:\/\/www.correiobraziliense.com.br\/cbradar\/wp-json\/wp\/v2\/media\/230322"}],"wp:attachment":[{"href":"https:\/\/www.correiobraziliense.com.br\/cbradar\/wp-json\/wp\/v2\/media?parent=230321"}],"wp:term":[{"taxonomy":"category","embeddable":true,"href":"https:\/\/www.correiobraziliense.com.br\/cbradar\/wp-json\/wp\/v2\/categories?post=230321"},{"taxonomy":"post_tag","embeddable":true,"href":"https:\/\/www.correiobraziliense.com.br\/cbradar\/wp-json\/wp\/v2\/post_tag?post=230321"}],"curies":[{"name":"wp","href":"https:\/\/api.w.org\/{rel}","templated":true}]}}