{"id":230326,"date":"2026-04-27T18:35:00","date_gmt":"2026-04-27T21:35:00","guid":{"rendered":"https:\/\/www.correiobraziliense.com.br\/cbradar\/?p=230326"},"modified":"2026-04-22T21:11:04","modified_gmt":"2026-04-23T00:11:04","slug":"o-beneficio-surpreendente-do-cafe-que-poucos-conhecem-segundo-a-ciencia","status":"publish","type":"post","link":"https:\/\/www.correiobraziliense.com.br\/cbradar\/o-beneficio-surpreendente-do-cafe-que-poucos-conhecem-segundo-a-ciencia\/","title":{"rendered":"O benef\u00edcio surpreendente do caf\u00e9 que poucos conhecem, segundo a ci\u00eancia"},"content":{"rendered":"\n<p>O caf\u00e9 est\u00e1 presente na rotina de milh\u00f5es de pessoas, sendo valorizado principalmente por seu efeito estimulante. No entanto, pesquisas em \u00e1reas como <strong>Nutri\u00e7\u00e3o<\/strong> e <strong>Neuroci\u00eancia<\/strong> apontam benef\u00edcios menos conhecidos que v\u00e3o al\u00e9m do aumento de energia. Compostos presentes na bebida podem influenciar fun\u00e7\u00f5es cognitivas, prote\u00e7\u00e3o celular e at\u00e9 processos metab\u00f3licos importantes no organismo.<\/p>\n\n\n\n<h2 class=\"wp-block-heading\">Qual \u00e9 o benef\u00edcio menos conhecido do caf\u00e9?<\/h2>\n\n\n\n<p>Um dos <a href=\"https:\/\/www.unimed.coop.br\/site\/web\/unimedbelem\/-\/benef\u00edcios-do-caf\u00e9-malef\u00edcios-e-cuidados\" target=\"_blank\" rel=\"noreferrer noopener\">efeitos <\/a>menos comentados do <a href=\"https:\/\/www.correiobraziliense.com.br\/cbradar\/o-melhor-jeito-de-tomar-cafe-que-reduz-a-acidez-e-protege-o-estomago\/\" target=\"_blank\" rel=\"noreferrer noopener\">caf\u00e9 <\/a>est\u00e1 relacionado \u00e0 sua a\u00e7\u00e3o antioxidante no organismo. A bebida cont\u00e9m compostos bioativos que ajudam a combater o estresse oxidativo, associado ao <a href=\"https:\/\/www.mdpi.com\/2076-3921\/14\/3\/285\" target=\"_blank\" rel=\"noreferrer noopener\">envelhecimento celular<\/a>.<\/p>\n\n\n\n<p>Esses antioxidantes contribuem para a prote\u00e7\u00e3o das c\u00e9lulas contra danos causados por radicais livres. Esse processo tem impacto direto na manuten\u00e7\u00e3o da sa\u00fade e no funcionamento equilibrado do corpo ao longo do tempo.<\/p>\n\n\n\n<figure class=\"wp-block-image size-full\"><img decoding=\"async\" width=\"1280\" height=\"720\" src=\"https:\/\/www.correiobraziliense.com.br\/cbradar\/wp-content\/uploads\/2026\/04\/download-2026-04-22T210908.023-1.png\" alt=\"\" class=\"wp-image-230329\" srcset=\"https:\/\/www.correiobraziliense.com.br\/cbradar\/wp-content\/uploads\/2026\/04\/download-2026-04-22T210908.023-1.png 1280w, https:\/\/www.correiobraziliense.com.br\/cbradar\/wp-content\/uploads\/2026\/04\/download-2026-04-22T210908.023-1-300x169.png 300w, https:\/\/www.correiobraziliense.com.br\/cbradar\/wp-content\/uploads\/2026\/04\/download-2026-04-22T210908.023-1-768x432.png 768w, https:\/\/www.correiobraziliense.com.br\/cbradar\/wp-content\/uploads\/2026\/04\/download-2026-04-22T210908.023-1-750x422.png 750w, https:\/\/www.correiobraziliense.com.br\/cbradar\/wp-content\/uploads\/2026\/04\/download-2026-04-22T210908.023-1-1140x641.png 1140w\" sizes=\"(max-width: 1280px) 100vw, 1280px\" \/><figcaption class=\"wp-element-caption\">O efeito mais poderoso do caf\u00e9 no corpo revelado<\/figcaption><\/figure>\n\n\n\n<h2 class=\"wp-block-heading\">Como o caf\u00e9 atua no c\u00e9rebro al\u00e9m da energia?<\/h2>\n\n\n\n<p>A <strong>Cafe\u00edna<\/strong> presente no caf\u00e9 atua bloqueando receptores de <strong>Adenosina<\/strong>, subst\u00e2ncia ligada \u00e0 sensa\u00e7\u00e3o de cansa\u00e7o. Esse bloqueio aumenta o estado de alerta e melhora o desempenho cognitivo em diversas atividades.<\/p>\n\n\n\n<p>Al\u00e9m disso, o consumo moderado pode favorecer a libera\u00e7\u00e3o de neurotransmissores relacionados ao foco e \u00e0 motiva\u00e7\u00e3o. Esse efeito contribui para maior clareza mental e melhor desempenho em tarefas que exigem aten\u00e7\u00e3o.<\/p>\n\n\n\n<h2 class=\"wp-block-heading\">Quais compostos do caf\u00e9 s\u00e3o respons\u00e1veis por esses efeitos?<\/h2>\n\n\n\n<p>Os benef\u00edcios do caf\u00e9 est\u00e3o ligados a uma combina\u00e7\u00e3o de subst\u00e2ncias que atuam de forma complementar no organismo. Esses compostos influenciam tanto o sistema nervoso quanto processos celulares importantes.<\/p>\n\n\n\n<p>Entre os principais elementos presentes no caf\u00e9, destacam-se:<\/p>\n\n\n\n<ul class=\"wp-block-list\">\n<li><strong>Cafe\u00edna<\/strong>, respons\u00e1vel pelo est\u00edmulo mental<\/li>\n\n\n\n<li><strong>Polifen\u00f3is<\/strong>, com a\u00e7\u00e3o antioxidante<\/li>\n\n\n\n<li><strong>\u00c1cidos clorog\u00eanicos<\/strong>, ligados \u00e0 prote\u00e7\u00e3o celular<\/li>\n\n\n\n<li><strong>Magn\u00e9sio<\/strong>, que participa de fun\u00e7\u00f5es metab\u00f3licas<\/li>\n\n\n\n<li><strong>Vitaminas do complexo B<\/strong>, importantes para o sistema nervoso<\/li>\n<\/ul>\n\n\n\n<h2 class=\"wp-block-heading\">O caf\u00e9 pode ajudar na preven\u00e7\u00e3o de doen\u00e7as?<\/h2>\n\n\n\n<p>Estudos em <strong>Nutri\u00e7\u00e3o<\/strong> indicam que o consumo moderado de caf\u00e9 pode estar associado \u00e0 redu\u00e7\u00e3o do risco de algumas doen\u00e7as cr\u00f4nicas. Isso ocorre principalmente devido \u00e0 a\u00e7\u00e3o antioxidante e anti-inflamat\u00f3ria de seus compostos.<\/p>\n\n\n\n<p>Esses efeitos contribuem para a prote\u00e7\u00e3o do organismo contra processos degenerativos. No entanto, os resultados dependem de fatores como quantidade consumida e h\u00e1bitos gerais de sa\u00fade.<\/p>\n\n\n\n<p><br>Se voc\u00ea quer entender melhor o impacto do caf\u00e9 na sa\u00fade do c\u00e9rebro, este v\u00eddeo do canal <strong>Band Jornalismo<\/strong>, com mais de <strong>6,58 milh\u00f5es de inscritos<\/strong>, foi praticamente escolhido para voc\u00ea. Ele explica pesquisas recentes que relacionam o consumo da bebida com a preven\u00e7\u00e3o de doen\u00e7as neurol\u00f3gicas.<\/p>\n\n\n\n<figure class=\"wp-block-embed is-type-video is-provider-youtube wp-block-embed-youtube wp-embed-aspect-16-9 wp-has-aspect-ratio\"><div class=\"wp-block-embed__wrapper\">\n<div class=\"jeg_video_container jeg_video_content\"><iframe loading=\"lazy\" title=\"Caf\u00e9 pode ajudar a prevenir doen\u00e7as neurol\u00f3gicas\" width=\"500\" height=\"281\" src=\"https:\/\/www.youtube.com\/embed\/e6B41oRFnjc?feature=oembed\" frameborder=\"0\" allow=\"accelerometer; autoplay; clipboard-write; encrypted-media; gyroscope; picture-in-picture; web-share\" referrerpolicy=\"strict-origin-when-cross-origin\" allowfullscreen><\/iframe><\/div>\n<\/div><\/figure>\n\n\n\n<h2 class=\"wp-block-heading\">Qual \u00e9 a forma mais equilibrada de consumir caf\u00e9?<\/h2>\n\n\n\n<p>O consumo equilibrado de caf\u00e9 envolve aten\u00e7\u00e3o \u00e0 quantidade e ao hor\u00e1rio. Exageros podem causar efeitos indesejados, como ansiedade ou dificuldade para dormir, especialmente em pessoas sens\u00edveis \u00e0 cafe\u00edna.<\/p>\n\n\n\n<p>Manter uma ingest\u00e3o moderada e evitar combina\u00e7\u00f5es com excesso de a\u00e7\u00facar ajuda a preservar seus benef\u00edcios. Dessa forma, o caf\u00e9 pode fazer parte de uma rotina saud\u00e1vel sem comprometer o bem-estar geral.<\/p>\n","protected":false},"excerpt":{"rendered":"<p>O caf\u00e9 esconde efeitos pouco conhecidos no organismo. Veja como seus compostos atuam no corpo e impactam sua rotina<\/p>\n","protected":false},"author":23,"featured_media":230328,"comment_status":"open","ping_status":"open","sticky":false,"template":"","format":"standard","meta":{"_yoast_wpseo_focuskw":"Benef\u00edcios do caf\u00e9","_yoast_wpseo_title":"","_yoast_wpseo_metadesc":"O caf\u00e9 esconde efeitos pouco conhecidos no organismo. Veja como seus compostos atuam no corpo e impactam sua rotina","jnews-multi-image_gallery":[],"jnews_single_post":{"format":"standard"},"jnews_primary_category":[],"jnews_social_meta":[],"jnews_override_counter":[],"footnotes":""},"categories":[119],"post_tag":[1423,120,421,1318],"class_list":["post-230326","post","type-post","status-publish","format-standard","has-post-thumbnail","hentry","category-bem-estar","tag-alimentos","tag-bem-estar","tag-cafe","tag-saude-2"],"yoast_head":"<!-- This site is optimized with the Yoast SEO plugin v24.6 - https:\/\/yoast.com\/wordpress\/plugins\/seo\/ -->\n<title>O benef\u00edcio surpreendente do caf\u00e9 que poucos conhecem, segundo a ci\u00eancia - Correio Braziliense - Radar<\/title>\n<meta name=\"description\" content=\"O caf\u00e9 esconde efeitos pouco conhecidos no organismo. Veja como seus compostos atuam no corpo e impactam sua rotina\" \/>\n<meta name=\"robots\" content=\"index, follow, max-snippet:-1, max-image-preview:large, max-video-preview:-1\" \/>\n<link rel=\"canonical\" href=\"https:\/\/www.correiobraziliense.com.br\/cbradar\/o-beneficio-surpreendente-do-cafe-que-poucos-conhecem-segundo-a-ciencia\/\" \/>\n<meta property=\"og:locale\" content=\"pt_BR\" \/>\n<meta property=\"og:type\" content=\"article\" \/>\n<meta property=\"og:title\" content=\"O benef\u00edcio surpreendente do caf\u00e9 que poucos conhecem, segundo a ci\u00eancia - Correio Braziliense - Radar\" \/>\n<meta property=\"og:description\" content=\"O caf\u00e9 esconde efeitos pouco conhecidos no organismo. Veja como seus compostos atuam no corpo e impactam sua rotina\" \/>\n<meta property=\"og:url\" content=\"https:\/\/www.correiobraziliense.com.br\/cbradar\/o-beneficio-surpreendente-do-cafe-que-poucos-conhecem-segundo-a-ciencia\/\" \/>\n<meta property=\"og:site_name\" content=\"Correio Braziliense - Radar\" \/>\n<meta property=\"article:published_time\" content=\"2026-04-27T21:35:00+00:00\" \/>\n<meta property=\"og:image\" content=\"https:\/\/www.correiobraziliense.com.br\/cbradar\/wp-content\/uploads\/2026\/04\/download-2026-04-22T210847.026-1.png\" \/>\n\t<meta property=\"og:image:width\" content=\"1280\" \/>\n\t<meta property=\"og:image:height\" content=\"720\" \/>\n\t<meta property=\"og:image:type\" content=\"image\/png\" \/>\n<meta name=\"author\" content=\"Nicolas Otto\" \/>\n<meta name=\"twitter:card\" content=\"summary_large_image\" \/>\n<meta name=\"twitter:label1\" content=\"Escrito por\" \/>\n\t<meta name=\"twitter:data1\" content=\"Nicolas Otto\" \/>\n\t<meta name=\"twitter:label2\" content=\"Est. tempo de leitura\" \/>\n\t<meta name=\"twitter:data2\" content=\"3 minutos\" \/>\n<!-- \/ Yoast SEO plugin. -->","yoast_head_json":{"title":"O benef\u00edcio surpreendente do caf\u00e9 que poucos conhecem, segundo a ci\u00eancia - Correio Braziliense - Radar","description":"O caf\u00e9 esconde efeitos pouco conhecidos no organismo. Veja como seus compostos atuam no corpo e impactam sua rotina","robots":{"index":"index","follow":"follow","max-snippet":"max-snippet:-1","max-image-preview":"max-image-preview:large","max-video-preview":"max-video-preview:-1"},"canonical":"https:\/\/www.correiobraziliense.com.br\/cbradar\/o-beneficio-surpreendente-do-cafe-que-poucos-conhecem-segundo-a-ciencia\/","og_locale":"pt_BR","og_type":"article","og_title":"O benef\u00edcio surpreendente do caf\u00e9 que poucos conhecem, segundo a ci\u00eancia - Correio Braziliense - Radar","og_description":"O caf\u00e9 esconde efeitos pouco conhecidos no organismo. Veja como seus compostos atuam no corpo e impactam sua rotina","og_url":"https:\/\/www.correiobraziliense.com.br\/cbradar\/o-beneficio-surpreendente-do-cafe-que-poucos-conhecem-segundo-a-ciencia\/","og_site_name":"Correio Braziliense - Radar","article_published_time":"2026-04-27T21:35:00+00:00","og_image":[{"width":1280,"height":720,"url":"https:\/\/www.correiobraziliense.com.br\/cbradar\/wp-content\/uploads\/2026\/04\/download-2026-04-22T210847.026-1.png","type":"image\/png"}],"author":"Nicolas Otto","twitter_card":"summary_large_image","twitter_misc":{"Escrito por":"Nicolas Otto","Est. tempo de leitura":"3 minutos"},"schema":{"@context":"https:\/\/schema.org","@graph":[{"@type":"WebPage","@id":"https:\/\/www.correiobraziliense.com.br\/cbradar\/o-beneficio-surpreendente-do-cafe-que-poucos-conhecem-segundo-a-ciencia\/","url":"https:\/\/www.correiobraziliense.com.br\/cbradar\/o-beneficio-surpreendente-do-cafe-que-poucos-conhecem-segundo-a-ciencia\/","name":"O benef\u00edcio surpreendente do caf\u00e9 que poucos conhecem, segundo a ci\u00eancia - Correio Braziliense - Radar","isPartOf":{"@id":"https:\/\/www.correiobraziliense.com.br\/cbradar\/#website"},"primaryImageOfPage":{"@id":"https:\/\/www.correiobraziliense.com.br\/cbradar\/o-beneficio-surpreendente-do-cafe-que-poucos-conhecem-segundo-a-ciencia\/#primaryimage"},"image":{"@id":"https:\/\/www.correiobraziliense.com.br\/cbradar\/o-beneficio-surpreendente-do-cafe-que-poucos-conhecem-segundo-a-ciencia\/#primaryimage"},"thumbnailUrl":"https:\/\/www.correiobraziliense.com.br\/cbradar\/wp-content\/uploads\/2026\/04\/download-2026-04-22T210847.026-1.png","datePublished":"2026-04-27T21:35:00+00:00","author":{"@id":"https:\/\/www.correiobraziliense.com.br\/cbradar\/#\/schema\/person\/3221b250518e74ac52c442d1c1236aaa"},"description":"O caf\u00e9 esconde efeitos pouco conhecidos no organismo. Veja como seus compostos atuam no corpo e impactam sua rotina","breadcrumb":{"@id":"https:\/\/www.correiobraziliense.com.br\/cbradar\/o-beneficio-surpreendente-do-cafe-que-poucos-conhecem-segundo-a-ciencia\/#breadcrumb"},"inLanguage":"pt-BR","potentialAction":[{"@type":"ReadAction","target":["https:\/\/www.correiobraziliense.com.br\/cbradar\/o-beneficio-surpreendente-do-cafe-que-poucos-conhecem-segundo-a-ciencia\/"]}]},{"@type":"ImageObject","inLanguage":"pt-BR","@id":"https:\/\/www.correiobraziliense.com.br\/cbradar\/o-beneficio-surpreendente-do-cafe-que-poucos-conhecem-segundo-a-ciencia\/#primaryimage","url":"https:\/\/www.correiobraziliense.com.br\/cbradar\/wp-content\/uploads\/2026\/04\/download-2026-04-22T210847.026-1.png","contentUrl":"https:\/\/www.correiobraziliense.com.br\/cbradar\/wp-content\/uploads\/2026\/04\/download-2026-04-22T210847.026-1.png","width":1280,"height":720,"caption":"O efeito mais poderoso do caf\u00e9 no corpo revelado"},{"@type":"BreadcrumbList","@id":"https:\/\/www.correiobraziliense.com.br\/cbradar\/o-beneficio-surpreendente-do-cafe-que-poucos-conhecem-segundo-a-ciencia\/#breadcrumb","itemListElement":[{"@type":"ListItem","position":1,"name":"In\u00edcio","item":"https:\/\/www.correiobraziliense.com.br\/cbradar\/"},{"@type":"ListItem","position":2,"name":"O benef\u00edcio surpreendente do caf\u00e9 que poucos conhecem, segundo a ci\u00eancia"}]},{"@type":"WebSite","@id":"https:\/\/www.correiobraziliense.com.br\/cbradar\/#website","url":"https:\/\/www.correiobraziliense.com.br\/cbradar\/","name":"Correio Braziliense - Radar","description":"Acompanhe as \u00faltimas not\u00edcias e fique bem informado sobre tudo o que acontece no Brasil e no mundo.","potentialAction":[{"@type":"SearchAction","target":{"@type":"EntryPoint","urlTemplate":"https:\/\/www.correiobraziliense.com.br\/cbradar\/?s={search_term_string}"},"query-input":{"@type":"PropertyValueSpecification","valueRequired":true,"valueName":"search_term_string"}}],"inLanguage":"pt-BR"},{"@type":"Person","@id":"https:\/\/www.correiobraziliense.com.br\/cbradar\/#\/schema\/person\/3221b250518e74ac52c442d1c1236aaa","name":"Nicolas Otto","image":{"@type":"ImageObject","inLanguage":"pt-BR","@id":"https:\/\/www.correiobraziliense.com.br\/cbradar\/#\/schema\/person\/image\/","url":"https:\/\/secure.gravatar.com\/avatar\/05925f730d72f0ea0df144f236adfb18?s=96&d=mm&r=g","contentUrl":"https:\/\/secure.gravatar.com\/avatar\/05925f730d72f0ea0df144f236adfb18?s=96&d=mm&r=g","caption":"Nicolas Otto"},"sameAs":["https:\/\/www.correiobraziliense.com.br\/cbradar\/"],"url":"https:\/\/www.correiobraziliense.com.br\/cbradar\/author\/nicolas-otto\/"}]}},"_links":{"self":[{"href":"https:\/\/www.correiobraziliense.com.br\/cbradar\/wp-json\/wp\/v2\/posts\/230326","targetHints":{"allow":["GET"]}}],"collection":[{"href":"https:\/\/www.correiobraziliense.com.br\/cbradar\/wp-json\/wp\/v2\/posts"}],"about":[{"href":"https:\/\/www.correiobraziliense.com.br\/cbradar\/wp-json\/wp\/v2\/types\/post"}],"author":[{"embeddable":true,"href":"https:\/\/www.correiobraziliense.com.br\/cbradar\/wp-json\/wp\/v2\/users\/23"}],"replies":[{"embeddable":true,"href":"https:\/\/www.correiobraziliense.com.br\/cbradar\/wp-json\/wp\/v2\/comments?post=230326"}],"version-history":[{"count":1,"href":"https:\/\/www.correiobraziliense.com.br\/cbradar\/wp-json\/wp\/v2\/posts\/230326\/revisions"}],"predecessor-version":[{"id":230330,"href":"https:\/\/www.correiobraziliense.com.br\/cbradar\/wp-json\/wp\/v2\/posts\/230326\/revisions\/230330"}],"wp:featuredmedia":[{"embeddable":true,"href":"https:\/\/www.correiobraziliense.com.br\/cbradar\/wp-json\/wp\/v2\/media\/230328"}],"wp:attachment":[{"href":"https:\/\/www.correiobraziliense.com.br\/cbradar\/wp-json\/wp\/v2\/media?parent=230326"}],"wp:term":[{"taxonomy":"category","embeddable":true,"href":"https:\/\/www.correiobraziliense.com.br\/cbradar\/wp-json\/wp\/v2\/categories?post=230326"},{"taxonomy":"post_tag","embeddable":true,"href":"https:\/\/www.correiobraziliense.com.br\/cbradar\/wp-json\/wp\/v2\/post_tag?post=230326"}],"curies":[{"name":"wp","href":"https:\/\/api.w.org\/{rel}","templated":true}]}}