{"id":230331,"date":"2026-04-27T18:15:00","date_gmt":"2026-04-27T21:15:00","guid":{"rendered":"https:\/\/www.correiobraziliense.com.br\/cbradar\/?p=230331"},"modified":"2026-04-22T21:20:07","modified_gmt":"2026-04-23T00:20:07","slug":"quando-usar-por-que-porque-por-que-e-porque-sem-errar-no-dia-a-dia","status":"publish","type":"post","link":"https:\/\/www.correiobraziliense.com.br\/cbradar\/quando-usar-por-que-porque-por-que-e-porque-sem-errar-no-dia-a-dia\/","title":{"rendered":"Quando usar \u201cpor que\u201d, \u201cporque\u201d, \u201cpor qu\u00ea\u201d e \u201cporqu\u00ea\u201d sem errar no dia a dia"},"content":{"rendered":"\n<p>A d\u00favida entre \u201cpor que\u201d, \u201cporque\u201d, \u201cpor qu\u00ea\u201d e \u201cporqu\u00ea\u201d \u00e9 comum no uso cotidiano da l\u00edngua portuguesa e costuma gerar erros em mensagens, textos e at\u00e9 comunica\u00e7\u00f5es profissionais. A diferen\u00e7a entre essas formas est\u00e1 ligada \u00e0 fun\u00e7\u00e3o gramatical de cada uma. Dominar esse uso melhora a clareza da escrita e reduz ambiguidades em qualquer tipo de texto.<\/p>\n\n\n\n<h2 class=\"wp-block-heading\">Quando usar \u201cpor que\u201d separado?<\/h2>\n\n\n\n<p>\u201cPor que\u201d separado \u00e9 usado principalmente em perguntas, tanto diretas quanto indiretas. Ele aparece quando h\u00e1 uma ideia de questionamento sobre motivo ou causa dentro da <a href=\"https:\/\/www.correiobraziliense.com.br\/cbradar\/5-frases-simples-que-fortalecem-o-vinculo-entre-pais-e-filhos-segundo-especialistas-em-desenvolvimento-infantil\/\" target=\"_blank\" rel=\"noreferrer noopener\">frase<\/a>.<\/p>\n\n\n\n<p>Tamb\u00e9m pode ser usado quando est\u00e1 impl\u00edcita a express\u00e3o \u201cpelo qual\u201d ou suas varia\u00e7\u00f5es. Nesses casos, ele conecta ideias explicando a raz\u00e3o de algo sem necessariamente formar uma pergunta expl\u00edcita.<\/p>\n\n\n\n<figure class=\"wp-block-image size-full\"><img decoding=\"async\" width=\"1280\" height=\"720\" src=\"https:\/\/www.correiobraziliense.com.br\/cbradar\/wp-content\/uploads\/2026\/04\/download-2026-04-22T211832.209-1.png\" alt=\"Quando usar \u201cpor que\u201d, \u201cporque\u201d, \u201cpor qu\u00ea\u201d e \u201cporqu\u00ea\u201d sem errar no dia a dia\" class=\"wp-image-230334\" srcset=\"https:\/\/www.correiobraziliense.com.br\/cbradar\/wp-content\/uploads\/2026\/04\/download-2026-04-22T211832.209-1.png 1280w, https:\/\/www.correiobraziliense.com.br\/cbradar\/wp-content\/uploads\/2026\/04\/download-2026-04-22T211832.209-1-300x169.png 300w, https:\/\/www.correiobraziliense.com.br\/cbradar\/wp-content\/uploads\/2026\/04\/download-2026-04-22T211832.209-1-768x432.png 768w, https:\/\/www.correiobraziliense.com.br\/cbradar\/wp-content\/uploads\/2026\/04\/download-2026-04-22T211832.209-1-750x422.png 750w, https:\/\/www.correiobraziliense.com.br\/cbradar\/wp-content\/uploads\/2026\/04\/download-2026-04-22T211832.209-1-1140x641.png 1140w\" sizes=\"(max-width: 1280px) 100vw, 1280px\" \/><figcaption class=\"wp-element-caption\">Voc\u00ea erra por que e porque sem perceber isso<\/figcaption><\/figure>\n\n\n\n<h2 class=\"wp-block-heading\">Em quais situa\u00e7\u00f5es usar \u201cporque\u201d?<\/h2>\n\n\n\n<p>\u201cPorque\u201d junto e sem acento \u00e9 usado para apresentar explica\u00e7\u00f5es ou justificativas. Ele responde a uma pergunta anterior e indica causa ou motivo de forma direta.<\/p>\n\n\n\n<p>Na pr\u00e1tica, ele funciona como uma conjun\u00e7\u00e3o explicativa, muito comum na comunica\u00e7\u00e3o di\u00e1ria. \u00c9 a forma mais usada quando se responde algo de maneira objetiva e clara.<\/p>\n\n\n\n<p>Antes de avan\u00e7ar para os outros usos, \u00e9 importante organizar mentalmente as diferen\u00e7as principais entre as formas. Isso ajuda a evitar confus\u00f5es frequentes:<\/p>\n\n\n\n<ul class=\"wp-block-list\">\n<li>\u201cpor que\u201d aparece em perguntas ou equivalendo a \u201cpelo qual\u201d<\/li>\n\n\n\n<li>\u201cporque\u201d \u00e9 usado em respostas e explica\u00e7\u00f5es<\/li>\n\n\n\n<li>\u201cpor qu\u00ea\u201d aparece no fim de frases interrogativas<\/li>\n\n\n\n<li>\u201cporqu\u00ea\u201d funciona como substantivo, com sentido de \u201cmotivo\u201d<\/li>\n<\/ul>\n\n\n\n<h2 class=\"wp-block-heading\">Quando usar \u201cpor qu\u00ea\u201d com acento?<\/h2>\n\n\n\n<p>\u201cPor qu\u00ea\u201d com acento \u00e9 utilizado quando aparece no final de uma frase interrogativa. O acento ocorre porque a palavra fica isolada antes do ponto de interroga\u00e7\u00e3o ou ponto final.<\/p>\n\n\n\n<p>Esse uso \u00e9 comum em perguntas diretas, especialmente quando a estrutura da frase termina com a d\u00favida sobre o motivo. Ele mant\u00e9m a fun\u00e7\u00e3o interrogativa mesmo no final da senten\u00e7a.<\/p>\n\n\n\n<h2 class=\"wp-block-heading\">O que significa \u201cporqu\u00ea\u201d junto e com acento?<\/h2>\n\n\n\n<p>\u201cPorqu\u00ea\u201d junto e com acento funciona como substantivo. Ele representa o motivo, a raz\u00e3o ou a causa de algo, podendo ser acompanhado de artigo ou outro determinante.<\/p>\n\n\n\n<p>Nesse caso, ele pode aparecer em frases como \u201co porqu\u00ea disso\u201d ou \u201cn\u00e3o explicou o porqu\u00ea da decis\u00e3o\u201d, sempre exercendo fun\u00e7\u00e3o nominal dentro da ora\u00e7\u00e3o.<\/p>\n\n\n\n<p>Este v\u00eddeo do canal <strong>Portugu\u00eas sem Enrola\u00e7\u00e3o &#8211; Professora Lis,<\/strong> que j\u00e1 conta com 1,73 milh\u00e3o de inscritos, foi selecionado especialmente para voc\u00ea que quer finalmente dominar o uso dos porqu\u00eas sem confus\u00e3o. Em poucos minutos, a explica\u00e7\u00e3o direta da professora Lis ajuda a fixar de vez as diferen\u00e7as e evitar erros comuns no dia a dia.<\/p>\n\n\n\n<figure class=\"wp-block-embed is-type-video is-provider-youtube wp-block-embed-youtube wp-embed-aspect-16-9 wp-has-aspect-ratio\"><div class=\"wp-block-embed__wrapper\">\n<div class=\"jeg_video_container jeg_video_content\"><iframe loading=\"lazy\" title=\"USO DOS PORQU\u00caS: Como Memorizar os 4 Porqu\u00eas DE UMA VEZ POR TODAS! Veja a Diferen\u00e7a!\" width=\"500\" height=\"281\" src=\"https:\/\/www.youtube.com\/embed\/T-PCe0lqXwA?feature=oembed\" frameborder=\"0\" allow=\"accelerometer; autoplay; clipboard-write; encrypted-media; gyroscope; picture-in-picture; web-share\" referrerpolicy=\"strict-origin-when-cross-origin\" allowfullscreen><\/iframe><\/div>\n<\/div><\/figure>\n\n\n\n<h2 class=\"wp-block-heading\">Como evitar erros no uso no dia a dia?<\/h2>\n\n\n\n<p>A melhor forma de evitar erros \u00e9 observar a fun\u00e7\u00e3o da palavra dentro da frase. Identificar se h\u00e1 pergunta, resposta, final de senten\u00e7a ou uso como substantivo ajuda a escolher corretamente.<\/p>\n\n\n\n<p>Com pr\u00e1tica e aten\u00e7\u00e3o ao contexto, o uso dessas quatro formas se torna natural. A escrita ganha precis\u00e3o e reduz falhas comuns em textos formais e informais.<\/p>\n","protected":false},"excerpt":{"rendered":"<p>Entenda de forma f\u00e1cil a diferen\u00e7a entre por que, porque, por qu\u00ea e porqu\u00ea. Evite erros comuns e melhore sua escrita agora<\/p>\n","protected":false},"author":23,"featured_media":230333,"comment_status":"open","ping_status":"open","sticky":false,"template":"","format":"standard","meta":{"_yoast_wpseo_focuskw":"L\u00edngua portuguesa","_yoast_wpseo_title":"","_yoast_wpseo_metadesc":"Entenda de forma f\u00e1cil a diferen\u00e7a entre por que, porque, por qu\u00ea e porqu\u00ea. Evite erros comuns e melhore sua escrita agora","jnews-multi-image_gallery":[],"jnews_single_post":{"format":"standard"},"jnews_primary_category":[],"jnews_social_meta":[],"jnews_override_counter":[],"footnotes":""},"categories":[112],"post_tag":[144,11254,6081],"class_list":["post-230331","post","type-post","status-publish","format-standard","has-post-thumbnail","hentry","category-curiosidades","tag-curiosidades","tag-lingua-2","tag-portugues"],"yoast_head":"<!-- This site is optimized with the Yoast SEO plugin v24.6 - https:\/\/yoast.com\/wordpress\/plugins\/seo\/ -->\n<title>Quando usar \u201cpor que\u201d, \u201cporque\u201d, \u201cpor qu\u00ea\u201d e \u201cporqu\u00ea\u201d sem errar no dia a dia - Correio Braziliense - Radar<\/title>\n<meta name=\"description\" content=\"Entenda de forma f\u00e1cil a diferen\u00e7a entre por que, porque, por qu\u00ea e porqu\u00ea. Evite erros comuns e melhore sua escrita agora\" \/>\n<meta name=\"robots\" content=\"index, follow, max-snippet:-1, max-image-preview:large, max-video-preview:-1\" \/>\n<link rel=\"canonical\" href=\"https:\/\/www.correiobraziliense.com.br\/cbradar\/quando-usar-por-que-porque-por-que-e-porque-sem-errar-no-dia-a-dia\/\" \/>\n<meta property=\"og:locale\" content=\"pt_BR\" \/>\n<meta property=\"og:type\" content=\"article\" \/>\n<meta property=\"og:title\" content=\"Quando usar \u201cpor que\u201d, \u201cporque\u201d, \u201cpor qu\u00ea\u201d e \u201cporqu\u00ea\u201d sem errar no dia a dia - Correio Braziliense - Radar\" \/>\n<meta property=\"og:description\" content=\"Entenda de forma f\u00e1cil a diferen\u00e7a entre por que, porque, por qu\u00ea e porqu\u00ea. Evite erros comuns e melhore sua escrita agora\" \/>\n<meta property=\"og:url\" content=\"https:\/\/www.correiobraziliense.com.br\/cbradar\/quando-usar-por-que-porque-por-que-e-porque-sem-errar-no-dia-a-dia\/\" \/>\n<meta property=\"og:site_name\" content=\"Correio Braziliense - Radar\" \/>\n<meta property=\"article:published_time\" content=\"2026-04-27T21:15:00+00:00\" \/>\n<meta property=\"og:image\" content=\"https:\/\/www.correiobraziliense.com.br\/cbradar\/wp-content\/uploads\/2026\/04\/download-2026-04-22T211650.103-1.png\" \/>\n\t<meta property=\"og:image:width\" content=\"1280\" \/>\n\t<meta property=\"og:image:height\" content=\"720\" \/>\n\t<meta property=\"og:image:type\" content=\"image\/png\" \/>\n<meta name=\"author\" content=\"Nicolas Otto\" \/>\n<meta name=\"twitter:card\" content=\"summary_large_image\" \/>\n<meta name=\"twitter:label1\" content=\"Escrito por\" \/>\n\t<meta name=\"twitter:data1\" content=\"Nicolas Otto\" \/>\n\t<meta name=\"twitter:label2\" content=\"Est. tempo de leitura\" \/>\n\t<meta name=\"twitter:data2\" content=\"4 minutos\" \/>\n<!-- \/ Yoast SEO plugin. -->","yoast_head_json":{"title":"Quando usar \u201cpor que\u201d, \u201cporque\u201d, \u201cpor qu\u00ea\u201d e \u201cporqu\u00ea\u201d sem errar no dia a dia - Correio Braziliense - Radar","description":"Entenda de forma f\u00e1cil a diferen\u00e7a entre por que, porque, por qu\u00ea e porqu\u00ea. Evite erros comuns e melhore sua escrita agora","robots":{"index":"index","follow":"follow","max-snippet":"max-snippet:-1","max-image-preview":"max-image-preview:large","max-video-preview":"max-video-preview:-1"},"canonical":"https:\/\/www.correiobraziliense.com.br\/cbradar\/quando-usar-por-que-porque-por-que-e-porque-sem-errar-no-dia-a-dia\/","og_locale":"pt_BR","og_type":"article","og_title":"Quando usar \u201cpor que\u201d, \u201cporque\u201d, \u201cpor qu\u00ea\u201d e \u201cporqu\u00ea\u201d sem errar no dia a dia - Correio Braziliense - Radar","og_description":"Entenda de forma f\u00e1cil a diferen\u00e7a entre por que, porque, por qu\u00ea e porqu\u00ea. Evite erros comuns e melhore sua escrita agora","og_url":"https:\/\/www.correiobraziliense.com.br\/cbradar\/quando-usar-por-que-porque-por-que-e-porque-sem-errar-no-dia-a-dia\/","og_site_name":"Correio Braziliense - Radar","article_published_time":"2026-04-27T21:15:00+00:00","og_image":[{"width":1280,"height":720,"url":"https:\/\/www.correiobraziliense.com.br\/cbradar\/wp-content\/uploads\/2026\/04\/download-2026-04-22T211650.103-1.png","type":"image\/png"}],"author":"Nicolas Otto","twitter_card":"summary_large_image","twitter_misc":{"Escrito por":"Nicolas Otto","Est. tempo de leitura":"4 minutos"},"schema":{"@context":"https:\/\/schema.org","@graph":[{"@type":"WebPage","@id":"https:\/\/www.correiobraziliense.com.br\/cbradar\/quando-usar-por-que-porque-por-que-e-porque-sem-errar-no-dia-a-dia\/","url":"https:\/\/www.correiobraziliense.com.br\/cbradar\/quando-usar-por-que-porque-por-que-e-porque-sem-errar-no-dia-a-dia\/","name":"Quando usar \u201cpor que\u201d, \u201cporque\u201d, \u201cpor qu\u00ea\u201d e \u201cporqu\u00ea\u201d sem errar no dia a dia - Correio Braziliense - Radar","isPartOf":{"@id":"https:\/\/www.correiobraziliense.com.br\/cbradar\/#website"},"primaryImageOfPage":{"@id":"https:\/\/www.correiobraziliense.com.br\/cbradar\/quando-usar-por-que-porque-por-que-e-porque-sem-errar-no-dia-a-dia\/#primaryimage"},"image":{"@id":"https:\/\/www.correiobraziliense.com.br\/cbradar\/quando-usar-por-que-porque-por-que-e-porque-sem-errar-no-dia-a-dia\/#primaryimage"},"thumbnailUrl":"https:\/\/www.correiobraziliense.com.br\/cbradar\/wp-content\/uploads\/2026\/04\/download-2026-04-22T211650.103-1.png","datePublished":"2026-04-27T21:15:00+00:00","author":{"@id":"https:\/\/www.correiobraziliense.com.br\/cbradar\/#\/schema\/person\/3221b250518e74ac52c442d1c1236aaa"},"description":"Entenda de forma f\u00e1cil a diferen\u00e7a entre por que, porque, por qu\u00ea e porqu\u00ea. Evite erros comuns e melhore sua escrita agora","breadcrumb":{"@id":"https:\/\/www.correiobraziliense.com.br\/cbradar\/quando-usar-por-que-porque-por-que-e-porque-sem-errar-no-dia-a-dia\/#breadcrumb"},"inLanguage":"pt-BR","potentialAction":[{"@type":"ReadAction","target":["https:\/\/www.correiobraziliense.com.br\/cbradar\/quando-usar-por-que-porque-por-que-e-porque-sem-errar-no-dia-a-dia\/"]}]},{"@type":"ImageObject","inLanguage":"pt-BR","@id":"https:\/\/www.correiobraziliense.com.br\/cbradar\/quando-usar-por-que-porque-por-que-e-porque-sem-errar-no-dia-a-dia\/#primaryimage","url":"https:\/\/www.correiobraziliense.com.br\/cbradar\/wp-content\/uploads\/2026\/04\/download-2026-04-22T211650.103-1.png","contentUrl":"https:\/\/www.correiobraziliense.com.br\/cbradar\/wp-content\/uploads\/2026\/04\/download-2026-04-22T211650.103-1.png","width":1280,"height":720,"caption":"Voc\u00ea erra por que e porque sem perceber isso"},{"@type":"BreadcrumbList","@id":"https:\/\/www.correiobraziliense.com.br\/cbradar\/quando-usar-por-que-porque-por-que-e-porque-sem-errar-no-dia-a-dia\/#breadcrumb","itemListElement":[{"@type":"ListItem","position":1,"name":"In\u00edcio","item":"https:\/\/www.correiobraziliense.com.br\/cbradar\/"},{"@type":"ListItem","position":2,"name":"Quando usar \u201cpor que\u201d, \u201cporque\u201d, \u201cpor qu\u00ea\u201d e \u201cporqu\u00ea\u201d sem errar no dia a dia"}]},{"@type":"WebSite","@id":"https:\/\/www.correiobraziliense.com.br\/cbradar\/#website","url":"https:\/\/www.correiobraziliense.com.br\/cbradar\/","name":"Correio Braziliense - Radar","description":"Acompanhe as \u00faltimas not\u00edcias e fique bem informado sobre tudo o que acontece no Brasil e no mundo.","potentialAction":[{"@type":"SearchAction","target":{"@type":"EntryPoint","urlTemplate":"https:\/\/www.correiobraziliense.com.br\/cbradar\/?s={search_term_string}"},"query-input":{"@type":"PropertyValueSpecification","valueRequired":true,"valueName":"search_term_string"}}],"inLanguage":"pt-BR"},{"@type":"Person","@id":"https:\/\/www.correiobraziliense.com.br\/cbradar\/#\/schema\/person\/3221b250518e74ac52c442d1c1236aaa","name":"Nicolas Otto","image":{"@type":"ImageObject","inLanguage":"pt-BR","@id":"https:\/\/www.correiobraziliense.com.br\/cbradar\/#\/schema\/person\/image\/","url":"https:\/\/secure.gravatar.com\/avatar\/05925f730d72f0ea0df144f236adfb18?s=96&d=mm&r=g","contentUrl":"https:\/\/secure.gravatar.com\/avatar\/05925f730d72f0ea0df144f236adfb18?s=96&d=mm&r=g","caption":"Nicolas Otto"},"sameAs":["https:\/\/www.correiobraziliense.com.br\/cbradar\/"],"url":"https:\/\/www.correiobraziliense.com.br\/cbradar\/author\/nicolas-otto\/"}]}},"_links":{"self":[{"href":"https:\/\/www.correiobraziliense.com.br\/cbradar\/wp-json\/wp\/v2\/posts\/230331","targetHints":{"allow":["GET"]}}],"collection":[{"href":"https:\/\/www.correiobraziliense.com.br\/cbradar\/wp-json\/wp\/v2\/posts"}],"about":[{"href":"https:\/\/www.correiobraziliense.com.br\/cbradar\/wp-json\/wp\/v2\/types\/post"}],"author":[{"embeddable":true,"href":"https:\/\/www.correiobraziliense.com.br\/cbradar\/wp-json\/wp\/v2\/users\/23"}],"replies":[{"embeddable":true,"href":"https:\/\/www.correiobraziliense.com.br\/cbradar\/wp-json\/wp\/v2\/comments?post=230331"}],"version-history":[{"count":1,"href":"https:\/\/www.correiobraziliense.com.br\/cbradar\/wp-json\/wp\/v2\/posts\/230331\/revisions"}],"predecessor-version":[{"id":230335,"href":"https:\/\/www.correiobraziliense.com.br\/cbradar\/wp-json\/wp\/v2\/posts\/230331\/revisions\/230335"}],"wp:featuredmedia":[{"embeddable":true,"href":"https:\/\/www.correiobraziliense.com.br\/cbradar\/wp-json\/wp\/v2\/media\/230333"}],"wp:attachment":[{"href":"https:\/\/www.correiobraziliense.com.br\/cbradar\/wp-json\/wp\/v2\/media?parent=230331"}],"wp:term":[{"taxonomy":"category","embeddable":true,"href":"https:\/\/www.correiobraziliense.com.br\/cbradar\/wp-json\/wp\/v2\/categories?post=230331"},{"taxonomy":"post_tag","embeddable":true,"href":"https:\/\/www.correiobraziliense.com.br\/cbradar\/wp-json\/wp\/v2\/post_tag?post=230331"}],"curies":[{"name":"wp","href":"https:\/\/api.w.org\/{rel}","templated":true}]}}