{"id":230343,"date":"2026-04-27T16:15:00","date_gmt":"2026-04-27T19:15:00","guid":{"rendered":"https:\/\/www.correiobraziliense.com.br\/cbradar\/?p=230343"},"modified":"2026-04-22T21:38:25","modified_gmt":"2026-04-23T00:38:25","slug":"poucos-sabem-o-metodo-simples-para-eliminar-cheiro-ruim-de-ambientes-fechados-rapidamente","status":"publish","type":"post","link":"https:\/\/www.correiobraziliense.com.br\/cbradar\/poucos-sabem-o-metodo-simples-para-eliminar-cheiro-ruim-de-ambientes-fechados-rapidamente\/","title":{"rendered":"Poucos sabem o m\u00e9todo simples para eliminar cheiro ruim de ambientes fechados rapidamente"},"content":{"rendered":"\n<p>Ambientes fechados podem acumular odores desagrad\u00e1veis rapidamente devido \u00e0 falta de circula\u00e7\u00e3o de ar, presen\u00e7a de umidade e materiais org\u00e2nicos em decomposi\u00e7\u00e3o. Em muitos casos, o cheiro ruim n\u00e3o exige solu\u00e7\u00f5es complexas, mas sim m\u00e9todos simples baseados em <strong>ventila\u00e7\u00e3o<\/strong>, <strong>absor\u00e7\u00e3o de part\u00edculas<\/strong> e <strong>neutraliza\u00e7\u00e3o qu\u00edmica leve<\/strong>. Essas estrat\u00e9gias podem restaurar a sensa\u00e7\u00e3o de frescor sem necessidade de produtos agressivos ou procedimentos demorados.<\/p>\n\n\n\n<h2 class=\"wp-block-heading\">O que realmente causa o cheiro ruim em ambientes fechados?<\/h2>\n\n\n\n<p>O cheiro ruim em <a href=\"https:\/\/www.correiobraziliense.com.br\/cbradar\/essas-plantas-que-gostam-de-ambientes-fechados-podem-transformar-sua-casa-sem-precisar-de-sol-direto\/\" target=\"_blank\" rel=\"noreferrer noopener\">ambientes fechados<\/a> geralmente est\u00e1 associado \u00e0 combina\u00e7\u00e3o de <strong>pouca ventila\u00e7\u00e3o<\/strong> e ac\u00famulo de part\u00edculas no ar. Restos de alimentos, tecidos \u00famidos e superf\u00edcies sem limpeza adequada contribuem para a prolifera\u00e7\u00e3o de compostos vol\u00e1teis que geram odor desagrad\u00e1vel percept\u00edvel com facilidade em <a href=\"https:\/\/www.epa.gov\/indoor-air-quality-iaq\/indoor-microbiome\" target=\"_blank\" rel=\"noreferrer noopener\">espa\u00e7os pequenos e pouco arejados<\/a> no dia a dia dom\u00e9stico.<\/p>\n\n\n\n<p>Al\u00e9m disso, fatores como <strong>mofo<\/strong>, <strong>bact\u00e9rias<\/strong> e excesso de umidade intensificam esse problema ao longo do tempo. Esses elementos liberam subst\u00e2ncias que se espalham pelo ambiente e permanecem suspensas no ar. Sem renova\u00e7\u00e3o constante, o odor se torna mais concentrado e dif\u00edcil de eliminar apenas com m\u00e9todos superficiais de limpeza convencional em espa\u00e7os internos pouco ventilados.<\/p>\n\n\n\n<figure class=\"wp-block-image size-full\"><img decoding=\"async\" width=\"1280\" height=\"720\" src=\"https:\/\/www.correiobraziliense.com.br\/cbradar\/wp-content\/uploads\/2026\/04\/download-2026-04-22T213613.791-1.png\" alt=\"\" class=\"wp-image-230345\" srcset=\"https:\/\/www.correiobraziliense.com.br\/cbradar\/wp-content\/uploads\/2026\/04\/download-2026-04-22T213613.791-1.png 1280w, https:\/\/www.correiobraziliense.com.br\/cbradar\/wp-content\/uploads\/2026\/04\/download-2026-04-22T213613.791-1-300x169.png 300w, https:\/\/www.correiobraziliense.com.br\/cbradar\/wp-content\/uploads\/2026\/04\/download-2026-04-22T213613.791-1-768x432.png 768w, https:\/\/www.correiobraziliense.com.br\/cbradar\/wp-content\/uploads\/2026\/04\/download-2026-04-22T213613.791-1-750x422.png 750w, https:\/\/www.correiobraziliense.com.br\/cbradar\/wp-content\/uploads\/2026\/04\/download-2026-04-22T213613.791-1-1140x641.png 1140w\" sizes=\"(max-width: 1280px) 100vw, 1280px\" \/><figcaption class=\"wp-element-caption\">O segredo definitivo para tirar cheiro ruim rapidamente<\/figcaption><\/figure>\n\n\n\n<h2 class=\"wp-block-heading\">Como a ventila\u00e7\u00e3o controlada ajuda na elimina\u00e7\u00e3o do odor?<\/h2>\n\n\n\n<p>A <strong>ventila\u00e7\u00e3o controlada<\/strong> \u00e9 uma das formas mais eficazes de reduzir odores em ambientes fechados. Ao permitir a troca de ar entre o interior e o exterior, ocorre a dispers\u00e3o das part\u00edculas respons\u00e1veis pelo cheiro ruim. Esse processo reduz a concentra\u00e7\u00e3o de compostos odor\u00edferos sem necessidade de interven\u00e7\u00f5es qu\u00edmicas complexas ou produtos especializados.<\/p>\n\n\n\n<p>Quando aplicada corretamente, a ventila\u00e7\u00e3o cria um fluxo constante que impede o ac\u00famulo de gases e umidade. Esse movimento do ar ajuda a restaurar o equil\u00edbrio do ambiente, tornando o espa\u00e7o mais leve e agrad\u00e1vel. Em muitos casos, alguns minutos de circula\u00e7\u00e3o j\u00e1 s\u00e3o suficientes para reduzir significativamente a percep\u00e7\u00e3o do odor presente.<\/p>\n\n\n\n<h2 class=\"wp-block-heading\">Quais m\u00e9todos simples ajudam a neutralizar odores rapidamente?<\/h2>\n\n\n\n<p>Alguns m\u00e9todos dom\u00e9sticos possuem capacidade de neutralizar odores de forma r\u00e1pida sem exigir equipamentos sofisticados. Subst\u00e2ncias naturais e t\u00e9cnicas de absor\u00e7\u00e3o podem agir diretamente nas mol\u00e9culas respons\u00e1veis pelo cheiro, reduzindo sua intensidade de maneira eficiente. Esses recursos s\u00e3o amplamente utilizados por sua praticidade e baixo custo em diferentes situa\u00e7\u00f5es cotidianas.<\/p>\n\n\n\n<p>Antes de aplicar os m\u00e9todos, \u00e9 importante combinar a\u00e7\u00f5es simples que potencializam o resultado:<\/p>\n\n\n\n<ul class=\"wp-block-list\">\n<li>uso de <strong>bicarbonato de s\u00f3dio<\/strong> como absorvente<\/li>\n\n\n\n<li><strong>vinagre branco<\/strong> para neutraliza\u00e7\u00e3o de odores<\/li>\n\n\n\n<li><strong>carv\u00e3o ativado<\/strong> para reten\u00e7\u00e3o de part\u00edculas<\/li>\n\n\n\n<li><strong>caf\u00e9 mo\u00eddo<\/strong> como neutralizador natural<\/li>\n\n\n\n<li>tecidos limpos para absor\u00e7\u00e3o de umidade<\/li>\n<\/ul>\n\n\n\n<h2 class=\"wp-block-heading\">Como a umidade influencia o cheiro ruim no ambiente?<\/h2>\n\n\n\n<p>A <strong>umidade<\/strong> desempenha um papel importante na forma\u00e7\u00e3o de odores desagrad\u00e1veis em ambientes fechados. Quando presente em excesso, ela favorece o crescimento de <strong>fungos<\/strong> e bact\u00e9rias que liberam compostos respons\u00e1veis pelo cheiro caracter\u00edstico de mofo. Esse processo ocorre de forma cont\u00ednua em locais pouco ventilados ou mal iluminados.<\/p>\n\n\n\n<p>Al\u00e9m disso, a umidade prolonga a perman\u00eancia de part\u00edculas odor\u00edferas no ar e em superf\u00edcies. Isso dificulta a elimina\u00e7\u00e3o completa do cheiro mesmo ap\u00f3s a limpeza. Controlar esse fator \u00e9 essencial para manter o ambiente equilibrado e reduzir a recorr\u00eancia de odores indesejados ao longo do tempo em espa\u00e7os internos dom\u00e9sticos ou profissionais.<\/p>\n\n\n\n<p><br>Este v\u00eddeo do canal<strong> TV Aparecida<\/strong>, que j\u00e1 conta com 4,66 milh\u00f5es de inscritos, foi selecionado especialmente para voc\u00ea que quer eliminar mofo e mau cheiro de forma pr\u00e1tica neste per\u00edodo mais \u00famido. As dicas s\u00e3o diretas e ajudam a manter a casa mais limpa e agrad\u00e1vel sem complica\u00e7\u00e3o no dia a dia.<\/p>\n\n\n\n<figure class=\"wp-block-embed is-provider-youtube wp-block-embed-youtube\"><div class=\"wp-block-embed__wrapper\">\n<div class=\"jeg_video_container jeg_video_content\"><iframe loading=\"lazy\" title=\"Adeus mofo e mau cheiro: dicas de limpeza para o inverno | Viva a Tarde\" width=\"500\" height=\"281\" src=\"https:\/\/www.youtube.com\/embed\/K-PWAcWKqpE?feature=oembed\" frameborder=\"0\" allow=\"accelerometer; autoplay; clipboard-write; encrypted-media; gyroscope; picture-in-picture; web-share\" referrerpolicy=\"strict-origin-when-cross-origin\" allowfullscreen><\/iframe><\/div>\n<\/div><\/figure>\n\n\n\n<h2 class=\"wp-block-heading\">Como manter o ambiente livre de odores por mais tempo?<\/h2>\n\n\n\n<p>Manter um ambiente livre de odores exige h\u00e1bitos consistentes de limpeza e ventila\u00e7\u00e3o. A remo\u00e7\u00e3o regular de res\u00edduos org\u00e2nicos e a circula\u00e7\u00e3o frequente de ar ajudam a evitar o ac\u00famulo de part\u00edculas respons\u00e1veis pelo mau cheiro. Esses cuidados simples reduzem significativamente a necessidade de interven\u00e7\u00f5es mais intensas no futuro.<\/p>\n\n\n\n<p>O uso de materiais absorventes e a manuten\u00e7\u00e3o da umidade em n\u00edveis adequados tamb\u00e9m contribuem para um ambiente mais agrad\u00e1vel. Pequenas a\u00e7\u00f5es di\u00e1rias garantem que os odores n\u00e3o se acumulem novamente, preservando a sensa\u00e7\u00e3o de frescor por per\u00edodos mais longos sem esfor\u00e7o adicional ou uso constante de produtos qu\u00edmicos fortes.<\/p>\n","protected":false},"excerpt":{"rendered":"<p>Ambientes com mau cheiro n\u00e3o precisam de solu\u00e7\u00f5es complicadas. Veja como eliminar odores usando t\u00e9cnicas simples e naturais<\/p>\n","protected":false},"author":23,"featured_media":230344,"comment_status":"open","ping_status":"open","sticky":false,"template":"","format":"standard","meta":{"_yoast_wpseo_focuskw":"Eliminar cheiro ruim","_yoast_wpseo_title":"","_yoast_wpseo_metadesc":"Ambientes com mau cheiro n\u00e3o precisam de solu\u00e7\u00f5es complicadas. Veja como eliminar odores usando t\u00e9cnicas simples e naturais","jnews-multi-image_gallery":[],"jnews_single_post":{"format":"standard"},"jnews_primary_category":[],"jnews_social_meta":[],"jnews_override_counter":[],"footnotes":""},"categories":[112],"post_tag":[887,144,17988],"class_list":["post-230343","post","type-post","status-publish","format-standard","has-post-thumbnail","hentry","category-curiosidades","tag-casa","tag-curiosidades","tag-eliminar-cheiro-ruim"],"yoast_head":"<!-- This site is optimized with the Yoast SEO plugin v24.6 - https:\/\/yoast.com\/wordpress\/plugins\/seo\/ -->\n<title>Poucos sabem o m\u00e9todo simples para eliminar cheiro ruim de ambientes fechados rapidamente - Correio Braziliense - Radar<\/title>\n<meta name=\"description\" content=\"Ambientes com mau cheiro n\u00e3o precisam de solu\u00e7\u00f5es complicadas. Veja como eliminar odores usando t\u00e9cnicas simples e naturais\" \/>\n<meta name=\"robots\" content=\"index, follow, max-snippet:-1, max-image-preview:large, max-video-preview:-1\" \/>\n<link rel=\"canonical\" href=\"https:\/\/www.correiobraziliense.com.br\/cbradar\/poucos-sabem-o-metodo-simples-para-eliminar-cheiro-ruim-de-ambientes-fechados-rapidamente\/\" \/>\n<meta property=\"og:locale\" content=\"pt_BR\" \/>\n<meta property=\"og:type\" content=\"article\" \/>\n<meta property=\"og:title\" content=\"Poucos sabem o m\u00e9todo simples para eliminar cheiro ruim de ambientes fechados rapidamente - Correio Braziliense - Radar\" \/>\n<meta property=\"og:description\" content=\"Ambientes com mau cheiro n\u00e3o precisam de solu\u00e7\u00f5es complicadas. Veja como eliminar odores usando t\u00e9cnicas simples e naturais\" \/>\n<meta property=\"og:url\" content=\"https:\/\/www.correiobraziliense.com.br\/cbradar\/poucos-sabem-o-metodo-simples-para-eliminar-cheiro-ruim-de-ambientes-fechados-rapidamente\/\" \/>\n<meta property=\"og:site_name\" content=\"Correio Braziliense - Radar\" \/>\n<meta property=\"article:published_time\" content=\"2026-04-27T19:15:00+00:00\" \/>\n<meta property=\"og:image\" content=\"https:\/\/www.correiobraziliense.com.br\/cbradar\/wp-content\/uploads\/2026\/04\/download-2026-04-22T213608.815-1.png\" \/>\n\t<meta property=\"og:image:width\" content=\"1280\" \/>\n\t<meta property=\"og:image:height\" content=\"720\" \/>\n\t<meta property=\"og:image:type\" content=\"image\/png\" \/>\n<meta name=\"author\" content=\"Nicolas Otto\" \/>\n<meta name=\"twitter:card\" content=\"summary_large_image\" \/>\n<meta name=\"twitter:label1\" content=\"Escrito por\" \/>\n\t<meta name=\"twitter:data1\" content=\"Nicolas Otto\" \/>\n\t<meta name=\"twitter:label2\" content=\"Est. tempo de leitura\" \/>\n\t<meta name=\"twitter:data2\" content=\"5 minutos\" \/>\n<!-- \/ Yoast SEO plugin. -->","yoast_head_json":{"title":"Poucos sabem o m\u00e9todo simples para eliminar cheiro ruim de ambientes fechados rapidamente - Correio Braziliense - Radar","description":"Ambientes com mau cheiro n\u00e3o precisam de solu\u00e7\u00f5es complicadas. Veja como eliminar odores usando t\u00e9cnicas simples e naturais","robots":{"index":"index","follow":"follow","max-snippet":"max-snippet:-1","max-image-preview":"max-image-preview:large","max-video-preview":"max-video-preview:-1"},"canonical":"https:\/\/www.correiobraziliense.com.br\/cbradar\/poucos-sabem-o-metodo-simples-para-eliminar-cheiro-ruim-de-ambientes-fechados-rapidamente\/","og_locale":"pt_BR","og_type":"article","og_title":"Poucos sabem o m\u00e9todo simples para eliminar cheiro ruim de ambientes fechados rapidamente - Correio Braziliense - Radar","og_description":"Ambientes com mau cheiro n\u00e3o precisam de solu\u00e7\u00f5es complicadas. Veja como eliminar odores usando t\u00e9cnicas simples e naturais","og_url":"https:\/\/www.correiobraziliense.com.br\/cbradar\/poucos-sabem-o-metodo-simples-para-eliminar-cheiro-ruim-de-ambientes-fechados-rapidamente\/","og_site_name":"Correio Braziliense - Radar","article_published_time":"2026-04-27T19:15:00+00:00","og_image":[{"width":1280,"height":720,"url":"https:\/\/www.correiobraziliense.com.br\/cbradar\/wp-content\/uploads\/2026\/04\/download-2026-04-22T213608.815-1.png","type":"image\/png"}],"author":"Nicolas Otto","twitter_card":"summary_large_image","twitter_misc":{"Escrito por":"Nicolas Otto","Est. tempo de leitura":"5 minutos"},"schema":{"@context":"https:\/\/schema.org","@graph":[{"@type":"WebPage","@id":"https:\/\/www.correiobraziliense.com.br\/cbradar\/poucos-sabem-o-metodo-simples-para-eliminar-cheiro-ruim-de-ambientes-fechados-rapidamente\/","url":"https:\/\/www.correiobraziliense.com.br\/cbradar\/poucos-sabem-o-metodo-simples-para-eliminar-cheiro-ruim-de-ambientes-fechados-rapidamente\/","name":"Poucos sabem o m\u00e9todo simples para eliminar cheiro ruim de ambientes fechados rapidamente - Correio Braziliense - Radar","isPartOf":{"@id":"https:\/\/www.correiobraziliense.com.br\/cbradar\/#website"},"primaryImageOfPage":{"@id":"https:\/\/www.correiobraziliense.com.br\/cbradar\/poucos-sabem-o-metodo-simples-para-eliminar-cheiro-ruim-de-ambientes-fechados-rapidamente\/#primaryimage"},"image":{"@id":"https:\/\/www.correiobraziliense.com.br\/cbradar\/poucos-sabem-o-metodo-simples-para-eliminar-cheiro-ruim-de-ambientes-fechados-rapidamente\/#primaryimage"},"thumbnailUrl":"https:\/\/www.correiobraziliense.com.br\/cbradar\/wp-content\/uploads\/2026\/04\/download-2026-04-22T213608.815-1.png","datePublished":"2026-04-27T19:15:00+00:00","author":{"@id":"https:\/\/www.correiobraziliense.com.br\/cbradar\/#\/schema\/person\/3221b250518e74ac52c442d1c1236aaa"},"description":"Ambientes com mau cheiro n\u00e3o precisam de solu\u00e7\u00f5es complicadas. Veja como eliminar odores usando t\u00e9cnicas simples e naturais","breadcrumb":{"@id":"https:\/\/www.correiobraziliense.com.br\/cbradar\/poucos-sabem-o-metodo-simples-para-eliminar-cheiro-ruim-de-ambientes-fechados-rapidamente\/#breadcrumb"},"inLanguage":"pt-BR","potentialAction":[{"@type":"ReadAction","target":["https:\/\/www.correiobraziliense.com.br\/cbradar\/poucos-sabem-o-metodo-simples-para-eliminar-cheiro-ruim-de-ambientes-fechados-rapidamente\/"]}]},{"@type":"ImageObject","inLanguage":"pt-BR","@id":"https:\/\/www.correiobraziliense.com.br\/cbradar\/poucos-sabem-o-metodo-simples-para-eliminar-cheiro-ruim-de-ambientes-fechados-rapidamente\/#primaryimage","url":"https:\/\/www.correiobraziliense.com.br\/cbradar\/wp-content\/uploads\/2026\/04\/download-2026-04-22T213608.815-1.png","contentUrl":"https:\/\/www.correiobraziliense.com.br\/cbradar\/wp-content\/uploads\/2026\/04\/download-2026-04-22T213608.815-1.png","width":1280,"height":720,"caption":"O segredo definitivo para tirar cheiro ruim rapidamente"},{"@type":"BreadcrumbList","@id":"https:\/\/www.correiobraziliense.com.br\/cbradar\/poucos-sabem-o-metodo-simples-para-eliminar-cheiro-ruim-de-ambientes-fechados-rapidamente\/#breadcrumb","itemListElement":[{"@type":"ListItem","position":1,"name":"In\u00edcio","item":"https:\/\/www.correiobraziliense.com.br\/cbradar\/"},{"@type":"ListItem","position":2,"name":"Poucos sabem o m\u00e9todo simples para eliminar cheiro ruim de ambientes fechados rapidamente"}]},{"@type":"WebSite","@id":"https:\/\/www.correiobraziliense.com.br\/cbradar\/#website","url":"https:\/\/www.correiobraziliense.com.br\/cbradar\/","name":"Correio Braziliense - Radar","description":"Acompanhe as \u00faltimas not\u00edcias e fique bem informado sobre tudo o que acontece no Brasil e no mundo.","potentialAction":[{"@type":"SearchAction","target":{"@type":"EntryPoint","urlTemplate":"https:\/\/www.correiobraziliense.com.br\/cbradar\/?s={search_term_string}"},"query-input":{"@type":"PropertyValueSpecification","valueRequired":true,"valueName":"search_term_string"}}],"inLanguage":"pt-BR"},{"@type":"Person","@id":"https:\/\/www.correiobraziliense.com.br\/cbradar\/#\/schema\/person\/3221b250518e74ac52c442d1c1236aaa","name":"Nicolas Otto","image":{"@type":"ImageObject","inLanguage":"pt-BR","@id":"https:\/\/www.correiobraziliense.com.br\/cbradar\/#\/schema\/person\/image\/","url":"https:\/\/secure.gravatar.com\/avatar\/05925f730d72f0ea0df144f236adfb18?s=96&d=mm&r=g","contentUrl":"https:\/\/secure.gravatar.com\/avatar\/05925f730d72f0ea0df144f236adfb18?s=96&d=mm&r=g","caption":"Nicolas Otto"},"sameAs":["https:\/\/www.correiobraziliense.com.br\/cbradar\/"],"url":"https:\/\/www.correiobraziliense.com.br\/cbradar\/author\/nicolas-otto\/"}]}},"_links":{"self":[{"href":"https:\/\/www.correiobraziliense.com.br\/cbradar\/wp-json\/wp\/v2\/posts\/230343","targetHints":{"allow":["GET"]}}],"collection":[{"href":"https:\/\/www.correiobraziliense.com.br\/cbradar\/wp-json\/wp\/v2\/posts"}],"about":[{"href":"https:\/\/www.correiobraziliense.com.br\/cbradar\/wp-json\/wp\/v2\/types\/post"}],"author":[{"embeddable":true,"href":"https:\/\/www.correiobraziliense.com.br\/cbradar\/wp-json\/wp\/v2\/users\/23"}],"replies":[{"embeddable":true,"href":"https:\/\/www.correiobraziliense.com.br\/cbradar\/wp-json\/wp\/v2\/comments?post=230343"}],"version-history":[{"count":1,"href":"https:\/\/www.correiobraziliense.com.br\/cbradar\/wp-json\/wp\/v2\/posts\/230343\/revisions"}],"predecessor-version":[{"id":230346,"href":"https:\/\/www.correiobraziliense.com.br\/cbradar\/wp-json\/wp\/v2\/posts\/230343\/revisions\/230346"}],"wp:featuredmedia":[{"embeddable":true,"href":"https:\/\/www.correiobraziliense.com.br\/cbradar\/wp-json\/wp\/v2\/media\/230344"}],"wp:attachment":[{"href":"https:\/\/www.correiobraziliense.com.br\/cbradar\/wp-json\/wp\/v2\/media?parent=230343"}],"wp:term":[{"taxonomy":"category","embeddable":true,"href":"https:\/\/www.correiobraziliense.com.br\/cbradar\/wp-json\/wp\/v2\/categories?post=230343"},{"taxonomy":"post_tag","embeddable":true,"href":"https:\/\/www.correiobraziliense.com.br\/cbradar\/wp-json\/wp\/v2\/post_tag?post=230343"}],"curies":[{"name":"wp","href":"https:\/\/api.w.org\/{rel}","templated":true}]}}