{"id":230353,"date":"2026-04-27T15:15:00","date_gmt":"2026-04-27T18:15:00","guid":{"rendered":"https:\/\/www.correiobraziliense.com.br\/cbradar\/?p=230353"},"modified":"2026-04-22T21:55:23","modified_gmt":"2026-04-23T00:55:23","slug":"a-regra-da-lingua-portuguesa-que-poucos-sabem-aplicar-ao-usar-virgula-no-dia-a-dia","status":"publish","type":"post","link":"https:\/\/www.correiobraziliense.com.br\/cbradar\/a-regra-da-lingua-portuguesa-que-poucos-sabem-aplicar-ao-usar-virgula-no-dia-a-dia\/","title":{"rendered":"A regra da l\u00edngua portuguesa que poucos sabem aplicar ao usar v\u00edrgula no dia a dia"},"content":{"rendered":"\n<p>O uso da v\u00edrgula na l\u00edngua portuguesa \u00e9 um dos pontos que mais geram d\u00favidas na escrita cotidiana, mesmo entre pessoas que dominam bem a norma culta. Isso acontece porque a v\u00edrgula n\u00e3o indica pausa de fala, mas sim organiza\u00e7\u00e3o sint\u00e1tica. Pequenos erros podem mudar completamente o sentido de uma frase, afetando clareza e precis\u00e3o da comunica\u00e7\u00e3o escrita.<\/p>\n\n\n\n<h2 class=\"wp-block-heading\">Qual \u00e9 a regra mais ignorada no uso da v\u00edrgula?<\/h2>\n\n\n\n<p>Uma das <a href=\"https:\/\/owl.purdue.edu\/owl\/general_writing\/punctuation\/commas\/extended_rules_for_commas.html\" target=\"_blank\" rel=\"noreferrer noopener\">regras <\/a>mais ignoradas no uso da <a href=\"https:\/\/www.correiobraziliense.com.br\/cbradar\/5-casos-em-que-o-uso-da-virgula-na-lingua-portuguesa-e-indispensavel\/\" target=\"_blank\" rel=\"noreferrer noopener\">v\u00edrgula <\/a>\u00e9 a separa\u00e7\u00e3o correta entre sujeito e predicado. Em estruturas diretas, n\u00e3o se deve inserir v\u00edrgula entre o sujeito e o verbo principal da ora\u00e7\u00e3o.<\/p>\n\n\n\n<p>Esse erro \u00e9 comum porque muitas pessoas associam a v\u00edrgula a uma pausa natural da fala. No entanto, na gram\u00e1tica normativa, a fun\u00e7\u00e3o da v\u00edrgula \u00e9 estrutural, n\u00e3o sonora, e sua aplica\u00e7\u00e3o depende da organiza\u00e7\u00e3o sint\u00e1tica da frase.<\/p>\n\n\n\n<figure class=\"wp-block-image size-full\"><img decoding=\"async\" width=\"1207\" height=\"679\" src=\"https:\/\/www.correiobraziliense.com.br\/cbradar\/wp-content\/uploads\/2026\/04\/download-2026-04-22T215251.257-1.png\" alt=\"\" class=\"wp-image-230354\" srcset=\"https:\/\/www.correiobraziliense.com.br\/cbradar\/wp-content\/uploads\/2026\/04\/download-2026-04-22T215251.257-1.png 1207w, https:\/\/www.correiobraziliense.com.br\/cbradar\/wp-content\/uploads\/2026\/04\/download-2026-04-22T215251.257-1-300x169.png 300w, https:\/\/www.correiobraziliense.com.br\/cbradar\/wp-content\/uploads\/2026\/04\/download-2026-04-22T215251.257-1-768x432.png 768w, https:\/\/www.correiobraziliense.com.br\/cbradar\/wp-content\/uploads\/2026\/04\/download-2026-04-22T215251.257-1-750x422.png 750w, https:\/\/www.correiobraziliense.com.br\/cbradar\/wp-content\/uploads\/2026\/04\/download-2026-04-22T215251.257-1-1140x641.png 1140w\" sizes=\"(max-width: 1207px) 100vw, 1207px\" \/><figcaption class=\"wp-element-caption\">O segredo definitivo para nunca errar v\u00edrgula em textos<\/figcaption><\/figure>\n\n\n\n<h2 class=\"wp-block-heading\">Quando a v\u00edrgula realmente deve ser usada?<\/h2>\n\n\n\n<p>A v\u00edrgula deve ser usada para organizar elementos dentro da frase, especialmente quando h\u00e1 enumera\u00e7\u00f5es, explica\u00e7\u00f5es ou inser\u00e7\u00f5es. Ela ajuda a separar informa\u00e7\u00f5es e evitar ambiguidade no texto.<\/p>\n\n\n\n<p>Tamb\u00e9m \u00e9 utilizada para isolar express\u00f5es explicativas ou adjuntos deslocados. Isso melhora a fluidez da leitura e garante que o leitor compreenda a hierarquia das informa\u00e7\u00f5es apresentadas.<\/p>\n\n\n\n<h2 class=\"wp-block-heading\">Quais s\u00e3o os principais usos corretos da v\u00edrgula?<\/h2>\n\n\n\n<p>Antes de aplicar a v\u00edrgula corretamente, \u00e9 importante identificar as situa\u00e7\u00f5es mais comuns em que seu uso \u00e9 obrigat\u00f3rio ou recomendado. Isso ajuda a reduzir erros frequentes na escrita.<\/p>\n\n\n\n<ul class=\"wp-block-list\">\n<li>separa\u00e7\u00e3o de <strong>itens em uma enumera\u00e7\u00e3o<\/strong><\/li>\n\n\n\n<li>isolamento de <strong>apostos explicativos<\/strong><\/li>\n\n\n\n<li>separa\u00e7\u00e3o de <strong>ora\u00e7\u00f5es coordenadas<\/strong><\/li>\n\n\n\n<li>uso ap\u00f3s <strong>adjuntos adverbiais deslocados<\/strong><\/li>\n\n\n\n<li>marca\u00e7\u00e3o de <strong>intercala\u00e7\u00f5es explicativas<\/strong><\/li>\n<\/ul>\n\n\n\n<h2 class=\"wp-block-heading\">Por que a v\u00edrgula muda o sentido das frases?<\/h2>\n\n\n\n<p>A v\u00edrgula pode alterar completamente o sentido de uma frase dependendo de sua posi\u00e7\u00e3o. Pequenas mudan\u00e7as na pontua\u00e7\u00e3o podem gerar interpreta\u00e7\u00f5es diferentes ou at\u00e9 contradit\u00f3rias.<\/p>\n\n\n\n<p>Um exemplo cl\u00e1ssico mostra como a aus\u00eancia ou presen\u00e7a da v\u00edrgula pode modificar o entendimento do leitor. Isso refor\u00e7a a import\u00e2ncia de aplicar a pontua\u00e7\u00e3o com aten\u00e7\u00e3o \u00e0 estrutura da frase e n\u00e3o apenas \u00e0 inten\u00e7\u00e3o de pausa.<\/p>\n\n\n\n<p>Este v\u00eddeo do canal <strong>Portugu\u00eas Diariamente<\/strong>, que j\u00e1 re\u00fane 2,61 mil inscritos, foi selecionado especialmente para voc\u00ea que quer entender como uma simples v\u00edrgula pode mudar completamente o sentido de uma frase. A explica\u00e7\u00e3o \u00e9 direta e ajuda a evitar erros comuns que comprometem a clareza da escrita no dia a dia.<\/p>\n\n\n\n<figure class=\"wp-block-embed is-type-video is-provider-youtube wp-block-embed-youtube wp-embed-aspect-16-9 wp-has-aspect-ratio\"><div class=\"wp-block-embed__wrapper\">\n<div class=\"jeg_video_container jeg_video_content\"><iframe loading=\"lazy\" title=\"V\u00edrgulas que alteram o sentido de uma frase | #PD47\" width=\"500\" height=\"281\" src=\"https:\/\/www.youtube.com\/embed\/WmjBTxX1GUc?feature=oembed\" frameborder=\"0\" allow=\"accelerometer; autoplay; clipboard-write; encrypted-media; gyroscope; picture-in-picture; web-share\" referrerpolicy=\"strict-origin-when-cross-origin\" allowfullscreen><\/iframe><\/div>\n<\/div><\/figure>\n\n\n\n<h2 class=\"wp-block-heading\">Como evitar erros comuns ao usar v\u00edrgula?<\/h2>\n\n\n\n<p>Evitar erros no uso da v\u00edrgula exige aten\u00e7\u00e3o \u00e0 estrutura da frase e n\u00e3o \u00e0 forma como ela \u00e9 falada. O ideal \u00e9 analisar a fun\u00e7\u00e3o de cada termo dentro da ora\u00e7\u00e3o antes de pontuar.<\/p>\n\n\n\n<p>A pr\u00e1tica constante da escrita e a revis\u00e3o cuidadosa ajudam a reduzir falhas. Com o tempo, o uso correto da v\u00edrgula se torna mais intuitivo, permitindo textos mais claros, organizados e alinhados \u00e0 norma padr\u00e3o da l\u00edngua portuguesa.<\/p>\n","protected":false},"excerpt":{"rendered":"<p>Voc\u00ea pode estar usando v\u00edrgula errado sem perceber. Entenda as regras mais importantes e evite erros que afetam a clareza do texto<\/p>\n","protected":false},"author":23,"featured_media":230355,"comment_status":"open","ping_status":"open","sticky":false,"template":"","format":"standard","meta":{"_yoast_wpseo_focuskw":"Regra da l\u00edngua portuguesa","_yoast_wpseo_title":"","_yoast_wpseo_metadesc":"Voc\u00ea pode estar usando v\u00edrgula errado sem perceber. Entenda as regras mais importantes e evite erros que afetam a clareza do texto","jnews-multi-image_gallery":[],"jnews_single_post":{"format":"standard"},"jnews_primary_category":[],"jnews_social_meta":[],"jnews_override_counter":[],"footnotes":""},"categories":[112],"post_tag":[144,11064,6081],"class_list":["post-230353","post","type-post","status-publish","format-standard","has-post-thumbnail","hentry","category-curiosidades","tag-curiosidades","tag-linguas","tag-portugues"],"yoast_head":"<!-- This site is optimized with the Yoast SEO plugin v24.6 - https:\/\/yoast.com\/wordpress\/plugins\/seo\/ -->\n<title>A regra da l\u00edngua portuguesa que poucos sabem aplicar ao usar v\u00edrgula no dia a dia - Correio Braziliense - Radar<\/title>\n<meta name=\"description\" content=\"Voc\u00ea pode estar usando v\u00edrgula errado sem perceber. Entenda as regras mais importantes e evite erros que afetam a clareza do texto\" \/>\n<meta name=\"robots\" content=\"index, follow, max-snippet:-1, max-image-preview:large, max-video-preview:-1\" \/>\n<link rel=\"canonical\" href=\"https:\/\/www.correiobraziliense.com.br\/cbradar\/a-regra-da-lingua-portuguesa-que-poucos-sabem-aplicar-ao-usar-virgula-no-dia-a-dia\/\" \/>\n<meta property=\"og:locale\" content=\"pt_BR\" \/>\n<meta property=\"og:type\" content=\"article\" \/>\n<meta property=\"og:title\" content=\"A regra da l\u00edngua portuguesa que poucos sabem aplicar ao usar v\u00edrgula no dia a dia - Correio Braziliense - Radar\" \/>\n<meta property=\"og:description\" content=\"Voc\u00ea pode estar usando v\u00edrgula errado sem perceber. Entenda as regras mais importantes e evite erros que afetam a clareza do texto\" \/>\n<meta property=\"og:url\" content=\"https:\/\/www.correiobraziliense.com.br\/cbradar\/a-regra-da-lingua-portuguesa-que-poucos-sabem-aplicar-ao-usar-virgula-no-dia-a-dia\/\" \/>\n<meta property=\"og:site_name\" content=\"Correio Braziliense - Radar\" \/>\n<meta property=\"article:published_time\" content=\"2026-04-27T18:15:00+00:00\" \/>\n<meta property=\"og:image\" content=\"https:\/\/www.correiobraziliense.com.br\/cbradar\/wp-content\/uploads\/2026\/04\/download-2026-04-22T215426.124-1.png\" \/>\n\t<meta property=\"og:image:width\" content=\"1280\" \/>\n\t<meta property=\"og:image:height\" content=\"720\" \/>\n\t<meta property=\"og:image:type\" content=\"image\/png\" \/>\n<meta name=\"author\" content=\"Nicolas Otto\" \/>\n<meta name=\"twitter:card\" content=\"summary_large_image\" \/>\n<meta name=\"twitter:label1\" content=\"Escrito por\" \/>\n\t<meta name=\"twitter:data1\" content=\"Nicolas Otto\" \/>\n\t<meta name=\"twitter:label2\" content=\"Est. tempo de leitura\" \/>\n\t<meta name=\"twitter:data2\" content=\"4 minutos\" \/>\n<!-- \/ Yoast SEO plugin. -->","yoast_head_json":{"title":"A regra da l\u00edngua portuguesa que poucos sabem aplicar ao usar v\u00edrgula no dia a dia - Correio Braziliense - Radar","description":"Voc\u00ea pode estar usando v\u00edrgula errado sem perceber. Entenda as regras mais importantes e evite erros que afetam a clareza do texto","robots":{"index":"index","follow":"follow","max-snippet":"max-snippet:-1","max-image-preview":"max-image-preview:large","max-video-preview":"max-video-preview:-1"},"canonical":"https:\/\/www.correiobraziliense.com.br\/cbradar\/a-regra-da-lingua-portuguesa-que-poucos-sabem-aplicar-ao-usar-virgula-no-dia-a-dia\/","og_locale":"pt_BR","og_type":"article","og_title":"A regra da l\u00edngua portuguesa que poucos sabem aplicar ao usar v\u00edrgula no dia a dia - Correio Braziliense - Radar","og_description":"Voc\u00ea pode estar usando v\u00edrgula errado sem perceber. Entenda as regras mais importantes e evite erros que afetam a clareza do texto","og_url":"https:\/\/www.correiobraziliense.com.br\/cbradar\/a-regra-da-lingua-portuguesa-que-poucos-sabem-aplicar-ao-usar-virgula-no-dia-a-dia\/","og_site_name":"Correio Braziliense - Radar","article_published_time":"2026-04-27T18:15:00+00:00","og_image":[{"width":1280,"height":720,"url":"https:\/\/www.correiobraziliense.com.br\/cbradar\/wp-content\/uploads\/2026\/04\/download-2026-04-22T215426.124-1.png","type":"image\/png"}],"author":"Nicolas Otto","twitter_card":"summary_large_image","twitter_misc":{"Escrito por":"Nicolas Otto","Est. tempo de leitura":"4 minutos"},"schema":{"@context":"https:\/\/schema.org","@graph":[{"@type":"WebPage","@id":"https:\/\/www.correiobraziliense.com.br\/cbradar\/a-regra-da-lingua-portuguesa-que-poucos-sabem-aplicar-ao-usar-virgula-no-dia-a-dia\/","url":"https:\/\/www.correiobraziliense.com.br\/cbradar\/a-regra-da-lingua-portuguesa-que-poucos-sabem-aplicar-ao-usar-virgula-no-dia-a-dia\/","name":"A regra da l\u00edngua portuguesa que poucos sabem aplicar ao usar v\u00edrgula no dia a dia - Correio Braziliense - Radar","isPartOf":{"@id":"https:\/\/www.correiobraziliense.com.br\/cbradar\/#website"},"primaryImageOfPage":{"@id":"https:\/\/www.correiobraziliense.com.br\/cbradar\/a-regra-da-lingua-portuguesa-que-poucos-sabem-aplicar-ao-usar-virgula-no-dia-a-dia\/#primaryimage"},"image":{"@id":"https:\/\/www.correiobraziliense.com.br\/cbradar\/a-regra-da-lingua-portuguesa-que-poucos-sabem-aplicar-ao-usar-virgula-no-dia-a-dia\/#primaryimage"},"thumbnailUrl":"https:\/\/www.correiobraziliense.com.br\/cbradar\/wp-content\/uploads\/2026\/04\/download-2026-04-22T215426.124-1.png","datePublished":"2026-04-27T18:15:00+00:00","author":{"@id":"https:\/\/www.correiobraziliense.com.br\/cbradar\/#\/schema\/person\/3221b250518e74ac52c442d1c1236aaa"},"description":"Voc\u00ea pode estar usando v\u00edrgula errado sem perceber. Entenda as regras mais importantes e evite erros que afetam a clareza do texto","breadcrumb":{"@id":"https:\/\/www.correiobraziliense.com.br\/cbradar\/a-regra-da-lingua-portuguesa-que-poucos-sabem-aplicar-ao-usar-virgula-no-dia-a-dia\/#breadcrumb"},"inLanguage":"pt-BR","potentialAction":[{"@type":"ReadAction","target":["https:\/\/www.correiobraziliense.com.br\/cbradar\/a-regra-da-lingua-portuguesa-que-poucos-sabem-aplicar-ao-usar-virgula-no-dia-a-dia\/"]}]},{"@type":"ImageObject","inLanguage":"pt-BR","@id":"https:\/\/www.correiobraziliense.com.br\/cbradar\/a-regra-da-lingua-portuguesa-que-poucos-sabem-aplicar-ao-usar-virgula-no-dia-a-dia\/#primaryimage","url":"https:\/\/www.correiobraziliense.com.br\/cbradar\/wp-content\/uploads\/2026\/04\/download-2026-04-22T215426.124-1.png","contentUrl":"https:\/\/www.correiobraziliense.com.br\/cbradar\/wp-content\/uploads\/2026\/04\/download-2026-04-22T215426.124-1.png","width":1280,"height":720,"caption":"O segredo definitivo para nunca errar v\u00edrgula em textos"},{"@type":"BreadcrumbList","@id":"https:\/\/www.correiobraziliense.com.br\/cbradar\/a-regra-da-lingua-portuguesa-que-poucos-sabem-aplicar-ao-usar-virgula-no-dia-a-dia\/#breadcrumb","itemListElement":[{"@type":"ListItem","position":1,"name":"In\u00edcio","item":"https:\/\/www.correiobraziliense.com.br\/cbradar\/"},{"@type":"ListItem","position":2,"name":"A regra da l\u00edngua portuguesa que poucos sabem aplicar ao usar v\u00edrgula no dia a dia"}]},{"@type":"WebSite","@id":"https:\/\/www.correiobraziliense.com.br\/cbradar\/#website","url":"https:\/\/www.correiobraziliense.com.br\/cbradar\/","name":"Correio Braziliense - Radar","description":"Acompanhe as \u00faltimas not\u00edcias e fique bem informado sobre tudo o que acontece no Brasil e no mundo.","potentialAction":[{"@type":"SearchAction","target":{"@type":"EntryPoint","urlTemplate":"https:\/\/www.correiobraziliense.com.br\/cbradar\/?s={search_term_string}"},"query-input":{"@type":"PropertyValueSpecification","valueRequired":true,"valueName":"search_term_string"}}],"inLanguage":"pt-BR"},{"@type":"Person","@id":"https:\/\/www.correiobraziliense.com.br\/cbradar\/#\/schema\/person\/3221b250518e74ac52c442d1c1236aaa","name":"Nicolas Otto","image":{"@type":"ImageObject","inLanguage":"pt-BR","@id":"https:\/\/www.correiobraziliense.com.br\/cbradar\/#\/schema\/person\/image\/","url":"https:\/\/secure.gravatar.com\/avatar\/05925f730d72f0ea0df144f236adfb18?s=96&d=mm&r=g","contentUrl":"https:\/\/secure.gravatar.com\/avatar\/05925f730d72f0ea0df144f236adfb18?s=96&d=mm&r=g","caption":"Nicolas Otto"},"sameAs":["https:\/\/www.correiobraziliense.com.br\/cbradar\/"],"url":"https:\/\/www.correiobraziliense.com.br\/cbradar\/author\/nicolas-otto\/"}]}},"_links":{"self":[{"href":"https:\/\/www.correiobraziliense.com.br\/cbradar\/wp-json\/wp\/v2\/posts\/230353","targetHints":{"allow":["GET"]}}],"collection":[{"href":"https:\/\/www.correiobraziliense.com.br\/cbradar\/wp-json\/wp\/v2\/posts"}],"about":[{"href":"https:\/\/www.correiobraziliense.com.br\/cbradar\/wp-json\/wp\/v2\/types\/post"}],"author":[{"embeddable":true,"href":"https:\/\/www.correiobraziliense.com.br\/cbradar\/wp-json\/wp\/v2\/users\/23"}],"replies":[{"embeddable":true,"href":"https:\/\/www.correiobraziliense.com.br\/cbradar\/wp-json\/wp\/v2\/comments?post=230353"}],"version-history":[{"count":1,"href":"https:\/\/www.correiobraziliense.com.br\/cbradar\/wp-json\/wp\/v2\/posts\/230353\/revisions"}],"predecessor-version":[{"id":230356,"href":"https:\/\/www.correiobraziliense.com.br\/cbradar\/wp-json\/wp\/v2\/posts\/230353\/revisions\/230356"}],"wp:featuredmedia":[{"embeddable":true,"href":"https:\/\/www.correiobraziliense.com.br\/cbradar\/wp-json\/wp\/v2\/media\/230355"}],"wp:attachment":[{"href":"https:\/\/www.correiobraziliense.com.br\/cbradar\/wp-json\/wp\/v2\/media?parent=230353"}],"wp:term":[{"taxonomy":"category","embeddable":true,"href":"https:\/\/www.correiobraziliense.com.br\/cbradar\/wp-json\/wp\/v2\/categories?post=230353"},{"taxonomy":"post_tag","embeddable":true,"href":"https:\/\/www.correiobraziliense.com.br\/cbradar\/wp-json\/wp\/v2\/post_tag?post=230353"}],"curies":[{"name":"wp","href":"https:\/\/api.w.org\/{rel}","templated":true}]}}