{"id":230371,"date":"2026-04-27T10:55:00","date_gmt":"2026-04-27T13:55:00","guid":{"rendered":"https:\/\/www.correiobraziliense.com.br\/cbradar\/?p=230371"},"modified":"2026-04-22T23:23:06","modified_gmt":"2026-04-23T02:23:06","slug":"o-alimento-comum-que-pode-aumentar-a-ansiedade-se-consumido-em-excesso-sem-voce-perceber","status":"publish","type":"post","link":"https:\/\/www.correiobraziliense.com.br\/cbradar\/o-alimento-comum-que-pode-aumentar-a-ansiedade-se-consumido-em-excesso-sem-voce-perceber\/","title":{"rendered":"O alimento comum que pode aumentar a ansiedade se consumido em excesso sem voc\u00ea perceber"},"content":{"rendered":"\n<p>Um alimento presente na rotina de milh\u00f5es de pessoas pode influenciar diretamente o n\u00edvel de ansiedade sem que isso seja percebido. O consumo frequente e em excesso desse item afeta o sistema nervoso e altera o estado de alerta, gerando sintomas sutis que passam despercebidos no dia a dia de muitas pessoas com frequ\u00eancia crescente na sociedade moderna.<\/p>\n\n\n\n<h2 class=\"wp-block-heading\">Qual alimento comum pode influenciar a ansiedade sem ser percebido?<\/h2>\n\n\n\n<p>Entre os <a href=\"https:\/\/www.correiobraziliense.com.br\/cbradar\/os-3-alimentos-obrigatorios-para-pessoas-com-mais-de-50-anos\/\" target=\"_blank\" rel=\"noreferrer noopener\">alimentos <\/a>mais consumidos no cotidiano o <strong>caf\u00e9<\/strong> se destaca por conter <strong>cafe\u00edna<\/strong>, subst\u00e2ncia estimulante que atua diretamente no sistema nervoso central Quando ingerido em excesso pode aumentar a ativa\u00e7\u00e3o cerebral e gerar sensa\u00e7\u00e3o de inquieta\u00e7\u00e3o sendo frequentemente associado ao aumento da ansiedade em pessoas mais sens\u00edveis ao composto segundo observa\u00e7\u00f5es nutricionais atuais cl\u00ednicas.<\/p>\n\n\n\n<p>Esse efeito ocorre porque a cafe\u00edna<a href=\"https:\/\/pubmed.ncbi.nlm.nih.gov\/1356551\/\" target=\"_blank\" rel=\"noreferrer noopener\"> bloqueia receptores de adenosina<\/a> respons\u00e1veis pela sensa\u00e7\u00e3o de relaxamento e sono Ao mesmo tempo estimula a libera\u00e7\u00e3o de adrenalina o que pode aumentar batimentos card\u00edacos e gerar sensa\u00e7\u00e3o de alerta constante contribuindo para sintomas leves de ansiedade ao longo do dia em indiv\u00edduos suscet\u00edveis clinicamente observados na pr\u00e1tica cotidiana.<\/p>\n\n\n\n<figure class=\"wp-block-image size-full\"><img decoding=\"async\" width=\"1280\" height=\"720\" src=\"https:\/\/www.correiobraziliense.com.br\/cbradar\/wp-content\/uploads\/2026\/04\/download-2026-04-22T232050.801-1.png\" alt=\"\" class=\"wp-image-230375\" srcset=\"https:\/\/www.correiobraziliense.com.br\/cbradar\/wp-content\/uploads\/2026\/04\/download-2026-04-22T232050.801-1.png 1280w, https:\/\/www.correiobraziliense.com.br\/cbradar\/wp-content\/uploads\/2026\/04\/download-2026-04-22T232050.801-1-300x169.png 300w, https:\/\/www.correiobraziliense.com.br\/cbradar\/wp-content\/uploads\/2026\/04\/download-2026-04-22T232050.801-1-768x432.png 768w, https:\/\/www.correiobraziliense.com.br\/cbradar\/wp-content\/uploads\/2026\/04\/download-2026-04-22T232050.801-1-750x422.png 750w, https:\/\/www.correiobraziliense.com.br\/cbradar\/wp-content\/uploads\/2026\/04\/download-2026-04-22T232050.801-1-1140x641.png 1140w\" sizes=\"(max-width: 1280px) 100vw, 1280px\" \/><figcaption class=\"wp-element-caption\">Voc\u00ea toma isso todo dia e n\u00e3o percebe o efeito na ansiedade<\/figcaption><\/figure>\n\n\n\n<h2 class=\"wp-block-heading\">Como o consumo frequente de caf\u00e9 afeta o sistema nervoso?<\/h2>\n\n\n\n<p>Quando o consumo de <strong>caf\u00e9<\/strong> se torna frequente ao longo do dia o organismo pode entrar em um estado cont\u00ednuo de est\u00edmulo dificultando o equil\u00edbrio natural entre alerta e relaxamento Esse padr\u00e3o pode intensificar a sensibilidade ao estresse especialmente em pessoas que j\u00e1 possuem predisposi\u00e7\u00e3o \u00e0 ansiedade de forma progressiva segundo estudos comportamentais recentes observados.<\/p>\n\n\n\n<p>Al\u00e9m disso a ingest\u00e3o repetida pode reduzir a sensibilidade dos receptores de adenosina fazendo com que o corpo precise de doses maiores para alcan\u00e7ar o mesmo efeito estimulante Isso cria um ciclo de depend\u00eancia leve que pode manter o sistema nervoso em constante ativa\u00e7\u00e3o ao longo do tempo em an\u00e1lise cl\u00ednica frequente observada em pacientes.<\/p>\n\n\n\n<h2 class=\"wp-block-heading\">Quais sinais indicam que o caf\u00e9 pode estar aumentando a ansiedade?<\/h2>\n\n\n\n<p>Muitos sinais associados ao excesso de <strong>cafe\u00edna<\/strong> passam despercebidos no cotidiano sendo confundidos com cansa\u00e7o ou estresse comum Esses sintomas incluem altera\u00e7\u00f5es no sono irritabilidade e sensa\u00e7\u00e3o de inquieta\u00e7\u00e3o constante que podem se intensificar sem que a pessoa perceba a rela\u00e7\u00e3o direta com o consumo de caf\u00e9 di\u00e1rio de forma gradual na rotina pessoal atual.<\/p>\n\n\n\n<p>A identifica\u00e7\u00e3o desses sinais ajuda a ajustar o consumo di\u00e1rio e melhorar o bem estar mental:<\/p>\n\n\n\n<ul class=\"wp-block-list\">\n<li><strong>Redu\u00e7\u00e3o gradual do caf\u00e9 ao longo do dia<\/strong><\/li>\n\n\n\n<li><strong>Aten\u00e7\u00e3o ao consumo ap\u00f3s o meio da tarde<\/strong><\/li>\n\n\n\n<li><strong>Observa\u00e7\u00e3o de altera\u00e7\u00f5es no sono e humor<\/strong><\/li>\n\n\n\n<li><strong>Substitui\u00e7\u00e3o por bebidas sem cafe\u00edna<\/strong><\/li>\n\n\n\n<li><strong>Monitoramento da sensibilidade individual<\/strong><\/li>\n<\/ul>\n\n\n\n<h2 class=\"wp-block-heading\">Quais efeitos a cafe\u00edna pode causar no bem estar emocional?<\/h2>\n\n\n\n<p>A <strong>cafe\u00edna<\/strong> pode impactar diretamente o bem estar emocional ao alterar neurotransmissores ligados ao humor e \u00e0 resposta ao estresse Em pessoas sens\u00edveis o consumo excessivo pode gerar irritabilidade nervosismo e sensa\u00e7\u00e3o de sobrecarga mental afetando a estabilidade emocional ao longo do dia de forma cont\u00ednua e percept\u00edvel segundo an\u00e1lises cl\u00ednicas recentes observadas em estudos controlados.<\/p>\n\n\n\n<p>O efeito costuma ser mais evidente em indiv\u00edduos que j\u00e1 apresentam predisposi\u00e7\u00e3o \u00e0 ansiedade pois o sistema nervoso responde de forma mais intensa aos est\u00edmulos da cafe\u00edna contribuindo para oscila\u00e7\u00f5es emocionais ao longo do dia e maior dificuldade de relaxamento em situa\u00e7\u00f5es de rotina em observa\u00e7\u00f5es comportamentais recorrentes registradas clinicamente em pacientes avaliados recentemente tamb\u00e9m.<\/p>\n\n\n\n<p><br>Este v\u00eddeo do canal<strong> BBC News Brasil,<\/strong> que j\u00e1 re\u00fane 4,84 milh\u00f5es de inscritos, foi selecionado especialmente para voc\u00ea que quer entender de forma clara o que o caf\u00e9 realmente causa no corpo. A explica\u00e7\u00e3o ajuda a separar mitos e fatos, trazendo informa\u00e7\u00e3o \u00fatil para suas escolhas do dia a dia.<\/p>\n\n\n\n<figure class=\"wp-block-embed is-type-video is-provider-youtube wp-block-embed-youtube wp-embed-aspect-16-9 wp-has-aspect-ratio\"><div class=\"wp-block-embed__wrapper\">\n<div class=\"jeg_video_container jeg_video_content\"><iframe loading=\"lazy\" title=\"O que o caf\u00e9 realmente faz com o seu corpo\" width=\"500\" height=\"281\" src=\"https:\/\/www.youtube.com\/embed\/D9BQyF--_8k?feature=oembed\" frameborder=\"0\" allow=\"accelerometer; autoplay; clipboard-write; encrypted-media; gyroscope; picture-in-picture; web-share\" referrerpolicy=\"strict-origin-when-cross-origin\" allowfullscreen><\/iframe><\/div>\n<\/div><\/figure>\n\n\n\n<h2 class=\"wp-block-heading\">Como reduzir os efeitos da cafe\u00edna sem eliminar o caf\u00e9?<\/h2>\n\n\n\n<p>Reduzir os efeitos da <strong>cafe\u00edna<\/strong> n\u00e3o exige necessariamente eliminar o <strong>caf\u00e9<\/strong> mas sim ajustar a quantidade e o hor\u00e1rio de consumo Estrat\u00e9gias simples podem ajudar a manter o prazer da bebida sem comprometer o equil\u00edbrio emocional e reduzir a probabilidade de sintomas associados \u00e0 ansiedade no cotidiano de forma consistente segundo especialistas nutricionais atuais cl\u00ednicos.<\/p>\n\n\n\n<p>Pequenas mudan\u00e7as no consumo di\u00e1rio como evitar ingest\u00e3o em hor\u00e1rios tardios e alternar com bebidas sem estimulantes ajudam a estabilizar o sistema nervoso e melhorar a qualidade do sono favorecendo maior equil\u00edbrio emocional ao longo do dia e redu\u00e7\u00e3o de picos de ansiedade relacionados ao est\u00edmulo excessivo em rotina di\u00e1ria controlada clinicamente avaliada recentemente tamb\u00e9m.<\/p>\n","protected":false},"excerpt":{"rendered":"<p>Voc\u00ea pode estar aumentando sua ansiedade sem saber. Veja como o caf\u00e9 afeta o c\u00e9rebro e quais sinais observar no dia a dia<\/p>\n","protected":false},"author":23,"featured_media":230374,"comment_status":"open","ping_status":"open","sticky":false,"template":"","format":"standard","meta":{"_yoast_wpseo_focuskw":"Alimento que aumenta a ansiedade","_yoast_wpseo_title":"","_yoast_wpseo_metadesc":"Voc\u00ea pode estar aumentando sua ansiedade sem saber. Veja como o caf\u00e9 afeta o c\u00e9rebro e quais sinais observar no dia a dia","jnews-multi-image_gallery":[],"jnews_single_post":{"format":"standard"},"jnews_primary_category":[],"jnews_social_meta":[],"jnews_override_counter":[],"footnotes":""},"categories":[119],"post_tag":[1524,812,120,1318],"class_list":["post-230371","post","type-post","status-publish","format-standard","has-post-thumbnail","hentry","category-bem-estar","tag-alimento","tag-ansiedade","tag-bem-estar","tag-saude-2"],"yoast_head":"<!-- This site is optimized with the Yoast SEO plugin v24.6 - https:\/\/yoast.com\/wordpress\/plugins\/seo\/ -->\n<title>O alimento comum que pode aumentar a ansiedade se consumido em excesso sem voc\u00ea perceber - Correio Braziliense - Radar<\/title>\n<meta name=\"description\" content=\"Voc\u00ea pode estar aumentando sua ansiedade sem saber. Veja como o caf\u00e9 afeta o c\u00e9rebro e quais sinais observar no dia a dia\" \/>\n<meta name=\"robots\" content=\"index, follow, max-snippet:-1, max-image-preview:large, max-video-preview:-1\" \/>\n<link rel=\"canonical\" href=\"https:\/\/www.correiobraziliense.com.br\/cbradar\/o-alimento-comum-que-pode-aumentar-a-ansiedade-se-consumido-em-excesso-sem-voce-perceber\/\" \/>\n<meta property=\"og:locale\" content=\"pt_BR\" \/>\n<meta property=\"og:type\" content=\"article\" \/>\n<meta property=\"og:title\" content=\"O alimento comum que pode aumentar a ansiedade se consumido em excesso sem voc\u00ea perceber - Correio Braziliense - Radar\" \/>\n<meta property=\"og:description\" content=\"Voc\u00ea pode estar aumentando sua ansiedade sem saber. Veja como o caf\u00e9 afeta o c\u00e9rebro e quais sinais observar no dia a dia\" \/>\n<meta property=\"og:url\" content=\"https:\/\/www.correiobraziliense.com.br\/cbradar\/o-alimento-comum-que-pode-aumentar-a-ansiedade-se-consumido-em-excesso-sem-voce-perceber\/\" \/>\n<meta property=\"og:site_name\" content=\"Correio Braziliense - Radar\" \/>\n<meta property=\"article:published_time\" content=\"2026-04-27T13:55:00+00:00\" \/>\n<meta property=\"og:image\" content=\"https:\/\/www.correiobraziliense.com.br\/cbradar\/wp-content\/uploads\/2026\/04\/download-2026-04-22T232028.857-1.png\" \/>\n\t<meta property=\"og:image:width\" content=\"1280\" \/>\n\t<meta property=\"og:image:height\" content=\"720\" \/>\n\t<meta property=\"og:image:type\" content=\"image\/png\" \/>\n<meta name=\"author\" content=\"Nicolas Otto\" \/>\n<meta name=\"twitter:card\" content=\"summary_large_image\" \/>\n<meta name=\"twitter:label1\" content=\"Escrito por\" \/>\n\t<meta name=\"twitter:data1\" content=\"Nicolas Otto\" \/>\n\t<meta name=\"twitter:label2\" content=\"Est. tempo de leitura\" \/>\n\t<meta name=\"twitter:data2\" content=\"5 minutos\" \/>\n<!-- \/ Yoast SEO plugin. -->","yoast_head_json":{"title":"O alimento comum que pode aumentar a ansiedade se consumido em excesso sem voc\u00ea perceber - Correio Braziliense - Radar","description":"Voc\u00ea pode estar aumentando sua ansiedade sem saber. Veja como o caf\u00e9 afeta o c\u00e9rebro e quais sinais observar no dia a dia","robots":{"index":"index","follow":"follow","max-snippet":"max-snippet:-1","max-image-preview":"max-image-preview:large","max-video-preview":"max-video-preview:-1"},"canonical":"https:\/\/www.correiobraziliense.com.br\/cbradar\/o-alimento-comum-que-pode-aumentar-a-ansiedade-se-consumido-em-excesso-sem-voce-perceber\/","og_locale":"pt_BR","og_type":"article","og_title":"O alimento comum que pode aumentar a ansiedade se consumido em excesso sem voc\u00ea perceber - Correio Braziliense - Radar","og_description":"Voc\u00ea pode estar aumentando sua ansiedade sem saber. Veja como o caf\u00e9 afeta o c\u00e9rebro e quais sinais observar no dia a dia","og_url":"https:\/\/www.correiobraziliense.com.br\/cbradar\/o-alimento-comum-que-pode-aumentar-a-ansiedade-se-consumido-em-excesso-sem-voce-perceber\/","og_site_name":"Correio Braziliense - Radar","article_published_time":"2026-04-27T13:55:00+00:00","og_image":[{"width":1280,"height":720,"url":"https:\/\/www.correiobraziliense.com.br\/cbradar\/wp-content\/uploads\/2026\/04\/download-2026-04-22T232028.857-1.png","type":"image\/png"}],"author":"Nicolas Otto","twitter_card":"summary_large_image","twitter_misc":{"Escrito por":"Nicolas Otto","Est. tempo de leitura":"5 minutos"},"schema":{"@context":"https:\/\/schema.org","@graph":[{"@type":"WebPage","@id":"https:\/\/www.correiobraziliense.com.br\/cbradar\/o-alimento-comum-que-pode-aumentar-a-ansiedade-se-consumido-em-excesso-sem-voce-perceber\/","url":"https:\/\/www.correiobraziliense.com.br\/cbradar\/o-alimento-comum-que-pode-aumentar-a-ansiedade-se-consumido-em-excesso-sem-voce-perceber\/","name":"O alimento comum que pode aumentar a ansiedade se consumido em excesso sem voc\u00ea perceber - Correio Braziliense - Radar","isPartOf":{"@id":"https:\/\/www.correiobraziliense.com.br\/cbradar\/#website"},"primaryImageOfPage":{"@id":"https:\/\/www.correiobraziliense.com.br\/cbradar\/o-alimento-comum-que-pode-aumentar-a-ansiedade-se-consumido-em-excesso-sem-voce-perceber\/#primaryimage"},"image":{"@id":"https:\/\/www.correiobraziliense.com.br\/cbradar\/o-alimento-comum-que-pode-aumentar-a-ansiedade-se-consumido-em-excesso-sem-voce-perceber\/#primaryimage"},"thumbnailUrl":"https:\/\/www.correiobraziliense.com.br\/cbradar\/wp-content\/uploads\/2026\/04\/download-2026-04-22T232028.857-1.png","datePublished":"2026-04-27T13:55:00+00:00","author":{"@id":"https:\/\/www.correiobraziliense.com.br\/cbradar\/#\/schema\/person\/3221b250518e74ac52c442d1c1236aaa"},"description":"Voc\u00ea pode estar aumentando sua ansiedade sem saber. Veja como o caf\u00e9 afeta o c\u00e9rebro e quais sinais observar no dia a dia","breadcrumb":{"@id":"https:\/\/www.correiobraziliense.com.br\/cbradar\/o-alimento-comum-que-pode-aumentar-a-ansiedade-se-consumido-em-excesso-sem-voce-perceber\/#breadcrumb"},"inLanguage":"pt-BR","potentialAction":[{"@type":"ReadAction","target":["https:\/\/www.correiobraziliense.com.br\/cbradar\/o-alimento-comum-que-pode-aumentar-a-ansiedade-se-consumido-em-excesso-sem-voce-perceber\/"]}]},{"@type":"ImageObject","inLanguage":"pt-BR","@id":"https:\/\/www.correiobraziliense.com.br\/cbradar\/o-alimento-comum-que-pode-aumentar-a-ansiedade-se-consumido-em-excesso-sem-voce-perceber\/#primaryimage","url":"https:\/\/www.correiobraziliense.com.br\/cbradar\/wp-content\/uploads\/2026\/04\/download-2026-04-22T232028.857-1.png","contentUrl":"https:\/\/www.correiobraziliense.com.br\/cbradar\/wp-content\/uploads\/2026\/04\/download-2026-04-22T232028.857-1.png","width":1280,"height":720,"caption":"Voc\u00ea toma isso todo dia e n\u00e3o percebe o efeito na ansiedade"},{"@type":"BreadcrumbList","@id":"https:\/\/www.correiobraziliense.com.br\/cbradar\/o-alimento-comum-que-pode-aumentar-a-ansiedade-se-consumido-em-excesso-sem-voce-perceber\/#breadcrumb","itemListElement":[{"@type":"ListItem","position":1,"name":"In\u00edcio","item":"https:\/\/www.correiobraziliense.com.br\/cbradar\/"},{"@type":"ListItem","position":2,"name":"O alimento comum que pode aumentar a ansiedade se consumido em excesso sem voc\u00ea perceber"}]},{"@type":"WebSite","@id":"https:\/\/www.correiobraziliense.com.br\/cbradar\/#website","url":"https:\/\/www.correiobraziliense.com.br\/cbradar\/","name":"Correio Braziliense - Radar","description":"Acompanhe as \u00faltimas not\u00edcias e fique bem informado sobre tudo o que acontece no Brasil e no mundo.","potentialAction":[{"@type":"SearchAction","target":{"@type":"EntryPoint","urlTemplate":"https:\/\/www.correiobraziliense.com.br\/cbradar\/?s={search_term_string}"},"query-input":{"@type":"PropertyValueSpecification","valueRequired":true,"valueName":"search_term_string"}}],"inLanguage":"pt-BR"},{"@type":"Person","@id":"https:\/\/www.correiobraziliense.com.br\/cbradar\/#\/schema\/person\/3221b250518e74ac52c442d1c1236aaa","name":"Nicolas Otto","image":{"@type":"ImageObject","inLanguage":"pt-BR","@id":"https:\/\/www.correiobraziliense.com.br\/cbradar\/#\/schema\/person\/image\/","url":"https:\/\/secure.gravatar.com\/avatar\/05925f730d72f0ea0df144f236adfb18?s=96&d=mm&r=g","contentUrl":"https:\/\/secure.gravatar.com\/avatar\/05925f730d72f0ea0df144f236adfb18?s=96&d=mm&r=g","caption":"Nicolas Otto"},"sameAs":["https:\/\/www.correiobraziliense.com.br\/cbradar\/"],"url":"https:\/\/www.correiobraziliense.com.br\/cbradar\/author\/nicolas-otto\/"}]}},"_links":{"self":[{"href":"https:\/\/www.correiobraziliense.com.br\/cbradar\/wp-json\/wp\/v2\/posts\/230371","targetHints":{"allow":["GET"]}}],"collection":[{"href":"https:\/\/www.correiobraziliense.com.br\/cbradar\/wp-json\/wp\/v2\/posts"}],"about":[{"href":"https:\/\/www.correiobraziliense.com.br\/cbradar\/wp-json\/wp\/v2\/types\/post"}],"author":[{"embeddable":true,"href":"https:\/\/www.correiobraziliense.com.br\/cbradar\/wp-json\/wp\/v2\/users\/23"}],"replies":[{"embeddable":true,"href":"https:\/\/www.correiobraziliense.com.br\/cbradar\/wp-json\/wp\/v2\/comments?post=230371"}],"version-history":[{"count":1,"href":"https:\/\/www.correiobraziliense.com.br\/cbradar\/wp-json\/wp\/v2\/posts\/230371\/revisions"}],"predecessor-version":[{"id":230376,"href":"https:\/\/www.correiobraziliense.com.br\/cbradar\/wp-json\/wp\/v2\/posts\/230371\/revisions\/230376"}],"wp:featuredmedia":[{"embeddable":true,"href":"https:\/\/www.correiobraziliense.com.br\/cbradar\/wp-json\/wp\/v2\/media\/230374"}],"wp:attachment":[{"href":"https:\/\/www.correiobraziliense.com.br\/cbradar\/wp-json\/wp\/v2\/media?parent=230371"}],"wp:term":[{"taxonomy":"category","embeddable":true,"href":"https:\/\/www.correiobraziliense.com.br\/cbradar\/wp-json\/wp\/v2\/categories?post=230371"},{"taxonomy":"post_tag","embeddable":true,"href":"https:\/\/www.correiobraziliense.com.br\/cbradar\/wp-json\/wp\/v2\/post_tag?post=230371"}],"curies":[{"name":"wp","href":"https:\/\/api.w.org\/{rel}","templated":true}]}}