{"id":23050,"date":"2025-04-14T22:10:00","date_gmt":"2025-04-15T01:10:00","guid":{"rendered":"https:\/\/www.correiobraziliense.com.br\/cbradar\/?p=23050"},"modified":"2025-04-13T21:15:27","modified_gmt":"2025-04-14T00:15:27","slug":"qual-o-nome-da-palavra-de-quando-a-gente-esquece-uma-palavra","status":"publish","type":"post","link":"https:\/\/www.correiobraziliense.com.br\/cbradar\/qual-o-nome-da-palavra-de-quando-a-gente-esquece-uma-palavra\/","title":{"rendered":"Qual o nome da palavra de quando a gente esquece uma palavra?"},"content":{"rendered":"\n<p>Em diversas situa\u00e7\u00f5es do cotidiano, muitas pessoas j\u00e1 experimentaram a sensa\u00e7\u00e3o frustrante de ter uma <strong>palavra na ponta da l\u00edngua,<\/strong> mas n\u00e3o conseguir traz\u00ea-la \u00e0 tona. Esse fen\u00f4meno, conhecido como\u00a0<strong><a href=\"https:\/\/es.wikipedia.org\/wiki\/Letol%C3%B3gica\" target=\"_blank\" rel=\"noreferrer noopener\">letologia<\/a><\/strong>, \u00e9 caracterizado pela incapacidade tempor\u00e1ria de lembrar uma palavra espec\u00edfica, mesmo que ela esteja presente na <strong><a href=\"https:\/\/www.correiobraziliense.com.br\/cbradar\/como-o-cafe-pode-ajudar-na-sua-memoria-de-curto-prazo\/\" target=\"_blank\" rel=\"noreferrer noopener\">mem\u00f3ria<\/a><\/strong>. Embora seja um evento comum, pode ser bastante desconcertante, especialmente em momentos importantes como apresenta\u00e7\u00f5es ou discuss\u00f5es.<\/p>\n\n\n\n<p>A origem do termo &#8220;<strong>letologia<\/strong>&#8221; remonta ao grego, combinando as palavras\u00a0<strong><em>lethe<\/em>\u00a0(esquecimento) <\/strong>e\u00a0<strong><em>logos<\/em>\u00a0(palavra)<\/strong>. Curiosamente, essa palavra tamb\u00e9m remete ao rio <strong>Letes <\/strong>da mitologia grega, onde as almas dos mortos bebiam para esquecer suas vidas passadas. Apesar de sua sonoridade e significado intrigantes, a <strong>letologia <\/strong>n\u00e3o \u00e9 amplamente reconhecida em textos m\u00e9dicos ou psicol\u00f3gicos tradicionais.<\/p>\n\n\n\n<h2 class=\"wp-block-heading\">Como surgiu o termo &#8220;letologia&#8221;?<\/h2>\n\n\n\n<p>Embora muitas vezes se atribua a cria\u00e7\u00e3o do termo ao psic\u00f3logo <strong>Carl Gustav Jung<\/strong>, n\u00e3o h\u00e1 evid\u00eancias de que ele tenha utilizado essa palavra em seus escritos. A primeira men\u00e7\u00e3o documentada da <strong>letologia <\/strong>ocorreu em <strong>1914<\/strong>, no\u00a0<em><strong>Dorland&#8217;s Illustrated Medical Dictionary<\/strong><\/em>, que a descreveu como a &#8220;<strong>incapacidade de lembrar a palavra correta<\/strong>&#8220;. Desde ent\u00e3o, o termo tem sido usado para descrever essa experi\u00eancia peculiar de esquecimento moment\u00e2neo.<\/p>\n\n\n\n<p>O\u00a0<em><strong>Dicion\u00e1rio Michaelis<\/strong><\/em>\u00a0define <strong>letologia <\/strong>como o esquecimento de palavras sem comprometimento dos \u00f3rg\u00e3os fonadores ou da intelig\u00eancia. Diferente da anomia, uma condi\u00e7\u00e3o mais s\u00e9ria e cont\u00ednua, a <strong>letologia <\/strong>\u00e9 um evento ocasional que faz parte das experi\u00eancias humanas normais.<\/p>\n\n\n<div class=\"wp-block-image\">\n<figure class=\"aligncenter size-large\"><img decoding=\"async\" width=\"1024\" height=\"576\" src=\"https:\/\/www.correiobraziliense.com.br\/cbradar\/wp-content\/uploads\/2025\/04\/esquecer_1744588525499-1024x576.jpg\" alt=\"Como se chama a palavra de quando a gente esquece uma palavra?\" class=\"wp-image-23088\" srcset=\"https:\/\/www.correiobraziliense.com.br\/cbradar\/wp-content\/uploads\/2025\/04\/esquecer_1744588525499-1024x576.jpg 1024w, https:\/\/www.correiobraziliense.com.br\/cbradar\/wp-content\/uploads\/2025\/04\/esquecer_1744588525499-300x169.jpg 300w, https:\/\/www.correiobraziliense.com.br\/cbradar\/wp-content\/uploads\/2025\/04\/esquecer_1744588525499-768x432.jpg 768w, https:\/\/www.correiobraziliense.com.br\/cbradar\/wp-content\/uploads\/2025\/04\/esquecer_1744588525499-750x422.jpg 750w, https:\/\/www.correiobraziliense.com.br\/cbradar\/wp-content\/uploads\/2025\/04\/esquecer_1744588525499-1140x641.jpg 1140w, https:\/\/www.correiobraziliense.com.br\/cbradar\/wp-content\/uploads\/2025\/04\/esquecer_1744588525499.jpg 1280w\" sizes=\"(max-width: 1024px) 100vw, 1024px\" \/><figcaption class=\"wp-element-caption\">Cr\u00e9ditos: depositphotos.com \/ Krakenimages.com<\/figcaption><\/figure><\/div>\n\n\n<h2 class=\"wp-block-heading\">O que a psicologia diz sobre a letologia?<\/h2>\n\n\n\n<p>Apesar de ser um fen\u00f4meno amplamente reconhecido, a <strong>letologia <\/strong>ainda intriga psic\u00f3logos e neurocientistas. N\u00e3o h\u00e1 consenso sobre as causas exatas desse bloqueio mental, mas acredita-se que fatores como cansa\u00e7o, envelhecimento e consumo de \u00e1lcool possam aumentar sua frequ\u00eancia. O fen\u00f4meno \u00e9 conhecido na literatura cient\u00edfica como\u00a0<strong>s\u00edndrome da ponta da l\u00edngua<\/strong>, ou <strong>TOT (Tip of the Tongue)<\/strong> em ingl\u00eas.<\/p>\n\n\n\n<p>Embora a <strong>letologia <\/strong>seja um campo de estudo na psicologia e neuroci\u00eancia, ela \u00e9 considerada uma experi\u00eancia cognitiva normal. Estrat\u00e9gias para lidar com a <strong>TOT <\/strong>incluem relaxar, pensar em palavras relacionadas, revisitar o contexto em que a palavra foi esquecida e manter-se mentalmente ativo. Se a frequ\u00eancia da <strong>TOT <\/strong>aumentar a ponto de interferir na vida di\u00e1ria, \u00e9 aconselh\u00e1vel procurar orienta\u00e7\u00e3o m\u00e9dica.<\/p>\n\n\n\n<h2 class=\"wp-block-heading\">Como lidar com a letologia?<\/h2>\n\n\n\n<p>Para aqueles que enfrentam a <strong>letologia<\/strong> com frequ\u00eancia, algumas estrat\u00e9gias podem ajudar a minimizar seu impacto. Aqui est\u00e3o algumas dicas pr\u00e1ticas:<\/p>\n\n\n\n<ul class=\"wp-block-list\">\n<li><strong>Relaxamento:<\/strong>\u00a0Evitar for\u00e7ar a lembran\u00e7a pode ajudar a reduzir a ansiedade e permitir que a palavra venha naturalmente.<\/li>\n\n\n\n<li><strong>Associa\u00e7\u00f5es:<\/strong>\u00a0Pensar em palavras relacionadas ou no contexto em que a palavra foi usada pode facilitar a recupera\u00e7\u00e3o.<\/li>\n\n\n\n<li><strong>Exerc\u00edcios Mentais:<\/strong>\u00a0Manter a mente ativa com jogos de palavras e quebra-cabe\u00e7as pode melhorar a mem\u00f3ria.<\/li>\n\n\n\n<li><strong>Consulta M\u00e9dica:<\/strong>\u00a0Se a <strong>letologia<\/strong> se tornar frequente, \u00e9 importante buscar orienta\u00e7\u00e3o de um profissional de sa\u00fade.<\/li>\n<\/ul>\n\n\n\n<p>Embora a <strong>letologia <\/strong>possa ser frustrante, ela \u00e9 uma parte normal da experi\u00eancia humana. Compreender suas causas e aprender a lidar com ela pode ajudar a reduzir seu impacto e melhorar a comunica\u00e7\u00e3o no dia a dia.<\/p>\n","protected":false},"excerpt":{"rendered":"<p>Em diversas situa\u00e7\u00f5es do cotidiano, muitas pessoas j\u00e1 experimentaram a sensa\u00e7\u00e3o frustrante de ter uma palavra na ponta da l\u00edngua, mas n\u00e3o conseguir traz\u00ea-la \u00e0 tona. Esse fen\u00f4meno, conhecido como\u00a0letologia, \u00e9 caracterizado pela incapacidade tempor\u00e1ria de lembrar uma palavra espec\u00edfica, mesmo que ela esteja presente na mem\u00f3ria. Embora seja um evento comum, pode ser bastante [&hellip;]<\/p>\n","protected":false},"author":8,"featured_media":23087,"comment_status":"open","ping_status":"open","sticky":false,"template":"","format":"standard","meta":{"_yoast_wpseo_focuskw":"palavra","_yoast_wpseo_title":"","_yoast_wpseo_metadesc":"Como se chama a palavra de quando a gente esquece uma palavra? Descubra o termo curioso por tr\u00e1s desse fen\u00f4meno comum!","jnews-multi-image_gallery":[],"jnews_single_post":{"format":"standard"},"jnews_primary_category":[],"jnews_social_meta":[],"jnews_override_counter":[],"footnotes":""},"categories":[112],"tags":[3273,3272],"class_list":["post-23050","post","type-post","status-publish","format-standard","has-post-thumbnail","hentry","category-curiosidades","tag-esquecer","tag-palavra"],"yoast_head":"<!-- This site is optimized with the Yoast SEO plugin v24.6 - https:\/\/yoast.com\/wordpress\/plugins\/seo\/ -->\n<title>Qual o nome da palavra de quando a gente esquece uma palavra? - Correio Braziliense - Radar<\/title>\n<meta name=\"description\" content=\"Como se chama a palavra de quando a gente esquece uma palavra? Descubra o termo curioso por tr\u00e1s desse fen\u00f4meno comum!\" \/>\n<meta name=\"robots\" content=\"index, follow, max-snippet:-1, max-image-preview:large, max-video-preview:-1\" \/>\n<link rel=\"canonical\" href=\"https:\/\/www.correiobraziliense.com.br\/cbradar\/qual-o-nome-da-palavra-de-quando-a-gente-esquece-uma-palavra\/\" \/>\n<meta property=\"og:locale\" content=\"pt_BR\" \/>\n<meta property=\"og:type\" content=\"article\" \/>\n<meta property=\"og:title\" content=\"Qual o nome da palavra de quando a gente esquece uma palavra? - Correio Braziliense - Radar\" \/>\n<meta property=\"og:description\" content=\"Como se chama a palavra de quando a gente esquece uma palavra? Descubra o termo curioso por tr\u00e1s desse fen\u00f4meno comum!\" \/>\n<meta property=\"og:url\" content=\"https:\/\/www.correiobraziliense.com.br\/cbradar\/qual-o-nome-da-palavra-de-quando-a-gente-esquece-uma-palavra\/\" \/>\n<meta property=\"og:site_name\" content=\"Correio Braziliense - Radar\" \/>\n<meta property=\"article:published_time\" content=\"2025-04-15T01:10:00+00:00\" \/>\n<meta property=\"og:image\" content=\"https:\/\/www.correiobraziliense.com.br\/cbradar\/wp-content\/uploads\/2025\/04\/esquecer_1744588538590.jpg\" \/>\n\t<meta property=\"og:image:width\" content=\"1280\" \/>\n\t<meta property=\"og:image:height\" content=\"720\" \/>\n\t<meta property=\"og:image:type\" content=\"image\/jpeg\" \/>\n<meta name=\"author\" content=\"Maura Pereira\" \/>\n<meta name=\"twitter:card\" content=\"summary_large_image\" \/>\n<meta name=\"twitter:label1\" content=\"Escrito por\" \/>\n\t<meta name=\"twitter:data1\" content=\"Maura Pereira\" \/>\n\t<meta name=\"twitter:label2\" content=\"Est. tempo de leitura\" \/>\n\t<meta name=\"twitter:data2\" content=\"4 minutos\" \/>\n<!-- \/ Yoast SEO plugin. -->","yoast_head_json":{"title":"Qual o nome da palavra de quando a gente esquece uma palavra? - Correio Braziliense - Radar","description":"Como se chama a palavra de quando a gente esquece uma palavra? Descubra o termo curioso por tr\u00e1s desse fen\u00f4meno comum!","robots":{"index":"index","follow":"follow","max-snippet":"max-snippet:-1","max-image-preview":"max-image-preview:large","max-video-preview":"max-video-preview:-1"},"canonical":"https:\/\/www.correiobraziliense.com.br\/cbradar\/qual-o-nome-da-palavra-de-quando-a-gente-esquece-uma-palavra\/","og_locale":"pt_BR","og_type":"article","og_title":"Qual o nome da palavra de quando a gente esquece uma palavra? - Correio Braziliense - Radar","og_description":"Como se chama a palavra de quando a gente esquece uma palavra? Descubra o termo curioso por tr\u00e1s desse fen\u00f4meno comum!","og_url":"https:\/\/www.correiobraziliense.com.br\/cbradar\/qual-o-nome-da-palavra-de-quando-a-gente-esquece-uma-palavra\/","og_site_name":"Correio Braziliense - Radar","article_published_time":"2025-04-15T01:10:00+00:00","og_image":[{"width":1280,"height":720,"url":"https:\/\/www.correiobraziliense.com.br\/cbradar\/wp-content\/uploads\/2025\/04\/esquecer_1744588538590.jpg","type":"image\/jpeg"}],"author":"Maura Pereira","twitter_card":"summary_large_image","twitter_misc":{"Escrito por":"Maura Pereira","Est. tempo de leitura":"4 minutos"},"schema":{"@context":"https:\/\/schema.org","@graph":[{"@type":"WebPage","@id":"https:\/\/www.correiobraziliense.com.br\/cbradar\/qual-o-nome-da-palavra-de-quando-a-gente-esquece-uma-palavra\/","url":"https:\/\/www.correiobraziliense.com.br\/cbradar\/qual-o-nome-da-palavra-de-quando-a-gente-esquece-uma-palavra\/","name":"Qual o nome da palavra de quando a gente esquece uma palavra? - Correio Braziliense - Radar","isPartOf":{"@id":"https:\/\/www.correiobraziliense.com.br\/cbradar\/#website"},"primaryImageOfPage":{"@id":"https:\/\/www.correiobraziliense.com.br\/cbradar\/qual-o-nome-da-palavra-de-quando-a-gente-esquece-uma-palavra\/#primaryimage"},"image":{"@id":"https:\/\/www.correiobraziliense.com.br\/cbradar\/qual-o-nome-da-palavra-de-quando-a-gente-esquece-uma-palavra\/#primaryimage"},"thumbnailUrl":"https:\/\/www.correiobraziliense.com.br\/cbradar\/wp-content\/uploads\/2025\/04\/esquecer_1744588538590.jpg","datePublished":"2025-04-15T01:10:00+00:00","author":{"@id":"https:\/\/www.correiobraziliense.com.br\/cbradar\/#\/schema\/person\/4053c651a9bfc785afc6f4cbc9032fd3"},"description":"Como se chama a palavra de quando a gente esquece uma palavra? Descubra o termo curioso por tr\u00e1s desse fen\u00f4meno comum!","breadcrumb":{"@id":"https:\/\/www.correiobraziliense.com.br\/cbradar\/qual-o-nome-da-palavra-de-quando-a-gente-esquece-uma-palavra\/#breadcrumb"},"inLanguage":"pt-BR","potentialAction":[{"@type":"ReadAction","target":["https:\/\/www.correiobraziliense.com.br\/cbradar\/qual-o-nome-da-palavra-de-quando-a-gente-esquece-uma-palavra\/"]}]},{"@type":"ImageObject","inLanguage":"pt-BR","@id":"https:\/\/www.correiobraziliense.com.br\/cbradar\/qual-o-nome-da-palavra-de-quando-a-gente-esquece-uma-palavra\/#primaryimage","url":"https:\/\/www.correiobraziliense.com.br\/cbradar\/wp-content\/uploads\/2025\/04\/esquecer_1744588538590.jpg","contentUrl":"https:\/\/www.correiobraziliense.com.br\/cbradar\/wp-content\/uploads\/2025\/04\/esquecer_1744588538590.jpg","width":1280,"height":720,"caption":"Esquecer \/\/ Cr\u00e9ditos: depositphotos.com \/ Krakenimages.com"},{"@type":"BreadcrumbList","@id":"https:\/\/www.correiobraziliense.com.br\/cbradar\/qual-o-nome-da-palavra-de-quando-a-gente-esquece-uma-palavra\/#breadcrumb","itemListElement":[{"@type":"ListItem","position":1,"name":"In\u00edcio","item":"https:\/\/www.correiobraziliense.com.br\/cbradar\/"},{"@type":"ListItem","position":2,"name":"Qual o nome da palavra de quando a gente esquece uma palavra?"}]},{"@type":"WebSite","@id":"https:\/\/www.correiobraziliense.com.br\/cbradar\/#website","url":"https:\/\/www.correiobraziliense.com.br\/cbradar\/","name":"Correio Braziliense - Radar","description":"Acompanhe as \u00faltimas not\u00edcias e fique bem informado sobre tudo o que acontece no Brasil e no mundo.","potentialAction":[{"@type":"SearchAction","target":{"@type":"EntryPoint","urlTemplate":"https:\/\/www.correiobraziliense.com.br\/cbradar\/?s={search_term_string}"},"query-input":{"@type":"PropertyValueSpecification","valueRequired":true,"valueName":"search_term_string"}}],"inLanguage":"pt-BR"},{"@type":"Person","@id":"https:\/\/www.correiobraziliense.com.br\/cbradar\/#\/schema\/person\/4053c651a9bfc785afc6f4cbc9032fd3","name":"Maura Pereira","image":{"@type":"ImageObject","inLanguage":"pt-BR","@id":"https:\/\/www.correiobraziliense.com.br\/cbradar\/#\/schema\/person\/image\/","url":"https:\/\/secure.gravatar.com\/avatar\/3effd6bdadfa447f15089c7f7144eaa6?s=96&d=mm&r=g","contentUrl":"https:\/\/secure.gravatar.com\/avatar\/3effd6bdadfa447f15089c7f7144eaa6?s=96&d=mm&r=g","caption":"Maura Pereira"},"sameAs":["https:\/\/www.correiobraziliense.com.br\/"],"url":"https:\/\/www.correiobraziliense.com.br\/cbradar\/author\/mauramyth\/"}]}},"_links":{"self":[{"href":"https:\/\/www.correiobraziliense.com.br\/cbradar\/wp-json\/wp\/v2\/posts\/23050","targetHints":{"allow":["GET"]}}],"collection":[{"href":"https:\/\/www.correiobraziliense.com.br\/cbradar\/wp-json\/wp\/v2\/posts"}],"about":[{"href":"https:\/\/www.correiobraziliense.com.br\/cbradar\/wp-json\/wp\/v2\/types\/post"}],"author":[{"embeddable":true,"href":"https:\/\/www.correiobraziliense.com.br\/cbradar\/wp-json\/wp\/v2\/users\/8"}],"replies":[{"embeddable":true,"href":"https:\/\/www.correiobraziliense.com.br\/cbradar\/wp-json\/wp\/v2\/comments?post=23050"}],"version-history":[{"count":3,"href":"https:\/\/www.correiobraziliense.com.br\/cbradar\/wp-json\/wp\/v2\/posts\/23050\/revisions"}],"predecessor-version":[{"id":23090,"href":"https:\/\/www.correiobraziliense.com.br\/cbradar\/wp-json\/wp\/v2\/posts\/23050\/revisions\/23090"}],"wp:featuredmedia":[{"embeddable":true,"href":"https:\/\/www.correiobraziliense.com.br\/cbradar\/wp-json\/wp\/v2\/media\/23087"}],"wp:attachment":[{"href":"https:\/\/www.correiobraziliense.com.br\/cbradar\/wp-json\/wp\/v2\/media?parent=23050"}],"wp:term":[{"taxonomy":"category","embeddable":true,"href":"https:\/\/www.correiobraziliense.com.br\/cbradar\/wp-json\/wp\/v2\/categories?post=23050"},{"taxonomy":"post_tag","embeddable":true,"href":"https:\/\/www.correiobraziliense.com.br\/cbradar\/wp-json\/wp\/v2\/tags?post=23050"}],"curies":[{"name":"wp","href":"https:\/\/api.w.org\/{rel}","templated":true}]}}